{"id":12607,"date":"2023-03-03T12:39:36","date_gmt":"2023-03-03T12:39:36","guid":{"rendered":"https:\/\/sgr-ssr.ch\/?p=12607"},"modified":"2023-03-17T13:41:28","modified_gmt":"2023-03-17T13:41:28","slug":"evenements","status":"publish","type":"post","link":"https:\/\/sgr-ssr.ch\/fr\/evenements\/","title":{"rendered":"\u00c9venements"},"content":{"rendered":"<p>[et_pb_section fb_built=&nbsp;&raquo;1&Prime; admin_label=&nbsp;&raquo;section&nbsp;&raquo; _builder_version=&nbsp;&raquo;3.22&Prime;][et_pb_row column_structure=&nbsp;&raquo;1_4,3_4&Prime; admin_label=&nbsp;&raquo;row&nbsp;&raquo; _builder_version=&nbsp;&raquo;3.25&Prime; background_size=&nbsp;&raquo;initial&nbsp;&raquo; background_position=&nbsp;&raquo;top_left&nbsp;&raquo; background_repeat=&nbsp;&raquo;repeat&nbsp;&raquo;][et_pb_column type=&nbsp;&raquo;1_4&Prime; _builder_version=&nbsp;&raquo;3.25&Prime; custom_padding=&nbsp;&raquo;|||&nbsp;&raquo; custom_padding__hover=&nbsp;&raquo;|||&nbsp;&raquo;][et_pb_sidebar area=&nbsp;&raquo;et_pb_widget_area_7&Prime; admin_label=&nbsp;&raquo;Sidebar&nbsp;&raquo; _builder_version=&nbsp;&raquo;4.4.8&Prime; remove_border=&nbsp;&raquo;off&nbsp;&raquo;][\/et_pb_sidebar][\/et_pb_column][et_pb_column type=&nbsp;&raquo;3_4&Prime; _builder_version=&nbsp;&raquo;3.25&Prime; custom_padding=&nbsp;&raquo;|||&nbsp;&raquo; custom_padding__hover=&nbsp;&raquo;|||&nbsp;&raquo;][\/et_pb_column][\/et_pb_row][et_pb_row _builder_version=&nbsp;&raquo;4.4.8&Prime;][et_pb_column _builder_version=&nbsp;&raquo;4.4.8&Prime; type=&nbsp;&raquo;4_4&Prime;][et_pb_code admin_label=&nbsp;&raquo;Code&nbsp;&raquo; _builder_version=&nbsp;&raquo;4.4.8&Prime; custom_css_main_element=&nbsp;&raquo;position: relative;&nbsp;&raquo;]<\/p>\n<div class=\"ev-clear\"><i class=\"fa fa-close\"><\/i><\/div>\n\t\t<div id='evo_search' class='EVOSR_section '>\r\n\t\t\t<div class=\"evo_search_entry\">\r\n\t\t\t\t<p class='evosr_search_box' >\r\n\t\t\t\t\t<input class='evo_search_field evoff_2i' type=\"text\" placeholder='Veranstaltungen suchen' data-role=\"none\">\r\n\t\t\t\t\t<a class='evo_do_search'><i class=\"fa fa-search\"><\/i><\/a>\r\n\t\t\t\t\t<span class=\"evosr_blur\"><\/span>\r\n\t\t\t\t\t<span class=\"evosr_blur_process\"><\/span>\r\n\t\t\t\t\t<span class=\"evosr_blur_text\">Searching<\/span>\r\n\t\t\t\t\t<span style=\"display:none\" class='data' data-sc='{\"event_type\":\"all\",\"event_type_2\":\"all\",\"number_of_months\":\"12\",\"search_all\":\"yes\",\"hide_mult_occur\":\"no\",\"lang\":\"L1\"}'><\/span>\r\n\t\t\t\t<\/p>\r\n\t\t\t\t<p class='evosr_msg' style='display:none'>What do you want to search for?<\/p>\r\n\t\t\t<\/div>\r\n\r\n\r\n\t\t\t<p class=\"evo_search_results_count evoff_2 evofz16\" style='display:none'><span>10<\/span> Event(s) found<\/p>\r\n\t\t\t<div class=\"evo_search_results\"><\/div>\r\n\t\t<\/div>\r\n\t\t\n<div class=\"evcal-event-button-container\"><button id=\"evcal-months-button\" class=\"evcal-event-button ev-active\">Monatsansicht<\/button><button id=\"evcal-year-button\" class=\"evcal-event-button\">Jahresansicht<\/button><\/div>\n<div id=\"evcal-months-container\"><!-- EventON Calendar --><div id='evcal_calendar_401' class='ajde_evcal_calendar boxy color tbg1 boxstyle0 box_3 etttc_custom ajax_loading_cal' data-cal=''><div id='evcal_head' class='calendar_header ' ><div class='evo_cal_above evodfx evofx_dr_r marb5 evofx_ww'><button class='cal_head_btn evo-jumper-btn vis' aria-label='Jump Months'>Springe zu Monat<\/button><button class='cal_head_btn evo-gototoday-btn' style='' data-mo='4' data-yr='2026' data-dy='' aria-label='Go to today'>Aktueller Monat<\/button><\/div><div class='evo_cal_above_content'><div class='evo_j_container' style='display:block'>\r\n\t\t\t\t\t\t<div class='evo_j_months evo_j_dates' data-val='m'>\r\n\t\t\t\t\t\t\t<div class='legend evo_jumper_months'><a data-val='1'  title='Januar' >Januar<\/a><a data-val='2'  title='Februar' >Februar<\/a><a data-val='3'  title='M\u00e4rz' >M\u00e4rz<\/a><a data-val='4' class=\"current set\" title='April' >April<\/a><a data-val='5'  title='Mai' >Mai<\/a><a data-val='6'  title='Juni' >Juni<\/a><a data-val='7'  title='Juli' >Juli<\/a><a data-val='8'  title='August' >August<\/a><a data-val='9'  title='September' >September<\/a><a data-val='10'  title='Oktober' >Oktober<\/a><a data-val='11'  title='November' >November<\/a><a data-val='12'  title='Dezember' >Dezember<\/a><\/div><div class='clear'><\/div><\/div>\r\n\t\t\t\t\t\t\r\n\t\t\t\t\t\t<div class='evo_j_years evo_j_dates' data-val='y'>\r\n\t\t\t\t\t\t\t<p class='legend'><a data-val=\"2024\">2024<\/a><a data-val=\"2025\">2025<\/a><a class='current set' data-val=\"2026\">2026<\/a><a data-val=\"2027\">2027<\/a><a data-val=\"2028\">2028<\/a><\/p><div class='clear'><\/div>\r\n\t\t\t\t\t\t<\/div>\r\n\t\t\t\t\t<\/div><\/div><div class='evo_header_title right'><div class='evo_header_mo evodfx evofx_ai_c'><div class='evo_loading_bar_holder h100 noMinH swipe' style=''><div class='evo_loading_bar wid_80% hi_40px' style='width:80%; height:40px; '><\/div><\/div><\/div><\/div><\/div><div class='evo_filter_bar evo_main_filter_bar eventon_sorting_section '><div class='evo_filter_container evodfx evo_fx_ai_c'><div class='evo_filter_container_in'><div class='eventon_filter_line' ><div class='evo_loading_bar_holder h100 loading_filters swipe' style='min-height:30px;'><div class='nesthold r g10'><div class='evo_loading_bar wid_100% hi_30px' style='width:100%; height:30px; margin-bottom:1px;'><\/div><div class='evo_loading_bar wid_100% hi_30px' style='width:100%; height:30px; margin-bottom:1px;'><\/div><div class='evo_loading_bar wid_100% hi_30px' style='width:100%; height:30px; margin-bottom:1px;'><\/div><div class='evo_loading_bar wid_100% hi_30px' style='width:100%; height:30px; margin-bottom:1px;'><\/div><div class='evo_loading_bar wid_100% hi_30px' style='width:100%; height:30px; margin-bottom:1px;'><\/div><\/div><\/div><\/div><\/div><div class='evo_filter_nav evo_filter_l'><i class='fa fa-chevron-left'><\/i><\/div><div class='evo_filter_nav evo_filter_r'><i class='fa fa-chevron-right'><\/i><\/div><\/div><div class='evo_filter_aply_btns'><\/div><div class='evo_filter_menu'><\/div><\/div><div id='eventon_loadbar_section'><div id='eventon_loadbar'><\/div><\/div><!-- Events List --><div class='evo_events_list_box'><div id='evcal_list' class='eventon_events_list '><div class='evo_loading_bar_holder h100 loading_e_tile swipe' style=''><div class='nest nest1 e'><div class='nesthold  g'><div class='evo_loading_bar wid_50% hi_55px' style='width:50%; height:55px; '><\/div><div class='evo_loading_bar wid_90% hi_30px' style='width:90%; height:30px; '><\/div><div class='evo_loading_bar wid_90% hi_30px' style='width:90%; height:30px; '><\/div><\/div><\/div><div class='nest nest1 e'><div class='nesthold  g'><div class='evo_loading_bar wid_50% hi_55px' style='width:50%; height:55px; '><\/div><div class='evo_loading_bar wid_90% hi_30px' style='width:90%; height:30px; '><\/div><div class='evo_loading_bar wid_90% hi_30px' style='width:90%; height:30px; '><\/div><\/div><\/div><div class='nest nest1 e'><div class='nesthold  g'><div class='evo_loading_bar wid_50% hi_55px' style='width:50%; height:55px; '><\/div><div class='evo_loading_bar wid_90% hi_30px' style='width:90%; height:30px; '><\/div><div class='evo_loading_bar wid_90% hi_30px' style='width:90%; height:30px; '><\/div><\/div><\/div><div class='nest nest1 e'><div class='nesthold  g'><div class='evo_loading_bar wid_50% hi_55px' style='width:50%; height:55px; '><\/div><div class='evo_loading_bar wid_90% hi_30px' style='width:90%; height:30px; '><\/div><div class='evo_loading_bar wid_90% hi_30px' style='width:90%; height:30px; '><\/div><\/div><\/div><div class='nest nest1 e'><div class='nesthold  g'><div class='evo_loading_bar wid_50% hi_55px' style='width:50%; height:55px; '><\/div><div class='evo_loading_bar wid_90% hi_30px' style='width:90%; height:30px; '><\/div><div class='evo_loading_bar wid_90% hi_30px' style='width:90%; height:30px; '><\/div><\/div><\/div><div class='nest nest1 e'><div class='nesthold  g'><div class='evo_loading_bar wid_50% hi_55px' style='width:50%; height:55px; '><\/div><div class='evo_loading_bar wid_90% hi_30px' style='width:90%; height:30px; '><\/div><div class='evo_loading_bar wid_90% hi_30px' style='width:90%; height:30px; '><\/div><\/div><\/div><\/div>\t\t\t<\/div>\r\n\t\t\t<\/div><!-- evo_events_list_box -->\t\r\n\t\t\t<div class='clear'><\/div>\r\n\t\t\t\t\t \t<div id='evcal_footer' class='evo_bottom' style='display:none'>\r\n\t\t \t\t<div class='evo_cal_data' data-sc=\"{&quot;accord&quot;:&quot;no&quot;,&quot;bottom_nav&quot;:&quot;no&quot;,&quot;cal_id&quot;:&quot;&quot;,&quot;cal_init_nonajax&quot;:&quot;no&quot;,&quot;calendar_type&quot;:&quot;default&quot;,&quot;currentuser&quot;:&quot;no&quot;,&quot;ep_fields&quot;:&quot;&quot;,&quot;etc_override&quot;:&quot;no&quot;,&quot;evc_open&quot;:&quot;no&quot;,&quot;event_count&quot;:0,&quot;event_location&quot;:&quot;all&quot;,&quot;event_order&quot;:&quot;ASC&quot;,&quot;event_organizer&quot;:&quot;all&quot;,&quot;event_parts&quot;:&quot;no&quot;,&quot;event_past_future&quot;:&quot;all&quot;,&quot;event_status&quot;:&quot;all&quot;,&quot;event_tag&quot;:&quot;all&quot;,&quot;event_type&quot;:&quot;all&quot;,&quot;event_type_2&quot;:&quot;all&quot;,&quot;event_users&quot;:&quot;all&quot;,&quot;event_virtual&quot;:&quot;all&quot;,&quot;eventtop_date_style&quot;:0,&quot;eventtop_style&quot;:&quot;2&quot;,&quot;exp_jumper&quot;:&quot;yes&quot;,&quot;exp_so&quot;:&quot;no&quot;,&quot;filter_relationship&quot;:&quot;AND&quot;,&quot;filter_show_set_only&quot;:&quot;no&quot;,&quot;filter_style&quot;:&quot;default&quot;,&quot;filter_type&quot;:&quot;default&quot;,&quot;filters&quot;:&quot;yes&quot;,&quot;fixed_month&quot;:&quot;4&quot;,&quot;fixed_year&quot;:&quot;2026&quot;,&quot;focus_end_date_range&quot;:&quot;1777586399&quot;,&quot;focus_start_date_range&quot;:&quot;1774994400&quot;,&quot;ft_event_priority&quot;:&quot;no&quot;,&quot;hide_arrows&quot;:&quot;no&quot;,&quot;hide_cancels&quot;:&quot;no&quot;,&quot;hide_empty_months&quot;:&quot;no&quot;,&quot;hide_end_time&quot;:&quot;no&quot;,&quot;hide_et_dn&quot;:&quot;no&quot;,&quot;hide_et_extra&quot;:&quot;no&quot;,&quot;hide_et_tags&quot;:&quot;no&quot;,&quot;hide_et_tl&quot;:&quot;no&quot;,&quot;hide_ft&quot;:&quot;no&quot;,&quot;hide_ft_img&quot;:&quot;no&quot;,&quot;hide_month_headers&quot;:&quot;no&quot;,&quot;hide_mult_occur&quot;:&quot;no&quot;,&quot;hide_past&quot;:&quot;no&quot;,&quot;hide_past_by&quot;:&quot;ee&quot;,&quot;hide_so&quot;:&quot;no&quot;,&quot;ics&quot;:&quot;no&quot;,&quot;jumper&quot;:&quot;yes&quot;,&quot;jumper_count&quot;:5,&quot;jumper_offset&quot;:&quot;0&quot;,&quot;lang&quot;:&quot;L1&quot;,&quot;layout_changer&quot;:&quot;no&quot;,&quot;livenow_bar&quot;:&quot;yes&quot;,&quot;mapformat&quot;:&quot;roadmap&quot;,&quot;mapiconurl&quot;:&quot;&quot;,&quot;maps_load&quot;:&quot;yes&quot;,&quot;mapscroll&quot;:&quot;true&quot;,&quot;mapzoom&quot;:&quot;18&quot;,&quot;members_only&quot;:&quot;no&quot;,&quot;ml_priority&quot;:&quot;no&quot;,&quot;ml_toend&quot;:&quot;no&quot;,&quot;month_incre&quot;:0,&quot;number_of_months&quot;:&quot;1&quot;,&quot;only_ft&quot;:&quot;no&quot;,&quot;pec&quot;:&quot;&quot;,&quot;s&quot;:&quot;&quot;,&quot;search&quot;:&quot;&quot;,&quot;search_all&quot;:&quot;no&quot;,&quot;sep_month&quot;:&quot;no&quot;,&quot;show_et_ft_img&quot;:&quot;no&quot;,&quot;show_limit&quot;:&quot;no&quot;,&quot;show_limit_ajax&quot;:&quot;no&quot;,&quot;show_limit_paged&quot;:1,&quot;show_limit_redir&quot;:&quot;&quot;,&quot;show_repeats&quot;:&quot;no&quot;,&quot;show_search&quot;:&quot;no&quot;,&quot;show_upcoming&quot;:0,&quot;show_year&quot;:&quot;no&quot;,&quot;social_share&quot;:&quot;no&quot;,&quot;sort_by&quot;:&quot;sort_date&quot;,&quot;tile_bg&quot;:&quot;1&quot;,&quot;tile_bg_size&quot;:&quot;full&quot;,&quot;tile_count&quot;:&quot;3&quot;,&quot;tile_height&quot;:0,&quot;tile_style&quot;:0,&quot;tiles&quot;:&quot;yes&quot;,&quot;users&quot;:&quot;all&quot;,&quot;ux_val&quot;:&quot;0&quot;,&quot;view_switcher&quot;:&quot;no&quot;,&quot;wpml_l1&quot;:&quot;&quot;,&quot;wpml_l2&quot;:&quot;&quot;,&quot;wpml_l3&quot;:&quot;&quot;,&quot;x_ids&quot;:&quot;&quot;,&quot;yl_priority&quot;:&quot;no&quot;,&quot;yl_toend&quot;:&quot;no&quot;,&quot;fixed_day&quot;:&quot;30&quot;,&quot;_cver&quot;:&quot;5.0.6&quot;}\" data-filter_data=\"[]\" data-nav_data=\"{&quot;month_title&quot;:&quot;&lt;p id=&#039;evcal_cur&#039; class=&#039;evo_month_title padr10&#039;&gt; April, 2026&lt;\\\/p&gt;&quot;,&quot;arrows&quot;:&quot;&lt;p class=&#039;evo_arrows&#039;&gt;\\r\\n\\t\\t\\t\\t\\t&lt;button id=&#039;evcal_prev&#039; class=&#039;evcal_arrows evcal_btn_prev evodfx evofx_jc_c evofx_ai_c&#039; aria-label=&#039;Previous Month&#039;&gt;&lt;i class=&#039;fa fa-chevron-left&#039; aria-hidden=&#039;true&#039;&gt;&lt;\\\/i&gt;&lt;\\\/button&gt;\\r\\n\\t\\t\\t\\t\\t&lt;button id=&#039;evcal_next&#039; class=&#039;evcal_arrows evo_arrow_next evcal_btn_next evodfx evofx_jc_c evofx_ai_c&#039; aria-label=&#039;Next Month&#039;&gt;&lt;i class=&#039;fa fa-chevron-right&#039; aria-hidden=&#039;true&#039;&gt;&lt;\\\/i&gt;&lt;\\\/button&gt;\\r\\n\\t\\t\\t\\t\\t&lt;\\\/p&gt;&quot;}\" data-od=\"{&quot;lang_no_events&quot;:&quot;No Events&quot;,&quot;cal_tz_offset&quot;:120,&quot;cal_tz&quot;:&quot;Europe\\\/Vienna&quot;}\" ><\/div>\r\n\t\t \t\t<div class='evo_cal_events' data-events=\"\"><\/div>\r\n\t\t \t<\/div>\r\n\t\t\t\t\r\n\t\t\t\r\n\t\t\t\t\t\t<\/div><!-- EventON End -->\r\n\t\t\t<\/div>\n<div id=\"evcal-year-container\"><!-- EventON Calendar --><div id='evcal_calendar_736' class='list_cal ajde_evcal_calendar sev cev color esty_2 ul etttc_custom ' data-cal=''><div id='evcal_head' class='calendar_header ' ><div class='evo_cal_above evodfx evofx_dr_r marb5 evofx_ww'><button class='cal_head_btn evo-gototoday-btn' style='' data-mo='4' data-yr='2026' data-dy='' aria-label='Go to today'>Aktueller Monat<\/button><\/div><div class='evo_cal_above_content'><\/div><div class='evo_header_title right'><\/div><\/div><div class='evo_filter_bar evo_main_filter_bar eventon_sorting_section '><div class='evo_filter_container evodfx evo_fx_ai_c'><div class='evo_filter_container_in'><div class='eventon_filter_line' ><div class='evo_loading_bar_holder h100 loading_filters swipe' style='min-height:30px;'><div class='nesthold r g10'><div class='evo_loading_bar wid_100% hi_30px' style='width:100%; height:30px; margin-bottom:1px;'><\/div><div class='evo_loading_bar wid_100% hi_30px' style='width:100%; height:30px; margin-bottom:1px;'><\/div><div class='evo_loading_bar wid_100% hi_30px' style='width:100%; height:30px; margin-bottom:1px;'><\/div><div class='evo_loading_bar wid_100% hi_30px' style='width:100%; height:30px; margin-bottom:1px;'><\/div><div class='evo_loading_bar wid_100% hi_30px' style='width:100%; height:30px; margin-bottom:1px;'><\/div><\/div><\/div><\/div><\/div><div class='evo_filter_nav evo_filter_l'><i class='fa fa-chevron-left'><\/i><\/div><div class='evo_filter_nav evo_filter_r'><i class='fa fa-chevron-right'><\/i><\/div><\/div><div class='evo_filter_aply_btns'><\/div><div class='evo_filter_menu'><\/div><\/div><div id='eventon_loadbar_section'><div id='eventon_loadbar'><\/div><\/div><!-- Events List --><div class='evo_events_list_box'><div id='evcal_list' class='eventon_events_list sep_months evcal_list_month'><div class='evcal_month_line' data-d='eml_4_2026' data-su='1774994400'><p>April<\/p><\/div><div class='sep_month_events ' data-d='eml_4_2026' data-range='1774994400_1777586399'><div id=\"event_18957_0\" class=\"eventon_list_event evo_eventtop scheduled  event clrW event_18957_0\" data-event_id=\"18957\" data-ri=\"0r\" data-time=\"1769900400-1801436399\" data-colr=\"#4bb5d8\" itemscope itemtype='http:\/\/schema.org\/Event'><div class=\"evo_event_schema\" style=\"display:none\" ><a itemprop='url'  href='https:\/\/sgr-ssr.ch\/fr\/events\/cas-in-artificial-intelligence-in-medical-imaging-der-universitaet-bern\/'><\/a><meta itemprop='image'  \/><meta itemprop='startDate' content=\"2026-2-1\" \/><meta itemprop='endDate' content=\"2027-1-31\" \/><meta itemprop='eventStatus' content=\"https:\/\/schema.org\/EventScheduled\" \/><meta itemprop='eventAttendanceMode'   itemscope itemtype=\"https:\/\/schema.org\/OfflineEventAttendanceMode\"\/><script type=\"application\/ld+json\">{\"@context\": \"http:\/\/schema.org\",\"@type\": \"Event\",\n\t\t\t\t\"@id\": \"event_18957_0\",\n\t\t\t\t\"eventAttendanceMode\":\"https:\/\/schema.org\/OfflineEventAttendanceMode\",\n\t\t\t\t\"eventStatus\":\"https:\/\/schema.org\/EventScheduled\",\n\t\t\t\t\"name\": \"CAS in Artificial Intelligence in Medical Imaging der Universit\u00e4t Bern\",\n\t\t\t\t\"url\": \"https:\/\/sgr-ssr.ch\/fr\/events\/cas-in-artificial-intelligence-in-medical-imaging-der-universitaet-bern\/\",\n\t\t\t\t\"startDate\": \"2026-2-1\",\n\t\t\t\t\"endDate\": \"2027-1-31\",\n\t\t\t\t\"image\":\"\", \n\t\t\t\t\"description\":\"<p>Der CAS AIMI ist ein einj\u00e4hriges, berufsbegleitendes Programm f\u00fcr Fachpersonen aus unterschiedlichen Dom\u00e4nen der medizinischen Bildgebung. Teilnehmende werden dazu bef\u00e4higt, die Entwicklung, Anwendung und Evaluation von KI-Algorithmen in ihrem Klinikalltag zu begleiten. Das fundierte Wissen wird durch unsere Fakult\u00e4t bestehend aus Experten der Akademie, Klinik und Industrie vermittelt. Ein individuelles KI-Projekt erlaubt es, die erworbenen Kenntnisse direkt auf praxisnahe Fragestellungen zu \u00fcbertragen.<\/p> <p>Das Programm wird in englischer Sprache unterrichtet und deckt unter anderem folgende Themen ab:<\/p> <ul> <li>Entwicklung &amp; Validierung von KI<\/li> <li>KI-Applikationen im klinischen Alltag<\/li> <li>Umgang mit K\u00fcnstlicher Intelligenz<\/li> <li>Rechtliche und ethische Herausforderungen<\/li> <\/ul> <p>Die n\u00e4chste Durchf\u00fchrung des CAS AIMI ist f\u00fcr Februar 2026 vorgesehen. Die Anmeldefrist l\u00e4uft noch bis zum 15. Dezember 2025.<\/p> <p><a href='https:\/\/sgr-ssr.ch\/wp-content\/uploads\/2025\/11\/CAS-AIMI-Program-One-Pager.pdf' target='_blank' rel='noopener noreferrer'>Flyer<\/a><\/p> <p><a href='https:\/\/www.unibe.ch\/continuing_education_programs\/cas_in_artificial_intelligence_in_medical_imaging\/index_eng.html' target='_blank' rel='noopener noreferrer'>Webseite<\/a><\/p> <p><a href='mailto:school.sitem@unibe.ch'>Kontakt<\/a><\/p> \"}<\/script><\/div>\r\n\t\t\t\t<p class=\"desc_trig_outter\" style=\"\"><a data-gmap_status=\"null\" data-exlk=\"0\" style=\"background-color: #4bb5d8;\" id=\"evc_176990040018957\" href=\"#\" class=\"desc_trig mul_val evcal_list_a allday\" data-ux_val=\"1\" data-ux_val_mob=\"-\"  ><span class='evoet_c2 evoet_cx '><span class='evoet_dayblock evcal_cblock ' data-bgcolor='#4bb5d8' data-smon='Februar' data-syr='2026' data-bub=''><span class='evo_start  evofxdrc'><em class='day'>So<\/em><em class='date'>01<\/em><em class='month'>Feb<\/em><em class='time'>ganztags<\/em><\/span><span class='evo_end  evofxdrc'><em class='day'>So<\/em><em class='date'>31<\/em><em class='month'>Jan<\/em><\/span><\/span><\/span><span class='evoet_c3 evoet_cx evcal_desc hide_eventtopdata '><span class='evoet_title evcal_desc2 evcal_event_title ' itemprop='name'>CAS in Artificial Intelligence in Medical Imaging der Universit\u00e4t Bern<\/span><\/span><span class='evoet_data' data-d=\"{&quot;loc.n&quot;:&quot;&quot;,&quot;orgs&quot;:[],&quot;tags&quot;:[]}\" data-bgc=\"#4bb5d8\" data-bggrad=\"\" ><\/span><\/a><\/p><div class='event_description evcal_eventcard ' style=\"display:none\"><div class='evocard_row'><div id='event_eventdetails' class='evocard_box eventdetails' data-c='' \n\t\t\t\t\tstyle=''><div class=\"evo_metarow_details evorow evcal_evdata_row evcal_event_details\">\n    <div class=\"event_excerpt\" style=\"display:none\"><h3 class=\"padb5 evo_h3\">Veranstaltungsdetails<\/h3><p>Der CAS AIMI ist ein einj\u00e4hriges, berufsbegleitendes Programm f\u00fcr Fachpersonen aus unterschiedlichen Dom\u00e4nen der medizinischen Bildgebung. Teilnehmende werden dazu bef\u00e4higt, die Entwicklung, Anwendung und Evaluation von KI-Algorithmen in ihrem Klinikalltag<\/p><\/div><span class='evcal_evdata_icons'><i class='fa fa-align-justify'><\/i><\/span>    <div class=\"evcal_evdata_cell shorter_desc\">\n        <div class=\"eventon_full_description\">\n            <h3 class=\"padb5 evo_h3\"><span class='evcal_evdata_icons'><i class='fa fa-align-justify'><\/i><\/span>Veranstaltungsdetails<\/h3>\n            <div class=\"eventon_desc_in\" itemprop=\"description\">\n                <p>Der CAS AIMI ist ein einj\u00e4hriges, berufsbegleitendes Programm f\u00fcr Fachpersonen aus unterschiedlichen Dom\u00e4nen der medizinischen Bildgebung. Teilnehmende werden dazu bef\u00e4higt, die Entwicklung, Anwendung und Evaluation von KI-Algorithmen in ihrem Klinikalltag zu begleiten. Das fundierte Wissen wird durch unsere Fakult\u00e4t bestehend aus Experten der Akademie, Klinik und Industrie vermittelt. Ein individuelles KI-Projekt erlaubt es, die erworbenen Kenntnisse direkt auf praxisnahe Fragestellungen zu \u00fcbertragen.<\/p>\n<p>Das Programm wird in englischer Sprache unterrichtet und deckt unter anderem folgende Themen ab:<\/p>\n<ul>\n<li>Entwicklung &amp; Validierung von KI<\/li>\n<li>KI-Applikationen im klinischen Alltag<\/li>\n<li>Umgang mit K\u00fcnstlicher Intelligenz<\/li>\n<li>Rechtliche und ethische Herausforderungen<\/li>\n<\/ul>\n<p>Die n\u00e4chste Durchf\u00fchrung des CAS AIMI ist f\u00fcr Februar 2026 vorgesehen. Die Anmeldefrist l\u00e4uft noch bis zum 15. Dezember 2025.<\/p>\n<p><a href=\"https:\/\/sgr-ssr.ch\/wp-content\/uploads\/2025\/11\/CAS-AIMI-Program-One-Pager.pdf\" target=\"_blank\" rel=\"noopener noreferrer\">Flyer<\/a><\/p>\n<p><a href=\"https:\/\/www.unibe.ch\/continuing_education_programs\/cas_in_artificial_intelligence_in_medical_imaging\/index_eng.html\" target=\"_blank\" rel=\"noopener noreferrer\">Webseite<\/a><\/p>\n<p><a href=\"mailto:school.sitem@unibe.ch\">Kontakt<\/a><\/p>\n            <\/div>\n            <p class='eventon_shad_p' style='padding:5px 0 0; margin:0'><button class='evcal_btn evo_btn_secondary evobtn_details_show_more' content='less'><span class='ev_more_text' data-txt='weniger'>mehr<\/span><span class='ev_more_arrow ard'><\/span><\/button><\/p><div class='clear'><\/div>        <\/div>\n    <\/div>\n<\/div><\/div><\/div><!-- row close --><div class='evocard_row'><div id='event_time' class='evocard_box time' data-c='' \n\t\t\t\t\tstyle=''><div class='evo_metarow_time evorow evcal_evdata_row evcal_evrow_sm '>\n\t\t<span class='evcal_evdata_icons'><i class='fa fa-clock-o'><\/i><\/span>\n\t\t<div class='evcal_evdata_cell'>\t\t\t\t\t\t\t\n\t\t\t<h3 class='evo_h3'><span class='evcal_evdata_icons'><i class='fa fa-clock-o'><\/i><\/span>Zeit<\/h3><div><span class='evo_eventcard_time_t evogap5 evofxww'><span class='start'>1 Februar 2026<\/span> - <span class='end'>31 Januar 2027<\/span> (ganztags)<\/span><span class='evo_tz marr5'>(GMT+01:00)<\/span><\/div>\n\t\t<\/div>\n\t<\/div><\/div><\/div><!-- row close --><div class='evocard_row bx2 bx'><div id='event_learnmore' class='evocard_box learnmore' data-c='' \n\t\t\t\t\tstyle=''><div class='evo_metarow_learnM evo_metarow_learnmore evorow'>\n\t\t\t\t\t\t\t<a class='evcal_evdata_row evo_clik_row ' href='https:\/\/www.unibe.ch\/continuing_education_programs\/cas_in_artificial_intelligence_in_medical_imaging\/index_eng.html' target=\"_blank\">\n\t\t\t\t\t\t\t\t<span class='evcal_evdata_icons'><i class='fa fa-link'><\/i><\/span>\n\t\t\t\t\t\t\t\t<h3 class='evo_h3'>Mehr Infos \/ Anmeldung<\/h3>\n\t\t\t\t\t\t\t<\/a>\n\t\t\t\t\t\t\t<\/div><\/div><div id='event_addtocal' class='evocard_box addtocal' data-c='' \n\t\t\t\t\tstyle=''><div class='evo_metarow_ICS evorow evcal_evdata_row'>\n\t\t\t<span class='evcal_evdata_icons'><i class='fa fa-calendar-o'><\/i><\/span>\n\t\t\t<div class='evcal_evdata_cell'>\n\t\t\t\t<p><a href='https:\/\/sgr-ssr.ch\/fr\/export-events\/18957_0\/?key=cd75fe199f' rel='nofollow' class='evo_ics_nCal' title='Add to your calendar'>Calendar<\/a><a href='https:\/\/www.google.com\/calendar\/event?action=TEMPLATE&text=CAS%20in%20Artificial%20Intelligence%20in%20Medical%20Imaging%20der%20Universit%C3%A4t%20Bern&dates=20260131T230000Z\/20270131T225959Z&ctz=Europe%2FVienna&details=CAS%20in%20Artificial%20Intelligence%20in%20Medical%20Imaging%20der%20Universit%C3%A4t%20Bern&location=' target='_blank' rel='nofollow' class='evo_ics_gCal' title='Add to google calendar'>GoogleCal<\/a><\/p>\t\n\t\t\t<\/div>\n\t\t<\/div><\/div><\/div><!-- row close --><button class='evo_card_row_end evcal_close' title='Close'><\/button><\/div><div class='clear end'><\/div><\/div><div id=\"event_18668_0\" class=\"eventon_list_event evo_eventtop scheduled past_event event clrW event_18668_0\" data-event_id=\"18668\" data-ri=\"0r\" data-time=\"1775685600-1775944799\" data-colr=\"#4bb5d8\" itemscope itemtype='http:\/\/schema.org\/Event'><div class=\"evo_event_schema\" style=\"display:none\" ><a itemprop='url'  href='https:\/\/sgr-ssr.ch\/fr\/events\/gemeinsame-jahrestagung-der-oesterreichischen-gesellschaft-fuer-biomedizinische-technik-oegbmt-und-der-oesterreichischen-gesellschaft-f-medizinische-physik-oegmp\/'><\/a><meta itemprop='image'  \/><meta itemprop='startDate' content=\"2026-4-9\" \/><meta itemprop='endDate' content=\"2026-4-11\" \/><meta itemprop='eventStatus' content=\"https:\/\/schema.org\/EventScheduled\" \/><meta itemprop='eventAttendanceMode'   itemscope itemtype=\"https:\/\/schema.org\/OfflineEventAttendanceMode\"\/><div style=\"display:none\" itemprop=\"location\" itemscope itemtype=\"http:\/\/schema.org\/Place\"><span itemprop=\"name\">Campus Technik der Universit\u00e4t Innsbruck<\/span><span itemprop=\"address\" itemscope itemtype=\"http:\/\/schema.org\/PostalAddress\"><item itemprop=\"streetAddress\">Technikerstra\u00dfe 13, 6020 Innsbruck<\/item><\/span><\/div><div itemprop=\"organizer\" itemscope=\"\" itemtype=\"http:\/\/schema.org\/Organization\"><meta itemprop=\"name\" content=\"\u00d6sterreichische Gesellschaft f\u00fcr Medizinische Physik (\u00d6GMP)\">\n\t\t\t\t    \t<\/div><div itemprop=\"performer\" itemscope=\"\" itemtype=\"http:\/\/schema.org\/Person\"><meta itemprop=\"name\" content=\"\u00d6sterreichische Gesellschaft f\u00fcr Medizinische Physik (\u00d6GMP)\"><\/div><script type=\"application\/ld+json\">{\"@context\": \"http:\/\/schema.org\",\"@type\": \"Event\",\n\t\t\t\t\"@id\": \"event_18668_0\",\n\t\t\t\t\"eventAttendanceMode\":\"https:\/\/schema.org\/OfflineEventAttendanceMode\",\n\t\t\t\t\"eventStatus\":\"https:\/\/schema.org\/EventScheduled\",\n\t\t\t\t\"name\": \"Gemeinsame Jahrestagung der \u00d6sterreichischen Gesellschaft f\u00fcr Biomedizinische Technik (\u00d6GBMT) und der \u00d6sterreichischen Gesellschaft f. Medizinische Physik (\u00d6GMP)\",\n\t\t\t\t\"url\": \"https:\/\/sgr-ssr.ch\/fr\/events\/gemeinsame-jahrestagung-der-oesterreichischen-gesellschaft-fuer-biomedizinische-technik-oegbmt-und-der-oesterreichischen-gesellschaft-f-medizinische-physik-oegmp\/\",\n\t\t\t\t\"startDate\": \"2026-4-9\",\n\t\t\t\t\"endDate\": \"2026-4-11\",\n\t\t\t\t\"image\":\"\", \n\t\t\t\t\"description\":\"<p>Sehr geehrte Damen und Herren, liebe Kolleginnen und Kollegen, werte Biomedizinische Technik- und Medizinphysik-Interessierte!<\/p> <p>Im Namen der \u00d6sterreichischen Gesellschaft f\u00fcr Biomedizinische Technik und der \u00d6sterreichischen Gesellschaft f\u00fcr Medizinische Physik d\u00fcrfen wir Sie zur\u00a0<strong>gemeinsamen Jahrestagung 2026 vom 09. \u2013 11. April in Innsbruck\u00a0<\/strong>einladen.<\/p> <p>Mit einem vielseitigen wissenschaftlichen Programm m\u00f6chten wir die verschiedenen Themenbereiche der biomedizinischen Technik und Medizinphysik ansprechen und den Austausch innerhalb und zwischen den Fachbereichen anregen. Bei der Industrieausstellung pr\u00e4sentieren Firmen Neuerungen im industriellen Bereich.<\/p> <p>Die Jahrestagung findet am\u00a0<strong>Campus Technik der Universit\u00e4t Innsbruck, Technikerstra\u00dfe 13, 6020 Innsbruck\u00a0<\/strong>statt.<\/p> <p>Wir freuen uns auf Ihr Kommen!<\/p> <p><strong><a href='https:\/\/www.oegmp-tagung.at\/' target='_blank' rel='noopener noreferrer'>Webseite<\/a><\/strong><\/p> \",\"location\":[{\"@type\":\"Place\",\"name\":\"Campus Technik der Universit\u00e4t Innsbruck\",\"address\":{\"@type\": \"PostalAddress\",\"streetAddress\":\"Technikerstra\u00dfe 13, 6020 Innsbruck\"}}],\"organizer\":[{\"@type\":\"Organization\",\"name\":\"\u00d6sterreichische Gesellschaft f\u00fcr Medizinische Physik (\u00d6GMP)\"}]}<\/script><\/div>\r\n\t\t\t\t<p class=\"desc_trig_outter\" style=\"\"><a data-gmap_status=\"null\" data-exlk=\"0\" style=\"background-color: #4bb5d8;\" id=\"evc_177568560018668\" href=\"#\" class=\"desc_trig mul_val evcal_list_a allday\" data-ux_val=\"1\" data-ux_val_mob=\"-\"  ><span class='evoet_c2 evoet_cx '><span class='evoet_dayblock evcal_cblock ' data-bgcolor='#4bb5d8' data-smon='April' data-syr='2026' data-bub=''><span class='evo_start  evofxdrc'><em class='day'>Do<\/em><em class='date'>09<\/em><em class='month'>Apr<\/em><em class='time'>ganztags<\/em><\/span><span class='evo_end  evofxdrc'><em class='day'>Sa<\/em><em class='date'>11<\/em><\/span><\/span><\/span><span class='evoet_c3 evoet_cx evcal_desc hide_eventtopdata '><span class='evoet_title evcal_desc2 evcal_event_title ' itemprop='name'>Gemeinsame Jahrestagung der \u00d6sterreichischen Gesellschaft f\u00fcr Biomedizinische Technik (\u00d6GBMT) und der \u00d6sterreichischen Gesellschaft f. Medizinische Physik (\u00d6GMP)<\/span><span class='event_location_attrs'  data-location_address=\"Technikerstra\u00dfe 13, 6020 Innsbruck\" data-location_type=\"address\" data-location_name=\"Campus Technik der Universit\u00e4t Innsbruck\" data-location_url=\"https:\/\/sgr-ssr.ch\/fr\/event-location\/campus-technik-der-universitaet-innsbruck\/\" data-location_status=\"true\" data-locid=\"634\"><\/span><\/span><span class='evoet_data' data-d=\"{&quot;loc.n&quot;:&quot;Campus Technik der Universit\\u00e4t Innsbruck&quot;,&quot;orgs&quot;:{&quot;376&quot;:&quot;\\u00d6sterreichische Gesellschaft f\\u00fcr Medizinische Physik (\\u00d6GMP)&quot;},&quot;tags&quot;:[]}\" data-bgc=\"#4bb5d8\" data-bggrad=\"\" ><\/span><\/a><\/p><div class='event_description evcal_eventcard ' style=\"display:none\"><div class='evocard_row'><div id='event_eventdetails' class='evocard_box eventdetails' data-c='' \n\t\t\t\t\tstyle=''><div class=\"evo_metarow_details evorow evcal_evdata_row evcal_event_details\">\n    <div class=\"event_excerpt\" style=\"display:none\"><h3 class=\"padb5 evo_h3\">Veranstaltungsdetails<\/h3><p>Sehr geehrte Damen und Herren, liebe Kolleginnen und Kollegen, werte Biomedizinische Technik- und Medizinphysik-Interessierte!\nIm Namen der \u00d6sterreichischen Gesellschaft f\u00fcr Biomedizinische Technik und der \u00d6sterreichischen Gesellschaft f\u00fcr Medizinische Physik d\u00fcrfen wir<\/p><\/div><span class='evcal_evdata_icons'><i class='fa fa-align-justify'><\/i><\/span>    <div class=\"evcal_evdata_cell shorter_desc\">\n        <div class=\"eventon_full_description\">\n            <h3 class=\"padb5 evo_h3\"><span class='evcal_evdata_icons'><i class='fa fa-align-justify'><\/i><\/span>Veranstaltungsdetails<\/h3>\n            <div class=\"eventon_desc_in\" itemprop=\"description\">\n                <p>Sehr geehrte Damen und Herren, liebe Kolleginnen und Kollegen, werte Biomedizinische Technik- und Medizinphysik-Interessierte!<\/p>\n<p>Im Namen der \u00d6sterreichischen Gesellschaft f\u00fcr Biomedizinische Technik und der \u00d6sterreichischen Gesellschaft f\u00fcr Medizinische Physik d\u00fcrfen wir Sie zur\u00a0<strong>gemeinsamen Jahrestagung 2026 vom 09. \u2013 11. April in Innsbruck\u00a0<\/strong>einladen.<\/p>\n<p>Mit einem vielseitigen wissenschaftlichen Programm m\u00f6chten wir die verschiedenen Themenbereiche der biomedizinischen Technik und Medizinphysik ansprechen und den Austausch innerhalb und zwischen den Fachbereichen anregen. Bei der Industrieausstellung pr\u00e4sentieren Firmen Neuerungen im industriellen Bereich.<\/p>\n<p>Die Jahrestagung findet am\u00a0<strong>Campus Technik der Universit\u00e4t Innsbruck, Technikerstra\u00dfe 13, 6020 Innsbruck\u00a0<\/strong>statt.<\/p>\n<p>Wir freuen uns auf Ihr Kommen!<\/p>\n<p><strong><a href=\"https:\/\/www.oegmp-tagung.at\/\" target=\"_blank\" rel=\"noopener noreferrer\">Webseite<\/a><\/strong><\/p>\n            <\/div>\n            <p class='eventon_shad_p' style='padding:5px 0 0; margin:0'><button class='evcal_btn evo_btn_secondary evobtn_details_show_more' content='less'><span class='ev_more_text' data-txt='weniger'>mehr<\/span><span class='ev_more_arrow ard'><\/span><\/button><\/p><div class='clear'><\/div>        <\/div>\n    <\/div>\n<\/div><\/div><\/div><!-- row close --><div class='evocard_row bx2 bx'><div id='event_time' class='evocard_box time' data-c='' \n\t\t\t\t\tstyle=''><div class='evo_metarow_time evorow evcal_evdata_row evcal_evrow_sm '>\n\t\t<span class='evcal_evdata_icons'><i class='fa fa-clock-o'><\/i><\/span>\n\t\t<div class='evcal_evdata_cell'>\t\t\t\t\t\t\t\n\t\t\t<h3 class='evo_h3'><span class='evcal_evdata_icons'><i class='fa fa-clock-o'><\/i><\/span>Zeit<\/h3><div><span class='evo_eventcard_time_t evogap5 evofxww'><span class=\"start\">9 April 2026<\/span>  - <span class=\"end\">11 April 2026<\/span> (ganztags)<\/span><span class='evo_tz marr5'>(GMT+02:00)<\/span><\/div>\n\t\t<\/div>\n\t<\/div><\/div><div id='event_location' class='evocard_box location' data-c='' \n\t\t\t\t\tstyle=''><div class='evcal_evdata_row evo_metarow_time_location evorow '>\n\t\t\n\t\t\t<span class='evcal_evdata_icons'><i class='fa fa-map-marker'><\/i><\/span>\n\t\t\t<div class='evcal_evdata_cell' data-loc_tax_id='634'><h3 class='evo_h3 evodfx'><span class='evcal_evdata_icons'><i class='fa fa-map-marker'><\/i><\/span>Ort<\/h3><p class='evo_location_name'>Campus Technik der Universit\u00e4t Innsbruck<\/p><p class='evo_location_address evodfxi evogap10'>Technikerstra\u00dfe 13, 6020 Innsbruck<\/p><div class='padt10'><span class='evo_btn_arr evolb_trigger' data-lbvals=\"{&quot;lbdata&quot;:{&quot;class&quot;:&quot;evo_location_lb_634&quot;,&quot;additional_class&quot;:&quot;lb_max&quot;,&quot;title&quot;:&quot;Campus Technik der Universit\\u00e4t Innsbruck&quot;},&quot;adata&quot;:{&quot;a&quot;:&quot;eventon_get_tax_card_content&quot;,&quot;end&quot;:&quot;client&quot;,&quot;data&quot;:{&quot;lang&quot;:&quot;L1&quot;,&quot;term_id&quot;:634,&quot;tax&quot;:&quot;event_location&quot;,&quot;load_lbcontent&quot;:true}},&quot;uid&quot;:&quot;eventon_get_tax_card_content&quot;}\" >Other Events<i class='fa fa-chevron-right' aria-hidden='true'><\/i><\/span><\/div><\/div>\n\t\t\n\t<\/div><\/div><\/div><!-- row close --><div class='evocard_row'><div id='event_organizer' class='evocard_box organizer' data-c='' \n\t\t\t\t\tstyle=''><div class='evo_metarow_organizer evorow evcal_evdata_row evcal_evrow_sm '>\n\t\t<span class='evcal_evdata_icons'><i class='fa fa-headphones'><\/i><\/span>\n\t\t<div class='evcal_evdata_cell'>\t\t\t\t\t\t\t\n\t\t\t<h3 class='evo_h3'>Veranstalter<\/h3><div class='evo_evdata_cell_content evodfx evofx_ww evofx_dr_r evogap15'><div class='evo_card_organizer evofx_1'><h4 class='evo_org_name evo_h4 marb5 evottui evocl1i evopadb10i'><span class='evo_card_organizer_name_t marb5'><a  href='https:\/\/sgr-ssr.ch\/fr\/event-organizer\/oesterreichische-gesellschaft-fuer-medizinische-physik-oegmp\/' class='evocl1i'>\u00d6sterreichische Gesellschaft f\u00fcr Medizinische Physik (\u00d6GMP)<\/a><\/span><\/h4><p class='evo_card_organizer_more evomart10i'><a class='evolb_trigger evo_btn_arr mart10' data-lbvals=\"{&quot;lbc&quot;:&quot;evo_organizer_lb&quot;,&quot;lbac&quot;:&quot;lb_max&quot;,&quot;preload_temp_key&quot;:&quot;preload_taxlb&quot;,&quot;t&quot;:&quot;\\u00d6sterreichische Gesellschaft f\\u00fcr Medizinische Physik (\\u00d6GMP)&quot;,&quot;ajax&quot;:&quot;yes&quot;,&quot;ajax_type&quot;:&quot;endpoint&quot;,&quot;ajax_action&quot;:&quot;eventon_get_tax_card_content&quot;,&quot;end&quot;:&quot;client&quot;,&quot;d&quot;:{&quot;eventid&quot;:18668,&quot;ri&quot;:0,&quot;term_id&quot;:376,&quot;tax&quot;:&quot;event_organizer&quot;,&quot;load_lbcontent&quot;:true}}\" >Learn More<i class='fa fa-chevron-right'><\/i><\/a><\/p><\/div><!-- evo_card_organizer--><\/div><\/div>\t<\/div><\/div><\/div><!-- row close --><div class='evocard_row bx2 bx'><div id='event_learnmore' class='evocard_box learnmore' data-c='' \n\t\t\t\t\tstyle=''><div class='evo_metarow_learnM evo_metarow_learnmore evorow'>\n\t\t\t\t\t\t\t<a class='evcal_evdata_row evo_clik_row ' href='https:\/\/www.oegmp-tagung.at\/' target=\"_blank\">\n\t\t\t\t\t\t\t\t<span class='evcal_evdata_icons'><i class='fa fa-link'><\/i><\/span>\n\t\t\t\t\t\t\t\t<h3 class='evo_h3'>Mehr Infos \/ Anmeldung<\/h3>\n\t\t\t\t\t\t\t<\/a>\n\t\t\t\t\t\t\t<\/div><\/div><div id='event_addtocal' class='evocard_box addtocal' data-c='' \n\t\t\t\t\tstyle=''><div class='evo_metarow_ICS evorow evcal_evdata_row'>\n\t\t\t<span class='evcal_evdata_icons'><i class='fa fa-calendar-o'><\/i><\/span>\n\t\t\t<div class='evcal_evdata_cell'>\n\t\t\t\t<p><a href='https:\/\/sgr-ssr.ch\/fr\/export-events\/18668_0\/?key=cd75fe199f' rel='nofollow' class='evo_ics_nCal' title='Add to your calendar'>Calendar<\/a><a href='https:\/\/www.google.com\/calendar\/event?action=TEMPLATE&text=Gemeinsame%20Jahrestagung%20der%20%C3%96sterreichischen%20Gesellschaft%20f%C3%BCr%20Biomedizinische%20Technik%20%28%C3%96GBMT%29%20und%20der%20%C3%96sterreichischen%20Gesellschaft%20f.%20Medizinische%20Physik%20%28%C3%96GMP%29&dates=20260408T220000Z\/20260411T215959Z&ctz=Europe%2FBerlin&details=Gemeinsame%20Jahrestagung%20der%20%C3%96sterreichischen%20Gesellschaft%20f%C3%BCr%20Biomedizinische%20Technik%20%28%C3%96GBMT%29%20und%20der%20%C3%96sterreichischen%20Gesellschaft%20f.%20Medizinische%20Physik%20%28%C3%96GMP%29&location=Campus%20Technik%20der%20Universit%C3%A4t%20Innsbruck%20Technikerstra%C3%9Fe%2013%2C%206020%20Innsbruck' target='_blank' rel='nofollow' class='evo_ics_gCal' title='Add to google calendar'>GoogleCal<\/a><\/p>\t\n\t\t\t<\/div>\n\t\t<\/div><\/div><\/div><!-- row close --><div class='evocard_row'><div id='event_getdirection' class='evocard_box getdirection' data-c='' \n\t\t\t\t\tstyle=''><div class='evo_metarow_getDr evorow evcal_evdata_row evcal_evrow_sm getdirections'>\n\t\t<form action='https:\/\/maps.google.com\/maps' method='get' target='_blank'>\n\t\t\t<input type='hidden' name='daddr' value=\"Technikerstra\u00dfe 13, 6020 Innsbruck\"\/> \n\t\t\t<div class='evo_get_direction_content evo_fx_dr_r evogap10'>\n\t\t\t\t<span class='evogetdir_header evodfx evofxdrr evofxaic evogap10'>\n\t\t\t\t\t<i class='mainicon fa fa-road evofz24i'><\/i> \n\t\t\t\t\t<h3 class='evo_h3 evopad0i' style='padding-bottom:5px;'>Get Directions<\/h3>\n\t\t\t\t<\/span>\n\t\t\t\t<span class='evogetdir_field evodfx evofx_1_1 evow100p'>\t\n\t\t\t\t\t<label for='69f31a60083ef' class='evo_aria_ready sr-only'>Address - Gemeinsame Jahrestagung der \u00d6sterreichischen Gesellschaft f\u00fcr Biomedizinische Technik (\u00d6GBMT) und der \u00d6sterreichischen Gesellschaft f. Medizinische Physik (\u00d6GMP) []<\/label>\t\t\t\t\n\t\t\t\t\t<input id='69f31a60083ef' class='evo_aria_ready_match evoInput2 evobr10 evow100p evopad10 evoff_2 evofz14i evobrdB1 evoboxbb' type='text' name='saddr' placeholder='Ihre Adresse' value='' style='' aria-label='Address - Gemeinsame Jahrestagung der \u00d6sterreichischen Gesellschaft f\u00fcr Biomedizinische Technik (\u00d6GBMT) und der \u00d6sterreichischen Gesellschaft f. Medizinische Physik (\u00d6GMP) []' \/>\n\t\t\t\t<\/span>\n\t\t\t\t<div class='evodfx evofxdrr evofxaic evogap10'>\n\t\t\t\t\t<i class='fa fa-location-dot'><\/i>\n\t\t\t\t\t<div class='evoposr evofx_1 evoh100p'><label for='69f31a60083ef' class='evo_aria_ready sr-only'>Destination Address - Gemeinsame Jahrestagung der \u00d6sterreichischen Gesellschaft f\u00fcr Biomedizinische Technik (\u00d6GBMT) und der \u00d6sterreichischen Gesellschaft f. Medizinische Physik (\u00d6GMP) []<\/label>\t\t\n\t\t\t\t\t\t<input id='69f31a60083ef' class='evo_aria_ready_match evoInput2 evobr10 evow100p evopad5-10 evoff_2 evofz14i evobrdB1 evoop5 evoboxbb evoh100p' type='text' style='' readonly value='Technikerstra\u00dfe 13, 6020 Innsbruck' aria-label='Destination Address - Gemeinsame Jahrestagung der \u00d6sterreichischen Gesellschaft f\u00fcr Biomedizinische Technik (\u00d6GBMT) und der \u00d6sterreichischen Gesellschaft f. Medizinische Physik (\u00d6GMP) []'\/><button class='evo_copy_address evobuttonA evocurp evohoop7 evoposa evopad5' style='right: 3px; top: 4px; background-color: #fff;' data-txt='Technikerstra\u00dfe 13, 6020 Innsbruck' data-t='Address copied to clipboard!'><i class='far fa-copy evofz16i' title='Copy Destination Address!'><\/i><\/button>\n\t\t\t\t\t<\/div>\n\t\t\t\t\t<button type='submit' class='evo_get_direction_button evcal_btn dfx evofxaic evocurp evohoop7' title='Hier klicken f\u00fcr Wegbeschreibung' style='    padding: 10px 15px !important;'><i class='fa fa-chevron-right'><\/i> <\/button>\n\t\t\t\t<\/div>\n\t\t\t<\/div>\n\t\t<\/form>\n\t<\/div><\/div><\/div><!-- row close --><button class='evo_card_row_end evcal_close' title='Close'><\/button><\/div><div class='clear end'><\/div><\/div><div id=\"event_19327_0\" class=\"eventon_list_event evo_eventtop scheduled past_event event clrW event_19327_0\" data-event_id=\"19327\" data-ri=\"0r\" data-time=\"1776204000-1776463199\" data-colr=\"#4bb5d8\" itemscope itemtype='http:\/\/schema.org\/Event'><div class=\"evo_event_schema\" style=\"display:none\" ><a itemprop='url'  href='https:\/\/sgr-ssr.ch\/fr\/events\/xxxiiie-symposium-franco-hongrois-de-radiologie\/'><\/a><meta itemprop='image'  \/><meta itemprop='startDate' content=\"2026-4-15\" \/><meta itemprop='endDate' content=\"2026-4-17\" \/><meta itemprop='eventStatus' content=\"https:\/\/schema.org\/EventScheduled\" \/><meta itemprop='eventAttendanceMode'   itemscope itemtype=\"https:\/\/schema.org\/OfflineEventAttendanceMode\"\/><div style=\"display:none\" itemprop=\"location\" itemscope itemtype=\"http:\/\/schema.org\/Place\"><span itemprop=\"name\">Hotel Mercure Budapest Castle Hill<\/span><span itemprop=\"address\" itemscope itemtype=\"http:\/\/schema.org\/PostalAddress\"><item itemprop=\"streetAddress\">Krisztina krt. 41-43. Budapest, 1e arr.<\/item><\/span><\/div><div itemprop=\"organizer\" itemscope=\"\" itemtype=\"http:\/\/schema.org\/Organization\"><meta itemprop=\"name\" content=\"Soci\u00e9t\u00e9 Fran\u00e7aise de Radiologie (SFR)\">\n\t\t\t\t    \t<\/div><div itemprop=\"performer\" itemscope=\"\" itemtype=\"http:\/\/schema.org\/Person\"><meta itemprop=\"name\" content=\"Soci\u00e9t\u00e9 Fran\u00e7aise de Radiologie (SFR)\"><\/div><script type=\"application\/ld+json\">{\"@context\": \"http:\/\/schema.org\",\"@type\": \"Event\",\n\t\t\t\t\"@id\": \"event_19327_0\",\n\t\t\t\t\"eventAttendanceMode\":\"https:\/\/schema.org\/OfflineEventAttendanceMode\",\n\t\t\t\t\"eventStatus\":\"https:\/\/schema.org\/EventScheduled\",\n\t\t\t\t\"name\": \"XXXIIIe Symposium Franco-Hongrois de Radiologie\",\n\t\t\t\t\"url\": \"https:\/\/sgr-ssr.ch\/fr\/events\/xxxiiie-symposium-franco-hongrois-de-radiologie\/\",\n\t\t\t\t\"startDate\": \"2026-4-15\",\n\t\t\t\t\"endDate\": \"2026-4-17\",\n\t\t\t\t\"image\":\"\", \n\t\t\t\t\"description\":\"<p>Chers coll\u00e8gues,<\/p> <p>Au cours des deux prochaines ann\u00e9es, nous organiserons des Symposiums th\u00e8matiques. Pour 2026, nous avons con\u00e7u le programme en collaboration avec le groupe\u00a0<b>&laquo;&nbsp;SFR Onco&nbsp;&raquo;<\/b>\u00a0de la Soci\u00e9t\u00e9 Fran\u00e7aise de Radiologie (SFR). Le fil conducteur sera donc l&rsquo;oncologie et comme d\u2019habitude nous traiterons diff\u00e9rents syst\u00e8mes d&rsquo;organes.<\/p> <p>Nos orateurs invit\u00e9s sont tous les repr\u00e9sentants de ce groupe de travail de la SFR, leader dans le domaine de la radio-oncologie.<\/p> <p><b>Le congr\u00e8s est enti\u00e8rement francophone<\/b>, toutes les communications et diapositives et tous les \u00e9changes sont en fran\u00e7ais, traduits pour le public hongrois par des radiologues francophones.<\/p> <p><b>Le mercredi apr\u00e8s-midi auront lieu des ateliers<\/b>\u00a0de cas cliniques autour des grands th\u00e8mes du congr\u00e8s.<\/p> <p><b>Le jeudi et le vendredi les s\u00e9ances pl\u00e9ni\u00e8res<\/b>\u00a0aborderons entre autres les sujets suivants :<\/p> <ul> <li>En\u00a0<b>Neuroradiologie<\/b>, les m\u00e9ninges, le syst\u00e8me glymphatique, les tum\u00e9factions de la moelle \u00e9pini\u00e8re et les pathologies de la selle turcique<\/li> <li>En\u00a0<b>imagerie abdominale<\/b>, les tumeurs de l&rsquo;intestin gr\u00eale, du c\u00f4lon et du rectum<\/li> <li>En\u00a0<b>imagerie ORL<\/b>, les tumeurs des voies a\u00e9rodigestives sup\u00e9rieures, les glandes salivaires et les ad\u00e9nopathies cervicales atypiques<\/li> <li>En\u00a0<b>imagerie MSK<\/b>, les bases de l\u2019imagerie des tumeurs osseuses et des parties molles, les tumeurs et pseudotumeurs de la base et de la vo\u00fbte du cr\u00e2ne, les nouvelles applications IA<\/li> <\/ul> <p>Ce symposium a toujours \u00e9t\u00e9 un lieu d\u2019\u00e9change et de partage confraternel et amical, catalyseur de projets franco-hongrois. Nous vous attendons donc nombreux pour participer \u00e0 ce projet organis\u00e9 depuis 1992 dans la magnifique capitale hongroise de Budapest.<\/p> <p><b>Au plaisir de vous y retrouver!<\/b><\/p> <p>Le comit\u00e9 d&rsquo;organisation :<br \/> G\u00e1bor Forrai et Jean-Pierre Tasu, pr\u00e9sidents<br \/> Anna Kerpel-Fronius et Andr\u00e1s Barta, co-pr\u00e9sidents<\/p> <p><a href='https:\/\/radio.kmcongress.com\/fr' target='_blank' rel='noopener noreferrer'>site web<\/a><\/p> <p><a href='mailto:info@kmcongress.com'>contacte<\/a><\/p> \",\"location\":[{\"@type\":\"Place\",\"name\":\"Hotel Mercure Budapest Castle Hill\",\"address\":{\"@type\": \"PostalAddress\",\"streetAddress\":\"Krisztina krt. 41-43. Budapest, 1e arr.\"}}],\"organizer\":[{\"@type\":\"Organization\",\"name\":\"Soci\u00e9t\u00e9 Fran\u00e7aise de Radiologie (SFR)\"}]}<\/script><\/div>\r\n\t\t\t\t<p class=\"desc_trig_outter\" style=\"\"><a data-gmtrig=\"1\" data-exlk=\"0\" style=\"background-color: #4bb5d8;\" id=\"evc_177620400019327\" href=\"#\" class=\"desc_trig mul_val evcal_list_a allday\" data-ux_val=\"1\" data-ux_val_mob=\"-\"  ><span class='evoet_c2 evoet_cx '><span class='evoet_dayblock evcal_cblock ' data-bgcolor='#4bb5d8' data-smon='April' data-syr='2026' data-bub=''><span class='evo_start  evofxdrc'><em class='day'>Mi<\/em><em class='date'>15<\/em><em class='month'>Apr<\/em><em class='time'>ganztags<\/em><\/span><span class='evo_end  evofxdrc'><em class='day'>Fr<\/em><em class='date'>17<\/em><\/span><\/span><\/span><span class='evoet_c3 evoet_cx evcal_desc hide_eventtopdata '><span class='evoet_title evcal_desc2 evcal_event_title ' itemprop='name'>XXXIIIe Symposium Franco-Hongrois de Radiologie<\/span><span class='event_location_attrs'  data-location_address=\"Krisztina krt. 41-43. Budapest, 1e arr.\" data-location_type=\"address\" data-location_name=\"Hotel Mercure Budapest Castle Hill\" data-location_url=\"https:\/\/sgr-ssr.ch\/fr\/event-location\/hotel-mercure-budapest-castle-hill\/\" data-location_status=\"true\" data-locid=\"548\"><\/span><\/span><span class='evoet_data' data-d=\"{&quot;loc.n&quot;:&quot;Hotel Mercure Budapest Castle Hill&quot;,&quot;orgs&quot;:{&quot;664&quot;:&quot;Soci\\u00e9t\\u00e9 Fran\\u00e7aise de Radiologie (SFR)&quot;},&quot;tags&quot;:[]}\" data-bgc=\"#4bb5d8\" data-bggrad=\"\" ><\/span><\/a><\/p><div class='event_description evcal_eventcard ' style=\"display:none\"><div class='evocard_row'><div id='event_eventdetails' class='evocard_box eventdetails' data-c='' \n\t\t\t\t\tstyle=''><div class=\"evo_metarow_details evorow evcal_evdata_row evcal_event_details\">\n    <div class=\"event_excerpt\" style=\"display:none\"><h3 class=\"padb5 evo_h3\">Veranstaltungsdetails<\/h3><p>Chers coll\u00e8gues,\nAu cours des deux prochaines ann\u00e9es, nous organiserons des Symposiums th\u00e8matiques. Pour 2026, nous avons con\u00e7u le programme en collaboration avec le groupe\u00a0&laquo;&nbsp;SFR Onco&nbsp;&raquo;\u00a0de la Soci\u00e9t\u00e9 Fran\u00e7aise de Radiologie<\/p><\/div><span class='evcal_evdata_icons'><i class='fa fa-align-justify'><\/i><\/span>    <div class=\"evcal_evdata_cell shorter_desc\">\n        <div class=\"eventon_full_description\">\n            <h3 class=\"padb5 evo_h3\"><span class='evcal_evdata_icons'><i class='fa fa-align-justify'><\/i><\/span>Veranstaltungsdetails<\/h3>\n            <div class=\"eventon_desc_in\" itemprop=\"description\">\n                <p>Chers coll\u00e8gues,<\/p>\n<p>Au cours des deux prochaines ann\u00e9es, nous organiserons des Symposiums th\u00e8matiques. Pour 2026, nous avons con\u00e7u le programme en collaboration avec le groupe\u00a0<b>&laquo;&nbsp;SFR Onco&nbsp;&raquo;<\/b>\u00a0de la Soci\u00e9t\u00e9 Fran\u00e7aise de Radiologie (SFR). Le fil conducteur sera donc l&rsquo;oncologie et comme d\u2019habitude nous traiterons diff\u00e9rents syst\u00e8mes d&rsquo;organes.<\/p>\n<p>Nos orateurs invit\u00e9s sont tous les repr\u00e9sentants de ce groupe de travail de la SFR, leader dans le domaine de la radio-oncologie.<\/p>\n<p><b>Le congr\u00e8s est enti\u00e8rement francophone<\/b>, toutes les communications et diapositives et tous les \u00e9changes sont en fran\u00e7ais, traduits pour le public hongrois par des radiologues francophones.<\/p>\n<p><b>Le mercredi apr\u00e8s-midi auront lieu des ateliers<\/b>\u00a0de cas cliniques autour des grands th\u00e8mes du congr\u00e8s.<\/p>\n<p><b>Le jeudi et le vendredi les s\u00e9ances pl\u00e9ni\u00e8res<\/b>\u00a0aborderons entre autres les sujets suivants :<\/p>\n<ul>\n<li>En\u00a0<b>Neuroradiologie<\/b>, les m\u00e9ninges, le syst\u00e8me glymphatique, les tum\u00e9factions de la moelle \u00e9pini\u00e8re et les pathologies de la selle turcique<\/li>\n<li>En\u00a0<b>imagerie abdominale<\/b>, les tumeurs de l&rsquo;intestin gr\u00eale, du c\u00f4lon et du rectum<\/li>\n<li>En\u00a0<b>imagerie ORL<\/b>, les tumeurs des voies a\u00e9rodigestives sup\u00e9rieures, les glandes salivaires et les ad\u00e9nopathies cervicales atypiques<\/li>\n<li>En\u00a0<b>imagerie MSK<\/b>, les bases de l\u2019imagerie des tumeurs osseuses et des parties molles, les tumeurs et pseudotumeurs de la base et de la vo\u00fbte du cr\u00e2ne, les nouvelles applications IA<\/li>\n<\/ul>\n<p>Ce symposium a toujours \u00e9t\u00e9 un lieu d\u2019\u00e9change et de partage confraternel et amical, catalyseur de projets franco-hongrois. Nous vous attendons donc nombreux pour participer \u00e0 ce projet organis\u00e9 depuis 1992 dans la magnifique capitale hongroise de Budapest.<\/p>\n<p><b>Au plaisir de vous y retrouver!<\/b><\/p>\n<p>Le comit\u00e9 d&rsquo;organisation :<br \/>\nG\u00e1bor Forrai et Jean-Pierre Tasu, pr\u00e9sidents<br \/>\nAnna Kerpel-Fronius et Andr\u00e1s Barta, co-pr\u00e9sidents<\/p>\n<p><a href=\"https:\/\/radio.kmcongress.com\/fr\" target=\"_blank\" rel=\"noopener noreferrer\">site web<\/a><\/p>\n<p><a href=\"mailto:info@kmcongress.com\">contacte<\/a><\/p>\n            <\/div>\n            <p class='eventon_shad_p' style='padding:5px 0 0; margin:0'><button class='evcal_btn evo_btn_secondary evobtn_details_show_more' content='less'><span class='ev_more_text' data-txt='weniger'>mehr<\/span><span class='ev_more_arrow ard'><\/span><\/button><\/p><div class='clear'><\/div>        <\/div>\n    <\/div>\n<\/div><\/div><\/div><!-- row close --><div class='evocard_row bx2 bx'><div id='event_time' class='evocard_box time' data-c='' \n\t\t\t\t\tstyle=''><div class='evo_metarow_time evorow evcal_evdata_row evcal_evrow_sm '>\n\t\t<span class='evcal_evdata_icons'><i class='fa fa-clock-o'><\/i><\/span>\n\t\t<div class='evcal_evdata_cell'>\t\t\t\t\t\t\t\n\t\t\t<h3 class='evo_h3'><span class='evcal_evdata_icons'><i class='fa fa-clock-o'><\/i><\/span>Zeit<\/h3><div><span class='evo_eventcard_time_t evogap5 evofxww'><span class=\"start\">15 April 2026<\/span>  - <span class=\"end\">17 April 2026<\/span> (ganztags)<\/span><span class='evo_tz marr5'>(GMT+02:00)<\/span><\/div>\n\t\t<\/div>\n\t<\/div><\/div><div id='event_location' class='evocard_box location' data-c='' \n\t\t\t\t\tstyle=''><div class='evcal_evdata_row evo_metarow_time_location evorow '>\n\t\t\n\t\t\t<span class='evcal_evdata_icons'><i class='fa fa-map-marker'><\/i><\/span>\n\t\t\t<div class='evcal_evdata_cell' data-loc_tax_id='548'><h3 class='evo_h3 evodfx'><span class='evcal_evdata_icons'><i class='fa fa-map-marker'><\/i><\/span>Ort<\/h3><p class='evo_location_name'>Hotel Mercure Budapest Castle Hill<\/p><p class='evo_location_address evodfxi evogap10'>Krisztina krt. 41-43. Budapest, 1e arr.<\/p><div class='padt10'><span class='evo_btn_arr evolb_trigger' data-lbvals=\"{&quot;lbdata&quot;:{&quot;class&quot;:&quot;evo_location_lb_548&quot;,&quot;additional_class&quot;:&quot;lb_max&quot;,&quot;title&quot;:&quot;Hotel Mercure Budapest Castle Hill&quot;},&quot;adata&quot;:{&quot;a&quot;:&quot;eventon_get_tax_card_content&quot;,&quot;end&quot;:&quot;client&quot;,&quot;data&quot;:{&quot;lang&quot;:&quot;L1&quot;,&quot;term_id&quot;:548,&quot;tax&quot;:&quot;event_location&quot;,&quot;load_lbcontent&quot;:true}},&quot;uid&quot;:&quot;eventon_get_tax_card_content&quot;}\" >Other Events<i class='fa fa-chevron-right' aria-hidden='true'><\/i><\/span><\/div><\/div>\n\t\t\n\t<\/div><\/div><\/div><!-- row close --><div class='evocard_row'><div id='event_organizer' class='evocard_box organizer' data-c='' \n\t\t\t\t\tstyle=''><div class='evo_metarow_organizer evorow evcal_evdata_row evcal_evrow_sm '>\n\t\t<span class='evcal_evdata_icons'><i class='fa fa-headphones'><\/i><\/span>\n\t\t<div class='evcal_evdata_cell'>\t\t\t\t\t\t\t\n\t\t\t<h3 class='evo_h3'>Veranstalter<\/h3><div class='evo_evdata_cell_content evodfx evofx_ww evofx_dr_r evogap15'><div class='evo_card_organizer evofx_1'><h4 class='evo_org_name evo_h4 marb5 evottui evocl1i evopadb10i'><span class='evo_card_organizer_name_t marb5'><a  href='https:\/\/sgr-ssr.ch\/fr\/event-organizer\/societe-francaise-de-radiologie-sfr\/' class='evocl1i'>Soci\u00e9t\u00e9 Fran\u00e7aise de Radiologie (SFR)<\/a><\/span><\/h4><p class='evo_card_organizer_more evomart10i'><a class='evolb_trigger evo_btn_arr mart10' data-lbvals=\"{&quot;lbc&quot;:&quot;evo_organizer_lb&quot;,&quot;lbac&quot;:&quot;lb_max&quot;,&quot;preload_temp_key&quot;:&quot;preload_taxlb&quot;,&quot;t&quot;:&quot;Soci\\u00e9t\\u00e9 Fran\\u00e7aise de Radiologie (SFR)&quot;,&quot;ajax&quot;:&quot;yes&quot;,&quot;ajax_type&quot;:&quot;endpoint&quot;,&quot;ajax_action&quot;:&quot;eventon_get_tax_card_content&quot;,&quot;end&quot;:&quot;client&quot;,&quot;d&quot;:{&quot;eventid&quot;:19327,&quot;ri&quot;:0,&quot;term_id&quot;:664,&quot;tax&quot;:&quot;event_organizer&quot;,&quot;load_lbcontent&quot;:true}}\" >Learn More<i class='fa fa-chevron-right'><\/i><\/a><\/p><\/div><!-- evo_card_organizer--><\/div><\/div>\t<\/div><\/div><\/div><!-- row close --><div class='evocard_row bx2 bx'><div id='event_learnmore' class='evocard_box learnmore' data-c='' \n\t\t\t\t\tstyle=''><div class='evo_metarow_learnM evo_metarow_learnmore evorow'>\n\t\t\t\t\t\t\t<a class='evcal_evdata_row evo_clik_row ' href='https:\/\/radio.kmcongress.com\/fr' target=\"_blank\">\n\t\t\t\t\t\t\t\t<span class='evcal_evdata_icons'><i class='fa fa-link'><\/i><\/span>\n\t\t\t\t\t\t\t\t<h3 class='evo_h3'>Mehr Infos \/ Anmeldung<\/h3>\n\t\t\t\t\t\t\t<\/a>\n\t\t\t\t\t\t\t<\/div><\/div><div id='event_addtocal' class='evocard_box addtocal' data-c='' \n\t\t\t\t\tstyle=''><div class='evo_metarow_ICS evorow evcal_evdata_row'>\n\t\t\t<span class='evcal_evdata_icons'><i class='fa fa-calendar-o'><\/i><\/span>\n\t\t\t<div class='evcal_evdata_cell'>\n\t\t\t\t<p><a href='https:\/\/sgr-ssr.ch\/fr\/export-events\/19327_0\/?key=cd75fe199f' rel='nofollow' class='evo_ics_nCal' title='Add to your calendar'>Calendar<\/a><a href='https:\/\/www.google.com\/calendar\/event?action=TEMPLATE&text=XXXIIIe%20Symposium%20Franco-Hongrois%20de%20Radiologie&dates=20260414T220000Z\/20260417T215959Z&ctz=Europe%2FVienna&details=XXXIIIe%20Symposium%20Franco-Hongrois%20de%20Radiologie&location=Hotel%20Mercure%20Budapest%20Castle%20Hill%20Krisztina%20krt.%2041-43.%20Budapest%2C%201e%20arr.' target='_blank' rel='nofollow' class='evo_ics_gCal' title='Add to google calendar'>GoogleCal<\/a><\/p>\t\n\t\t\t<\/div>\n\t\t<\/div><\/div><\/div><!-- row close --><div class='evocard_row'><div id='event_getdirection' class='evocard_box getdirection' data-c='' \n\t\t\t\t\tstyle=''><div class='evo_metarow_getDr evorow evcal_evdata_row evcal_evrow_sm getdirections'>\n\t\t<form action='https:\/\/maps.google.com\/maps' method='get' target='_blank'>\n\t\t\t<input type='hidden' name='daddr' value=\"Krisztina krt. 41-43. Budapest, 1e arr.\"\/> \n\t\t\t<div class='evo_get_direction_content evo_fx_dr_r evogap10'>\n\t\t\t\t<span class='evogetdir_header evodfx evofxdrr evofxaic evogap10'>\n\t\t\t\t\t<i class='mainicon fa fa-road evofz24i'><\/i> \n\t\t\t\t\t<h3 class='evo_h3 evopad0i' style='padding-bottom:5px;'>Get Directions<\/h3>\n\t\t\t\t<\/span>\n\t\t\t\t<span class='evogetdir_field evodfx evofx_1_1 evow100p'>\t\n\t\t\t\t\t<label for='69f31a600c4ce' class='evo_aria_ready sr-only'>Address - XXXIIIe Symposium Franco-Hongrois de Radiologie []<\/label>\t\t\t\t\n\t\t\t\t\t<input id='69f31a600c4ce' class='evo_aria_ready_match evoInput2 evobr10 evow100p evopad10 evoff_2 evofz14i evobrdB1 evoboxbb' type='text' name='saddr' placeholder='Ihre Adresse' value='' style='' aria-label='Address - XXXIIIe Symposium Franco-Hongrois de Radiologie []' \/>\n\t\t\t\t<\/span>\n\t\t\t\t<div class='evodfx evofxdrr evofxaic evogap10'>\n\t\t\t\t\t<i class='fa fa-location-dot'><\/i>\n\t\t\t\t\t<div class='evoposr evofx_1 evoh100p'><label for='69f31a600c4ce' class='evo_aria_ready sr-only'>Destination Address - XXXIIIe Symposium Franco-Hongrois de Radiologie []<\/label>\t\t\n\t\t\t\t\t\t<input id='69f31a600c4ce' class='evo_aria_ready_match evoInput2 evobr10 evow100p evopad5-10 evoff_2 evofz14i evobrdB1 evoop5 evoboxbb evoh100p' type='text' style='' readonly value='Krisztina krt. 41-43. Budapest, 1e arr.' aria-label='Destination Address - XXXIIIe Symposium Franco-Hongrois de Radiologie []'\/><button class='evo_copy_address evobuttonA evocurp evohoop7 evoposa evopad5' style='right: 3px; top: 4px; background-color: #fff;' data-txt='Krisztina krt. 41-43. Budapest, 1e arr.' data-t='Address copied to clipboard!'><i class='far fa-copy evofz16i' title='Copy Destination Address!'><\/i><\/button>\n\t\t\t\t\t<\/div>\n\t\t\t\t\t<button type='submit' class='evo_get_direction_button evcal_btn dfx evofxaic evocurp evohoop7' title='Hier klicken f\u00fcr Wegbeschreibung' style='    padding: 10px 15px !important;'><i class='fa fa-chevron-right'><\/i> <\/button>\n\t\t\t\t<\/div>\n\t\t\t<\/div>\n\t\t<\/form>\n\t<\/div><\/div><\/div><!-- row close --><button class='evo_card_row_end evcal_close' title='Close'><\/button><\/div><div class='clear end'><\/div><\/div><div id=\"event_19571_0\" class=\"eventon_list_event evo_eventtop scheduled past_event event clrW event_19571_0\" data-event_id=\"19571\" data-ri=\"0r\" data-time=\"1776348000-1776353400\" data-colr=\"#4bb5d8\" itemscope itemtype='http:\/\/schema.org\/Event'><div class=\"evo_event_schema\" style=\"display:none\" ><a itemprop='url'  href='https:\/\/sgr-ssr.ch\/fr\/events\/herzkreislaufstillstand-was-kann-dahinter-stecken\/'><\/a><meta itemprop='image'  \/><meta itemprop='startDate' content=\"2026-4-16T16:00+0:00\" \/><meta itemprop='endDate' content=\"2026-4-16T17:30+0:00\" \/><meta itemprop='eventStatus' content=\"https:\/\/schema.org\/EventScheduled\" \/><meta itemprop='eventAttendanceMode'   itemscope itemtype=\"https:\/\/schema.org\/OfflineEventAttendanceMode\"\/><div itemprop=\"organizer\" itemscope=\"\" itemtype=\"http:\/\/schema.org\/Organization\"><meta itemprop=\"name\" content=\"UKBB - Universit\u00e4ts-Kinderspital beider Basel\">\n\t\t\t\t    \t<\/div><div itemprop=\"performer\" itemscope=\"\" itemtype=\"http:\/\/schema.org\/Person\"><meta itemprop=\"name\" content=\"UKBB - Universit\u00e4ts-Kinderspital beider Basel\"><\/div><script type=\"application\/ld+json\">{\"@context\": \"http:\/\/schema.org\",\"@type\": \"Event\",\n\t\t\t\t\"@id\": \"event_19571_0\",\n\t\t\t\t\"eventAttendanceMode\":\"https:\/\/schema.org\/OfflineEventAttendanceMode\",\n\t\t\t\t\"eventStatus\":\"https:\/\/schema.org\/EventScheduled\",\n\t\t\t\t\"name\": \"Herzkreislaufstillstand \u2013 was kann dahinter stecken\",\n\t\t\t\t\"url\": \"https:\/\/sgr-ssr.ch\/fr\/events\/herzkreislaufstillstand-was-kann-dahinter-stecken\/\",\n\t\t\t\t\"startDate\": \"2026-4-16T16:00+0:00\",\n\t\t\t\t\"endDate\": \"2026-4-16T17:30+0:00\",\n\t\t\t\t\"image\":\"\", \n\t\t\t\t\"description\":\"<p>Die p\u00e4diatrische Neuroradiologie bildet einen wichtigen und komplexen Teil der p\u00e4diatrischen Radiologie und der Neuroradiologie. Erfahrungsgem\u00e4\u00df gibt es in jedem Zentrum meist ein bis zwei (Neuro-\/p\u00e4diatrische) Radiologen\/Radiologinnen, die sich schwerpunktm\u00e4\u00dfig mit diesem Gebiet befassen, sodass der kollegiale Austausch begrenzt ist und in kleineren Zentren m\u00f6glicherweise auch gar nicht m\u00f6glich ist.<\/p> <p>Da jeden von uns jedoch immer wieder interessante und herausfordernde F\u00e4lle erreichen, ist ein kollegialer Austausch nicht nur zur Falldiskussion im Rahmen der Diagnosefindung von Interesse, sondern auch zur Fort- und Weiterbildung anzustreben.<\/p> <p>&nbsp;<\/p> <p><strong>Wir freuen uns daher, Sie zur interaktiven Falldiskussion auf ZOOM begr\u00fc\u00dfen zu d\u00fcrfen.<\/strong><\/p> <p><strong>Das Programm am 16.04.2026 (\u00c4nderungen vorbehalten):<\/strong><\/p> <p><strong>\u00a0<\/strong><\/p> <p><strong>Herzkreislaufstillstand \u2013 was kann dahinter stecken<\/strong><\/p> <p><strong>Gabriele Hahn<\/strong><\/p> <p>Universit\u00e4ts-Kinderspital beider Basel, P\u00e4diatrische Radiologie<\/p> <p>&nbsp;<\/p> <p><strong>Familienstreit und schwere Konsequenzen<\/strong><\/p> <p><strong>Bettina Berberich<\/strong><\/p> <p>Universit\u00e4ts-Kinderspital beider Basel, P\u00e4diatrische Radiologie<\/p> <p>&nbsp;<\/p> <p><strong>Kongenitaler Hydrozephalus mit ungew\u00f6hnlicher Ursache<\/strong><\/p> <p>Stephanie Spieth<\/p> <p>Bereich Kinderradiologie, Institut und Poliklinik f\u00fcr Diagnostische und Interventionelle Radiologie, Universit\u00e4tsklinikum Carl Gustav Carus an der Technischen Universit\u00e4t Dresden<\/p> <p><a href='mailto:Gabriele.Hahn@ukbb.ch' target='_blank' rel='noopener noreferrer'>Kontakt<\/a><\/p> <p><a href='https:\/\/us02web.zoom.us\/meeting\/register\/k_2TI8D6Q6Kk6T3JqlWXHA' target='_blank' rel='noopener noreferrer'>Anmeldung<\/a><\/p> \",\"organizer\":[{\"@type\":\"Organization\",\"name\":\"UKBB - Universit\u00e4ts-Kinderspital beider Basel\"}]}<\/script><\/div>\r\n\t\t\t\t<p class=\"desc_trig_outter\" style=\"\"><a data-gmap_status=\"null\" data-exlk=\"0\" style=\"background-color: #4bb5d8;\" id=\"evc_177634800019571\" href=\"#\" class=\"desc_trig sin_val evcal_list_a\" data-ux_val=\"1\" data-ux_val_mob=\"-\"  ><span class='evoet_c2 evoet_cx '><span class='evoet_dayblock evcal_cblock ' data-bgcolor='#4bb5d8' data-smon='April' data-syr='2026' data-bub=''><span class='evo_start  evofxdrc'><em class='day'>Do<\/em><em class='date'>16<\/em><em class='month'>Apr<\/em><em class='time'>16 h 00 min<\/em><\/span><span class='evo_end only_time evofxdrc'><em class='time'>17 h 30 min<\/em><\/span><\/span><\/span><span class='evoet_c3 evoet_cx evcal_desc hide_eventtopdata '><span class='evoet_title evcal_desc2 evcal_event_title ' itemprop='name'>Herzkreislaufstillstand \u2013 was kann dahinter stecken<\/span><\/span><span class='evoet_data' data-d=\"{&quot;loc.n&quot;:&quot;&quot;,&quot;orgs&quot;:{&quot;675&quot;:&quot;UKBB - Universit\\u00e4ts-Kinderspital beider Basel&quot;},&quot;tags&quot;:[]}\" data-bgc=\"#4bb5d8\" data-bggrad=\"\" ><\/span><\/a><\/p><div class='event_description evcal_eventcard ' style=\"display:none\"><div class='evocard_row'><div id='event_eventdetails' class='evocard_box eventdetails' data-c='' \n\t\t\t\t\tstyle=''><div class=\"evo_metarow_details evorow evcal_evdata_row evcal_event_details\">\n    <div class=\"event_excerpt\" style=\"display:none\"><h3 class=\"padb5 evo_h3\">Veranstaltungsdetails<\/h3><p>Die p\u00e4diatrische Neuroradiologie bildet einen wichtigen und komplexen Teil der p\u00e4diatrischen Radiologie und der Neuroradiologie. Erfahrungsgem\u00e4\u00df gibt es in jedem Zentrum meist ein bis zwei (Neuro-\/p\u00e4diatrische) Radiologen\/Radiologinnen, die sich schwerpunktm\u00e4\u00dfig<\/p><\/div><span class='evcal_evdata_icons'><i class='fa fa-align-justify'><\/i><\/span>    <div class=\"evcal_evdata_cell shorter_desc\">\n        <div class=\"eventon_full_description\">\n            <h3 class=\"padb5 evo_h3\"><span class='evcal_evdata_icons'><i class='fa fa-align-justify'><\/i><\/span>Veranstaltungsdetails<\/h3>\n            <div class=\"eventon_desc_in\" itemprop=\"description\">\n                <p>Die p\u00e4diatrische Neuroradiologie bildet einen wichtigen und komplexen Teil der p\u00e4diatrischen Radiologie und der Neuroradiologie. Erfahrungsgem\u00e4\u00df gibt es in jedem Zentrum meist ein bis zwei (Neuro-\/p\u00e4diatrische) Radiologen\/Radiologinnen, die sich schwerpunktm\u00e4\u00dfig mit diesem Gebiet befassen, sodass der kollegiale Austausch begrenzt ist und in kleineren Zentren m\u00f6glicherweise auch gar nicht m\u00f6glich ist.<\/p>\n<p>Da jeden von uns jedoch immer wieder interessante und herausfordernde F\u00e4lle erreichen, ist ein kollegialer Austausch nicht nur zur Falldiskussion im Rahmen der Diagnosefindung von Interesse, sondern auch zur Fort- und Weiterbildung anzustreben.<\/p>\n<p>&nbsp;<\/p>\n<p><strong>Wir freuen uns daher, Sie zur interaktiven Falldiskussion auf ZOOM begr\u00fc\u00dfen zu d\u00fcrfen.<\/strong><\/p>\n<p><strong>Das Programm am 16.04.2026 (\u00c4nderungen vorbehalten):<\/strong><\/p>\n<p><strong>\u00a0<\/strong><\/p>\n<p><strong>Herzkreislaufstillstand \u2013 was kann dahinter stecken<\/strong><\/p>\n<p><strong>Gabriele Hahn<\/strong><\/p>\n<p>Universit\u00e4ts-Kinderspital beider Basel, P\u00e4diatrische Radiologie<\/p>\n<p>&nbsp;<\/p>\n<p><strong>Familienstreit und schwere Konsequenzen<\/strong><\/p>\n<p><strong>Bettina Berberich<\/strong><\/p>\n<p>Universit\u00e4ts-Kinderspital beider Basel, P\u00e4diatrische Radiologie<\/p>\n<p>&nbsp;<\/p>\n<p><strong>Kongenitaler Hydrozephalus mit ungew\u00f6hnlicher Ursache<\/strong><\/p>\n<p>Stephanie Spieth<\/p>\n<p>Bereich Kinderradiologie, Institut und Poliklinik f\u00fcr Diagnostische und Interventionelle Radiologie, Universit\u00e4tsklinikum Carl Gustav Carus an der Technischen Universit\u00e4t Dresden<\/p>\n<p><a href=\"mailto:Gabriele.Hahn@ukbb.ch\" target=\"_blank\" rel=\"noopener noreferrer\">Kontakt<\/a><\/p>\n<p><a href=\"https:\/\/us02web.zoom.us\/meeting\/register\/k_2TI8D6Q6Kk6T3JqlWXHA\" target=\"_blank\" rel=\"noopener noreferrer\">Anmeldung<\/a><\/p>\n            <\/div>\n            <p class='eventon_shad_p' style='padding:5px 0 0; margin:0'><button class='evcal_btn evo_btn_secondary evobtn_details_show_more' content='less'><span class='ev_more_text' data-txt='weniger'>mehr<\/span><span class='ev_more_arrow ard'><\/span><\/button><\/p><div class='clear'><\/div>        <\/div>\n    <\/div>\n<\/div><\/div><\/div><!-- row close --><div class='evocard_row'><div id='event_time' class='evocard_box time' data-c='' \n\t\t\t\t\tstyle=''><div class='evo_metarow_time evorow evcal_evdata_row evcal_evrow_sm '>\n\t\t<span class='evcal_evdata_icons'><i class='fa fa-clock-o'><\/i><\/span>\n\t\t<div class='evcal_evdata_cell'>\t\t\t\t\t\t\t\n\t\t\t<h3 class='evo_h3'><span class='evcal_evdata_icons'><i class='fa fa-clock-o'><\/i><\/span>Zeit<\/h3><div><span class='evo_eventcard_time_t evogap5 evofxww'><span class=\"start\">16 April 2026<\/span> <span class=\"stime\">16 h 00 min<\/span> - <span class=\"etime\">17 h 30 min<\/span><\/span><span class='evo_tz marr5'>(GMT+02:00)<\/span><\/div>\n\t\t<\/div>\n\t<\/div><\/div><\/div><!-- row close --><div class='evocard_row'><div id='event_organizer' class='evocard_box organizer' data-c='' \n\t\t\t\t\tstyle=''><div class='evo_metarow_organizer evorow evcal_evdata_row evcal_evrow_sm '>\n\t\t<span class='evcal_evdata_icons'><i class='fa fa-headphones'><\/i><\/span>\n\t\t<div class='evcal_evdata_cell'>\t\t\t\t\t\t\t\n\t\t\t<h3 class='evo_h3'>Veranstalter<\/h3><div class='evo_evdata_cell_content evodfx evofx_ww evofx_dr_r evogap15'><div class='evo_card_organizer evofx_1'><h4 class='evo_org_name evo_h4 marb5 evottui evocl1i evopadb10i'><span class='evo_card_organizer_name_t marb5'><a  href='https:\/\/sgr-ssr.ch\/fr\/event-organizer\/ukbb-universitaets-kinderspital-beider-basel\/' class='evocl1i'>UKBB - Universit\u00e4ts-Kinderspital beider Basel<\/a><\/span><\/h4><p class='evo_card_organizer_more evomart10i'><a class='evolb_trigger evo_btn_arr mart10' data-lbvals=\"{&quot;lbc&quot;:&quot;evo_organizer_lb&quot;,&quot;lbac&quot;:&quot;lb_max&quot;,&quot;preload_temp_key&quot;:&quot;preload_taxlb&quot;,&quot;t&quot;:&quot;UKBB - Universit\\u00e4ts-Kinderspital beider Basel&quot;,&quot;ajax&quot;:&quot;yes&quot;,&quot;ajax_type&quot;:&quot;endpoint&quot;,&quot;ajax_action&quot;:&quot;eventon_get_tax_card_content&quot;,&quot;end&quot;:&quot;client&quot;,&quot;d&quot;:{&quot;eventid&quot;:19571,&quot;ri&quot;:0,&quot;term_id&quot;:675,&quot;tax&quot;:&quot;event_organizer&quot;,&quot;load_lbcontent&quot;:true}}\" >Learn More<i class='fa fa-chevron-right'><\/i><\/a><\/p><\/div><!-- evo_card_organizer--><\/div><\/div>\t<\/div><\/div><\/div><!-- row close --><div class='evocard_row bx2 bx'><div id='event_learnmore' class='evocard_box learnmore' data-c='' \n\t\t\t\t\tstyle=''><div class='evo_metarow_learnM evo_metarow_learnmore evorow'>\n\t\t\t\t\t\t\t<a class='evcal_evdata_row evo_clik_row ' href='https:\/\/us02web.zoom.us\/meeting\/register\/k_2TI8D6Q6Kk6T3JqlWXHA' target=\"_blank\">\n\t\t\t\t\t\t\t\t<span class='evcal_evdata_icons'><i class='fa fa-link'><\/i><\/span>\n\t\t\t\t\t\t\t\t<h3 class='evo_h3'>Mehr Infos \/ Anmeldung<\/h3>\n\t\t\t\t\t\t\t<\/a>\n\t\t\t\t\t\t\t<\/div><\/div><div id='event_addtocal' class='evocard_box addtocal' data-c='' \n\t\t\t\t\tstyle=''><div class='evo_metarow_ICS evorow evcal_evdata_row'>\n\t\t\t<span class='evcal_evdata_icons'><i class='fa fa-calendar-o'><\/i><\/span>\n\t\t\t<div class='evcal_evdata_cell'>\n\t\t\t\t<p><a href='https:\/\/sgr-ssr.ch\/fr\/export-events\/19571_0\/?key=cd75fe199f' rel='nofollow' class='evo_ics_nCal' title='Add to your calendar'>Calendar<\/a><a href='https:\/\/www.google.com\/calendar\/event?action=TEMPLATE&text=Herzkreislaufstillstand%20%E2%80%93%20was%20kann%20dahinter%20stecken&dates=20260416T140000Z\/20260416T153000Z&ctz=Europe%2FVienna&details=Herzkreislaufstillstand%20%E2%80%93%20was%20kann%20dahinter%20stecken&location=' target='_blank' rel='nofollow' class='evo_ics_gCal' title='Add to google calendar'>GoogleCal<\/a><\/p>\t\n\t\t\t<\/div>\n\t\t<\/div><\/div><\/div><!-- row close --><button class='evo_card_row_end evcal_close' title='Close'><\/button><\/div><div class='clear end'><\/div><\/div><div id=\"event_19216_0\" class=\"eventon_list_event evo_eventtop scheduled past_event event clrW event_19216_0\" data-event_id=\"19216\" data-ri=\"0r\" data-time=\"1776808800-1776895199\" data-colr=\"#4bb5d8\" itemscope itemtype='http:\/\/schema.org\/Event'><div class=\"evo_event_schema\" style=\"display:none\" ><a itemprop='url'  href='https:\/\/sgr-ssr.ch\/fr\/events\/mammography-symposium-with-laszlo-tabar-spring-edition-2026-free\/'><\/a><meta itemprop='image'  \/><meta itemprop='startDate' content=\"2026-4-22\" \/><meta itemprop='endDate' content=\"2026-4-22\" \/><meta itemprop='eventStatus' content=\"https:\/\/schema.org\/EventScheduled\" \/><meta itemprop='eventAttendanceMode'   itemscope itemtype=\"https:\/\/schema.org\/OnlineEventAttendanceMode\"\/><div itemprop=\"organizer\" itemscope=\"\" itemtype=\"http:\/\/schema.org\/Organization\"><meta itemprop=\"name\" content=\"Pascal Baltzer und Matthias Dietzel\">\n\t\t\t\t    \t<\/div><div itemprop=\"performer\" itemscope=\"\" itemtype=\"http:\/\/schema.org\/Person\"><meta itemprop=\"name\" content=\"Pascal Baltzer und Matthias Dietzel\"><\/div><script type=\"application\/ld+json\">{\"@context\": \"http:\/\/schema.org\",\"@type\": \"Event\",\n\t\t\t\t\"@id\": \"event_19216_0\",\n\t\t\t\t\"eventAttendanceMode\":\"https:\/\/schema.org\/OnlineEventAttendanceMode\",\n\t\t\t\t\"eventStatus\":\"https:\/\/schema.org\/EventScheduled\",\n\t\t\t\t\"name\": \"Mammography Symposium with L\u00e1szl\u00f3 Tab\u00e1r: Spring Edition 2026 (free)\",\n\t\t\t\t\"url\": \"https:\/\/sgr-ssr.ch\/fr\/events\/mammography-symposium-with-laszlo-tabar-spring-edition-2026-free\/\",\n\t\t\t\t\"startDate\": \"2026-4-22\",\n\t\t\t\t\"endDate\": \"2026-4-22\",\n\t\t\t\t\"image\":\"\", \n\t\t\t\t\"description\":\"<p>Dear colleagues, Dear friends,<\/p> <p>We are pleased to invite you to the Spring Edition of our Mammography Symposium series on 22 April 2026.<br \/> In 2026, we celebrate five years of the \u201cSchool of Radiology meets L\u00e1szl\u00f3 Tab\u00e1r\u201d series. During this time, the series has brought together more than 2,000 participants from over 80 countries. It reflects true teamwork, professional friendship, and a shared commitment to global breast imaging education.Our programme focuses on small but potentially aggressive breast cancers and the challenge of detecting them at an early stage.<br \/> Further details and registration information are available on this page. Participation is, as always, free of charge.<\/p> <p>We look forward to welcoming you.<\/p> <p>Yours,<br \/> Pascal Baltzer and Matthias Dietzel<\/p> <p><a href='mailto:office@school-of-radiology.com'>Kontakt<\/a><\/p> <p><a href='https:\/\/school-of-radiology.com\/courses\/mammography-symposium-with-laszlo-tabar-spring-edition-2026\/' target='_blank' rel='noopener noreferrer'>Anmeldung<\/a><\/p> \",\"organizer\":[{\"@type\":\"Organization\",\"name\":\"Pascal Baltzer und Matthias Dietzel\"}]}<\/script><\/div>\r\n\t\t\t\t<p class=\"desc_trig_outter\" style=\"\"><a data-gmap_status=\"null\" data-exlk=\"0\" style=\"background-color: #4bb5d8;\" id=\"evc_177680880019216\" href=\"#\" class=\"desc_trig sin_val evcal_list_a allday\" data-ux_val=\"1\" data-ux_val_mob=\"-\"  ><span class='evoet_c2 evoet_cx '><span class='evoet_dayblock evcal_cblock ' data-bgcolor='#4bb5d8' data-smon='April' data-syr='2026' data-bub=''><span class='evo_start  evofxdrc'><em class='day'>Mi<\/em><em class='date'>22<\/em><em class='month'>Apr<\/em><em class='time'>ganztags<\/em><\/span><\/span><\/span><span class='evoet_c3 evoet_cx evcal_desc hide_eventtopdata '><span class='evoet_title evcal_desc2 evcal_event_title ' itemprop='name'>Mammography Symposium with L\u00e1szl\u00f3 Tab\u00e1r: Spring Edition 2026 (free)<\/span><\/span><span class='evoet_data' data-d=\"{&quot;loc.n&quot;:&quot;&quot;,&quot;orgs&quot;:{&quot;301&quot;:&quot;Pascal Baltzer und Matthias Dietzel&quot;},&quot;tags&quot;:{&quot;vir&quot;:&quot;Virtual Event&quot;}}\" data-bgc=\"#4bb5d8\" data-bggrad=\"\" ><\/span><\/a><\/p><div class='event_description evcal_eventcard ' style=\"display:none\"><div class='evocard_row'><div id='event_eventdetails' class='evocard_box eventdetails' data-c='' \n\t\t\t\t\tstyle=''><div class=\"evo_metarow_details evorow evcal_evdata_row evcal_event_details\">\n    <div class=\"event_excerpt\" style=\"display:none\"><h3 class=\"padb5 evo_h3\">Veranstaltungsdetails<\/h3><p>Dear colleagues, Dear friends,\nWe are pleased to invite you to the Spring Edition of our Mammography Symposium series on 22 April 2026.\nIn 2026, we celebrate five years of the<\/p><\/div><span class='evcal_evdata_icons'><i class='fa fa-align-justify'><\/i><\/span>    <div class=\"evcal_evdata_cell shorter_desc\">\n        <div class=\"eventon_full_description\">\n            <h3 class=\"padb5 evo_h3\"><span class='evcal_evdata_icons'><i class='fa fa-align-justify'><\/i><\/span>Veranstaltungsdetails<\/h3>\n            <div class=\"eventon_desc_in\" itemprop=\"description\">\n                <p>Dear colleagues, Dear friends,<\/p>\n<p>We are pleased to invite you to the Spring Edition of our Mammography Symposium series on 22 April 2026.<br \/>\nIn 2026, we celebrate five years of the \u201cSchool of Radiology meets L\u00e1szl\u00f3 Tab\u00e1r\u201d series. During this time, the series has brought together more than 2,000 participants from over 80 countries. It reflects true teamwork, professional friendship, and a shared commitment to global breast imaging education.Our programme focuses on small but potentially aggressive breast cancers and the challenge of detecting them at an early stage.<br \/>\nFurther details and registration information are available on this page. Participation is, as always, free of charge.<\/p>\n<p>We look forward to welcoming you.<\/p>\n<p>Yours,<br \/>\nPascal Baltzer and Matthias Dietzel<\/p>\n<p><a href=\"mailto:office@school-of-radiology.com\">Kontakt<\/a><\/p>\n<p><a href=\"https:\/\/school-of-radiology.com\/courses\/mammography-symposium-with-laszlo-tabar-spring-edition-2026\/\" target=\"_blank\" rel=\"noopener noreferrer\">Anmeldung<\/a><\/p>\n            <\/div>\n            <p class='eventon_shad_p' style='padding:5px 0 0; margin:0'><button class='evcal_btn evo_btn_secondary evobtn_details_show_more' content='less'><span class='ev_more_text' data-txt='weniger'>mehr<\/span><span class='ev_more_arrow ard'><\/span><\/button><\/p><div class='clear'><\/div>        <\/div>\n    <\/div>\n<\/div><\/div><\/div><!-- row close --><div class='evocard_row'><div id='event_time' class='evocard_box time' data-c='' \n\t\t\t\t\tstyle=''><div class='evo_metarow_time evorow evcal_evdata_row evcal_evrow_sm '>\n\t\t<span class='evcal_evdata_icons'><i class='fa fa-clock-o'><\/i><\/span>\n\t\t<div class='evcal_evdata_cell'>\t\t\t\t\t\t\t\n\t\t\t<h3 class='evo_h3'><span class='evcal_evdata_icons'><i class='fa fa-clock-o'><\/i><\/span>Zeit<\/h3><div><span class='evo_eventcard_time_t evogap5 evofxww'><span class=\"start\">22 April 2026<\/span> ganztags<\/span><span class='evo_tz marr5'>(GMT+02:00)<\/span><\/div>\n\t\t<\/div>\n\t<\/div><\/div><\/div><!-- row close --><div class='evocard_row'><div id='event_organizer' class='evocard_box organizer' data-c='' \n\t\t\t\t\tstyle=''><div class='evo_metarow_organizer evorow evcal_evdata_row evcal_evrow_sm '>\n\t\t<span class='evcal_evdata_icons'><i class='fa fa-headphones'><\/i><\/span>\n\t\t<div class='evcal_evdata_cell'>\t\t\t\t\t\t\t\n\t\t\t<h3 class='evo_h3'>Veranstalter<\/h3><div class='evo_evdata_cell_content evodfx evofx_ww evofx_dr_r evogap15'><div class='evo_card_organizer evofx_1'><h4 class='evo_org_name evo_h4 marb5 evottui evocl1i evopadb10i'><span class='evo_card_organizer_name_t marb5'><a  href='https:\/\/sgr-ssr.ch\/fr\/event-organizer\/pascal-baltzer-und-matthias-dietzel\/' class='evocl1i'>Pascal Baltzer und Matthias Dietzel<\/a><\/span><\/h4><p class='evo_card_organizer_more evomart10i'><a class='evolb_trigger evo_btn_arr mart10' data-lbvals=\"{&quot;lbc&quot;:&quot;evo_organizer_lb&quot;,&quot;lbac&quot;:&quot;lb_max&quot;,&quot;preload_temp_key&quot;:&quot;preload_taxlb&quot;,&quot;t&quot;:&quot;Pascal Baltzer und Matthias Dietzel&quot;,&quot;ajax&quot;:&quot;yes&quot;,&quot;ajax_type&quot;:&quot;endpoint&quot;,&quot;ajax_action&quot;:&quot;eventon_get_tax_card_content&quot;,&quot;end&quot;:&quot;client&quot;,&quot;d&quot;:{&quot;eventid&quot;:19216,&quot;ri&quot;:0,&quot;term_id&quot;:301,&quot;tax&quot;:&quot;event_organizer&quot;,&quot;load_lbcontent&quot;:true}}\" >Learn More<i class='fa fa-chevron-right'><\/i><\/a><\/p><\/div><!-- evo_card_organizer--><\/div><\/div>\t<\/div><\/div><\/div><!-- row close --><div class='evocard_row bx2 bx'><div id='event_learnmore' class='evocard_box learnmore' data-c='' \n\t\t\t\t\tstyle=''><div class='evo_metarow_learnM evo_metarow_learnmore evorow'>\n\t\t\t\t\t\t\t<a class='evcal_evdata_row evo_clik_row ' href='https:\/\/school-of-radiology.com\/courses\/mammography-symposium-with-laszlo-tabar-spring-edition-2026\/' target=\"_blank\">\n\t\t\t\t\t\t\t\t<span class='evcal_evdata_icons'><i class='fa fa-link'><\/i><\/span>\n\t\t\t\t\t\t\t\t<h3 class='evo_h3'>Mehr Infos \/ Anmeldung<\/h3>\n\t\t\t\t\t\t\t<\/a>\n\t\t\t\t\t\t\t<\/div><\/div><div id='event_addtocal' class='evocard_box addtocal' data-c='' \n\t\t\t\t\tstyle=''><div class='evo_metarow_ICS evorow evcal_evdata_row'>\n\t\t\t<span class='evcal_evdata_icons'><i class='fa fa-calendar-o'><\/i><\/span>\n\t\t\t<div class='evcal_evdata_cell'>\n\t\t\t\t<p><a href='https:\/\/sgr-ssr.ch\/fr\/export-events\/19216_0\/?key=cd75fe199f' rel='nofollow' class='evo_ics_nCal' title='Add to your calendar'>Calendar<\/a><a href='https:\/\/www.google.com\/calendar\/event?action=TEMPLATE&text=Mammography%20Symposium%20with%20L%C3%A1szl%C3%B3%20Tab%C3%A1r%3A%20Spring%20Edition%202026%20%28free%29&dates=20260421T220000Z\/20260422T215959Z&ctz=Europe%2FVienna&details=Mammography%20Symposium%20with%20L%C3%A1szl%C3%B3%20Tab%C3%A1r%3A%20Spring%20Edition%202026%20%28free%29&location=' target='_blank' rel='nofollow' class='evo_ics_gCal' title='Add to google calendar'>GoogleCal<\/a><\/p>\t\n\t\t\t<\/div>\n\t\t<\/div><\/div><\/div><!-- row close --><button class='evo_card_row_end evcal_close' title='Close'><\/button><\/div><div class='clear end'><\/div><\/div><div id=\"event_19082_0\" class=\"eventon_list_event evo_eventtop scheduled past_event event clrW event_19082_0\" data-event_id=\"19082\" data-ri=\"0r\" data-time=\"1776895200-1777067999\" data-colr=\"#4bb5d8\" itemscope itemtype='http:\/\/schema.org\/Event'><div class=\"evo_event_schema\" style=\"display:none\" ><a itemprop='url'  href='https:\/\/sgr-ssr.ch\/fr\/events\/esgar-liver-imaging-workshop-2\/'><\/a><meta itemprop='image'  \/><meta itemprop='startDate' content=\"2026-4-23\" \/><meta itemprop='endDate' content=\"2026-4-24\" \/><meta itemprop='eventStatus' content=\"https:\/\/schema.org\/EventScheduled\" \/><meta itemprop='eventAttendanceMode'   itemscope itemtype=\"https:\/\/schema.org\/OfflineEventAttendanceMode\"\/><div style=\"display:none\" itemprop=\"location\" itemscope itemtype=\"http:\/\/schema.org\/Place\"><span itemprop=\"name\">Porto Palace Thessaloniki<\/span><span itemprop=\"address\" itemscope itemtype=\"http:\/\/schema.org\/PostalAddress\"><item itemprop=\"streetAddress\">26th Octovriou Avenue, 54628 Thessaloniki<\/item><\/span><\/div><div itemprop=\"organizer\" itemscope=\"\" itemtype=\"http:\/\/schema.org\/Organization\"><meta itemprop=\"name\" content=\"ESGAR\">\n\t\t\t\t    \t<\/div><div itemprop=\"performer\" itemscope=\"\" itemtype=\"http:\/\/schema.org\/Person\"><meta itemprop=\"name\" content=\"ESGAR\"><\/div><script type=\"application\/ld+json\">{\"@context\": \"http:\/\/schema.org\",\"@type\": \"Event\",\n\t\t\t\t\"@id\": \"event_19082_0\",\n\t\t\t\t\"eventAttendanceMode\":\"https:\/\/schema.org\/OfflineEventAttendanceMode\",\n\t\t\t\t\"eventStatus\":\"https:\/\/schema.org\/EventScheduled\",\n\t\t\t\t\"name\": \"ESGAR Liver Imaging Workshop\",\n\t\t\t\t\"url\": \"https:\/\/sgr-ssr.ch\/fr\/events\/esgar-liver-imaging-workshop-2\/\",\n\t\t\t\t\"startDate\": \"2026-4-23\",\n\t\t\t\t\"endDate\": \"2026-4-24\",\n\t\t\t\t\"image\":\"\", \n\t\t\t\t\"description\":\"<p>The aim of the workshop is to provide a comprehensive coverage of all the main liver pathologies that will be presented by means of an integrated multimodality approach. Imaging findings will be analysed on the basis of their pathological correlations. The format of the workshop will include formal lectures that have been assigned to expert colleagues, able to thoroughly discuss each topic. Moreover, an interactive discussion on real clinical cases will be led<\/p> <p><a href='https:\/\/esgar.org\/workshops\/workshop-detail-view\/liver-imaging-workshop-1' target='_blank' rel='noopener noreferrer'>Website<\/a><br \/> <a href='mailto:office@esgar.org'>Contact<\/a><\/p> \",\"location\":[{\"@type\":\"Place\",\"name\":\"Porto Palace Thessaloniki\",\"address\":{\"@type\": \"PostalAddress\",\"streetAddress\":\"26th Octovriou Avenue, 54628 Thessaloniki\"}}],\"organizer\":[{\"@type\":\"Organization\",\"name\":\"ESGAR\"}]}<\/script><\/div>\r\n\t\t\t\t<p class=\"desc_trig_outter\" style=\"\"><a data-gmap_status=\"null\" data-exlk=\"0\" style=\"background-color: #4bb5d8;\" id=\"evc_177689520019082\" href=\"#\" class=\"desc_trig mul_val evcal_list_a allday\" data-ux_val=\"1\" data-ux_val_mob=\"-\"  ><span class='evoet_c2 evoet_cx '><span class='evoet_dayblock evcal_cblock ' data-bgcolor='#4bb5d8' data-smon='April' data-syr='2026' data-bub=''><span class='evo_start  evofxdrc'><em class='day'>Do<\/em><em class='date'>23<\/em><em class='month'>Apr<\/em><em class='time'>ganztags<\/em><\/span><span class='evo_end  evofxdrc'><em class='day'>Fr<\/em><em class='date'>24<\/em><\/span><\/span><\/span><span class='evoet_c3 evoet_cx evcal_desc hide_eventtopdata '><span class='evoet_title evcal_desc2 evcal_event_title ' itemprop='name'>ESGAR Liver Imaging Workshop<\/span><span class='event_location_attrs'  data-location_address=\"26th Octovriou Avenue, 54628 Thessaloniki\" data-location_type=\"address\" data-location_name=\"Porto Palace Thessaloniki\" data-location_url=\"https:\/\/sgr-ssr.ch\/fr\/event-location\/porto-palace-thessaloniki\/\" data-location_status=\"true\" data-locid=\"643\"><\/span><\/span><span class='evoet_data' data-d=\"{&quot;loc.n&quot;:&quot;Porto Palace Thessaloniki&quot;,&quot;orgs&quot;:{&quot;541&quot;:&quot;ESGAR&quot;},&quot;tags&quot;:[]}\" data-bgc=\"#4bb5d8\" data-bggrad=\"\" ><\/span><\/a><\/p><div class='event_description evcal_eventcard ' style=\"display:none\"><div class='evocard_row'><div id='event_eventdetails' class='evocard_box eventdetails' data-c='' \n\t\t\t\t\tstyle=''><div class=\"evo_metarow_details evorow evcal_evdata_row evcal_event_details\">\n    <div class=\"event_excerpt\" style=\"display:none\"><h3 class=\"padb5 evo_h3\">Veranstaltungsdetails<\/h3><p>The aim of the workshop is to provide a comprehensive coverage of all the main liver pathologies that will be presented by means of an integrated multimodality approach. Imaging findings<\/p><\/div><span class='evcal_evdata_icons'><i class='fa fa-align-justify'><\/i><\/span>    <div class=\"evcal_evdata_cell shorter_desc\">\n        <div class=\"eventon_full_description\">\n            <h3 class=\"padb5 evo_h3\"><span class='evcal_evdata_icons'><i class='fa fa-align-justify'><\/i><\/span>Veranstaltungsdetails<\/h3>\n            <div class=\"eventon_desc_in\" itemprop=\"description\">\n                <p>The aim of the workshop is to provide a comprehensive coverage of all the main liver pathologies that will be presented by means of an integrated multimodality approach. Imaging findings will be analysed on the basis of their pathological correlations. The format of the workshop will include formal lectures that have been assigned to expert colleagues, able to thoroughly discuss each topic. Moreover, an interactive discussion on real clinical cases will be led<\/p>\n<p><a href=\"https:\/\/esgar.org\/workshops\/workshop-detail-view\/liver-imaging-workshop-1\" target=\"_blank\" rel=\"noopener noreferrer\">Website<\/a><br \/>\n<a href=\"mailto:office@esgar.org\">Contact<\/a><\/p>\n            <\/div>\n            <p class='eventon_shad_p' style='padding:5px 0 0; margin:0'><button class='evcal_btn evo_btn_secondary evobtn_details_show_more' content='less'><span class='ev_more_text' data-txt='weniger'>mehr<\/span><span class='ev_more_arrow ard'><\/span><\/button><\/p><div class='clear'><\/div>        <\/div>\n    <\/div>\n<\/div><\/div><\/div><!-- row close --><div class='evocard_row bx2 bx'><div id='event_time' class='evocard_box time' data-c='' \n\t\t\t\t\tstyle=''><div class='evo_metarow_time evorow evcal_evdata_row evcal_evrow_sm '>\n\t\t<span class='evcal_evdata_icons'><i class='fa fa-clock-o'><\/i><\/span>\n\t\t<div class='evcal_evdata_cell'>\t\t\t\t\t\t\t\n\t\t\t<h3 class='evo_h3'><span class='evcal_evdata_icons'><i class='fa fa-clock-o'><\/i><\/span>Zeit<\/h3><div><span class='evo_eventcard_time_t evogap5 evofxww'><span class=\"start\">23 April 2026<\/span>  - <span class=\"end\">24 April 2026<\/span> (ganztags)<\/span><span class='evo_tz marr5'>(GMT+02:00)<\/span><\/div>\n\t\t<\/div>\n\t<\/div><\/div><div id='event_location' class='evocard_box location' data-c='' \n\t\t\t\t\tstyle=''><div class='evcal_evdata_row evo_metarow_time_location evorow '>\n\t\t\n\t\t\t<span class='evcal_evdata_icons'><i class='fa fa-map-marker'><\/i><\/span>\n\t\t\t<div class='evcal_evdata_cell' data-loc_tax_id='643'><h3 class='evo_h3 evodfx'><span class='evcal_evdata_icons'><i class='fa fa-map-marker'><\/i><\/span>Ort<\/h3><p class='evo_location_name'>Porto Palace Thessaloniki<\/p><p class='evo_location_address evodfxi evogap10'>26th Octovriou Avenue, 54628 Thessaloniki<\/p><div class='padt10'><span class='evo_btn_arr evolb_trigger' data-lbvals=\"{&quot;lbdata&quot;:{&quot;class&quot;:&quot;evo_location_lb_643&quot;,&quot;additional_class&quot;:&quot;lb_max&quot;,&quot;title&quot;:&quot;Porto Palace Thessaloniki&quot;},&quot;adata&quot;:{&quot;a&quot;:&quot;eventon_get_tax_card_content&quot;,&quot;end&quot;:&quot;client&quot;,&quot;data&quot;:{&quot;lang&quot;:&quot;L1&quot;,&quot;term_id&quot;:643,&quot;tax&quot;:&quot;event_location&quot;,&quot;load_lbcontent&quot;:true}},&quot;uid&quot;:&quot;eventon_get_tax_card_content&quot;}\" >Other Events<i class='fa fa-chevron-right' aria-hidden='true'><\/i><\/span><\/div><\/div>\n\t\t\n\t<\/div><\/div><\/div><!-- row close --><div class='evocard_row'><div id='event_organizer' class='evocard_box organizer' data-c='' \n\t\t\t\t\tstyle=''><div class='evo_metarow_organizer evorow evcal_evdata_row evcal_evrow_sm '>\n\t\t<span class='evcal_evdata_icons'><i class='fa fa-headphones'><\/i><\/span>\n\t\t<div class='evcal_evdata_cell'>\t\t\t\t\t\t\t\n\t\t\t<h3 class='evo_h3'>Veranstalter<\/h3><div class='evo_evdata_cell_content evodfx evofx_ww evofx_dr_r evogap15'><div class='evo_card_organizer evofx_1'><h4 class='evo_org_name evo_h4 marb5 evottui evocl1i evopadb10i'><span class='evo_card_organizer_name_t marb5'><a  href='https:\/\/sgr-ssr.ch\/fr\/event-organizer\/esgar\/' class='evocl1i'>ESGAR<\/a><\/span><\/h4><p class='evo_card_organizer_more evomart10i'><a class='evolb_trigger evo_btn_arr mart10' data-lbvals=\"{&quot;lbc&quot;:&quot;evo_organizer_lb&quot;,&quot;lbac&quot;:&quot;lb_max&quot;,&quot;preload_temp_key&quot;:&quot;preload_taxlb&quot;,&quot;t&quot;:&quot;ESGAR&quot;,&quot;ajax&quot;:&quot;yes&quot;,&quot;ajax_type&quot;:&quot;endpoint&quot;,&quot;ajax_action&quot;:&quot;eventon_get_tax_card_content&quot;,&quot;end&quot;:&quot;client&quot;,&quot;d&quot;:{&quot;eventid&quot;:19082,&quot;ri&quot;:0,&quot;term_id&quot;:541,&quot;tax&quot;:&quot;event_organizer&quot;,&quot;load_lbcontent&quot;:true}}\" >Learn More<i class='fa fa-chevron-right'><\/i><\/a><\/p><\/div><!-- evo_card_organizer--><\/div><\/div>\t<\/div><\/div><\/div><!-- row close --><div class='evocard_row bx2 bx'><div id='event_learnmore' class='evocard_box learnmore' data-c='' \n\t\t\t\t\tstyle=''><div class='evo_metarow_learnM evo_metarow_learnmore evorow'>\n\t\t\t\t\t\t\t<a class='evcal_evdata_row evo_clik_row ' href='https:\/\/esgar.org\/workshops\/workshop-detail-view\/liver-imaging-workshop-1' target=\"_blank\">\n\t\t\t\t\t\t\t\t<span class='evcal_evdata_icons'><i class='fa fa-link'><\/i><\/span>\n\t\t\t\t\t\t\t\t<h3 class='evo_h3'>Mehr Infos \/ Anmeldung<\/h3>\n\t\t\t\t\t\t\t<\/a>\n\t\t\t\t\t\t\t<\/div><\/div><div id='event_addtocal' class='evocard_box addtocal' data-c='' \n\t\t\t\t\tstyle=''><div class='evo_metarow_ICS evorow evcal_evdata_row'>\n\t\t\t<span class='evcal_evdata_icons'><i class='fa fa-calendar-o'><\/i><\/span>\n\t\t\t<div class='evcal_evdata_cell'>\n\t\t\t\t<p><a href='https:\/\/sgr-ssr.ch\/fr\/export-events\/19082_0\/?key=cd75fe199f' rel='nofollow' class='evo_ics_nCal' title='Add to your calendar'>Calendar<\/a><a href='https:\/\/www.google.com\/calendar\/event?action=TEMPLATE&text=ESGAR%20Liver%20Imaging%20Workshop&dates=20260422T220000Z\/20260424T215959Z&ctz=Europe%2FVienna&details=ESGAR%20Liver%20Imaging%20Workshop&location=Porto%20Palace%20Thessaloniki%2026th%20Octovriou%20Avenue%2C%2054628%20Thessaloniki' target='_blank' rel='nofollow' class='evo_ics_gCal' title='Add to google calendar'>GoogleCal<\/a><\/p>\t\n\t\t\t<\/div>\n\t\t<\/div><\/div><\/div><!-- row close --><div class='evocard_row'><div id='event_getdirection' class='evocard_box getdirection' data-c='' \n\t\t\t\t\tstyle=''><div class='evo_metarow_getDr evorow evcal_evdata_row evcal_evrow_sm getdirections'>\n\t\t<form action='https:\/\/maps.google.com\/maps' method='get' target='_blank'>\n\t\t\t<input type='hidden' name='daddr' value=\"26th Octovriou Avenue, 54628 Thessaloniki\"\/> \n\t\t\t<div class='evo_get_direction_content evo_fx_dr_r evogap10'>\n\t\t\t\t<span class='evogetdir_header evodfx evofxdrr evofxaic evogap10'>\n\t\t\t\t\t<i class='mainicon fa fa-road evofz24i'><\/i> \n\t\t\t\t\t<h3 class='evo_h3 evopad0i' style='padding-bottom:5px;'>Get Directions<\/h3>\n\t\t\t\t<\/span>\n\t\t\t\t<span class='evogetdir_field evodfx evofx_1_1 evow100p'>\t\n\t\t\t\t\t<label for='69f31a601310d' class='evo_aria_ready sr-only'>Address - ESGAR Liver Imaging Workshop []<\/label>\t\t\t\t\n\t\t\t\t\t<input id='69f31a601310d' class='evo_aria_ready_match evoInput2 evobr10 evow100p evopad10 evoff_2 evofz14i evobrdB1 evoboxbb' type='text' name='saddr' placeholder='Ihre Adresse' value='' style='' aria-label='Address - ESGAR Liver Imaging Workshop []' \/>\n\t\t\t\t<\/span>\n\t\t\t\t<div class='evodfx evofxdrr evofxaic evogap10'>\n\t\t\t\t\t<i class='fa fa-location-dot'><\/i>\n\t\t\t\t\t<div class='evoposr evofx_1 evoh100p'><label for='69f31a601310d' class='evo_aria_ready sr-only'>Destination Address - ESGAR Liver Imaging Workshop []<\/label>\t\t\n\t\t\t\t\t\t<input id='69f31a601310d' class='evo_aria_ready_match evoInput2 evobr10 evow100p evopad5-10 evoff_2 evofz14i evobrdB1 evoop5 evoboxbb evoh100p' type='text' style='' readonly value='26th Octovriou Avenue, 54628 Thessaloniki' aria-label='Destination Address - ESGAR Liver Imaging Workshop []'\/><button class='evo_copy_address evobuttonA evocurp evohoop7 evoposa evopad5' style='right: 3px; top: 4px; background-color: #fff;' data-txt='26th Octovriou Avenue, 54628 Thessaloniki' data-t='Address copied to clipboard!'><i class='far fa-copy evofz16i' title='Copy Destination Address!'><\/i><\/button>\n\t\t\t\t\t<\/div>\n\t\t\t\t\t<button type='submit' class='evo_get_direction_button evcal_btn dfx evofxaic evocurp evohoop7' title='Hier klicken f\u00fcr Wegbeschreibung' style='    padding: 10px 15px !important;'><i class='fa fa-chevron-right'><\/i> <\/button>\n\t\t\t\t<\/div>\n\t\t\t<\/div>\n\t\t<\/form>\n\t<\/div><\/div><\/div><!-- row close --><button class='evo_card_row_end evcal_close' title='Close'><\/button><\/div><div class='clear end'><\/div><\/div><div id=\"event_18622_0\" class=\"eventon_list_event evo_eventtop scheduled past_event event clrD event_18622_0\" data-event_id=\"18622\" data-ri=\"0r\" data-time=\"1776895200-1777067999\" data-colr=\"#004961\" itemscope itemtype='http:\/\/schema.org\/Event'><div class=\"evo_event_schema\" style=\"display:none\" ><a itemprop='url'  href='https:\/\/sgr-ssr.ch\/fr\/events\/ateliers-dimagerie-thoracique\/'><\/a><meta itemprop='image'  \/><meta itemprop='startDate' content=\"2026-4-23\" \/><meta itemprop='endDate' content=\"2026-4-24\" \/><meta itemprop='eventStatus' content=\"https:\/\/schema.org\/EventScheduled\" \/><meta itemprop='eventAttendanceMode'   itemscope itemtype=\"https:\/\/schema.org\/OfflineEventAttendanceMode\"\/><div style=\"display:none\" itemprop=\"location\" itemscope itemtype=\"http:\/\/schema.org\/Place\"><span itemprop=\"name\">Centre Medical Universitaire (CMU)<\/span><span itemprop=\"address\" itemscope itemtype=\"http:\/\/schema.org\/PostalAddress\"><item itemprop=\"streetAddress\">Rue Michel Servet 1, 1206 Gen\u00e8ve<\/item><\/span><\/div><div itemprop=\"organizer\" itemscope=\"\" itemtype=\"http:\/\/schema.org\/Organization\"><meta itemprop=\"name\" content=\"H\u00f4pitaux Universitaires Gen\u00e8ve\">\n\t\t\t\t    \t<\/div><div itemprop=\"performer\" itemscope=\"\" itemtype=\"http:\/\/schema.org\/Person\"><meta itemprop=\"name\" content=\"H\u00f4pitaux Universitaires Gen\u00e8ve\"><\/div><script type=\"application\/ld+json\">{\"@context\": \"http:\/\/schema.org\",\"@type\": \"Event\",\n\t\t\t\t\"@id\": \"event_18622_0\",\n\t\t\t\t\"eventAttendanceMode\":\"https:\/\/schema.org\/OfflineEventAttendanceMode\",\n\t\t\t\t\"eventStatus\":\"https:\/\/schema.org\/EventScheduled\",\n\t\t\t\t\"name\": \"Ateliers d&#039;imagerie thoracique\",\n\t\t\t\t\"url\": \"https:\/\/sgr-ssr.ch\/fr\/events\/ateliers-dimagerie-thoracique\/\",\n\t\t\t\t\"startDate\": \"2026-4-23\",\n\t\t\t\t\"endDate\": \"2026-4-24\",\n\t\t\t\t\"image\":\"\", \n\t\t\t\t\"description\":\"<p><strong>ATELIERS D\u2018IMAGERIE THORACIQUE<\/strong><br \/> Les 23 et 24 Avril 2026 \u00e0 Gen\u00e8ve<br \/> Centre M\u00e9dical Universitaire (CMU), Rue Michel Servet 1, 1206 Gen\u00e8ve<\/p> <p><strong>Organisation<\/strong><br \/> \u2022 Dr Julien COHEN \u2013Radiologie, HUG<br \/> \u2022 Pr Gilbert FERRETTI \u2013Radiologie, CHUGA Grenoble\/FR<\/p> <p><strong>D\u00e9roulement<\/strong><br \/> \u2022 Rappels th\u00e9oriques<br \/> \u2022 Lectures CT \u201ehands-on\u201c sur console en petits groupes<br \/> \u2022 Debriefing: points importants et conseils des experts<br \/> \u2022 D\u00e9bats le vendredi apr\u00e8s-midi<\/p> <p><strong>Tarifs<\/strong><br \/> \u2022 2 jours : CHF 350<br \/> \u2022 1 jour : CHF 175<br \/> \u2022 repas midi et collations incluses<\/p> <p><strong>INSCRIPTIONS:<\/strong><br \/> Mme Yolanda Casadevall<br \/> Yolc@hug.ch<br \/> +41 79 55 35438<\/p> <p><a href='https:\/\/sgr-ssr.ch\/wp-content\/uploads\/2025\/09\/FlyerAtelierGV26v3.pdf' target='_blank' rel='noopener noreferrer'>Programme<\/a><br \/> <a href='mailto:Yolc@hug.ch' target='_blank' rel='noopener noreferrer'>Kontakt<\/a><\/p> <p>&nbsp;<\/p> \",\"location\":[{\"@type\":\"Place\",\"name\":\"Centre Medical Universitaire (CMU)\",\"address\":{\"@type\": \"PostalAddress\",\"streetAddress\":\"Rue Michel Servet 1, 1206 Gen\u00e8ve\"}}],\"organizer\":[{\"@type\":\"Organization\",\"name\":\"H\u00f4pitaux Universitaires Gen\u00e8ve\"}]}<\/script><\/div>\r\n\t\t\t\t<p class=\"desc_trig_outter\" style=\"\"><a data-gmtrig=\"1\" data-exlk=\"0\" style=\"background-color: #004961;\" id=\"evc_177689520018622\" href=\"#\" class=\"desc_trig mul_val evcal_list_a allday\" data-ux_val=\"1\" data-ux_val_mob=\"-\"  ><span class='evoet_c2 evoet_cx '><span class='evoet_dayblock evcal_cblock ' data-bgcolor='#004961' data-smon='April' data-syr='2026' data-bub=''><span class='evo_start  evofxdrc'><em class='day'>Do<\/em><em class='date'>23<\/em><em class='month'>Apr<\/em><em class='time'>ganztags<\/em><\/span><span class='evo_end  evofxdrc'><em class='day'>Fr<\/em><em class='date'>24<\/em><\/span><\/span><\/span><span class='evoet_c3 evoet_cx evcal_desc hide_eventtopdata '><span class='evoet_title evcal_desc2 evcal_event_title ' itemprop='name'>Ateliers d'imagerie thoracique<\/span><span class='event_location_attrs'  data-location_address=\"Rue Michel Servet 1, 1206 Gen\u00e8ve\" data-location_type=\"address\" data-location_name=\"Centre Medical Universitaire (CMU)\" data-location_url=\"https:\/\/sgr-ssr.ch\/fr\/event-location\/centre-medical-universitaire-cmu\/\" data-location_status=\"true\" data-locid=\"633\"><\/span><span class='evoet_cy evoet_subtitle evo_below_title' ><span class='evcal_event_subtitle ' >12 Credits<\/span><\/span><\/span><span class='evoet_data' data-d=\"{&quot;loc.n&quot;:&quot;Centre Medical Universitaire (CMU)&quot;,&quot;orgs&quot;:{&quot;359&quot;:&quot;H\\u00f4pitaux Universitaires Gen\\u00e8ve&quot;},&quot;tags&quot;:[]}\" data-bgc=\"#004961\" data-bggrad=\"\" ><\/span><\/a><\/p><div class='event_description evcal_eventcard ' style=\"display:none\"><div class='evocard_row'><div id='event_eventdetails' class='evocard_box eventdetails' data-c='' \n\t\t\t\t\tstyle=''><div class=\"evo_metarow_details evorow evcal_evdata_row evcal_event_details\">\n    <div class=\"event_excerpt\" style=\"display:none\"><h3 class=\"padb5 evo_h3\">Veranstaltungsdetails<\/h3><p>ATELIERS D\u2018IMAGERIE THORACIQUE\nLes 23 et 24 Avril 2026 \u00e0 Gen\u00e8ve\nCentre M\u00e9dical Universitaire (CMU), Rue Michel Servet 1, 1206 Gen\u00e8ve\nOrganisation\n\u2022 Dr Julien COHEN \u2013Radiologie, HUG\n\u2022 Pr Gilbert<\/p><\/div><span class='evcal_evdata_icons'><i class='fa fa-align-justify'><\/i><\/span>    <div class=\"evcal_evdata_cell shorter_desc\">\n        <div class=\"eventon_full_description\">\n            <h3 class=\"padb5 evo_h3\"><span class='evcal_evdata_icons'><i class='fa fa-align-justify'><\/i><\/span>Veranstaltungsdetails<\/h3>\n            <div class=\"eventon_desc_in\" itemprop=\"description\">\n                <p><strong>ATELIERS D\u2018IMAGERIE THORACIQUE<\/strong><br \/>\nLes 23 et 24 Avril 2026 \u00e0 Gen\u00e8ve<br \/>\nCentre M\u00e9dical Universitaire (CMU), Rue Michel Servet 1, 1206 Gen\u00e8ve<\/p>\n<p><strong>Organisation<\/strong><br \/>\n\u2022 Dr Julien COHEN \u2013Radiologie, HUG<br \/>\n\u2022 Pr Gilbert FERRETTI \u2013Radiologie, CHUGA Grenoble\/FR<\/p>\n<p><strong>D\u00e9roulement<\/strong><br \/>\n\u2022 Rappels th\u00e9oriques<br \/>\n\u2022 Lectures CT \u201ehands-on\u201c sur console en petits groupes<br \/>\n\u2022 Debriefing: points importants et conseils des experts<br \/>\n\u2022 D\u00e9bats le vendredi apr\u00e8s-midi<\/p>\n<p><strong>Tarifs<\/strong><br \/>\n\u2022 2 jours : CHF 350<br \/>\n\u2022 1 jour : CHF 175<br \/>\n\u2022 repas midi et collations incluses<\/p>\n<p><strong>INSCRIPTIONS:<\/strong><br \/>\nMme Yolanda Casadevall<br \/>\nYolc@hug.ch<br \/>\n+41 79 55 35438<\/p>\n<p><a href=\"https:\/\/sgr-ssr.ch\/wp-content\/uploads\/2025\/09\/FlyerAtelierGV26v3.pdf\" target=\"_blank\" rel=\"noopener noreferrer\">Programme<\/a><br \/>\n<a href=\"mailto:Yolc@hug.ch\" target=\"_blank\" rel=\"noopener noreferrer\">Kontakt<\/a><\/p>\n<p>&nbsp;<\/p>\n            <\/div>\n            <p class='eventon_shad_p' style='padding:5px 0 0; margin:0'><button class='evcal_btn evo_btn_secondary evobtn_details_show_more' content='less'><span class='ev_more_text' data-txt='weniger'>mehr<\/span><span class='ev_more_arrow ard'><\/span><\/button><\/p><div class='clear'><\/div>        <\/div>\n    <\/div>\n<\/div><\/div><\/div><!-- row close --><div class='evocard_row bx2 bx'><div id='event_time' class='evocard_box time' data-c='' \n\t\t\t\t\tstyle=''><div class='evo_metarow_time evorow evcal_evdata_row evcal_evrow_sm '>\n\t\t<span class='evcal_evdata_icons'><i class='fa fa-clock-o'><\/i><\/span>\n\t\t<div class='evcal_evdata_cell'>\t\t\t\t\t\t\t\n\t\t\t<h3 class='evo_h3'><span class='evcal_evdata_icons'><i class='fa fa-clock-o'><\/i><\/span>Zeit<\/h3><div><span class='evo_eventcard_time_t evogap5 evofxww'><span class=\"start\">23 April 2026<\/span>  - <span class=\"end\">24 April 2026<\/span> (ganztags)<\/span><span class='evo_tz marr5'>(GMT+02:00)<\/span><\/div>\n\t\t<\/div>\n\t<\/div><\/div><div id='event_location' class='evocard_box location' data-c='' \n\t\t\t\t\tstyle=''><div class='evcal_evdata_row evo_metarow_time_location evorow '>\n\t\t\n\t\t\t<span class='evcal_evdata_icons'><i class='fa fa-map-marker'><\/i><\/span>\n\t\t\t<div class='evcal_evdata_cell' data-loc_tax_id='633'><h3 class='evo_h3 evodfx'><span class='evcal_evdata_icons'><i class='fa fa-map-marker'><\/i><\/span>Ort<\/h3><p class='evo_location_name'>Centre Medical Universitaire (CMU)<\/p><p class='evo_location_address evodfxi evogap10'>Rue Michel Servet 1, 1206 Gen\u00e8ve<\/p><div class='padt10'><span class='evo_btn_arr evolb_trigger' data-lbvals=\"{&quot;lbdata&quot;:{&quot;class&quot;:&quot;evo_location_lb_633&quot;,&quot;additional_class&quot;:&quot;lb_max&quot;,&quot;title&quot;:&quot;Centre Medical Universitaire (CMU)&quot;},&quot;adata&quot;:{&quot;a&quot;:&quot;eventon_get_tax_card_content&quot;,&quot;end&quot;:&quot;client&quot;,&quot;data&quot;:{&quot;lang&quot;:&quot;L1&quot;,&quot;term_id&quot;:633,&quot;tax&quot;:&quot;event_location&quot;,&quot;load_lbcontent&quot;:true}},&quot;uid&quot;:&quot;eventon_get_tax_card_content&quot;}\" >Other Events<i class='fa fa-chevron-right' aria-hidden='true'><\/i><\/span><\/div><\/div>\n\t\t\n\t<\/div><\/div><\/div><!-- row close --><div class='evocard_row'><div id='event_organizer' class='evocard_box organizer' data-c='' \n\t\t\t\t\tstyle=''><div class='evo_metarow_organizer evorow evcal_evdata_row evcal_evrow_sm '>\n\t\t<span class='evcal_evdata_icons'><i class='fa fa-headphones'><\/i><\/span>\n\t\t<div class='evcal_evdata_cell'>\t\t\t\t\t\t\t\n\t\t\t<h3 class='evo_h3'>Veranstalter<\/h3><div class='evo_evdata_cell_content evodfx evofx_ww evofx_dr_r evogap15'><div class='evo_card_organizer evofx_1'><h4 class='evo_org_name evo_h4 marb5 evottui evocl1i evopadb10i'><span class='evo_card_organizer_name_t marb5'><a  href='https:\/\/sgr-ssr.ch\/fr\/event-organizer\/hopitaux-universitaires-geneve\/' class='evocl1i'>H\u00f4pitaux Universitaires Gen\u00e8ve<\/a><\/span><\/h4><p class='evo_card_organizer_more evomart10i'><a class='evolb_trigger evo_btn_arr mart10' data-lbvals=\"{&quot;lbc&quot;:&quot;evo_organizer_lb&quot;,&quot;lbac&quot;:&quot;lb_max&quot;,&quot;preload_temp_key&quot;:&quot;preload_taxlb&quot;,&quot;t&quot;:&quot;H\\u00f4pitaux Universitaires Gen\\u00e8ve&quot;,&quot;ajax&quot;:&quot;yes&quot;,&quot;ajax_type&quot;:&quot;endpoint&quot;,&quot;ajax_action&quot;:&quot;eventon_get_tax_card_content&quot;,&quot;end&quot;:&quot;client&quot;,&quot;d&quot;:{&quot;eventid&quot;:18622,&quot;ri&quot;:0,&quot;term_id&quot;:359,&quot;tax&quot;:&quot;event_organizer&quot;,&quot;load_lbcontent&quot;:true}}\" >Learn More<i class='fa fa-chevron-right'><\/i><\/a><\/p><\/div><!-- evo_card_organizer--><\/div><\/div>\t<\/div><\/div><\/div><!-- row close --><div class='evocard_row bx2 bx'><div id='event_learnmore' class='evocard_box learnmore' data-c='' \n\t\t\t\t\tstyle=''><div class='evo_metarow_learnM evo_metarow_learnmore evorow'>\n\t\t\t\t\t\t\t<a class='evcal_evdata_row evo_clik_row ' href='https:\/\/sgr-ssr.ch\/wp-content\/uploads\/2025\/09\/FlyerAtelierGV26v3.pdf' target=\"_blank\">\n\t\t\t\t\t\t\t\t<span class='evcal_evdata_icons'><i class='fa fa-link'><\/i><\/span>\n\t\t\t\t\t\t\t\t<h3 class='evo_h3'>Mehr Infos \/ Anmeldung<\/h3>\n\t\t\t\t\t\t\t<\/a>\n\t\t\t\t\t\t\t<\/div><\/div><div id='event_addtocal' class='evocard_box addtocal' data-c='' \n\t\t\t\t\tstyle=''><div class='evo_metarow_ICS evorow evcal_evdata_row'>\n\t\t\t<span class='evcal_evdata_icons'><i class='fa fa-calendar-o'><\/i><\/span>\n\t\t\t<div class='evcal_evdata_cell'>\n\t\t\t\t<p><a href='https:\/\/sgr-ssr.ch\/fr\/export-events\/18622_0\/?key=cd75fe199f' rel='nofollow' class='evo_ics_nCal' title='Add to your calendar'>Calendar<\/a><a href='https:\/\/www.google.com\/calendar\/event?action=TEMPLATE&text=Ateliers%20d%27imagerie%20thoracique&dates=20260422T220000Z\/20260424T215959Z&ctz=Europe%2FZurich&details=Ateliers%20d%27imagerie%20thoracique&location=Centre%20Medical%20Universitaire%20%28CMU%29%20Rue%20Michel%20Servet%201%2C%201206%20Gen%C3%A8ve' target='_blank' rel='nofollow' class='evo_ics_gCal' title='Add to google calendar'>GoogleCal<\/a><\/p>\t\n\t\t\t<\/div>\n\t\t<\/div><\/div><\/div><!-- row close --><div class='evocard_row'><div id='event_getdirection' class='evocard_box getdirection' data-c='' \n\t\t\t\t\tstyle=''><div class='evo_metarow_getDr evorow evcal_evdata_row evcal_evrow_sm getdirections'>\n\t\t<form action='https:\/\/maps.google.com\/maps' method='get' target='_blank'>\n\t\t\t<input type='hidden' name='daddr' value=\"Rue Michel Servet 1, 1206 Gen\u00e8ve\"\/> \n\t\t\t<div class='evo_get_direction_content evo_fx_dr_r evogap10'>\n\t\t\t\t<span class='evogetdir_header evodfx evofxdrr evofxaic evogap10'>\n\t\t\t\t\t<i class='mainicon fa fa-road evofz24i'><\/i> \n\t\t\t\t\t<h3 class='evo_h3 evopad0i' style='padding-bottom:5px;'>Get Directions<\/h3>\n\t\t\t\t<\/span>\n\t\t\t\t<span class='evogetdir_field evodfx evofx_1_1 evow100p'>\t\n\t\t\t\t\t<label for='69f31a6015494' class='evo_aria_ready sr-only'>Address - Ateliers d&#039;imagerie thoracique []<\/label>\t\t\t\t\n\t\t\t\t\t<input id='69f31a6015494' class='evo_aria_ready_match evoInput2 evobr10 evow100p evopad10 evoff_2 evofz14i evobrdB1 evoboxbb' type='text' name='saddr' placeholder='Ihre Adresse' value='' style='' aria-label='Address - Ateliers d&#039;imagerie thoracique []' \/>\n\t\t\t\t<\/span>\n\t\t\t\t<div class='evodfx evofxdrr evofxaic evogap10'>\n\t\t\t\t\t<i class='fa fa-location-dot'><\/i>\n\t\t\t\t\t<div class='evoposr evofx_1 evoh100p'><label for='69f31a6015494' class='evo_aria_ready sr-only'>Destination Address - Ateliers d&#039;imagerie thoracique []<\/label>\t\t\n\t\t\t\t\t\t<input id='69f31a6015494' class='evo_aria_ready_match evoInput2 evobr10 evow100p evopad5-10 evoff_2 evofz14i evobrdB1 evoop5 evoboxbb evoh100p' type='text' style='' readonly value='Rue Michel Servet 1, 1206 Gen\u00e8ve' aria-label='Destination Address - Ateliers d&#039;imagerie thoracique []'\/><button class='evo_copy_address evobuttonA evocurp evohoop7 evoposa evopad5' style='right: 3px; top: 4px; background-color: #fff;' data-txt='Rue Michel Servet 1, 1206 Gen\u00e8ve' data-t='Address copied to clipboard!'><i class='far fa-copy evofz16i' title='Copy Destination Address!'><\/i><\/button>\n\t\t\t\t\t<\/div>\n\t\t\t\t\t<button type='submit' class='evo_get_direction_button evcal_btn dfx evofxaic evocurp evohoop7' title='Hier klicken f\u00fcr Wegbeschreibung' style='    padding: 10px 15px !important;'><i class='fa fa-chevron-right'><\/i> <\/button>\n\t\t\t\t<\/div>\n\t\t\t<\/div>\n\t\t<\/form>\n\t<\/div><\/div><\/div><!-- row close --><button class='evo_card_row_end evcal_close' title='Close'><\/button><\/div><div class='clear end'><\/div><\/div><div id=\"event_19356_0\" class=\"eventon_list_event evo_eventtop scheduled past_event event clrW event_19356_0\" data-event_id=\"19356\" data-ri=\"0r\" data-time=\"1776895200-1777154399\" data-colr=\"#4bb5d8\" itemscope itemtype='http:\/\/schema.org\/Event'><div class=\"evo_event_schema\" style=\"display:none\" ><a itemprop='url'  href='https:\/\/sgr-ssr.ch\/fr\/events\/esoi-eortc-workshop-2026\/'><\/a><meta itemprop='image'  \/><meta itemprop='startDate' content=\"2026-4-23\" \/><meta itemprop='endDate' content=\"2026-4-25\" \/><meta itemprop='eventStatus' content=\"https:\/\/schema.org\/EventScheduled\" \/><meta itemprop='eventAttendanceMode'   itemscope itemtype=\"https:\/\/schema.org\/OfflineEventAttendanceMode\"\/><div style=\"display:none\" itemprop=\"location\" itemscope itemtype=\"http:\/\/schema.org\/Place\"><span itemprop=\"name\">Radisson Blu Latvija Conference &amp; Spa Hotel<\/span><span itemprop=\"address\" itemscope itemtype=\"http:\/\/schema.org\/PostalAddress\"><item itemprop=\"streetAddress\">Elizabetes Street 55, LV-1010 Riga, Latvia<\/item><\/span><\/div><div itemprop=\"organizer\" itemscope=\"\" itemtype=\"http:\/\/schema.org\/Organization\"><meta itemprop=\"name\" content=\"ESOI office\">\n\t\t\t\t    \t<\/div><div itemprop=\"performer\" itemscope=\"\" itemtype=\"http:\/\/schema.org\/Person\"><meta itemprop=\"name\" content=\"ESOI office\"><\/div><script type=\"application\/ld+json\">{\"@context\": \"http:\/\/schema.org\",\"@type\": \"Event\",\n\t\t\t\t\"@id\": \"event_19356_0\",\n\t\t\t\t\"eventAttendanceMode\":\"https:\/\/schema.org\/OfflineEventAttendanceMode\",\n\t\t\t\t\"eventStatus\":\"https:\/\/schema.org\/EventScheduled\",\n\t\t\t\t\"name\": \"ESOI-EORTC Workshop 2026\",\n\t\t\t\t\"url\": \"https:\/\/sgr-ssr.ch\/fr\/events\/esoi-eortc-workshop-2026\/\",\n\t\t\t\t\"startDate\": \"2026-4-23\",\n\t\t\t\t\"endDate\": \"2026-4-25\",\n\t\t\t\t\"image\":\"\", \n\t\t\t\t\"description\":\"<p>The ESOI-EORTC workshop is an interactive hands-on course aimed at practising radiologists and radiology residents, focusing on the criteria-based assessment of tumour response to treatment. The course consists of a number of lectures explaining the principles of imaging-based tumour response assessment and several hands-on interactive training workshops using specialised software with common and rare cancer cases encountered in the clinical routine or within clinical trials.<\/p> <p><a href='mailto:office@esoi-society.org' target='_blank' rel='noopener noreferrer'>contact<\/a><\/p> <p><a href='https:\/\/www.esoi-society.org\/esoi-eortc-2026\/' target='_blank' rel='noopener noreferrer'>website<\/a><\/p> \",\"location\":[{\"@type\":\"Place\",\"name\":\"Radisson Blu Latvija Conference &amp; Spa Hotel\",\"address\":{\"@type\": \"PostalAddress\",\"streetAddress\":\"Elizabetes Street 55, LV-1010 Riga, Latvia\"}}],\"organizer\":[{\"@type\":\"Organization\",\"name\":\"ESOI office\"}]}<\/script><\/div>\r\n\t\t\t\t<p class=\"desc_trig_outter\" style=\"\"><a data-gmap_status=\"null\" data-exlk=\"0\" style=\"background-color: #4bb5d8;\" id=\"evc_177689520019356\" href=\"#\" class=\"desc_trig mul_val evcal_list_a allday\" data-ux_val=\"1\" data-ux_val_mob=\"-\"  ><span class='evoet_c2 evoet_cx '><span class='evoet_dayblock evcal_cblock ' data-bgcolor='#4bb5d8' data-smon='April' data-syr='2026' data-bub=''><span class='evo_start  evofxdrc'><em class='day'>Do<\/em><em class='date'>23<\/em><em class='month'>Apr<\/em><em class='time'>ganztags<\/em><\/span><span class='evo_end  evofxdrc'><em class='day'>Sa<\/em><em class='date'>25<\/em><\/span><\/span><\/span><span class='evoet_c3 evoet_cx evcal_desc hide_eventtopdata '><span class='evoet_title evcal_desc2 evcal_event_title ' itemprop='name'>ESOI-EORTC Workshop 2026<\/span><span class='event_location_attrs'  data-location_address=\"Elizabetes Street 55, LV-1010 Riga, Latvia\" data-location_type=\"address\" data-location_name=\"Radisson Blu Latvija Conference &amp; Spa Hotel\" data-location_url=\"https:\/\/sgr-ssr.ch\/fr\/event-location\/radisson-blu-latvija-conference-spa-hotel\/\" data-location_status=\"true\" data-locid=\"666\"><\/span><\/span><span class='evoet_data' data-d=\"{&quot;loc.n&quot;:&quot;Radisson Blu Latvija Conference &amp;amp; Spa Hotel&quot;,&quot;orgs&quot;:{&quot;663&quot;:&quot;ESOI office&quot;},&quot;tags&quot;:[]}\" data-bgc=\"#4bb5d8\" data-bggrad=\"\" ><\/span><\/a><\/p><div class='event_description evcal_eventcard ' style=\"display:none\"><div class='evocard_row'><div id='event_eventdetails' class='evocard_box eventdetails' data-c='' \n\t\t\t\t\tstyle=''><div class=\"evo_metarow_details evorow evcal_evdata_row evcal_event_details\">\n    <div class=\"event_excerpt\" style=\"display:none\"><h3 class=\"padb5 evo_h3\">Veranstaltungsdetails<\/h3><p>The ESOI-EORTC workshop is an interactive hands-on course aimed at practising radiologists and radiology residents, focusing on the criteria-based assessment of tumour response to treatment. The course consists of a<\/p><\/div><span class='evcal_evdata_icons'><i class='fa fa-align-justify'><\/i><\/span>    <div class=\"evcal_evdata_cell shorter_desc\">\n        <div class=\"eventon_full_description\">\n            <h3 class=\"padb5 evo_h3\"><span class='evcal_evdata_icons'><i class='fa fa-align-justify'><\/i><\/span>Veranstaltungsdetails<\/h3>\n            <div class=\"eventon_desc_in\" itemprop=\"description\">\n                <p>The ESOI-EORTC workshop is an interactive hands-on course aimed at practising radiologists and radiology residents, focusing on the criteria-based assessment of tumour response to treatment. The course consists of a number of lectures explaining the principles of imaging-based tumour response assessment and several hands-on interactive training workshops using specialised software with common and rare cancer cases encountered in the clinical routine or within clinical trials.<\/p>\n<p><a href=\"mailto:office@esoi-society.org\" target=\"_blank\" rel=\"noopener noreferrer\">contact<\/a><\/p>\n<p><a href=\"https:\/\/www.esoi-society.org\/esoi-eortc-2026\/\" target=\"_blank\" rel=\"noopener noreferrer\">website<\/a><\/p>\n            <\/div>\n            <p class='eventon_shad_p' style='padding:5px 0 0; margin:0'><button class='evcal_btn evo_btn_secondary evobtn_details_show_more' content='less'><span class='ev_more_text' data-txt='weniger'>mehr<\/span><span class='ev_more_arrow ard'><\/span><\/button><\/p><div class='clear'><\/div>        <\/div>\n    <\/div>\n<\/div><\/div><\/div><!-- row close --><div class='evocard_row bx2 bx'><div id='event_time' class='evocard_box time' data-c='' \n\t\t\t\t\tstyle=''><div class='evo_metarow_time evorow evcal_evdata_row evcal_evrow_sm '>\n\t\t<span class='evcal_evdata_icons'><i class='fa fa-clock-o'><\/i><\/span>\n\t\t<div class='evcal_evdata_cell'>\t\t\t\t\t\t\t\n\t\t\t<h3 class='evo_h3'><span class='evcal_evdata_icons'><i class='fa fa-clock-o'><\/i><\/span>Zeit<\/h3><div><span class='evo_eventcard_time_t evogap5 evofxww'><span class=\"start\">23 April 2026<\/span>  - <span class=\"end\">25 April 2026<\/span> (ganztags)<\/span><span class='evo_tz marr5'>(GMT+02:00)<\/span><\/div>\n\t\t<\/div>\n\t<\/div><\/div><div id='event_location' class='evocard_box location' data-c='' \n\t\t\t\t\tstyle=''><div class='evcal_evdata_row evo_metarow_time_location evorow '>\n\t\t\n\t\t\t<span class='evcal_evdata_icons'><i class='fa fa-map-marker'><\/i><\/span>\n\t\t\t<div class='evcal_evdata_cell' data-loc_tax_id='666'><h3 class='evo_h3 evodfx'><span class='evcal_evdata_icons'><i class='fa fa-map-marker'><\/i><\/span>Ort<\/h3><p class='evo_location_name'>Radisson Blu Latvija Conference &amp; Spa Hotel<\/p><p class='evo_location_address evodfxi evogap10'>Elizabetes Street 55, LV-1010 Riga, Latvia<\/p><div class='padt10'><span class='evo_btn_arr evolb_trigger' data-lbvals=\"{&quot;lbdata&quot;:{&quot;class&quot;:&quot;evo_location_lb_666&quot;,&quot;additional_class&quot;:&quot;lb_max&quot;,&quot;title&quot;:&quot;Radisson Blu Latvija Conference &amp;amp; Spa Hotel&quot;},&quot;adata&quot;:{&quot;a&quot;:&quot;eventon_get_tax_card_content&quot;,&quot;end&quot;:&quot;client&quot;,&quot;data&quot;:{&quot;lang&quot;:&quot;L1&quot;,&quot;term_id&quot;:666,&quot;tax&quot;:&quot;event_location&quot;,&quot;load_lbcontent&quot;:true}},&quot;uid&quot;:&quot;eventon_get_tax_card_content&quot;}\" >Other Events<i class='fa fa-chevron-right' aria-hidden='true'><\/i><\/span><\/div><\/div>\n\t\t\n\t<\/div><\/div><\/div><!-- row close --><div class='evocard_row'><div id='event_organizer' class='evocard_box organizer' data-c='' \n\t\t\t\t\tstyle=''><div class='evo_metarow_organizer evorow evcal_evdata_row evcal_evrow_sm '>\n\t\t<span class='evcal_evdata_icons'><i class='fa fa-headphones'><\/i><\/span>\n\t\t<div class='evcal_evdata_cell'>\t\t\t\t\t\t\t\n\t\t\t<h3 class='evo_h3'>Veranstalter<\/h3><div class='evo_evdata_cell_content evodfx evofx_ww evofx_dr_r evogap15'><div class='evo_card_organizer evofx_1'><h4 class='evo_org_name evo_h4 marb5 evottui evocl1i evopadb10i'><span class='evo_card_organizer_name_t marb5'><a  href='https:\/\/sgr-ssr.ch\/fr\/event-organizer\/esoi-office\/' class='evocl1i'>ESOI office<\/a><\/span><\/h4><p class='evo_card_organizer_more evomart10i'><a class='evolb_trigger evo_btn_arr mart10' data-lbvals=\"{&quot;lbc&quot;:&quot;evo_organizer_lb&quot;,&quot;lbac&quot;:&quot;lb_max&quot;,&quot;preload_temp_key&quot;:&quot;preload_taxlb&quot;,&quot;t&quot;:&quot;ESOI office&quot;,&quot;ajax&quot;:&quot;yes&quot;,&quot;ajax_type&quot;:&quot;endpoint&quot;,&quot;ajax_action&quot;:&quot;eventon_get_tax_card_content&quot;,&quot;end&quot;:&quot;client&quot;,&quot;d&quot;:{&quot;eventid&quot;:19356,&quot;ri&quot;:0,&quot;term_id&quot;:663,&quot;tax&quot;:&quot;event_organizer&quot;,&quot;load_lbcontent&quot;:true}}\" >Learn More<i class='fa fa-chevron-right'><\/i><\/a><\/p><\/div><!-- evo_card_organizer--><\/div><\/div>\t<\/div><\/div><\/div><!-- row close --><div class='evocard_row bx2 bx'><div id='event_learnmore' class='evocard_box learnmore' data-c='' \n\t\t\t\t\tstyle=''><div class='evo_metarow_learnM evo_metarow_learnmore evorow'>\n\t\t\t\t\t\t\t<a class='evcal_evdata_row evo_clik_row ' href='https:\/\/www.esoi-society.org\/esoi-eortc-2026\/' target=\"_blank\">\n\t\t\t\t\t\t\t\t<span class='evcal_evdata_icons'><i class='fa fa-link'><\/i><\/span>\n\t\t\t\t\t\t\t\t<h3 class='evo_h3'>Mehr Infos \/ Anmeldung<\/h3>\n\t\t\t\t\t\t\t<\/a>\n\t\t\t\t\t\t\t<\/div><\/div><div id='event_addtocal' class='evocard_box addtocal' data-c='' \n\t\t\t\t\tstyle=''><div class='evo_metarow_ICS evorow evcal_evdata_row'>\n\t\t\t<span class='evcal_evdata_icons'><i class='fa fa-calendar-o'><\/i><\/span>\n\t\t\t<div class='evcal_evdata_cell'>\n\t\t\t\t<p><a href='https:\/\/sgr-ssr.ch\/fr\/export-events\/19356_0\/?key=cd75fe199f' rel='nofollow' class='evo_ics_nCal' title='Add to your calendar'>Calendar<\/a><a href='https:\/\/www.google.com\/calendar\/event?action=TEMPLATE&text=ESOI-EORTC%20Workshop%202026&dates=20260422T220000Z\/20260425T215959Z&ctz=Europe%2FVienna&details=ESOI-EORTC%20Workshop%202026&location=Radisson%20Blu%20Latvija%20Conference%20%26%20Spa%20Hotel%20Elizabetes%20Street%2055%2C%20LV-1010%20Riga%2C%20Latvia' target='_blank' rel='nofollow' class='evo_ics_gCal' title='Add to google calendar'>GoogleCal<\/a><\/p>\t\n\t\t\t<\/div>\n\t\t<\/div><\/div><\/div><!-- row close --><div class='evocard_row'><div id='event_getdirection' class='evocard_box getdirection' data-c='' \n\t\t\t\t\tstyle=''><div class='evo_metarow_getDr evorow evcal_evdata_row evcal_evrow_sm getdirections'>\n\t\t<form action='https:\/\/maps.google.com\/maps' method='get' target='_blank'>\n\t\t\t<input type='hidden' name='daddr' value=\"Elizabetes Street 55, LV-1010 Riga, Latvia\"\/> \n\t\t\t<div class='evo_get_direction_content evo_fx_dr_r evogap10'>\n\t\t\t\t<span class='evogetdir_header evodfx evofxdrr evofxaic evogap10'>\n\t\t\t\t\t<i class='mainicon fa fa-road evofz24i'><\/i> \n\t\t\t\t\t<h3 class='evo_h3 evopad0i' style='padding-bottom:5px;'>Get Directions<\/h3>\n\t\t\t\t<\/span>\n\t\t\t\t<span class='evogetdir_field evodfx evofx_1_1 evow100p'>\t\n\t\t\t\t\t<label for='69f31a6017a37' class='evo_aria_ready sr-only'>Address - ESOI-EORTC Workshop 2026 []<\/label>\t\t\t\t\n\t\t\t\t\t<input id='69f31a6017a37' class='evo_aria_ready_match evoInput2 evobr10 evow100p evopad10 evoff_2 evofz14i evobrdB1 evoboxbb' type='text' name='saddr' placeholder='Ihre Adresse' value='' style='' aria-label='Address - ESOI-EORTC Workshop 2026 []' \/>\n\t\t\t\t<\/span>\n\t\t\t\t<div class='evodfx evofxdrr evofxaic evogap10'>\n\t\t\t\t\t<i class='fa fa-location-dot'><\/i>\n\t\t\t\t\t<div class='evoposr evofx_1 evoh100p'><label for='69f31a6017a37' class='evo_aria_ready sr-only'>Destination Address - ESOI-EORTC Workshop 2026 []<\/label>\t\t\n\t\t\t\t\t\t<input id='69f31a6017a37' class='evo_aria_ready_match evoInput2 evobr10 evow100p evopad5-10 evoff_2 evofz14i evobrdB1 evoop5 evoboxbb evoh100p' type='text' style='' readonly value='Elizabetes Street 55, LV-1010 Riga, Latvia' aria-label='Destination Address - ESOI-EORTC Workshop 2026 []'\/><button class='evo_copy_address evobuttonA evocurp evohoop7 evoposa evopad5' style='right: 3px; top: 4px; background-color: #fff;' data-txt='Elizabetes Street 55, LV-1010 Riga, Latvia' data-t='Address copied to clipboard!'><i class='far fa-copy evofz16i' title='Copy Destination Address!'><\/i><\/button>\n\t\t\t\t\t<\/div>\n\t\t\t\t\t<button type='submit' class='evo_get_direction_button evcal_btn dfx evofxaic evocurp evohoop7' title='Hier klicken f\u00fcr Wegbeschreibung' style='    padding: 10px 15px !important;'><i class='fa fa-chevron-right'><\/i> <\/button>\n\t\t\t\t<\/div>\n\t\t\t<\/div>\n\t\t<\/form>\n\t<\/div><\/div><\/div><!-- row close --><button class='evo_card_row_end evcal_close' title='Close'><\/button><\/div><div class='clear end'><\/div><\/div><div id=\"event_19351_0\" class=\"eventon_list_event evo_eventtop scheduled past_event event clrD event_19351_0\" data-event_id=\"19351\" data-ri=\"0r\" data-time=\"1776958200-1776966300\" data-colr=\"#004961\" itemscope itemtype='http:\/\/schema.org\/Event'><div class=\"evo_event_schema\" style=\"display:none\" ><a itemprop='url'  href='https:\/\/sgr-ssr.ch\/fr\/events\/symposium-der-radiologie-wolhusen\/'><\/a><meta itemprop='image'  \/><meta itemprop='startDate' content=\"2026-4-23T17:30+0:00\" \/><meta itemprop='endDate' content=\"2026-4-23T19:45+0:00\" \/><meta itemprop='eventStatus' content=\"https:\/\/schema.org\/EventScheduled\" \/><meta itemprop='eventAttendanceMode'   itemscope itemtype=\"https:\/\/schema.org\/OfflineEventAttendanceMode\"\/><div style=\"display:none\" itemprop=\"location\" itemscope itemtype=\"http:\/\/schema.org\/Place\"><span itemprop=\"name\">Luzerner Kantonsspital<\/span><span itemprop=\"address\" itemscope itemtype=\"http:\/\/schema.org\/PostalAddress\"><item itemprop=\"streetAddress\">Spitallsstrasse 50<\/item><\/span><\/div><div itemprop=\"organizer\" itemscope=\"\" itemtype=\"http:\/\/schema.org\/Organization\"><meta itemprop=\"name\" content=\"Luzerner Kantonsspital\">\n\t\t\t\t    \t<\/div><div itemprop=\"performer\" itemscope=\"\" itemtype=\"http:\/\/schema.org\/Person\"><meta itemprop=\"name\" content=\"Luzerner Kantonsspital\"><\/div><script type=\"application\/ld+json\">{\"@context\": \"http:\/\/schema.org\",\"@type\": \"Event\",\n\t\t\t\t\"@id\": \"event_19351_0\",\n\t\t\t\t\"eventAttendanceMode\":\"https:\/\/schema.org\/OfflineEventAttendanceMode\",\n\t\t\t\t\"eventStatus\":\"https:\/\/schema.org\/EventScheduled\",\n\t\t\t\t\"name\": \"Symposium der Radiologie Wolhusen\",\n\t\t\t\t\"url\": \"https:\/\/sgr-ssr.ch\/fr\/events\/symposium-der-radiologie-wolhusen\/\",\n\t\t\t\t\"startDate\": \"2026-4-23T17:30+0:00\",\n\t\t\t\t\"endDate\": \"2026-4-23T19:45+0:00\",\n\t\t\t\t\"image\":\"\", \n\t\t\t\t\"description\":\"<p>Veranstaltungsort:<br \/> Luzerner Kantonsspital Wolhusen<br \/> Spitalstrasse 50, 6110 Wolhusen<br \/> Raum 104<\/p> <p><strong>Vorl\u00e4ufiges Programm<\/strong><\/p> <p><strong>\u00a0<\/strong>17:30 \u00a0 Begr\u00fcssung (Prof. Dr. med. Justus Roos, Chefarzt Radiologie LUKS Luzern)<br \/> 17:45\u00a0\u00a0\u00a0\u00a0 CT und\/oder MRI? (Matthias Krause, Leitender Radiologe, Radiologie Wolhusen)<br \/> 18:15\u00a0 \u00a0 \u00a0Schmerztherapie in der Radiologie: PRT, Facettengelenks- und ISG-Infiltration<br \/> (Tony Heerlein, Oberarzt Radiologie, Radiologie Wolhusen)<br \/> 18:45 \u00a0 Mammographie und Screening (Prof. Dr. med. Simone Schrading, Radiologie Wolhusen)<br \/> 19:10 \u00a0 Aspekte des Strahlenschutzes (Johanna Kooij, Fachbereichsleiterin Radiologie Wolhusen)<br \/> 19:30\u00a0\u00a0\u00a0\u00a0 KI- Was n\u00fctzen wir bereits? Was ist m\u00f6glich und wo sind Limitationen?<br \/> (Matthias Krause, Leitender Radiologe, Radiologie Wolhusen)<br \/> 19:45 \u00a0 Fragen und Apero<\/p> <p>&nbsp;<\/p> \",\"location\":[{\"@type\":\"Place\",\"name\":\"Luzerner Kantonsspital\",\"address\":{\"@type\": \"PostalAddress\",\"streetAddress\":\"Spitallsstrasse 50\"}}],\"organizer\":[{\"@type\":\"Organization\",\"name\":\"Luzerner Kantonsspital\"}]}<\/script><\/div>\r\n\t\t\t\t<p class=\"desc_trig_outter\" style=\"\"><a data-gmtrig=\"1\" data-exlk=\"0\" style=\"background-color: #004961;\" id=\"evc_177695820019351\" href=\"#\" class=\"desc_trig sin_val evcal_list_a\" data-ux_val=\"1\" data-ux_val_mob=\"-\"  ><span class='evoet_c2 evoet_cx '><span class='evoet_dayblock evcal_cblock ' data-bgcolor='#004961' data-smon='April' data-syr='2026' data-bub=''><span class='evo_start  evofxdrc'><em class='day'>Do<\/em><em class='date'>23<\/em><em class='month'>Apr<\/em><em class='time'>17 h 30 min<\/em><\/span><span class='evo_end only_time evofxdrc'><em class='time'>19 h 45 min<\/em><\/span><\/span><\/span><span class='evoet_c3 evoet_cx evcal_desc hide_eventtopdata '><span class='evoet_title evcal_desc2 evcal_event_title ' itemprop='name'>Symposium der Radiologie Wolhusen<\/span><span class='event_location_attrs'  data-location_address=\"Spitallsstrasse 50\" data-location_type=\"address\" data-location_name=\"Luzerner Kantonsspital\" data-location_url=\"https:\/\/sgr-ssr.ch\/fr\/event-location\/luzerner-kantonsspital\/\" data-location_status=\"true\" data-locid=\"165\"><\/span><span class='evoet_cy evoet_subtitle evo_below_title' ><span class='evcal_event_subtitle ' >2 credits<\/span><\/span><\/span><span class='evoet_data' data-d=\"{&quot;loc.n&quot;:&quot;Luzerner Kantonsspital&quot;,&quot;orgs&quot;:{&quot;424&quot;:&quot;Luzerner Kantonsspital&quot;},&quot;tags&quot;:[]}\" data-bgc=\"#004961\" data-bggrad=\"\" ><\/span><\/a><\/p><div class='event_description evcal_eventcard ' style=\"display:none\"><div class='evocard_row'><div id='event_eventdetails' class='evocard_box eventdetails' data-c='' \n\t\t\t\t\tstyle=''><div class=\"evo_metarow_details evorow evcal_evdata_row evcal_event_details\">\n    <div class=\"event_excerpt\" style=\"display:none\"><h3 class=\"padb5 evo_h3\">Veranstaltungsdetails<\/h3><p>Veranstaltungsort:\nLuzerner Kantonsspital Wolhusen\nSpitalstrasse 50, 6110 Wolhusen\nRaum 104\nVorl\u00e4ufiges Programm\n\u00a017:30 \u00a0 Begr\u00fcssung (Prof. Dr. med. Justus Roos, Chefarzt Radiologie LUKS Luzern)\n17:45\u00a0\u00a0\u00a0\u00a0 CT und\/oder MRI? (Matthias Krause, Leitender Radiologe,<\/p><\/div><span class='evcal_evdata_icons'><i class='fa fa-align-justify'><\/i><\/span>    <div class=\"evcal_evdata_cell shorter_desc\">\n        <div class=\"eventon_full_description\">\n            <h3 class=\"padb5 evo_h3\"><span class='evcal_evdata_icons'><i class='fa fa-align-justify'><\/i><\/span>Veranstaltungsdetails<\/h3>\n            <div class=\"eventon_desc_in\" itemprop=\"description\">\n                <p>Veranstaltungsort:<br \/>\nLuzerner Kantonsspital Wolhusen<br \/>\nSpitalstrasse 50, 6110 Wolhusen<br \/>\nRaum 104<\/p>\n<p><strong>Vorl\u00e4ufiges Programm<\/strong><\/p>\n<p><strong>\u00a0<\/strong>17:30 \u00a0 Begr\u00fcssung (Prof. Dr. med. Justus Roos, Chefarzt Radiologie LUKS Luzern)<br \/>\n17:45\u00a0\u00a0\u00a0\u00a0 CT und\/oder MRI? (Matthias Krause, Leitender Radiologe, Radiologie Wolhusen)<br \/>\n18:15\u00a0 \u00a0 \u00a0Schmerztherapie in der Radiologie: PRT, Facettengelenks- und ISG-Infiltration<br \/>\n(Tony Heerlein, Oberarzt Radiologie, Radiologie Wolhusen)<br \/>\n18:45 \u00a0 Mammographie und Screening (Prof. Dr. med. Simone Schrading, Radiologie Wolhusen)<br \/>\n19:10 \u00a0 Aspekte des Strahlenschutzes (Johanna Kooij, Fachbereichsleiterin Radiologie Wolhusen)<br \/>\n19:30\u00a0\u00a0\u00a0\u00a0 KI- Was n\u00fctzen wir bereits? Was ist m\u00f6glich und wo sind Limitationen?<br \/>\n(Matthias Krause, Leitender Radiologe, Radiologie Wolhusen)<br \/>\n19:45 \u00a0 Fragen und Apero<\/p>\n<p>&nbsp;<\/p>\n            <\/div>\n            <p class='eventon_shad_p' style='padding:5px 0 0; margin:0'><button class='evcal_btn evo_btn_secondary evobtn_details_show_more' content='less'><span class='ev_more_text' data-txt='weniger'>mehr<\/span><span class='ev_more_arrow ard'><\/span><\/button><\/p><div class='clear'><\/div>        <\/div>\n    <\/div>\n<\/div><\/div><\/div><!-- row close --><div class='evocard_row bx2 bx'><div id='event_time' class='evocard_box time' data-c='' \n\t\t\t\t\tstyle=''><div class='evo_metarow_time evorow evcal_evdata_row evcal_evrow_sm '>\n\t\t<span class='evcal_evdata_icons'><i class='fa fa-clock-o'><\/i><\/span>\n\t\t<div class='evcal_evdata_cell'>\t\t\t\t\t\t\t\n\t\t\t<h3 class='evo_h3'><span class='evcal_evdata_icons'><i class='fa fa-clock-o'><\/i><\/span>Zeit<\/h3><div><span class='evo_eventcard_time_t evogap5 evofxww'><span class=\"start\">23 April 2026<\/span> <span class=\"stime\">17 h 30 min<\/span> - <span class=\"etime\">19 h 45 min<\/span><\/span><span class='evo_tz marr5'>(GMT+02:00)<\/span><\/div>\n\t\t<\/div>\n\t<\/div><\/div><div id='event_location' class='evocard_box location' data-c='' \n\t\t\t\t\tstyle=''><div class='evcal_evdata_row evo_metarow_time_location evorow '>\n\t\t\n\t\t\t<span class='evcal_evdata_icons'><i class='fa fa-map-marker'><\/i><\/span>\n\t\t\t<div class='evcal_evdata_cell' data-loc_tax_id='165'><h3 class='evo_h3 evodfx'><span class='evcal_evdata_icons'><i class='fa fa-map-marker'><\/i><\/span>Ort<\/h3><p class='evo_location_name'>Luzerner Kantonsspital<\/p><p class='evo_location_address evodfxi evogap10'>Spitallsstrasse 50<\/p><div class='padt10'><span class='evo_btn_arr evolb_trigger' data-lbvals=\"{&quot;lbdata&quot;:{&quot;class&quot;:&quot;evo_location_lb_165&quot;,&quot;additional_class&quot;:&quot;lb_max&quot;,&quot;title&quot;:&quot;Luzerner Kantonsspital&quot;},&quot;adata&quot;:{&quot;a&quot;:&quot;eventon_get_tax_card_content&quot;,&quot;end&quot;:&quot;client&quot;,&quot;data&quot;:{&quot;lang&quot;:&quot;L1&quot;,&quot;term_id&quot;:165,&quot;tax&quot;:&quot;event_location&quot;,&quot;load_lbcontent&quot;:true}},&quot;uid&quot;:&quot;eventon_get_tax_card_content&quot;}\" >Other Events<i class='fa fa-chevron-right' aria-hidden='true'><\/i><\/span><\/div><\/div>\n\t\t\n\t<\/div><\/div><\/div><!-- row close --><div class='evocard_row'><div id='event_organizer' class='evocard_box organizer' data-c='' \n\t\t\t\t\tstyle=''><div class='evo_metarow_organizer evorow evcal_evdata_row evcal_evrow_sm '>\n\t\t<span class='evcal_evdata_icons'><i class='fa fa-headphones'><\/i><\/span>\n\t\t<div class='evcal_evdata_cell'>\t\t\t\t\t\t\t\n\t\t\t<h3 class='evo_h3'>Veranstalter<\/h3><div class='evo_evdata_cell_content evodfx evofx_ww evofx_dr_r evogap15'><div class='evo_card_organizer evofx_1'><h4 class='evo_org_name evo_h4 marb5 evottui evocl1i evopadb10i'><span class='evo_card_organizer_name_t marb5'><a  href='https:\/\/sgr-ssr.ch\/fr\/event-organizer\/luzerner-kantonsspital\/' class='evocl1i'>Luzerner Kantonsspital<\/a><\/span><\/h4><div class='evo_org_details'>Sekretariat Radiologie und Nuklearmedizin...<button class='evo_organizer_more_trig evonobtn2 evobutton evoff_2 evobgclg30 evoHbgclg50 evoop7 evohoop10 evotrans evobr5 evomarl5 evofz12' style='    padding: 2px 5px;font-size: 11px;'>Read More.<\/button><\/div><div class='evo_org_details_full evodni'>Sekretariat Radiologie und Nuklearmedizin<\/div><p class='evo_card_organizer_more evomart10i'><a class='evolb_trigger evo_btn_arr mart10' data-lbvals=\"{&quot;lbc&quot;:&quot;evo_organizer_lb&quot;,&quot;lbac&quot;:&quot;lb_max&quot;,&quot;preload_temp_key&quot;:&quot;preload_taxlb&quot;,&quot;t&quot;:&quot;Luzerner Kantonsspital&quot;,&quot;ajax&quot;:&quot;yes&quot;,&quot;ajax_type&quot;:&quot;endpoint&quot;,&quot;ajax_action&quot;:&quot;eventon_get_tax_card_content&quot;,&quot;end&quot;:&quot;client&quot;,&quot;d&quot;:{&quot;eventid&quot;:19351,&quot;ri&quot;:0,&quot;term_id&quot;:424,&quot;tax&quot;:&quot;event_organizer&quot;,&quot;load_lbcontent&quot;:true}}\" >Learn More<i class='fa fa-chevron-right'><\/i><\/a><\/p><\/div><!-- evo_card_organizer--><\/div><\/div>\t<\/div><\/div><\/div><!-- row close --><div class='evocard_row'><div id='event_addtocal' class='evocard_box addtocal' data-c='' \n\t\t\t\t\tstyle=''><div class='evo_metarow_ICS evorow evcal_evdata_row'>\n\t\t\t<span class='evcal_evdata_icons'><i class='fa fa-calendar-o'><\/i><\/span>\n\t\t\t<div class='evcal_evdata_cell'>\n\t\t\t\t<p><a href='https:\/\/sgr-ssr.ch\/fr\/export-events\/19351_0\/?key=cd75fe199f' rel='nofollow' class='evo_ics_nCal' title='Add to your calendar'>Calendar<\/a><a href='https:\/\/www.google.com\/calendar\/event?action=TEMPLATE&text=Symposium%20der%20Radiologie%20Wolhusen&dates=20260423T153000Z\/20260423T174500Z&ctz=Europe%2FVienna&details=Symposium%20der%20Radiologie%20Wolhusen&location=Luzerner%20Kantonsspital%20Spitallsstrasse%2050' target='_blank' rel='nofollow' class='evo_ics_gCal' title='Add to google calendar'>GoogleCal<\/a><\/p>\t\n\t\t\t<\/div>\n\t\t<\/div><\/div><\/div><!-- row close --><div class='evocard_row'><div id='event_getdirection' class='evocard_box getdirection' data-c='' \n\t\t\t\t\tstyle=''><div class='evo_metarow_getDr evorow evcal_evdata_row evcal_evrow_sm getdirections'>\n\t\t<form action='https:\/\/maps.google.com\/maps' method='get' target='_blank'>\n\t\t\t<input type='hidden' name='daddr' value=\"Spitallsstrasse 50\"\/> \n\t\t\t<div class='evo_get_direction_content evo_fx_dr_r evogap10'>\n\t\t\t\t<span class='evogetdir_header evodfx evofxdrr evofxaic evogap10'>\n\t\t\t\t\t<i class='mainicon fa fa-road evofz24i'><\/i> \n\t\t\t\t\t<h3 class='evo_h3 evopad0i' style='padding-bottom:5px;'>Get Directions<\/h3>\n\t\t\t\t<\/span>\n\t\t\t\t<span class='evogetdir_field evodfx evofx_1_1 evow100p'>\t\n\t\t\t\t\t<label for='69f31a601a1b0' class='evo_aria_ready sr-only'>Address - Symposium der Radiologie Wolhusen []<\/label>\t\t\t\t\n\t\t\t\t\t<input id='69f31a601a1b0' class='evo_aria_ready_match evoInput2 evobr10 evow100p evopad10 evoff_2 evofz14i evobrdB1 evoboxbb' type='text' name='saddr' placeholder='Ihre Adresse' value='' style='' aria-label='Address - Symposium der Radiologie Wolhusen []' \/>\n\t\t\t\t<\/span>\n\t\t\t\t<div class='evodfx evofxdrr evofxaic evogap10'>\n\t\t\t\t\t<i class='fa fa-location-dot'><\/i>\n\t\t\t\t\t<div class='evoposr evofx_1 evoh100p'><label for='69f31a601a1b0' class='evo_aria_ready sr-only'>Destination Address - Symposium der Radiologie Wolhusen []<\/label>\t\t\n\t\t\t\t\t\t<input id='69f31a601a1b0' class='evo_aria_ready_match evoInput2 evobr10 evow100p evopad5-10 evoff_2 evofz14i evobrdB1 evoop5 evoboxbb evoh100p' type='text' style='' readonly value='Spitallsstrasse 50' aria-label='Destination Address - Symposium der Radiologie Wolhusen []'\/><button class='evo_copy_address evobuttonA evocurp evohoop7 evoposa evopad5' style='right: 3px; top: 4px; background-color: #fff;' data-txt='Spitallsstrasse 50' data-t='Address copied to clipboard!'><i class='far fa-copy evofz16i' title='Copy Destination Address!'><\/i><\/button>\n\t\t\t\t\t<\/div>\n\t\t\t\t\t<button type='submit' class='evo_get_direction_button evcal_btn dfx evofxaic evocurp evohoop7' title='Hier klicken f\u00fcr Wegbeschreibung' style='    padding: 10px 15px !important;'><i class='fa fa-chevron-right'><\/i> <\/button>\n\t\t\t\t<\/div>\n\t\t\t<\/div>\n\t\t<\/form>\n\t<\/div><\/div><\/div><!-- row close --><button class='evo_card_row_end evcal_close' title='Close'><\/button><\/div><div class='clear end'><\/div><\/div><div id=\"event_18385_0\" class=\"eventon_list_event evo_eventtop scheduled past_event event clrW event_18385_0\" data-event_id=\"18385\" data-ri=\"0r\" data-time=\"1776981600-1777154399\" data-colr=\"#4bb5d8\" itemscope itemtype='http:\/\/schema.org\/Event'><div class=\"evo_event_schema\" style=\"display:none\" ><a itemprop='url'  href='https:\/\/sgr-ssr.ch\/fr\/events\/oesterreichkongress-fuer-radiologietechnologie-2026\/'><\/a><meta itemprop='image'  \/><meta itemprop='startDate' content=\"2026-4-24\" \/><meta itemprop='endDate' content=\"2026-4-25\" \/><meta itemprop='eventStatus' content=\"https:\/\/schema.org\/EventScheduled\" \/><meta itemprop='eventAttendanceMode'   itemscope itemtype=\"https:\/\/schema.org\/OfflineEventAttendanceMode\"\/><div style=\"display:none\" itemprop=\"location\" itemscope itemtype=\"http:\/\/schema.org\/VirtualLocation\"><\/div><div style=\"display:none\" itemprop=\"location\" itemscope itemtype=\"http:\/\/schema.org\/Place\"><span itemprop=\"name\">Steiermarkhof<\/span><span itemprop=\"address\" itemscope itemtype=\"http:\/\/schema.org\/PostalAddress\"><item itemprop=\"streetAddress\">Ekkehard-Hauer-Stra\u00dfe 33<\/item><\/span><\/div><div itemprop=\"organizer\" itemscope=\"\" itemtype=\"http:\/\/schema.org\/Organization\"><meta itemprop=\"name\" content=\"Berufsfachverband f\u00fcr Radiologietechnologie \u00d6sterreich\">\n\t\t\t\t    \t<\/div><div itemprop=\"performer\" itemscope=\"\" itemtype=\"http:\/\/schema.org\/Person\"><meta itemprop=\"name\" content=\"Berufsfachverband f\u00fcr Radiologietechnologie \u00d6sterreich\"><\/div><script type=\"application\/ld+json\">{\"@context\": \"http:\/\/schema.org\",\"@type\": \"Event\",\n\t\t\t\t\"@id\": \"event_18385_0\",\n\t\t\t\t\"eventAttendanceMode\":\"https:\/\/schema.org\/OfflineEventAttendanceMode\",\n\t\t\t\t\"eventStatus\":\"https:\/\/schema.org\/EventScheduled\",\n\t\t\t\t\"name\": \"\u00d6sterreichkongress f\u00fcr RADIOLOGIETECHNOLOGIE\",\n\t\t\t\t\"url\": \"https:\/\/sgr-ssr.ch\/fr\/events\/oesterreichkongress-fuer-radiologietechnologie-2026\/\",\n\t\t\t\t\"startDate\": \"2026-4-24\",\n\t\t\t\t\"endDate\": \"2026-4-25\",\n\t\t\t\t\"image\":\"\", \n\t\t\t\t\"description\":\"<div>Tagung: \u00d6sterreichkongress f\u00fcr RADIOLOGIETECHNOLOGIE<\/div> <div><\/div> <div>Ort und Termin: Steiermarkhof Graz<\/div> <div>Ekkehard-Hauer-Stra\u00dfe 33, 8052 Graz<\/div> <div><\/div> <div>On-site, Online und On-Demand<br \/> <a href='https:\/\/www.radiologietechnologen.at\/bildung\/kongress\/kongress-2026' target='_blank' rel='noopener noreferrer'>MEHR INFOS<\/a><\/div> <div><\/div> <div> <p><strong>Information und Anmeldung:<\/strong><br \/> \u00c4RZTEZENTRALE MED.INFO<br \/> Helferstorferstra\u00dfe 4, A-1014 Wien<\/p> <p>Tel.: (+43\/1) 531 16 &#8211; 39<br \/> Fax: (+43\/1) 531 16 \u2013 61<br \/> e-mail: <a href='mailto:azmedinfo@media.co.at'>azmedinfo@media.co.at<\/a><\/p> <p>Kontaktname: \u00c4rzteZentrale Med.Info<br \/> Kontaktmail: <a href='mailto:azmedinfo@media.co.at'>azmedinfo@media.co.at<\/a><\/p> <\/div> \",\"location\":[{\"@type\":\"VirtualLocation\"},{\"@type\":\"Place\",\"name\":\"Steiermarkhof\",\"address\":{\"@type\": \"PostalAddress\",\"streetAddress\":\"Ekkehard-Hauer-Stra\u00dfe 33\"}}],\"organizer\":[{\"@type\":\"Organization\",\"name\":\"Berufsfachverband f\u00fcr Radiologietechnologie \u00d6sterreich\"}]}<\/script><\/div>\r\n\t\t\t\t<p class=\"desc_trig_outter\" style=\"\"><a data-gmtrig=\"1\" data-exlk=\"0\" style=\"background-color: #4bb5d8;\" id=\"evc_177698160018385\" href=\"#\" class=\"desc_trig mul_val evcal_list_a allday\" data-ux_val=\"1\" data-ux_val_mob=\"-\"  ><span class='evoet_c2 evoet_cx '><span class='evoet_dayblock evcal_cblock ' data-bgcolor='#4bb5d8' data-smon='April' data-syr='2026' data-bub=''><span class='evo_start  evofxdrc'><em class='day'>Fr<\/em><em class='date'>24<\/em><em class='month'>Apr<\/em><em class='time'>ganztags<\/em><\/span><span class='evo_end  evofxdrc'><em class='day'>Sa<\/em><em class='date'>25<\/em><\/span><\/span><\/span><span class='evoet_c3 evoet_cx evcal_desc hide_eventtopdata '><span class='evoet_title evcal_desc2 evcal_event_title ' itemprop='name'>\u00d6sterreichkongress f\u00fcr RADIOLOGIETECHNOLOGIE<\/span><span class='event_location_attrs'  data-location_address=\"Ekkehard-Hauer-Stra\u00dfe 33\" data-location_type=\"address\" data-location_name=\"Steiermarkhof\" data-location_url=\"https:\/\/sgr-ssr.ch\/fr\/event-location\/steiermarkhof\/\" data-location_status=\"true\" data-locid=\"433\"><\/span><\/span><span class='evoet_data' data-d=\"{&quot;loc.n&quot;:&quot;Steiermarkhof&quot;,&quot;orgs&quot;:{&quot;561&quot;:&quot;Berufsfachverband f\\u00fcr Radiologietechnologie \\u00d6sterreich&quot;},&quot;tags&quot;:[]}\" data-bgc=\"#4bb5d8\" data-bggrad=\"\" ><\/span><\/a><\/p><div class='event_description evcal_eventcard ' style=\"display:none\"><div class='evocard_row'><div id='event_eventdetails' class='evocard_box eventdetails' data-c='' \n\t\t\t\t\tstyle=''><div class=\"evo_metarow_details evorow evcal_evdata_row evcal_event_details\">\n    <div class=\"event_excerpt\" style=\"display:none\"><h3 class=\"padb5 evo_h3\">Veranstaltungsdetails<\/h3><p>Tagung: \u00d6sterreichkongress f\u00fcr RADIOLOGIETECHNOLOGIE\n\nOrt und Termin: Steiermarkhof Graz\nEkkehard-Hauer-Stra\u00dfe 33, 8052 Graz\n\nOn-site, Online und On-Demand\nMEHR INFOS\n\n\nInformation und Anmeldung:\n\u00c4RZTEZENTRALE MED.INFO\nHelferstorferstra\u00dfe 4, A-1014 Wien\nTel.: (+43\/1) 531<\/p><\/div><span class='evcal_evdata_icons'><i class='fa fa-align-justify'><\/i><\/span>    <div class=\"evcal_evdata_cell shorter_desc\">\n        <div class=\"eventon_full_description\">\n            <h3 class=\"padb5 evo_h3\"><span class='evcal_evdata_icons'><i class='fa fa-align-justify'><\/i><\/span>Veranstaltungsdetails<\/h3>\n            <div class=\"eventon_desc_in\" itemprop=\"description\">\n                <div>Tagung: \u00d6sterreichkongress f\u00fcr RADIOLOGIETECHNOLOGIE<\/div>\n<div><\/div>\n<div>Ort und Termin: Steiermarkhof Graz<\/div>\n<div>Ekkehard-Hauer-Stra\u00dfe 33, 8052 Graz<\/div>\n<div><\/div>\n<div>On-site, Online und On-Demand<br \/>\n<a href=\"https:\/\/www.radiologietechnologen.at\/bildung\/kongress\/kongress-2026\" target=\"_blank\" rel=\"noopener noreferrer\">MEHR INFOS<\/a><\/div>\n<div><\/div>\n<div>\n<p><strong>Information und Anmeldung:<\/strong><br \/>\n\u00c4RZTEZENTRALE MED.INFO<br \/>\nHelferstorferstra\u00dfe 4, A-1014 Wien<\/p>\n<p>Tel.: (+43\/1) 531 16 &#8211; 39<br \/>\nFax: (+43\/1) 531 16 \u2013 61<br \/>\ne-mail: <a href=\"mailto:azmedinfo@media.co.at\">azmedinfo@media.co.at<\/a><\/p>\n<p>Kontaktname: \u00c4rzteZentrale Med.Info<br \/>\nKontaktmail: <a href=\"mailto:azmedinfo@media.co.at\">azmedinfo@media.co.at<\/a><\/p>\n<\/div>\n            <\/div>\n            <p class='eventon_shad_p' style='padding:5px 0 0; margin:0'><button class='evcal_btn evo_btn_secondary evobtn_details_show_more' content='less'><span class='ev_more_text' data-txt='weniger'>mehr<\/span><span class='ev_more_arrow ard'><\/span><\/button><\/p><div class='clear'><\/div>        <\/div>\n    <\/div>\n<\/div><\/div><\/div><!-- row close --><div class='evocard_row bx2 bx'><div id='event_time' class='evocard_box time' data-c='' \n\t\t\t\t\tstyle=''><div class='evo_metarow_time evorow evcal_evdata_row evcal_evrow_sm '>\n\t\t<span class='evcal_evdata_icons'><i class='fa fa-clock-o'><\/i><\/span>\n\t\t<div class='evcal_evdata_cell'>\t\t\t\t\t\t\t\n\t\t\t<h3 class='evo_h3'><span class='evcal_evdata_icons'><i class='fa fa-clock-o'><\/i><\/span>Zeit<\/h3><div><span class='evo_eventcard_time_t evogap5 evofxww'><span class=\"start\">24 April 2026<\/span>  - <span class=\"end\">25 April 2026<\/span> (ganztags)<\/span><span class='evo_tz marr5'>(GMT+02:00)<\/span><\/div>\n\t\t<\/div>\n\t<\/div><\/div><div id='event_location' class='evocard_box location' data-c='' \n\t\t\t\t\tstyle=''><div class='evcal_evdata_row evo_metarow_time_location evorow '>\n\t\t\n\t\t\t<span class='evcal_evdata_icons'><i class='fa fa-map-marker'><\/i><\/span>\n\t\t\t<div class='evcal_evdata_cell' data-loc_tax_id='433'><h3 class='evo_h3 evodfx'><span class='evcal_evdata_icons'><i class='fa fa-map-marker'><\/i><\/span>Ort<\/h3><p class='evo_location_name'>Steiermarkhof<\/p><div class='padt10'><span class='evo_btn_arr evolb_trigger' data-lbvals=\"{&quot;lbdata&quot;:{&quot;class&quot;:&quot;evo_location_lb_433&quot;,&quot;additional_class&quot;:&quot;lb_max&quot;,&quot;title&quot;:&quot;Steiermarkhof&quot;},&quot;adata&quot;:{&quot;a&quot;:&quot;eventon_get_tax_card_content&quot;,&quot;end&quot;:&quot;client&quot;,&quot;data&quot;:{&quot;lang&quot;:&quot;L1&quot;,&quot;term_id&quot;:433,&quot;tax&quot;:&quot;event_location&quot;,&quot;load_lbcontent&quot;:true}},&quot;uid&quot;:&quot;eventon_get_tax_card_content&quot;}\" >Other Events<i class='fa fa-chevron-right' aria-hidden='true'><\/i><\/span><\/div><\/div>\n\t\t\n\t<\/div><\/div><\/div><!-- row close --><div class='evocard_row'><div id='event_organizer' class='evocard_box organizer' data-c='' \n\t\t\t\t\tstyle=''><div class='evo_metarow_organizer evorow evcal_evdata_row evcal_evrow_sm '>\n\t\t<span class='evcal_evdata_icons'><i class='fa fa-headphones'><\/i><\/span>\n\t\t<div class='evcal_evdata_cell'>\t\t\t\t\t\t\t\n\t\t\t<h3 class='evo_h3'>Veranstalter<\/h3><div class='evo_evdata_cell_content evodfx evofx_ww evofx_dr_r evogap15'><div class='evo_card_organizer evofx_1'><h4 class='evo_org_name evo_h4 marb5 evottui evocl1i evopadb10i'><span class='evo_card_organizer_name_t marb5'><a  href='https:\/\/sgr-ssr.ch\/fr\/event-organizer\/berufsfachverband-fuer-radiologietechnologie-oesterreich\/' class='evocl1i'>Berufsfachverband f\u00fcr Radiologietechnologie \u00d6sterreich<\/a><\/span><\/h4><div class='evo_org_details'>rtaustria...<button class='evo_organizer_more_trig evonobtn2 evobutton evoff_2 evobgclg30 evoHbgclg50 evoop7 evohoop10 evotrans evobr5 evomarl5 evofz12' style='    padding: 2px 5px;font-size: 11px;'>Read More.<\/button><\/div><div class='evo_org_details_full evodni'>rtaustria<\/div><p class='evo_card_organizer_more evomart10i'><a class='evolb_trigger evo_btn_arr mart10' data-lbvals=\"{&quot;lbc&quot;:&quot;evo_organizer_lb&quot;,&quot;lbac&quot;:&quot;lb_max&quot;,&quot;preload_temp_key&quot;:&quot;preload_taxlb&quot;,&quot;t&quot;:&quot;Berufsfachverband f\\u00fcr Radiologietechnologie \\u00d6sterreich&quot;,&quot;ajax&quot;:&quot;yes&quot;,&quot;ajax_type&quot;:&quot;endpoint&quot;,&quot;ajax_action&quot;:&quot;eventon_get_tax_card_content&quot;,&quot;end&quot;:&quot;client&quot;,&quot;d&quot;:{&quot;eventid&quot;:18385,&quot;ri&quot;:0,&quot;term_id&quot;:561,&quot;tax&quot;:&quot;event_organizer&quot;,&quot;load_lbcontent&quot;:true}}\" >Learn More<i class='fa fa-chevron-right'><\/i><\/a><\/p><\/div><!-- evo_card_organizer--><\/div><\/div>\t<\/div><\/div><\/div><!-- row close --><div class='evocard_row bx2 bx'><div id='event_learnmore' class='evocard_box learnmore' data-c='' \n\t\t\t\t\tstyle=''><div class='evo_metarow_learnM evo_metarow_learnmore evorow'>\n\t\t\t\t\t\t\t<a class='evcal_evdata_row evo_clik_row ' href='https:\/\/www.radiologietechnologen.at\/bildung\/kongress\/kongress-2026' target=\"_blank\">\n\t\t\t\t\t\t\t\t<span class='evcal_evdata_icons'><i class='fa fa-link'><\/i><\/span>\n\t\t\t\t\t\t\t\t<h3 class='evo_h3'>Mehr Infos \/ Anmeldung<\/h3>\n\t\t\t\t\t\t\t<\/a>\n\t\t\t\t\t\t\t<\/div><\/div><div id='event_addtocal' class='evocard_box addtocal' data-c='' \n\t\t\t\t\tstyle=''><div class='evo_metarow_ICS evorow evcal_evdata_row'>\n\t\t\t<span class='evcal_evdata_icons'><i class='fa fa-calendar-o'><\/i><\/span>\n\t\t\t<div class='evcal_evdata_cell'>\n\t\t\t\t<p><a href='https:\/\/sgr-ssr.ch\/fr\/export-events\/18385_0\/?key=cd75fe199f' rel='nofollow' class='evo_ics_nCal' title='Add to your calendar'>Calendar<\/a><a href='https:\/\/www.google.com\/calendar\/event?action=TEMPLATE&text=%C3%96sterreichkongress%20f%C3%BCr%20RADIOLOGIETECHNOLOGIE&dates=20260423T220000Z\/20260425T215959Z&ctz=Europe%2FVienna&details=%C3%96sterreichkongress%20f%C3%BCr%20RADIOLOGIETECHNOLOGIE&location=Steiermarkhof%20Ekkehard-Hauer-Stra%C3%9Fe%2033' target='_blank' rel='nofollow' class='evo_ics_gCal' title='Add to google calendar'>GoogleCal<\/a><\/p>\t\n\t\t\t<\/div>\n\t\t<\/div><\/div><\/div><!-- row close --><div class='evocard_row'><div id='event_getdirection' class='evocard_box getdirection' data-c='' \n\t\t\t\t\tstyle=''><div class='evo_metarow_getDr evorow evcal_evdata_row evcal_evrow_sm getdirections'>\n\t\t<form action='https:\/\/maps.google.com\/maps' method='get' target='_blank'>\n\t\t\t<input type='hidden' name='daddr' value=\"Ekkehard-Hauer-Stra\u00dfe 33\"\/> \n\t\t\t<div class='evo_get_direction_content evo_fx_dr_r evogap10'>\n\t\t\t\t<span class='evogetdir_header evodfx evofxdrr evofxaic evogap10'>\n\t\t\t\t\t<i class='mainicon fa fa-road evofz24i'><\/i> \n\t\t\t\t\t<h3 class='evo_h3 evopad0i' style='padding-bottom:5px;'>Get Directions<\/h3>\n\t\t\t\t<\/span>\n\t\t\t\t<span class='evogetdir_field evodfx evofx_1_1 evow100p'>\t\n\t\t\t\t\t<label for='69f31a601d022' class='evo_aria_ready sr-only'>Address - \u00d6sterreichkongress f\u00fcr RADIOLOGIETECHNOLOGIE []<\/label>\t\t\t\t\n\t\t\t\t\t<input id='69f31a601d022' class='evo_aria_ready_match evoInput2 evobr10 evow100p evopad10 evoff_2 evofz14i evobrdB1 evoboxbb' type='text' name='saddr' placeholder='Ihre Adresse' value='' style='' aria-label='Address - \u00d6sterreichkongress f\u00fcr RADIOLOGIETECHNOLOGIE []' \/>\n\t\t\t\t<\/span>\n\t\t\t\t<div class='evodfx evofxdrr evofxaic evogap10'>\n\t\t\t\t\t<i class='fa fa-location-dot'><\/i>\n\t\t\t\t\t<div class='evoposr evofx_1 evoh100p'><label for='69f31a601d022' class='evo_aria_ready sr-only'>Destination Address - \u00d6sterreichkongress f\u00fcr RADIOLOGIETECHNOLOGIE []<\/label>\t\t\n\t\t\t\t\t\t<input id='69f31a601d022' class='evo_aria_ready_match evoInput2 evobr10 evow100p evopad5-10 evoff_2 evofz14i evobrdB1 evoop5 evoboxbb evoh100p' type='text' style='' readonly value='Ekkehard-Hauer-Stra\u00dfe 33' aria-label='Destination Address - \u00d6sterreichkongress f\u00fcr RADIOLOGIETECHNOLOGIE []'\/><button class='evo_copy_address evobuttonA evocurp evohoop7 evoposa evopad5' style='right: 3px; top: 4px; background-color: #fff;' data-txt='Ekkehard-Hauer-Stra\u00dfe 33' data-t='Address copied to clipboard!'><i class='far fa-copy evofz16i' title='Copy Destination Address!'><\/i><\/button>\n\t\t\t\t\t<\/div>\n\t\t\t\t\t<button type='submit' class='evo_get_direction_button evcal_btn dfx evofxaic evocurp evohoop7' title='Hier klicken f\u00fcr Wegbeschreibung' style='    padding: 10px 15px !important;'><i class='fa fa-chevron-right'><\/i> <\/button>\n\t\t\t\t<\/div>\n\t\t\t<\/div>\n\t\t<\/form>\n\t<\/div><\/div><\/div><!-- row close --><button class='evo_card_row_end evcal_close' title='Close'><\/button><\/div><div class='clear end'><\/div><\/div><div id=\"event_18790_0\" class=\"eventon_list_event evo_eventtop scheduled past_event event clrW event_18790_0\" data-event_id=\"18790\" data-ri=\"0r\" data-time=\"1777068000-1777154399\" data-colr=\"#4bb5d8\" itemscope itemtype='http:\/\/schema.org\/Event'><div class=\"evo_event_schema\" style=\"display:none\" ><a itemprop='url'  href='https:\/\/sgr-ssr.ch\/fr\/events\/mrt-der-prostata-expertenkurs-episode-iii-special-focus-pi-rads-3-entzuendliche-veraenderungen-dwi-und-befund-management\/'><\/a><meta itemprop='image'  \/><meta itemprop='startDate' content=\"2026-4-25\" \/><meta itemprop='endDate' content=\"2026-4-25\" \/><meta itemprop='eventStatus' content=\"https:\/\/schema.org\/EventScheduled\" \/><meta itemprop='eventAttendanceMode'   itemscope itemtype=\"https:\/\/schema.org\/OnlineEventAttendanceMode\"\/><div itemprop=\"organizer\" itemscope=\"\" itemtype=\"http:\/\/schema.org\/Organization\"><meta itemprop=\"name\" content=\"Pascal Baltzer und Matthias Dietzel\">\n\t\t\t\t    \t<\/div><div itemprop=\"performer\" itemscope=\"\" itemtype=\"http:\/\/schema.org\/Person\"><meta itemprop=\"name\" content=\"Pascal Baltzer und Matthias Dietzel\"><\/div><script type=\"application\/ld+json\">{\"@context\": \"http:\/\/schema.org\",\"@type\": \"Event\",\n\t\t\t\t\"@id\": \"event_18790_0\",\n\t\t\t\t\"eventAttendanceMode\":\"https:\/\/schema.org\/OnlineEventAttendanceMode\",\n\t\t\t\t\"eventStatus\":\"https:\/\/schema.org\/EventScheduled\",\n\t\t\t\t\"name\": \"MRT der Prostata | Expertenkurs: Episode III | &quot;Special Focus: PI-RADS 3: Entz\u00fcndliche Ver\u00e4nderungen, DWI und Befund-Management\",\n\t\t\t\t\"url\": \"https:\/\/sgr-ssr.ch\/fr\/events\/mrt-der-prostata-expertenkurs-episode-iii-special-focus-pi-rads-3-entzuendliche-veraenderungen-dwi-und-befund-management\/\",\n\t\t\t\t\"startDate\": \"2026-4-25\",\n\t\t\t\t\"endDate\": \"2026-4-25\",\n\t\t\t\t\"image\":\"\", \n\t\t\t\t\"description\":\"<p>Details und Special Focus vgl. Kurspage<\/p> <p><a href='mailto:office@radiologie-weiterbildung.de'>Kontakt<\/a><\/p> <p><a href='https:\/\/radiologie-weiterbildung.de\/veranstaltungen\/mrt-der-prostata-expertenkurs-episode-3\/' target='_blank' rel='noopener noreferrer'>Anmeldung<\/a><\/p> \",\"organizer\":[{\"@type\":\"Organization\",\"name\":\"Pascal Baltzer und Matthias Dietzel\"}]}<\/script><\/div>\r\n\t\t\t\t<p class=\"desc_trig_outter\" style=\"\"><a data-gmap_status=\"null\" data-exlk=\"0\" style=\"background-color: #4bb5d8;\" id=\"evc_177706800018790\" href=\"#\" class=\"desc_trig sin_val evcal_list_a allday\" data-ux_val=\"1\" data-ux_val_mob=\"-\"  ><span class='evoet_c2 evoet_cx '><span class='evoet_dayblock evcal_cblock ' data-bgcolor='#4bb5d8' data-smon='April' data-syr='2026' data-bub=''><span class='evo_start  evofxdrc'><em class='day'>Sa<\/em><em class='date'>25<\/em><em class='month'>Apr<\/em><em class='time'>ganztags<\/em><\/span><\/span><\/span><span class='evoet_c3 evoet_cx evcal_desc hide_eventtopdata '><span class='evoet_title evcal_desc2 evcal_event_title ' itemprop='name'>MRT der Prostata | Expertenkurs: Episode III | \"Special Focus: PI-RADS 3: Entz\u00fcndliche Ver\u00e4nderungen, DWI und Befund-Management<\/span><\/span><span class='evoet_data' data-d=\"{&quot;loc.n&quot;:&quot;&quot;,&quot;orgs&quot;:{&quot;301&quot;:&quot;Pascal Baltzer und Matthias Dietzel&quot;},&quot;tags&quot;:{&quot;vir&quot;:&quot;Virtual Event&quot;}}\" data-bgc=\"#4bb5d8\" data-bggrad=\"\" ><\/span><\/a><\/p><div class='event_description evcal_eventcard ' style=\"display:none\"><div class='evocard_row'><div id='event_eventdetails' class='evocard_box eventdetails' data-c='' \n\t\t\t\t\tstyle=''><div class=\"evo_metarow_details evorow evcal_evdata_row evcal_event_details\">\n    <div class=\"event_excerpt\" style=\"display:none\"><h3 class=\"padb5 evo_h3\">Veranstaltungsdetails<\/h3><p>Details und Special Focus vgl. Kurspage\nKontakt\nAnmeldung<\/p><\/div><span class='evcal_evdata_icons'><i class='fa fa-align-justify'><\/i><\/span>    <div class=\"evcal_evdata_cell \">\n        <div class=\"eventon_full_description\">\n            <h3 class=\"padb5 evo_h3\"><span class='evcal_evdata_icons'><i class='fa fa-align-justify'><\/i><\/span>Veranstaltungsdetails<\/h3>\n            <div class=\"eventon_desc_in\" itemprop=\"description\">\n                <p>Details und Special Focus vgl. Kurspage<\/p>\n<p><a href=\"mailto:office@radiologie-weiterbildung.de\">Kontakt<\/a><\/p>\n<p><a href=\"https:\/\/radiologie-weiterbildung.de\/veranstaltungen\/mrt-der-prostata-expertenkurs-episode-3\/\" target=\"_blank\" rel=\"noopener noreferrer\">Anmeldung<\/a><\/p>\n            <\/div>\n            <div class='clear'><\/div>        <\/div>\n    <\/div>\n<\/div><\/div><\/div><!-- row close --><div class='evocard_row'><div id='event_time' class='evocard_box time' data-c='' \n\t\t\t\t\tstyle=''><div class='evo_metarow_time evorow evcal_evdata_row evcal_evrow_sm '>\n\t\t<span class='evcal_evdata_icons'><i class='fa fa-clock-o'><\/i><\/span>\n\t\t<div class='evcal_evdata_cell'>\t\t\t\t\t\t\t\n\t\t\t<h3 class='evo_h3'><span class='evcal_evdata_icons'><i class='fa fa-clock-o'><\/i><\/span>Zeit<\/h3><div><span class='evo_eventcard_time_t evogap5 evofxww'><span class=\"start\">25 April 2026<\/span> ganztags<\/span><span class='evo_tz marr5'>(GMT+02:00)<\/span><\/div>\n\t\t<\/div>\n\t<\/div><\/div><\/div><!-- row close --><div class='evocard_row'><div id='event_organizer' class='evocard_box organizer' data-c='' \n\t\t\t\t\tstyle=''><div class='evo_metarow_organizer evorow evcal_evdata_row evcal_evrow_sm '>\n\t\t<span class='evcal_evdata_icons'><i class='fa fa-headphones'><\/i><\/span>\n\t\t<div class='evcal_evdata_cell'>\t\t\t\t\t\t\t\n\t\t\t<h3 class='evo_h3'>Veranstalter<\/h3><div class='evo_evdata_cell_content evodfx evofx_ww evofx_dr_r evogap15'><div class='evo_card_organizer evofx_1'><h4 class='evo_org_name evo_h4 marb5 evottui evocl1i evopadb10i'><span class='evo_card_organizer_name_t marb5'><a  href='https:\/\/sgr-ssr.ch\/fr\/event-organizer\/pascal-baltzer-und-matthias-dietzel\/' class='evocl1i'>Pascal Baltzer und Matthias Dietzel<\/a><\/span><\/h4><p class='evo_card_organizer_more evomart10i'><a class='evolb_trigger evo_btn_arr mart10' data-lbvals=\"{&quot;lbc&quot;:&quot;evo_organizer_lb&quot;,&quot;lbac&quot;:&quot;lb_max&quot;,&quot;preload_temp_key&quot;:&quot;preload_taxlb&quot;,&quot;t&quot;:&quot;Pascal Baltzer und Matthias Dietzel&quot;,&quot;ajax&quot;:&quot;yes&quot;,&quot;ajax_type&quot;:&quot;endpoint&quot;,&quot;ajax_action&quot;:&quot;eventon_get_tax_card_content&quot;,&quot;end&quot;:&quot;client&quot;,&quot;d&quot;:{&quot;eventid&quot;:18790,&quot;ri&quot;:0,&quot;term_id&quot;:301,&quot;tax&quot;:&quot;event_organizer&quot;,&quot;load_lbcontent&quot;:true}}\" >Learn More<i class='fa fa-chevron-right'><\/i><\/a><\/p><\/div><!-- evo_card_organizer--><\/div><\/div>\t<\/div><\/div><\/div><!-- row close --><div class='evocard_row bx2 bx'><div id='event_learnmore' class='evocard_box learnmore' data-c='' \n\t\t\t\t\tstyle=''><div class='evo_metarow_learnM evo_metarow_learnmore evorow'>\n\t\t\t\t\t\t\t<a class='evcal_evdata_row evo_clik_row ' href='https:\/\/radiologie-weiterbildung.de\/veranstaltungen\/mrt-der-prostata-expertenkurs-episode-3\/' target=\"_blank\">\n\t\t\t\t\t\t\t\t<span class='evcal_evdata_icons'><i class='fa fa-link'><\/i><\/span>\n\t\t\t\t\t\t\t\t<h3 class='evo_h3'>Mehr Infos \/ Anmeldung<\/h3>\n\t\t\t\t\t\t\t<\/a>\n\t\t\t\t\t\t\t<\/div><\/div><div id='event_addtocal' class='evocard_box addtocal' data-c='' \n\t\t\t\t\tstyle=''><div class='evo_metarow_ICS evorow evcal_evdata_row'>\n\t\t\t<span class='evcal_evdata_icons'><i class='fa fa-calendar-o'><\/i><\/span>\n\t\t\t<div class='evcal_evdata_cell'>\n\t\t\t\t<p><a href='https:\/\/sgr-ssr.ch\/fr\/export-events\/18790_0\/?key=cd75fe199f' rel='nofollow' class='evo_ics_nCal' title='Add to your calendar'>Calendar<\/a><a href='https:\/\/www.google.com\/calendar\/event?action=TEMPLATE&text=MRT%20der%20Prostata%20%7C%20Expertenkurs%3A%20Episode%20III%20%7C%20%22Special%20Focus%3A%20PI-RADS%203%3A%20Entz%C3%BCndliche%20Ver%C3%A4nderungen%2C%20DWI%20und%20Befund-Management&dates=20260424T220000Z\/20260425T215959Z&ctz=Europe%2FVienna&details=MRT%20der%20Prostata%20%7C%20Expertenkurs%3A%20Episode%20III%20%7C%20%22Special%20Focus%3A%20PI-RADS%203%3A%20Entz%C3%BCndliche%20Ver%C3%A4nderungen%2C%20DWI%20und%20Befund-Management&location=' target='_blank' rel='nofollow' class='evo_ics_gCal' title='Add to google calendar'>GoogleCal<\/a><\/p>\t\n\t\t\t<\/div>\n\t\t<\/div><\/div><\/div><!-- row close --><button class='evo_card_row_end evcal_close' title='Close'><\/button><\/div><div class='clear end'><\/div><\/div><div id=\"event_19226_0\" class=\"eventon_list_event evo_eventtop scheduled  event clrD event_19226_0\" data-event_id=\"19226\" data-ri=\"0r\" data-time=\"1777154400-1777586399\" data-colr=\"#004961\" itemscope itemtype='http:\/\/schema.org\/Event'><div class=\"evo_event_schema\" style=\"display:none\" ><a itemprop='url'  href='https:\/\/sgr-ssr.ch\/fr\/events\/ecio-european-conference-on-interventional-oncology\/'><\/a><meta itemprop='image'  \/><meta itemprop='startDate' content=\"2026-4-26\" \/><meta itemprop='endDate' content=\"2026-4-30\" \/><meta itemprop='eventStatus' content=\"https:\/\/schema.org\/EventScheduled\" \/><meta itemprop='eventAttendanceMode'   itemscope itemtype=\"https:\/\/schema.org\/OfflineEventAttendanceMode\"\/><div style=\"display:none\" itemprop=\"location\" itemscope itemtype=\"http:\/\/schema.org\/Place\"><span itemprop=\"name\">Congress Center Basel<\/span><span itemprop=\"address\" itemscope itemtype=\"http:\/\/schema.org\/PostalAddress\"><item itemprop=\"streetAddress\">Messeplatz 21<\/item><\/span><\/div><div itemprop=\"organizer\" itemscope=\"\" itemtype=\"http:\/\/schema.org\/Organization\"><meta itemprop=\"name\" content=\"CIRSE\">\n\t\t\t\t    \t<\/div><div itemprop=\"performer\" itemscope=\"\" itemtype=\"http:\/\/schema.org\/Person\"><meta itemprop=\"name\" content=\"CIRSE\"><\/div><script type=\"application\/ld+json\">{\"@context\": \"http:\/\/schema.org\",\"@type\": \"Event\",\n\t\t\t\t\"@id\": \"event_19226_0\",\n\t\t\t\t\"eventAttendanceMode\":\"https:\/\/schema.org\/OfflineEventAttendanceMode\",\n\t\t\t\t\"eventStatus\":\"https:\/\/schema.org\/EventScheduled\",\n\t\t\t\t\"name\": \"ECIO - European Conference on Interventional Oncology\",\n\t\t\t\t\"url\": \"https:\/\/sgr-ssr.ch\/fr\/events\/ecio-european-conference-on-interventional-oncology\/\",\n\t\t\t\t\"startDate\": \"2026-4-26\",\n\t\t\t\t\"endDate\": \"2026-4-30\",\n\t\t\t\t\"image\":\"\", \n\t\t\t\t\"description\":\"<p>Over the past decades, interventional oncology (IO) has established itself as the fourth pillar of cancer care next to surgical, medical, and radiation oncology. Since 2008, CIRSE has been hosting the European Conference on Interventional Oncology (ECIO) as the prime multidisciplinary platform for knowledge exchange in the field, bringing together a growing community of experts on minimally invasive cancer care.<\/p> <p>In order to strengthen multidisciplinary cooperation within the MDT, ECIO\u2019s Collaborating Against Cancer Initiative allows congress delegates to bring their non-radiologist colleagues at no extra charge, a truly unique initiative which has been taken up by many teams over the years.<\/p> <p>Join more than 1,400 delegates from around the world for a multidisciplinary programme covering all aspects of IO through the lens of MDT cooperation!<\/p> <p>ECIO 2026 will take place in Basel, Switzerland, from April 26-30. We hope to see you there!<\/p> <p><a href='https:\/\/www.ecio.org\/about\/what-is-ecio\/'>More Info<\/a><\/p> \",\"location\":[{\"@type\":\"Place\",\"name\":\"Congress Center Basel\",\"address\":{\"@type\": \"PostalAddress\",\"streetAddress\":\"Messeplatz 21\"}}],\"organizer\":[{\"@type\":\"Organization\",\"name\":\"CIRSE\"}]}<\/script><\/div>\r\n\t\t\t\t<p class=\"desc_trig_outter\" style=\"\"><a data-gmap_status=\"null\" data-exlk=\"0\" style=\"background-color: #004961;\" id=\"evc_177715440019226\" href=\"#\" class=\"desc_trig mul_val evcal_list_a allday\" data-ux_val=\"1\" data-ux_val_mob=\"-\"  ><span class='evoet_c2 evoet_cx '><span class='evoet_dayblock evcal_cblock ' data-bgcolor='#004961' data-smon='April' data-syr='2026' data-bub=''><span class='evo_start  evofxdrc'><em class='day'>So<\/em><em class='date'>26<\/em><em class='month'>Apr<\/em><em class='time'>ganztags<\/em><\/span><span class='evo_end  evofxdrc'><em class='day'>Do<\/em><em class='date'>30<\/em><\/span><\/span><\/span><span class='evoet_c3 evoet_cx evcal_desc hide_eventtopdata '><span class='evoet_title evcal_desc2 evcal_event_title ' itemprop='name'>ECIO - European Conference on Interventional Oncology<\/span><span class='event_location_attrs'  data-location_address=\"Messeplatz 21\" data-location_type=\"address\" data-location_name=\"Congress Center Basel\" data-location_url=\"https:\/\/sgr-ssr.ch\/fr\/event-location\/congress-center-basel\/\" data-location_status=\"true\" data-locid=\"520\"><\/span><span class='evoet_cy evoet_subtitle evo_below_title' ><span class='evcal_event_subtitle ' >30 Credits<\/span><\/span><\/span><span class='evoet_data' data-d=\"{&quot;loc.n&quot;:&quot;Congress Center Basel&quot;,&quot;orgs&quot;:{&quot;657&quot;:&quot;CIRSE&quot;},&quot;tags&quot;:[]}\" data-bgc=\"#004961\" data-bggrad=\"\" ><\/span><\/a><\/p><div class='event_description evcal_eventcard ' style=\"display:none\"><div class='evocard_row'><div id='event_eventdetails' class='evocard_box eventdetails' data-c='' \n\t\t\t\t\tstyle=''><div class=\"evo_metarow_details evorow evcal_evdata_row evcal_event_details\">\n    <div class=\"event_excerpt\" style=\"display:none\"><h3 class=\"padb5 evo_h3\">Veranstaltungsdetails<\/h3><p>Over the past decades, interventional oncology (IO) has established itself as the fourth pillar of cancer care next to surgical, medical, and radiation oncology. Since 2008, CIRSE has been hosting<\/p><\/div><span class='evcal_evdata_icons'><i class='fa fa-align-justify'><\/i><\/span>    <div class=\"evcal_evdata_cell shorter_desc\">\n        <div class=\"eventon_full_description\">\n            <h3 class=\"padb5 evo_h3\"><span class='evcal_evdata_icons'><i class='fa fa-align-justify'><\/i><\/span>Veranstaltungsdetails<\/h3>\n            <div class=\"eventon_desc_in\" itemprop=\"description\">\n                <p>Over the past decades, interventional oncology (IO) has established itself as the fourth pillar of cancer care next to surgical, medical, and radiation oncology. Since 2008, CIRSE has been hosting the European Conference on Interventional Oncology (ECIO) as the prime multidisciplinary platform for knowledge exchange in the field, bringing together a growing community of experts on minimally invasive cancer care.<\/p>\n<p>In order to strengthen multidisciplinary cooperation within the MDT, ECIO\u2019s Collaborating Against Cancer Initiative allows congress delegates to bring their non-radiologist colleagues at no extra charge, a truly unique initiative which has been taken up by many teams over the years.<\/p>\n<p>Join more than 1,400 delegates from around the world for a multidisciplinary programme covering all aspects of IO through the lens of MDT cooperation!<\/p>\n<p>ECIO 2026 will take place in Basel, Switzerland, from April 26-30. We hope to see you there!<\/p>\n<p><a href=\"https:\/\/www.ecio.org\/about\/what-is-ecio\/\">More Info<\/a><\/p>\n            <\/div>\n            <p class='eventon_shad_p' style='padding:5px 0 0; margin:0'><button class='evcal_btn evo_btn_secondary evobtn_details_show_more' content='less'><span class='ev_more_text' data-txt='weniger'>mehr<\/span><span class='ev_more_arrow ard'><\/span><\/button><\/p><div class='clear'><\/div>        <\/div>\n    <\/div>\n<\/div><\/div><\/div><!-- row close --><div class='evocard_row bx2 bx'><div id='event_time' class='evocard_box time' data-c='' \n\t\t\t\t\tstyle=''><div class='evo_metarow_time evorow evcal_evdata_row evcal_evrow_sm '>\n\t\t<span class='evcal_evdata_icons'><i class='fa fa-clock-o'><\/i><\/span>\n\t\t<div class='evcal_evdata_cell'>\t\t\t\t\t\t\t\n\t\t\t<h3 class='evo_h3'><span class='evcal_evdata_icons'><i class='fa fa-clock-o'><\/i><\/span>Zeit<\/h3><div><span class='evo_eventcard_time_t evogap5 evofxww'><span class=\"start\">26 April 2026<\/span>  - <span class=\"end\">30 April 2026<\/span> (ganztags)<\/span><span class='evo_tz marr5'>(GMT+02:00)<\/span><\/div>\n\t\t<\/div>\n\t<\/div><\/div><div id='event_location' class='evocard_box location' data-c='' \n\t\t\t\t\tstyle=''><div class='evcal_evdata_row evo_metarow_time_location evorow '>\n\t\t\n\t\t\t<span class='evcal_evdata_icons'><i class='fa fa-map-marker'><\/i><\/span>\n\t\t\t<div class='evcal_evdata_cell' data-loc_tax_id='520'><h3 class='evo_h3 evodfx'><span class='evcal_evdata_icons'><i class='fa fa-map-marker'><\/i><\/span>Ort<\/h3><p class='evo_location_name'>Congress Center Basel<\/p><p class='evo_location_address evodfxi evogap10'>Messeplatz 21<\/p><div class='padt10'><span class='evo_btn_arr evolb_trigger' data-lbvals=\"{&quot;lbdata&quot;:{&quot;class&quot;:&quot;evo_location_lb_520&quot;,&quot;additional_class&quot;:&quot;lb_max&quot;,&quot;title&quot;:&quot;Congress Center Basel&quot;},&quot;adata&quot;:{&quot;a&quot;:&quot;eventon_get_tax_card_content&quot;,&quot;end&quot;:&quot;client&quot;,&quot;data&quot;:{&quot;lang&quot;:&quot;L1&quot;,&quot;term_id&quot;:520,&quot;tax&quot;:&quot;event_location&quot;,&quot;load_lbcontent&quot;:true}},&quot;uid&quot;:&quot;eventon_get_tax_card_content&quot;}\" >Other Events<i class='fa fa-chevron-right' aria-hidden='true'><\/i><\/span><\/div><\/div>\n\t\t\n\t<\/div><\/div><\/div><!-- row close --><div class='evocard_row'><div id='event_organizer' class='evocard_box organizer' data-c='' \n\t\t\t\t\tstyle=''><div class='evo_metarow_organizer evorow evcal_evdata_row evcal_evrow_sm '>\n\t\t<span class='evcal_evdata_icons'><i class='fa fa-headphones'><\/i><\/span>\n\t\t<div class='evcal_evdata_cell'>\t\t\t\t\t\t\t\n\t\t\t<h3 class='evo_h3'>Veranstalter<\/h3><div class='evo_evdata_cell_content evodfx evofx_ww evofx_dr_r evogap15'><div class='evo_card_organizer evofx_1'><h4 class='evo_org_name evo_h4 marb5 evottui evocl1i evopadb10i'><span class='evo_card_organizer_name_t marb5'><a  href='https:\/\/sgr-ssr.ch\/fr\/event-organizer\/cirse\/' class='evocl1i'>CIRSE<\/a><\/span><\/h4><p class='evo_card_organizer_more evomart10i'><a class='evolb_trigger evo_btn_arr mart10' data-lbvals=\"{&quot;lbc&quot;:&quot;evo_organizer_lb&quot;,&quot;lbac&quot;:&quot;lb_max&quot;,&quot;preload_temp_key&quot;:&quot;preload_taxlb&quot;,&quot;t&quot;:&quot;CIRSE&quot;,&quot;ajax&quot;:&quot;yes&quot;,&quot;ajax_type&quot;:&quot;endpoint&quot;,&quot;ajax_action&quot;:&quot;eventon_get_tax_card_content&quot;,&quot;end&quot;:&quot;client&quot;,&quot;d&quot;:{&quot;eventid&quot;:19226,&quot;ri&quot;:0,&quot;term_id&quot;:657,&quot;tax&quot;:&quot;event_organizer&quot;,&quot;load_lbcontent&quot;:true}}\" >Learn More<i class='fa fa-chevron-right'><\/i><\/a><\/p><\/div><!-- evo_card_organizer--><\/div><\/div>\t<\/div><\/div><\/div><!-- row close --><div class='evocard_row bx2 bx'><div id='event_learnmore' class='evocard_box learnmore' data-c='' \n\t\t\t\t\tstyle=''><div class='evo_metarow_learnM evo_metarow_learnmore evorow'>\n\t\t\t\t\t\t\t<a class='evcal_evdata_row evo_clik_row ' href='https:\/\/www.ecio.org\/about\/what-is-ecio\/' >\n\t\t\t\t\t\t\t\t<span class='evcal_evdata_icons'><i class='fa fa-link'><\/i><\/span>\n\t\t\t\t\t\t\t\t<h3 class='evo_h3'>Mehr Infos \/ Anmeldung<\/h3>\n\t\t\t\t\t\t\t<\/a>\n\t\t\t\t\t\t\t<\/div><\/div><div id='event_addtocal' class='evocard_box addtocal' data-c='' \n\t\t\t\t\tstyle=''><div class='evo_metarow_ICS evorow evcal_evdata_row'>\n\t\t\t<span class='evcal_evdata_icons'><i class='fa fa-calendar-o'><\/i><\/span>\n\t\t\t<div class='evcal_evdata_cell'>\n\t\t\t\t<p><a href='https:\/\/sgr-ssr.ch\/fr\/export-events\/19226_0\/?key=cd75fe199f' rel='nofollow' class='evo_ics_nCal' title='Add to your calendar'>Calendar<\/a><a href='https:\/\/www.google.com\/calendar\/event?action=TEMPLATE&text=ECIO%20-%20European%20Conference%20on%20Interventional%20Oncology&dates=20260425T220000Z\/20260430T215959Z&ctz=Europe%2FVienna&details=ECIO%20-%20European%20Conference%20on%20Interventional%20Oncology&location=Congress%20Center%20Basel%20Messeplatz%2021' target='_blank' rel='nofollow' class='evo_ics_gCal' title='Add to google calendar'>GoogleCal<\/a><\/p>\t\n\t\t\t<\/div>\n\t\t<\/div><\/div><\/div><!-- row close --><div class='evocard_row'><div id='event_getdirection' class='evocard_box getdirection' data-c='' \n\t\t\t\t\tstyle=''><div class='evo_metarow_getDr evorow evcal_evdata_row evcal_evrow_sm getdirections'>\n\t\t<form action='https:\/\/maps.google.com\/maps' method='get' target='_blank'>\n\t\t\t<input type='hidden' name='daddr' value=\"Messeplatz 21\"\/> \n\t\t\t<div class='evo_get_direction_content evo_fx_dr_r evogap10'>\n\t\t\t\t<span class='evogetdir_header evodfx evofxdrr evofxaic evogap10'>\n\t\t\t\t\t<i class='mainicon fa fa-road evofz24i'><\/i> \n\t\t\t\t\t<h3 class='evo_h3 evopad0i' style='padding-bottom:5px;'>Get Directions<\/h3>\n\t\t\t\t<\/span>\n\t\t\t\t<span class='evogetdir_field evodfx evofx_1_1 evow100p'>\t\n\t\t\t\t\t<label for='69f31a6020e8a' class='evo_aria_ready sr-only'>Address - ECIO - European Conference on Interventional Oncology []<\/label>\t\t\t\t\n\t\t\t\t\t<input id='69f31a6020e8a' class='evo_aria_ready_match evoInput2 evobr10 evow100p evopad10 evoff_2 evofz14i evobrdB1 evoboxbb' type='text' name='saddr' placeholder='Ihre Adresse' value='' style='' aria-label='Address - ECIO - European Conference on Interventional Oncology []' \/>\n\t\t\t\t<\/span>\n\t\t\t\t<div class='evodfx evofxdrr evofxaic evogap10'>\n\t\t\t\t\t<i class='fa fa-location-dot'><\/i>\n\t\t\t\t\t<div class='evoposr evofx_1 evoh100p'><label for='69f31a6020e8a' class='evo_aria_ready sr-only'>Destination Address - ECIO - European Conference on Interventional Oncology []<\/label>\t\t\n\t\t\t\t\t\t<input id='69f31a6020e8a' class='evo_aria_ready_match evoInput2 evobr10 evow100p evopad5-10 evoff_2 evofz14i evobrdB1 evoop5 evoboxbb evoh100p' type='text' style='' readonly value='Messeplatz 21' aria-label='Destination Address - ECIO - European Conference on Interventional Oncology []'\/><button class='evo_copy_address evobuttonA evocurp evohoop7 evoposa evopad5' style='right: 3px; top: 4px; background-color: #fff;' data-txt='Messeplatz 21' data-t='Address copied to clipboard!'><i class='far fa-copy evofz16i' title='Copy Destination Address!'><\/i><\/button>\n\t\t\t\t\t<\/div>\n\t\t\t\t\t<button type='submit' class='evo_get_direction_button evcal_btn dfx evofxaic evocurp evohoop7' title='Hier klicken f\u00fcr Wegbeschreibung' style='    padding: 10px 15px !important;'><i class='fa fa-chevron-right'><\/i> <\/button>\n\t\t\t\t<\/div>\n\t\t\t<\/div>\n\t\t<\/form>\n\t<\/div><\/div><\/div><!-- row close --><button class='evo_card_row_end evcal_close' title='Close'><\/button><\/div><div class='clear end'><\/div><\/div><\/div><div class='evcal_month_line' data-d='eml_5_2026' data-su='1777586400'><p>Mai<\/p><\/div><div class='sep_month_events ' data-d='eml_5_2026' data-range='1777586400_1780264799'><div id=\"event_18957_0\" class=\"eventon_list_event evo_eventtop scheduled  event clrW event_18957_0\" data-event_id=\"18957\" data-ri=\"0r\" data-time=\"1769900400-1801436399\" data-colr=\"#4bb5d8\" itemscope itemtype='http:\/\/schema.org\/Event'><div class=\"evo_event_schema\" style=\"display:none\" ><a itemprop='url'  href='https:\/\/sgr-ssr.ch\/fr\/events\/cas-in-artificial-intelligence-in-medical-imaging-der-universitaet-bern\/'><\/a><meta itemprop='image'  \/><meta itemprop='startDate' content=\"2026-2-1\" \/><meta itemprop='endDate' content=\"2027-1-31\" \/><meta itemprop='eventStatus' content=\"https:\/\/schema.org\/EventScheduled\" \/><meta itemprop='eventAttendanceMode'   itemscope itemtype=\"https:\/\/schema.org\/OfflineEventAttendanceMode\"\/><script type=\"application\/ld+json\">{\"@context\": \"http:\/\/schema.org\",\"@type\": \"Event\",\n\t\t\t\t\"@id\": \"event_18957_0\",\n\t\t\t\t\"eventAttendanceMode\":\"https:\/\/schema.org\/OfflineEventAttendanceMode\",\n\t\t\t\t\"eventStatus\":\"https:\/\/schema.org\/EventScheduled\",\n\t\t\t\t\"name\": \"CAS in Artificial Intelligence in Medical Imaging der Universit\u00e4t Bern\",\n\t\t\t\t\"url\": \"https:\/\/sgr-ssr.ch\/fr\/events\/cas-in-artificial-intelligence-in-medical-imaging-der-universitaet-bern\/\",\n\t\t\t\t\"startDate\": \"2026-2-1\",\n\t\t\t\t\"endDate\": \"2027-1-31\",\n\t\t\t\t\"image\":\"\", \n\t\t\t\t\"description\":\"<p>Der CAS AIMI ist ein einj\u00e4hriges, berufsbegleitendes Programm f\u00fcr Fachpersonen aus unterschiedlichen Dom\u00e4nen der medizinischen Bildgebung. Teilnehmende werden dazu bef\u00e4higt, die Entwicklung, Anwendung und Evaluation von KI-Algorithmen in ihrem Klinikalltag zu begleiten. Das fundierte Wissen wird durch unsere Fakult\u00e4t bestehend aus Experten der Akademie, Klinik und Industrie vermittelt. Ein individuelles KI-Projekt erlaubt es, die erworbenen Kenntnisse direkt auf praxisnahe Fragestellungen zu \u00fcbertragen.<\/p> <p>Das Programm wird in englischer Sprache unterrichtet und deckt unter anderem folgende Themen ab:<\/p> <ul> <li>Entwicklung &amp; Validierung von KI<\/li> <li>KI-Applikationen im klinischen Alltag<\/li> <li>Umgang mit K\u00fcnstlicher Intelligenz<\/li> <li>Rechtliche und ethische Herausforderungen<\/li> <\/ul> <p>Die n\u00e4chste Durchf\u00fchrung des CAS AIMI ist f\u00fcr Februar 2026 vorgesehen. Die Anmeldefrist l\u00e4uft noch bis zum 15. Dezember 2025.<\/p> <p><a href='https:\/\/sgr-ssr.ch\/wp-content\/uploads\/2025\/11\/CAS-AIMI-Program-One-Pager.pdf' target='_blank' rel='noopener noreferrer'>Flyer<\/a><\/p> <p><a href='https:\/\/www.unibe.ch\/continuing_education_programs\/cas_in_artificial_intelligence_in_medical_imaging\/index_eng.html' target='_blank' rel='noopener noreferrer'>Webseite<\/a><\/p> <p><a href='mailto:school.sitem@unibe.ch'>Kontakt<\/a><\/p> \"}<\/script><\/div>\r\n\t\t\t\t<p class=\"desc_trig_outter\" style=\"\"><a data-gmap_status=\"null\" data-exlk=\"0\" style=\"background-color: #4bb5d8;\" id=\"evc_176990040018957\" href=\"#\" class=\"desc_trig mul_val evcal_list_a allday\" data-ux_val=\"1\" data-ux_val_mob=\"-\"  ><span class='evoet_c2 evoet_cx '><span class='evoet_dayblock evcal_cblock ' data-bgcolor='#4bb5d8' data-smon='Februar' data-syr='2026' data-bub=''><span class='evo_start  evofxdrc'><em class='day'>So<\/em><em class='date'>01<\/em><em class='month'>Feb<\/em><em class='time'>ganztags<\/em><\/span><span class='evo_end  evofxdrc'><em class='day'>So<\/em><em class='date'>31<\/em><em class='month'>Jan<\/em><\/span><\/span><\/span><span class='evoet_c3 evoet_cx evcal_desc hide_eventtopdata '><span class='evoet_title evcal_desc2 evcal_event_title ' itemprop='name'>CAS in Artificial Intelligence in Medical Imaging der Universit\u00e4t Bern<\/span><\/span><span class='evoet_data' data-d=\"{&quot;loc.n&quot;:&quot;&quot;,&quot;orgs&quot;:[],&quot;tags&quot;:[]}\" data-bgc=\"#4bb5d8\" data-bggrad=\"\" ><\/span><\/a><\/p><div class='event_description evcal_eventcard ' style=\"display:none\"><div class='evocard_row'><div id='event_eventdetails' class='evocard_box eventdetails' data-c='' \n\t\t\t\t\tstyle=''><div class=\"evo_metarow_details evorow evcal_evdata_row evcal_event_details\">\n    <div class=\"event_excerpt\" style=\"display:none\"><h3 class=\"padb5 evo_h3\">Veranstaltungsdetails<\/h3><p>Der CAS AIMI ist ein einj\u00e4hriges, berufsbegleitendes Programm f\u00fcr Fachpersonen aus unterschiedlichen Dom\u00e4nen der medizinischen Bildgebung. Teilnehmende werden dazu bef\u00e4higt, die Entwicklung, Anwendung und Evaluation von KI-Algorithmen in ihrem Klinikalltag<\/p><\/div><span class='evcal_evdata_icons'><i class='fa fa-align-justify'><\/i><\/span>    <div class=\"evcal_evdata_cell shorter_desc\">\n        <div class=\"eventon_full_description\">\n            <h3 class=\"padb5 evo_h3\"><span class='evcal_evdata_icons'><i class='fa fa-align-justify'><\/i><\/span>Veranstaltungsdetails<\/h3>\n            <div class=\"eventon_desc_in\" itemprop=\"description\">\n                <p>Der CAS AIMI ist ein einj\u00e4hriges, berufsbegleitendes Programm f\u00fcr Fachpersonen aus unterschiedlichen Dom\u00e4nen der medizinischen Bildgebung. Teilnehmende werden dazu bef\u00e4higt, die Entwicklung, Anwendung und Evaluation von KI-Algorithmen in ihrem Klinikalltag zu begleiten. Das fundierte Wissen wird durch unsere Fakult\u00e4t bestehend aus Experten der Akademie, Klinik und Industrie vermittelt. Ein individuelles KI-Projekt erlaubt es, die erworbenen Kenntnisse direkt auf praxisnahe Fragestellungen zu \u00fcbertragen.<\/p>\n<p>Das Programm wird in englischer Sprache unterrichtet und deckt unter anderem folgende Themen ab:<\/p>\n<ul>\n<li>Entwicklung &amp; Validierung von KI<\/li>\n<li>KI-Applikationen im klinischen Alltag<\/li>\n<li>Umgang mit K\u00fcnstlicher Intelligenz<\/li>\n<li>Rechtliche und ethische Herausforderungen<\/li>\n<\/ul>\n<p>Die n\u00e4chste Durchf\u00fchrung des CAS AIMI ist f\u00fcr Februar 2026 vorgesehen. Die Anmeldefrist l\u00e4uft noch bis zum 15. Dezember 2025.<\/p>\n<p><a href=\"https:\/\/sgr-ssr.ch\/wp-content\/uploads\/2025\/11\/CAS-AIMI-Program-One-Pager.pdf\" target=\"_blank\" rel=\"noopener noreferrer\">Flyer<\/a><\/p>\n<p><a href=\"https:\/\/www.unibe.ch\/continuing_education_programs\/cas_in_artificial_intelligence_in_medical_imaging\/index_eng.html\" target=\"_blank\" rel=\"noopener noreferrer\">Webseite<\/a><\/p>\n<p><a href=\"mailto:school.sitem@unibe.ch\">Kontakt<\/a><\/p>\n            <\/div>\n            <p class='eventon_shad_p' style='padding:5px 0 0; margin:0'><button class='evcal_btn evo_btn_secondary evobtn_details_show_more' content='less'><span class='ev_more_text' data-txt='weniger'>mehr<\/span><span class='ev_more_arrow ard'><\/span><\/button><\/p><div class='clear'><\/div>        <\/div>\n    <\/div>\n<\/div><\/div><\/div><!-- row close --><div class='evocard_row'><div id='event_time' class='evocard_box time' data-c='' \n\t\t\t\t\tstyle=''><div class='evo_metarow_time evorow evcal_evdata_row evcal_evrow_sm '>\n\t\t<span class='evcal_evdata_icons'><i class='fa fa-clock-o'><\/i><\/span>\n\t\t<div class='evcal_evdata_cell'>\t\t\t\t\t\t\t\n\t\t\t<h3 class='evo_h3'><span class='evcal_evdata_icons'><i class='fa fa-clock-o'><\/i><\/span>Zeit<\/h3><div><span class='evo_eventcard_time_t evogap5 evofxww'><span class='start'>1 Februar 2026<\/span> - <span class='end'>31 Januar 2027<\/span> (ganztags)<\/span><span class='evo_tz marr5'>(GMT+01:00)<\/span><\/div>\n\t\t<\/div>\n\t<\/div><\/div><\/div><!-- row close --><div class='evocard_row bx2 bx'><div id='event_learnmore' class='evocard_box learnmore' data-c='' \n\t\t\t\t\tstyle=''><div class='evo_metarow_learnM evo_metarow_learnmore evorow'>\n\t\t\t\t\t\t\t<a class='evcal_evdata_row evo_clik_row ' href='https:\/\/www.unibe.ch\/continuing_education_programs\/cas_in_artificial_intelligence_in_medical_imaging\/index_eng.html' target=\"_blank\">\n\t\t\t\t\t\t\t\t<span class='evcal_evdata_icons'><i class='fa fa-link'><\/i><\/span>\n\t\t\t\t\t\t\t\t<h3 class='evo_h3'>Mehr Infos \/ Anmeldung<\/h3>\n\t\t\t\t\t\t\t<\/a>\n\t\t\t\t\t\t\t<\/div><\/div><div id='event_addtocal' class='evocard_box addtocal' data-c='' \n\t\t\t\t\tstyle=''><div class='evo_metarow_ICS evorow evcal_evdata_row'>\n\t\t\t<span class='evcal_evdata_icons'><i class='fa fa-calendar-o'><\/i><\/span>\n\t\t\t<div class='evcal_evdata_cell'>\n\t\t\t\t<p><a href='https:\/\/sgr-ssr.ch\/fr\/export-events\/18957_0\/?key=cd75fe199f' rel='nofollow' class='evo_ics_nCal' title='Add to your calendar'>Calendar<\/a><a href='https:\/\/www.google.com\/calendar\/event?action=TEMPLATE&text=CAS%20in%20Artificial%20Intelligence%20in%20Medical%20Imaging%20der%20Universit%C3%A4t%20Bern&dates=20260131T230000Z\/20270131T225959Z&ctz=Europe%2FVienna&details=CAS%20in%20Artificial%20Intelligence%20in%20Medical%20Imaging%20der%20Universit%C3%A4t%20Bern&location=' target='_blank' rel='nofollow' class='evo_ics_gCal' title='Add to google calendar'>GoogleCal<\/a><\/p>\t\n\t\t\t<\/div>\n\t\t<\/div><\/div><\/div><!-- row close --><button class='evo_card_row_end evcal_close' title='Close'><\/button><\/div><div class='clear end'><\/div><\/div><div id=\"event_19400_0\" class=\"eventon_list_event evo_eventtop scheduled  event clrD event_19400_0\" data-event_id=\"19400\" data-ri=\"0r\" data-time=\"1777998600-1778005800\" data-colr=\"#004961\" itemscope itemtype='http:\/\/schema.org\/Event'><div class=\"evo_event_schema\" style=\"display:none\" ><a itemprop='url'  href='https:\/\/sgr-ssr.ch\/fr\/events\/colloque-de-formation-continue-pour-les-professionnels-de-sante-partenaires-du-programme-de-depistage-du-cancer-du-sein-bejune\/'><\/a><meta itemprop='image'  \/><meta itemprop='startDate' content=\"2026-5-5T18:30+0:00\" \/><meta itemprop='endDate' content=\"2026-5-5T20:30+0:00\" \/><meta itemprop='eventStatus' content=\"https:\/\/schema.org\/EventScheduled\" \/><meta itemprop='eventAttendanceMode'   itemscope itemtype=\"https:\/\/schema.org\/OnlineEventAttendanceMode\"\/><div itemprop=\"organizer\" itemscope=\"\" itemtype=\"http:\/\/schema.org\/Organization\"><meta itemprop=\"name\" content=\"ADC BEJUNE\">\n\t\t\t\t    \t<\/div><div itemprop=\"performer\" itemscope=\"\" itemtype=\"http:\/\/schema.org\/Person\"><meta itemprop=\"name\" content=\"ADC BEJUNE\"><\/div><script type=\"application\/ld+json\">{\"@context\": \"http:\/\/schema.org\",\"@type\": \"Event\",\n\t\t\t\t\"@id\": \"event_19400_0\",\n\t\t\t\t\"eventAttendanceMode\":\"https:\/\/schema.org\/OnlineEventAttendanceMode\",\n\t\t\t\t\"eventStatus\":\"https:\/\/schema.org\/EventScheduled\",\n\t\t\t\t\"name\": \"Colloque de formation continue pour les professionnels de sant\u00e9 partenaires du programme de d\u00e9pistage du cancer du sein BEJUNE\",\n\t\t\t\t\"url\": \"https:\/\/sgr-ssr.ch\/fr\/events\/colloque-de-formation-continue-pour-les-professionnels-de-sante-partenaires-du-programme-de-depistage-du-cancer-du-sein-bejune\/\",\n\t\t\t\t\"startDate\": \"2026-5-5T18:30+0:00\",\n\t\t\t\t\"endDate\": \"2026-5-5T20:30+0:00\",\n\t\t\t\t\"image\":\"\", \n\t\t\t\t\"description\":\"<p>1) Pr\u00e9sentation de sujets sp\u00e9cifiques par des professionnel-le-s de sant\u00e9 externes sp\u00e9cialis\u00e9-e-s<br \/> dans le suivi et la prise en charge s\u00e9nologique.<br \/> 2) Pr\u00e9sentation de cas pratiques en mammographie de d\u00e9pistage \u2013 revue de nouveaux cas lors de<br \/> chaque colloque, notamment faux n\u00e9gatifs, faux positifs, cancers d\u00e9pist\u00e9s, cancers<br \/> d\u2019intervalle, microcalcifications, etc.<br \/> 3) Discussion des cas, confrontation des avis entre les participant-e-s dans un but de formation et<br \/> d\u2019am\u00e9lioration continue.<br \/> 4) Divers.<\/p> <p><a href='https:\/\/sgr-ssr.ch\/wp-content\/uploads\/2026\/03\/Programme-formation-continue-colloques-2026-ADC-BEJUNE.pdf' target='_blank' rel='noopener noreferrer'>programme<\/a><\/p> <p><a href='mailto:info@adc-bejune.ch' target='_blank' rel='noopener noreferrer'>contacte<\/a><\/p> \",\"organizer\":[{\"@type\":\"Organization\",\"name\":\"ADC BEJUNE\"}]}<\/script><\/div>\r\n\t\t\t\t<p class=\"desc_trig_outter\" style=\"\"><a data-gmap_status=\"null\" data-exlk=\"0\" style=\"background-color: #004961;\" id=\"evc_177799860019400\" href=\"#\" class=\"desc_trig sin_val evcal_list_a\" data-ux_val=\"1\" data-ux_val_mob=\"-\"  ><span class='evoet_c2 evoet_cx '><span class='evoet_dayblock evcal_cblock ' data-bgcolor='#004961' data-smon='Mai' data-syr='2026' data-bub=''><span class='evo_start  evofxdrc'><em class='day'>Di<\/em><em class='date'>05<\/em><em class='month'>Mai<\/em><em class='time'>18 h 30 min<\/em><\/span><span class='evo_end only_time evofxdrc'><em class='time'>20 h 30 min<\/em><\/span><\/span><\/span><span class='evoet_c3 evoet_cx evcal_desc hide_eventtopdata '><span class='evoet_title evcal_desc2 evcal_event_title ' itemprop='name'>Colloque de formation continue pour les professionnels de sant\u00e9 partenaires du programme de d\u00e9pistage du cancer du sein BEJUNE<\/span><span class='evoet_cy evoet_subtitle evo_below_title' ><span class='evcal_event_subtitle ' >2 credits<\/span><\/span><\/span><span class='evoet_data' data-d=\"{&quot;loc.n&quot;:&quot;&quot;,&quot;orgs&quot;:{&quot;669&quot;:&quot;ADC BEJUNE&quot;},&quot;tags&quot;:{&quot;vir&quot;:&quot;Virtual Event&quot;}}\" data-bgc=\"#004961\" data-bggrad=\"\" ><\/span><\/a><\/p><div class='event_description evcal_eventcard ' style=\"display:none\"><div class='evocard_row'><div id='event_eventdetails' class='evocard_box eventdetails' data-c='' \n\t\t\t\t\tstyle=''><div class=\"evo_metarow_details evorow evcal_evdata_row evcal_event_details\">\n    <div class=\"event_excerpt\" style=\"display:none\"><h3 class=\"padb5 evo_h3\">Veranstaltungsdetails<\/h3><p>1) Pr\u00e9sentation de sujets sp\u00e9cifiques par des professionnel-le-s de sant\u00e9 externes sp\u00e9cialis\u00e9-e-s\ndans le suivi et la prise en charge s\u00e9nologique.\n2) Pr\u00e9sentation de cas pratiques en mammographie de d\u00e9pistage<\/p><\/div><span class='evcal_evdata_icons'><i class='fa fa-align-justify'><\/i><\/span>    <div class=\"evcal_evdata_cell shorter_desc\">\n        <div class=\"eventon_full_description\">\n            <h3 class=\"padb5 evo_h3\"><span class='evcal_evdata_icons'><i class='fa fa-align-justify'><\/i><\/span>Veranstaltungsdetails<\/h3>\n            <div class=\"eventon_desc_in\" itemprop=\"description\">\n                <p>1) Pr\u00e9sentation de sujets sp\u00e9cifiques par des professionnel-le-s de sant\u00e9 externes sp\u00e9cialis\u00e9-e-s<br \/>\ndans le suivi et la prise en charge s\u00e9nologique.<br \/>\n2) Pr\u00e9sentation de cas pratiques en mammographie de d\u00e9pistage \u2013 revue de nouveaux cas lors de<br \/>\nchaque colloque, notamment faux n\u00e9gatifs, faux positifs, cancers d\u00e9pist\u00e9s, cancers<br \/>\nd\u2019intervalle, microcalcifications, etc.<br \/>\n3) Discussion des cas, confrontation des avis entre les participant-e-s dans un but de formation et<br \/>\nd\u2019am\u00e9lioration continue.<br \/>\n4) Divers.<\/p>\n<p><a href=\"https:\/\/sgr-ssr.ch\/wp-content\/uploads\/2026\/03\/Programme-formation-continue-colloques-2026-ADC-BEJUNE.pdf\" target=\"_blank\" rel=\"noopener noreferrer\">programme<\/a><\/p>\n<p><a href=\"mailto:info@adc-bejune.ch\" target=\"_blank\" rel=\"noopener noreferrer\">contacte<\/a><\/p>\n            <\/div>\n            <p class='eventon_shad_p' style='padding:5px 0 0; margin:0'><button class='evcal_btn evo_btn_secondary evobtn_details_show_more' content='less'><span class='ev_more_text' data-txt='weniger'>mehr<\/span><span class='ev_more_arrow ard'><\/span><\/button><\/p><div class='clear'><\/div>        <\/div>\n    <\/div>\n<\/div><\/div><\/div><!-- row close --><div class='evocard_row'><div id='event_time' class='evocard_box time' data-c='' \n\t\t\t\t\tstyle=''><div class='evo_metarow_time evorow evcal_evdata_row evcal_evrow_sm '>\n\t\t<span class='evcal_evdata_icons'><i class='fa fa-clock-o'><\/i><\/span>\n\t\t<div class='evcal_evdata_cell'>\t\t\t\t\t\t\t\n\t\t\t<h3 class='evo_h3'><span class='evcal_evdata_icons'><i class='fa fa-clock-o'><\/i><\/span>Zeit<\/h3><div><span class='evo_eventcard_time_t evogap5 evofxww'><span class=\"start\">5 Mai 2026<\/span> <span class=\"stime\">18 h 30 min<\/span> - <span class=\"etime\">20 h 30 min<\/span><\/span><span class='evo_tz marr5'>(GMT+02:00)<\/span><\/div>\n\t\t<\/div>\n\t<\/div><\/div><\/div><!-- row close --><div class='evocard_row'><div id='event_organizer' class='evocard_box organizer' data-c='' \n\t\t\t\t\tstyle=''><div class='evo_metarow_organizer evorow evcal_evdata_row evcal_evrow_sm '>\n\t\t<span class='evcal_evdata_icons'><i class='fa fa-headphones'><\/i><\/span>\n\t\t<div class='evcal_evdata_cell'>\t\t\t\t\t\t\t\n\t\t\t<h3 class='evo_h3'>Veranstalter<\/h3><div class='evo_evdata_cell_content evodfx evofx_ww evofx_dr_r evogap15'><div class='evo_card_organizer evofx_1'><h4 class='evo_org_name evo_h4 marb5 evottui evocl1i evopadb10i'><span class='evo_card_organizer_name_t marb5'><a  href='https:\/\/sgr-ssr.ch\/fr\/event-organizer\/adc-bejune\/' class='evocl1i'>ADC BEJUNE<\/a><\/span><\/h4><p class='evo_card_organizer_more evomart10i'><a class='evolb_trigger evo_btn_arr mart10' data-lbvals=\"{&quot;lbc&quot;:&quot;evo_organizer_lb&quot;,&quot;lbac&quot;:&quot;lb_max&quot;,&quot;preload_temp_key&quot;:&quot;preload_taxlb&quot;,&quot;t&quot;:&quot;ADC BEJUNE&quot;,&quot;ajax&quot;:&quot;yes&quot;,&quot;ajax_type&quot;:&quot;endpoint&quot;,&quot;ajax_action&quot;:&quot;eventon_get_tax_card_content&quot;,&quot;end&quot;:&quot;client&quot;,&quot;d&quot;:{&quot;eventid&quot;:19400,&quot;ri&quot;:0,&quot;term_id&quot;:669,&quot;tax&quot;:&quot;event_organizer&quot;,&quot;load_lbcontent&quot;:true}}\" >Learn More<i class='fa fa-chevron-right'><\/i><\/a><\/p><\/div><!-- evo_card_organizer--><\/div><\/div>\t<\/div><\/div><\/div><!-- row close --><div class='evocard_row bx2 bx'><div id='event_learnmore' class='evocard_box learnmore' data-c='' \n\t\t\t\t\tstyle=''><div class='evo_metarow_learnM evo_metarow_learnmore evorow'>\n\t\t\t\t\t\t\t<a class='evcal_evdata_row evo_clik_row ' href='https:\/\/depistage-bejune.ch\/' target=\"_blank\">\n\t\t\t\t\t\t\t\t<span class='evcal_evdata_icons'><i class='fa fa-link'><\/i><\/span>\n\t\t\t\t\t\t\t\t<h3 class='evo_h3'>Mehr Infos \/ Anmeldung<\/h3>\n\t\t\t\t\t\t\t<\/a>\n\t\t\t\t\t\t\t<\/div><\/div><div id='event_addtocal' class='evocard_box addtocal' data-c='' \n\t\t\t\t\tstyle=''><div class='evo_metarow_ICS evorow evcal_evdata_row'>\n\t\t\t<span class='evcal_evdata_icons'><i class='fa fa-calendar-o'><\/i><\/span>\n\t\t\t<div class='evcal_evdata_cell'>\n\t\t\t\t<p><a href='https:\/\/sgr-ssr.ch\/fr\/export-events\/19400_0\/?key=cd75fe199f' rel='nofollow' class='evo_ics_nCal' title='Add to your calendar'>Calendar<\/a><a href='https:\/\/www.google.com\/calendar\/event?action=TEMPLATE&text=Colloque%20de%20formation%20continue%20pour%20les%20professionnels%20de%20sant%C3%A9%20partenaires%20du%20programme%20de%20d%C3%A9pistage%20du%20cancer%20du%20sein%20BEJUNE&dates=20260505T163000Z\/20260505T183000Z&ctz=Europe%2FVienna&details=Colloque%20de%20formation%20continue%20pour%20les%20professionnels%20de%20sant%C3%A9%20partenaires%20du%20programme%20de%20d%C3%A9pistage%20du%20cancer%20du%20sein%20BEJUNE&location=' target='_blank' rel='nofollow' class='evo_ics_gCal' title='Add to google calendar'>GoogleCal<\/a><\/p>\t\n\t\t\t<\/div>\n\t\t<\/div><\/div><\/div><!-- row close --><button class='evo_card_row_end evcal_close' title='Close'><\/button><\/div><div class='clear end'><\/div><\/div><div id=\"event_19474_0\" class=\"eventon_list_event evo_eventtop scheduled  event clrD event_19474_0\" data-event_id=\"19474\" data-ri=\"0r\" data-time=\"1778000400-1778007600\" data-colr=\"#004961\" itemscope itemtype='http:\/\/schema.org\/Event'><div class=\"evo_event_schema\" style=\"display:none\" ><a itemprop='url'  href='https:\/\/sgr-ssr.ch\/fr\/events\/formation-continue-en-radioprotection-pour-les-medecins-exploitant-des-installations-de-radiographie-en-cabinet-medical\/'><\/a><meta itemprop='image'  \/><meta itemprop='startDate' content=\"2026-5-5T19:00+0:00\" \/><meta itemprop='endDate' content=\"2026-5-5T21:00+0:00\" \/><meta itemprop='eventStatus' content=\"https:\/\/schema.org\/EventScheduled\" \/><meta itemprop='eventAttendanceMode'   itemscope itemtype=\"https:\/\/schema.org\/OnlineEventAttendanceMode\"\/><div itemprop=\"organizer\" itemscope=\"\" itemtype=\"http:\/\/schema.org\/Organization\"><meta itemprop=\"name\" content=\"CHUV\">\n\t\t\t\t    \t<\/div><div itemprop=\"performer\" itemscope=\"\" itemtype=\"http:\/\/schema.org\/Person\"><meta itemprop=\"name\" content=\"CHUV\"><\/div><script type=\"application\/ld+json\">{\"@context\": \"http:\/\/schema.org\",\"@type\": \"Event\",\n\t\t\t\t\"@id\": \"event_19474_0\",\n\t\t\t\t\"eventAttendanceMode\":\"https:\/\/schema.org\/OnlineEventAttendanceMode\",\n\t\t\t\t\"eventStatus\":\"https:\/\/schema.org\/EventScheduled\",\n\t\t\t\t\"name\": \"FORMATION CONTINUE EN RADIOPROTECTION POUR LES MEDECINS EXPLOITANT DES INSTALLATIONS DE RADIOGRAPHIE EN CABINET MEDICAL\",\n\t\t\t\t\"url\": \"https:\/\/sgr-ssr.ch\/fr\/events\/formation-continue-en-radioprotection-pour-les-medecins-exploitant-des-installations-de-radiographie-en-cabinet-medical\/\",\n\t\t\t\t\"startDate\": \"2026-5-5T19:00+0:00\",\n\t\t\t\t\"endDate\": \"2026-5-5T21:00+0:00\",\n\t\t\t\t\"image\":\"\", \n\t\t\t\t\"description\":\"<p>L&rsquo;Institut de Radiophysique organise cette formation continue en radioprotection, visant \u00e0 assurer la conservation et l&rsquo;actualisation des comp\u00e9tences.<\/p> <p><strong>Contenu<\/strong><\/p> <ul> <li>19h00 \u2013 20h00\u00a0: Sensibilisation et communication du risque radiologique (Pr Fran\u00e7ois Bochud, Damien Racine, Ana\u00efs Viry)<\/li> <li>20h00 \u2013 20h30\u00a0: Plan de radioprotection et blindage des salles de radiographie (Nicolas Cherbuin)<\/li> <li>20h30 \u2013 21h00\u00a0: Prise en charge des accidents d\u2019irradiation (Nicolas Cherbuin)<\/li> <\/ul> <p>Le contenu est le m\u00eame pour chaque session en 2026.<\/p> <p><strong>Public cible<\/strong><\/p> <p>Radiologues<br \/> M\u00e9decins sp\u00e9cialistes au b\u00e9n\u00e9fice des formations MA6 ou MA8 selon Ordonnance sur les formations en radioprotection<br \/> M\u00e9decins sp\u00e9cialistes exploitant une installation de radiographie.<\/p> <p><strong>Informations pratiques<\/strong><\/p> <p>Dur\u00e9e : 2 heures (2 UE)<br \/> Horaire : de 19h00 \u00e0 21h00<br \/> Lieu et dates\u00a0:\u00a0 05\/05\/2026\u00a0: En visioconf\u00e9rence<br \/> 01\/10\/2026\u00a0: En visioconf\u00e9rence<\/p> <p><a href='https:\/\/www.chuv.ch\/fr\/ira\/ira-home\/formation-en-radioprotection\/formations-continues\/radiographie-en-cabinet-medical' target='_blank' rel='noopener noreferrer'>Inscription<\/a><\/p> \",\"organizer\":[{\"@type\":\"Organization\",\"name\":\"CHUV\"}]}<\/script><\/div>\r\n\t\t\t\t<p class=\"desc_trig_outter\" style=\"\"><a data-gmap_status=\"null\" data-exlk=\"0\" style=\"background-color: #004961;\" id=\"evc_177800040019474\" href=\"#\" class=\"desc_trig sin_val evcal_list_a\" data-ux_val=\"1\" data-ux_val_mob=\"-\"  ><span class='evoet_c2 evoet_cx '><span class='evoet_dayblock evcal_cblock ' data-bgcolor='#004961' data-smon='Mai' data-syr='2026' data-bub=''><span class='evo_start  evofxdrc'><em class='day'>Di<\/em><em class='date'>05<\/em><em class='month'>Mai<\/em><em class='time'>19 h 00 min<\/em><\/span><span class='evo_end only_time evofxdrc'><em class='time'>21 h 00 min<\/em><\/span><\/span><\/span><span class='evoet_c3 evoet_cx evcal_desc hide_eventtopdata '><span class='evoet_title evcal_desc2 evcal_event_title ' itemprop='name'>FORMATION CONTINUE EN RADIOPROTECTION POUR LES MEDECINS EXPLOITANT DES INSTALLATIONS DE RADIOGRAPHIE EN CABINET MEDICAL<\/span><span class='evoet_cy evoet_subtitle evo_below_title' ><span class='evcal_event_subtitle ' >2 Credits<\/span><\/span><\/span><span class='evoet_data' data-d=\"{&quot;loc.n&quot;:&quot;&quot;,&quot;orgs&quot;:{&quot;665&quot;:&quot;CHUV&quot;},&quot;tags&quot;:{&quot;vir&quot;:&quot;Virtual Event&quot;}}\" data-bgc=\"#004961\" data-bggrad=\"\" ><\/span><\/a><\/p><div class='event_description evcal_eventcard ' style=\"display:none\"><div class='evocard_row'><div id='event_eventdetails' class='evocard_box eventdetails' data-c='' \n\t\t\t\t\tstyle=''><div class=\"evo_metarow_details evorow evcal_evdata_row evcal_event_details\">\n    <div class=\"event_excerpt\" style=\"display:none\"><h3 class=\"padb5 evo_h3\">Veranstaltungsdetails<\/h3><p>L&rsquo;Institut de Radiophysique organise cette formation continue en radioprotection, visant \u00e0 assurer la conservation et l&rsquo;actualisation des comp\u00e9tences.\nContenu\n\n19h00 \u2013 20h00\u00a0: Sensibilisation et communication du risque radiologique (Pr Fran\u00e7ois Bochud, Damien<\/p><\/div><span class='evcal_evdata_icons'><i class='fa fa-align-justify'><\/i><\/span>    <div class=\"evcal_evdata_cell shorter_desc\">\n        <div class=\"eventon_full_description\">\n            <h3 class=\"padb5 evo_h3\"><span class='evcal_evdata_icons'><i class='fa fa-align-justify'><\/i><\/span>Veranstaltungsdetails<\/h3>\n            <div class=\"eventon_desc_in\" itemprop=\"description\">\n                <p>L&rsquo;Institut de Radiophysique organise cette formation continue en radioprotection, visant \u00e0 assurer la conservation et l&rsquo;actualisation des comp\u00e9tences.<\/p>\n<p><strong>Contenu<\/strong><\/p>\n<ul>\n<li>19h00 \u2013 20h00\u00a0: Sensibilisation et communication du risque radiologique (Pr Fran\u00e7ois Bochud, Damien Racine, Ana\u00efs Viry)<\/li>\n<li>20h00 \u2013 20h30\u00a0: Plan de radioprotection et blindage des salles de radiographie (Nicolas Cherbuin)<\/li>\n<li>20h30 \u2013 21h00\u00a0: Prise en charge des accidents d\u2019irradiation (Nicolas Cherbuin)<\/li>\n<\/ul>\n<p>Le contenu est le m\u00eame pour chaque session en 2026.<\/p>\n<p><strong>Public cible<\/strong><\/p>\n<p>Radiologues<br \/>\nM\u00e9decins sp\u00e9cialistes au b\u00e9n\u00e9fice des formations MA6 ou MA8 selon Ordonnance sur les formations en radioprotection<br \/>\nM\u00e9decins sp\u00e9cialistes exploitant une installation de radiographie.<\/p>\n<p><strong>Informations pratiques<\/strong><\/p>\n<p>Dur\u00e9e : 2 heures (2 UE)<br \/>\nHoraire : de 19h00 \u00e0 21h00<br \/>\nLieu et dates\u00a0:\u00a0 05\/05\/2026\u00a0: En visioconf\u00e9rence<br \/>\n01\/10\/2026\u00a0: En visioconf\u00e9rence<\/p>\n<p><a href=\"https:\/\/www.chuv.ch\/fr\/ira\/ira-home\/formation-en-radioprotection\/formations-continues\/radiographie-en-cabinet-medical\" target=\"_blank\" rel=\"noopener noreferrer\">Inscription<\/a><\/p>\n            <\/div>\n            <p class='eventon_shad_p' style='padding:5px 0 0; margin:0'><button class='evcal_btn evo_btn_secondary evobtn_details_show_more' content='less'><span class='ev_more_text' data-txt='weniger'>mehr<\/span><span class='ev_more_arrow ard'><\/span><\/button><\/p><div class='clear'><\/div>        <\/div>\n    <\/div>\n<\/div><\/div><\/div><!-- row close --><div class='evocard_row'><div id='event_time' class='evocard_box time' data-c='' \n\t\t\t\t\tstyle=''><div class='evo_metarow_time evorow evcal_evdata_row evcal_evrow_sm '>\n\t\t<span class='evcal_evdata_icons'><i class='fa fa-clock-o'><\/i><\/span>\n\t\t<div class='evcal_evdata_cell'>\t\t\t\t\t\t\t\n\t\t\t<h3 class='evo_h3'><span class='evcal_evdata_icons'><i class='fa fa-clock-o'><\/i><\/span>Zeit<\/h3><div><span class='evo_eventcard_time_t evogap5 evofxww'><span class=\"start\">5 Mai 2026<\/span> <span class=\"stime\">19 h 00 min<\/span> - <span class=\"etime\">21 h 00 min<\/span><\/span><span class='evo_tz marr5'>(GMT+02:00)<\/span><\/div>\n\t\t<\/div>\n\t<\/div><\/div><\/div><!-- row close --><div class='evocard_row'><div id='event_organizer' class='evocard_box organizer' data-c='' \n\t\t\t\t\tstyle=''><div class='evo_metarow_organizer evorow evcal_evdata_row evcal_evrow_sm '>\n\t\t<span class='evcal_evdata_icons'><i class='fa fa-headphones'><\/i><\/span>\n\t\t<div class='evcal_evdata_cell'>\t\t\t\t\t\t\t\n\t\t\t<h3 class='evo_h3'>Veranstalter<\/h3><div class='evo_evdata_cell_content evodfx evofx_ww evofx_dr_r evogap15'><div class='evo_card_organizer evofx_1'><h4 class='evo_org_name evo_h4 marb5 evottui evocl1i evopadb10i'><span class='evo_card_organizer_name_t marb5'><a  href='https:\/\/sgr-ssr.ch\/fr\/event-organizer\/chuv\/' class='evocl1i'>CHUV<\/a><\/span><\/h4><p class='evo_card_organizer_more evomart10i'><a class='evolb_trigger evo_btn_arr mart10' data-lbvals=\"{&quot;lbc&quot;:&quot;evo_organizer_lb&quot;,&quot;lbac&quot;:&quot;lb_max&quot;,&quot;preload_temp_key&quot;:&quot;preload_taxlb&quot;,&quot;t&quot;:&quot;CHUV&quot;,&quot;ajax&quot;:&quot;yes&quot;,&quot;ajax_type&quot;:&quot;endpoint&quot;,&quot;ajax_action&quot;:&quot;eventon_get_tax_card_content&quot;,&quot;end&quot;:&quot;client&quot;,&quot;d&quot;:{&quot;eventid&quot;:19474,&quot;ri&quot;:0,&quot;term_id&quot;:665,&quot;tax&quot;:&quot;event_organizer&quot;,&quot;load_lbcontent&quot;:true}}\" >Learn More<i class='fa fa-chevron-right'><\/i><\/a><\/p><\/div><!-- evo_card_organizer--><\/div><\/div>\t<\/div><\/div><\/div><!-- row close --><div class='evocard_row bx2 bx'><div id='event_learnmore' class='evocard_box learnmore' data-c='' \n\t\t\t\t\tstyle=''><div class='evo_metarow_learnM evo_metarow_learnmore evorow'>\n\t\t\t\t\t\t\t<a class='evcal_evdata_row evo_clik_row ' href='https:\/\/www.chuv.ch\/fr\/ira\/ira-home\/formation-en-radioprotection\/formations-continues\/radiographie-en-cabinet-medical ' target=\"_blank\">\n\t\t\t\t\t\t\t\t<span class='evcal_evdata_icons'><i class='fa fa-link'><\/i><\/span>\n\t\t\t\t\t\t\t\t<h3 class='evo_h3'>Mehr Infos \/ Anmeldung<\/h3>\n\t\t\t\t\t\t\t<\/a>\n\t\t\t\t\t\t\t<\/div><\/div><div id='event_addtocal' class='evocard_box addtocal' data-c='' \n\t\t\t\t\tstyle=''><div class='evo_metarow_ICS evorow evcal_evdata_row'>\n\t\t\t<span class='evcal_evdata_icons'><i class='fa fa-calendar-o'><\/i><\/span>\n\t\t\t<div class='evcal_evdata_cell'>\n\t\t\t\t<p><a href='https:\/\/sgr-ssr.ch\/fr\/export-events\/19474_0\/?key=cd75fe199f' rel='nofollow' class='evo_ics_nCal' title='Add to your calendar'>Calendar<\/a><a href='https:\/\/www.google.com\/calendar\/event?action=TEMPLATE&text=FORMATION%20CONTINUE%20EN%20RADIOPROTECTION%20POUR%20LES%20MEDECINS%20EXPLOITANT%20DES%20INSTALLATIONS%20DE%20RADIOGRAPHIE%20EN%20CABINET%20MEDICAL&dates=20260505T170000Z\/20260505T190000Z&ctz=Europe%2FVienna&details=FORMATION%20CONTINUE%20EN%20RADIOPROTECTION%20POUR%20LES%20MEDECINS%20EXPLOITANT%20DES%20INSTALLATIONS%20DE%20RADIOGRAPHIE%20EN%20CABINET%20MEDICAL&location=' target='_blank' rel='nofollow' class='evo_ics_gCal' title='Add to google calendar'>GoogleCal<\/a><\/p>\t\n\t\t\t<\/div>\n\t\t<\/div><\/div><\/div><!-- row close --><button class='evo_card_row_end evcal_close' title='Close'><\/button><\/div><div class='clear end'><\/div><\/div><div id=\"event_19218_0\" class=\"eventon_list_event evo_eventtop scheduled  event clrW event_19218_0\" data-event_id=\"19218\" data-ri=\"0r\" data-time=\"1778104800-1778450399\" data-colr=\"#28b9da\" itemscope itemtype='http:\/\/schema.org\/Event'><div class=\"evo_event_schema\" style=\"display:none\" ><a itemprop='url'  href='https:\/\/sgr-ssr.ch\/fr\/events\/19th-panhellenic-congress-of-the-hellenic-spine-society\/'><\/a><meta itemprop='image'  \/><meta itemprop='startDate' content=\"2026-5-7\" \/><meta itemprop='endDate' content=\"2026-5-10\" \/><meta itemprop='eventStatus' content=\"https:\/\/schema.org\/EventScheduled\" \/><meta itemprop='eventAttendanceMode'   itemscope itemtype=\"https:\/\/schema.org\/OfflineEventAttendanceMode\"\/><div style=\"display:none\" itemprop=\"location\" itemscope itemtype=\"http:\/\/schema.org\/Place\"><span itemprop=\"name\">Elite Blue Conference Center<\/span><span itemprop=\"address\" itemscope itemtype=\"http:\/\/schema.org\/PostalAddress\"><item itemprop=\"streetAddress\">Kalamata, Greece<\/item><\/span><\/div><div itemprop=\"organizer\" itemscope=\"\" itemtype=\"http:\/\/schema.org\/Organization\"><meta itemprop=\"name\" content=\"Hellenic Spine Society\">\n\t\t\t\t    \t<\/div><div itemprop=\"performer\" itemscope=\"\" itemtype=\"http:\/\/schema.org\/Person\"><meta itemprop=\"name\" content=\"Hellenic Spine Society\"><\/div><script type=\"application\/ld+json\">{\"@context\": \"http:\/\/schema.org\",\"@type\": \"Event\",\n\t\t\t\t\"@id\": \"event_19218_0\",\n\t\t\t\t\"eventAttendanceMode\":\"https:\/\/schema.org\/OfflineEventAttendanceMode\",\n\t\t\t\t\"eventStatus\":\"https:\/\/schema.org\/EventScheduled\",\n\t\t\t\t\"name\": \"19th Panhellenic Congress of the Hellenic Spine Society\",\n\t\t\t\t\"url\": \"https:\/\/sgr-ssr.ch\/fr\/events\/19th-panhellenic-congress-of-the-hellenic-spine-society\/\",\n\t\t\t\t\"startDate\": \"2026-5-7\",\n\t\t\t\t\"endDate\": \"2026-5-10\",\n\t\t\t\t\"image\":\"\", \n\t\t\t\t\"description\":\"<p>7.-10.05.2026, Kalamata, Greece<\/p> <p><a href='https:\/\/spine2026.concopco.com\/en\/Events\/spine2026\/WebApp\/Live\/home'>Website<\/a><\/p> <p><a href='mailto:dnikolopoulou@concopco.com'>Contact<\/a><\/p> \",\"location\":[{\"@type\":\"Place\",\"name\":\"Elite Blue Conference Center\",\"address\":{\"@type\": \"PostalAddress\",\"streetAddress\":\"Kalamata, Greece\"}}],\"organizer\":[{\"@type\":\"Organization\",\"name\":\"Hellenic Spine Society\"}]}<\/script><\/div>\r\n\t\t\t\t<p class=\"desc_trig_outter\" style=\"\"><a data-gmap_status=\"null\" data-exlk=\"0\" style=\"background-color: #28b9da;\" id=\"evc_177810480019218\" href=\"#\" class=\"desc_trig mul_val evcal_list_a allday\" data-ux_val=\"1\" data-ux_val_mob=\"-\"  ><span class='evoet_c2 evoet_cx '><span class='evoet_dayblock evcal_cblock ' data-bgcolor='#28b9da' data-smon='Mai' data-syr='2026' data-bub=''><span class='evo_start  evofxdrc'><em class='day'>Do<\/em><em class='date'>07<\/em><em class='month'>Mai<\/em><em class='time'>ganztags<\/em><\/span><span class='evo_end  evofxdrc'><em class='day'>So<\/em><em class='date'>10<\/em><\/span><\/span><\/span><span class='evoet_c3 evoet_cx evcal_desc hide_eventtopdata '><span class='evoet_title evcal_desc2 evcal_event_title ' itemprop='name'>19th Panhellenic Congress of the Hellenic Spine Society<\/span><span class='event_location_attrs'  data-location_address=\"Kalamata, Greece\" data-location_type=\"address\" data-location_name=\"Elite Blue Conference Center\" data-location_url=\"https:\/\/sgr-ssr.ch\/fr\/event-location\/elite-blue-conference-center\/\" data-location_status=\"true\" data-locid=\"654\"><\/span><\/span><span class='evoet_data' data-d=\"{&quot;loc.n&quot;:&quot;Elite Blue Conference Center&quot;,&quot;orgs&quot;:{&quot;655&quot;:&quot;Hellenic Spine Society&quot;},&quot;tags&quot;:[]}\" data-bgc=\"#28b9da\" data-bggrad=\"\" ><\/span><\/a><\/p><div class='event_description evcal_eventcard ' style=\"display:none\"><div class='evocard_row'><div id='event_eventdetails' class='evocard_box eventdetails' data-c='' \n\t\t\t\t\tstyle=''><div class=\"evo_metarow_details evorow evcal_evdata_row evcal_event_details\">\n    <div class=\"event_excerpt\" style=\"display:none\"><h3 class=\"padb5 evo_h3\">Veranstaltungsdetails<\/h3><p>7.-10.05.2026, Kalamata, Greece\nWebsite\nContact<\/p><\/div><span class='evcal_evdata_icons'><i class='fa fa-align-justify'><\/i><\/span>    <div class=\"evcal_evdata_cell \">\n        <div class=\"eventon_full_description\">\n            <h3 class=\"padb5 evo_h3\"><span class='evcal_evdata_icons'><i class='fa fa-align-justify'><\/i><\/span>Veranstaltungsdetails<\/h3>\n            <div class=\"eventon_desc_in\" itemprop=\"description\">\n                <p>7.-10.05.2026, Kalamata, Greece<\/p>\n<p><a href=\"https:\/\/spine2026.concopco.com\/en\/Events\/spine2026\/WebApp\/Live\/home\">Website<\/a><\/p>\n<p><a href=\"mailto:dnikolopoulou@concopco.com\">Contact<\/a><\/p>\n            <\/div>\n            <div class='clear'><\/div>        <\/div>\n    <\/div>\n<\/div><\/div><\/div><!-- row close --><div class='evocard_row bx2 bx'><div id='event_time' class='evocard_box time' data-c='' \n\t\t\t\t\tstyle=''><div class='evo_metarow_time evorow evcal_evdata_row evcal_evrow_sm '>\n\t\t<span class='evcal_evdata_icons'><i class='fa fa-clock-o'><\/i><\/span>\n\t\t<div class='evcal_evdata_cell'>\t\t\t\t\t\t\t\n\t\t\t<h3 class='evo_h3'><span class='evcal_evdata_icons'><i class='fa fa-clock-o'><\/i><\/span>Zeit<\/h3><div><span class='evo_eventcard_time_t evogap5 evofxww'><span class=\"start\">7 Mai 2026<\/span>  - <span class=\"end\">10 Mai 2026<\/span> (ganztags)<\/span><span class='evo_tz marr5'>(GMT+02:00)<\/span><\/div>\n\t\t<\/div>\n\t<\/div><\/div><div id='event_location' class='evocard_box location' data-c='' \n\t\t\t\t\tstyle=''><div class='evcal_evdata_row evo_metarow_time_location evorow '>\n\t\t\n\t\t\t<span class='evcal_evdata_icons'><i class='fa fa-map-marker'><\/i><\/span>\n\t\t\t<div class='evcal_evdata_cell' data-loc_tax_id='654'><h3 class='evo_h3 evodfx'><span class='evcal_evdata_icons'><i class='fa fa-map-marker'><\/i><\/span>Ort<\/h3><p class='evo_location_name'>Elite Blue Conference Center<\/p><p class='evo_location_address evodfxi evogap10'>Kalamata, Greece<\/p><div class='padt10'><span class='evo_btn_arr evolb_trigger' data-lbvals=\"{&quot;lbdata&quot;:{&quot;class&quot;:&quot;evo_location_lb_654&quot;,&quot;additional_class&quot;:&quot;lb_max&quot;,&quot;title&quot;:&quot;Elite Blue Conference Center&quot;},&quot;adata&quot;:{&quot;a&quot;:&quot;eventon_get_tax_card_content&quot;,&quot;end&quot;:&quot;client&quot;,&quot;data&quot;:{&quot;lang&quot;:&quot;L1&quot;,&quot;term_id&quot;:654,&quot;tax&quot;:&quot;event_location&quot;,&quot;load_lbcontent&quot;:true}},&quot;uid&quot;:&quot;eventon_get_tax_card_content&quot;}\" >Other Events<i class='fa fa-chevron-right' aria-hidden='true'><\/i><\/span><\/div><\/div>\n\t\t\n\t<\/div><\/div><\/div><!-- row close --><div class='evocard_row'><div id='event_organizer' class='evocard_box organizer' data-c='' \n\t\t\t\t\tstyle=''><div class='evo_metarow_organizer evorow evcal_evdata_row evcal_evrow_sm '>\n\t\t<span class='evcal_evdata_icons'><i class='fa fa-headphones'><\/i><\/span>\n\t\t<div class='evcal_evdata_cell'>\t\t\t\t\t\t\t\n\t\t\t<h3 class='evo_h3'>Veranstalter<\/h3><div class='evo_evdata_cell_content evodfx evofx_ww evofx_dr_r evogap15'><div class='evo_card_organizer evofx_1'><h4 class='evo_org_name evo_h4 marb5 evottui evocl1i evopadb10i'><span class='evo_card_organizer_name_t marb5'><a  href='https:\/\/sgr-ssr.ch\/fr\/event-organizer\/hellenic-spine-society\/' class='evocl1i'>Hellenic Spine Society<\/a><\/span><\/h4><p class='evo_card_organizer_more evomart10i'><a class='evolb_trigger evo_btn_arr mart10' data-lbvals=\"{&quot;lbc&quot;:&quot;evo_organizer_lb&quot;,&quot;lbac&quot;:&quot;lb_max&quot;,&quot;preload_temp_key&quot;:&quot;preload_taxlb&quot;,&quot;t&quot;:&quot;Hellenic Spine Society&quot;,&quot;ajax&quot;:&quot;yes&quot;,&quot;ajax_type&quot;:&quot;endpoint&quot;,&quot;ajax_action&quot;:&quot;eventon_get_tax_card_content&quot;,&quot;end&quot;:&quot;client&quot;,&quot;d&quot;:{&quot;eventid&quot;:19218,&quot;ri&quot;:0,&quot;term_id&quot;:655,&quot;tax&quot;:&quot;event_organizer&quot;,&quot;load_lbcontent&quot;:true}}\" >Learn More<i class='fa fa-chevron-right'><\/i><\/a><\/p><\/div><!-- evo_card_organizer--><\/div><\/div>\t<\/div><\/div><\/div><!-- row close --><div class='evocard_row bx2 bx'><div id='event_learnmore' class='evocard_box learnmore' data-c='' \n\t\t\t\t\tstyle=''><div class='evo_metarow_learnM evo_metarow_learnmore evorow'>\n\t\t\t\t\t\t\t<a class='evcal_evdata_row evo_clik_row ' href='https:\/\/spine2026.concopco.com\/en\/Events\/spine2026\/WebApp\/Live\/home' target=\"_blank\">\n\t\t\t\t\t\t\t\t<span class='evcal_evdata_icons'><i class='fa fa-link'><\/i><\/span>\n\t\t\t\t\t\t\t\t<h3 class='evo_h3'>Mehr Infos \/ Anmeldung<\/h3>\n\t\t\t\t\t\t\t<\/a>\n\t\t\t\t\t\t\t<\/div><\/div><div id='event_addtocal' class='evocard_box addtocal' data-c='' \n\t\t\t\t\tstyle=''><div class='evo_metarow_ICS evorow evcal_evdata_row'>\n\t\t\t<span class='evcal_evdata_icons'><i class='fa fa-calendar-o'><\/i><\/span>\n\t\t\t<div class='evcal_evdata_cell'>\n\t\t\t\t<p><a href='https:\/\/sgr-ssr.ch\/fr\/export-events\/19218_0\/?key=cd75fe199f' rel='nofollow' class='evo_ics_nCal' title='Add to your calendar'>Calendar<\/a><a href='https:\/\/www.google.com\/calendar\/event?action=TEMPLATE&text=19th%20Panhellenic%20Congress%20of%20the%20Hellenic%20Spine%20Society&dates=20260506T220000Z\/20260510T215959Z&ctz=Europe%2FBerlin&details=19th%20Panhellenic%20Congress%20of%20the%20Hellenic%20Spine%20Society&location=Elite%20Blue%20Conference%20Center%20Kalamata%2C%20Greece' target='_blank' rel='nofollow' class='evo_ics_gCal' title='Add to google calendar'>GoogleCal<\/a><\/p>\t\n\t\t\t<\/div>\n\t\t<\/div><\/div><\/div><!-- row close --><div class='evocard_row'><div id='event_getdirection' class='evocard_box getdirection' data-c='' \n\t\t\t\t\tstyle=''><div class='evo_metarow_getDr evorow evcal_evdata_row evcal_evrow_sm getdirections'>\n\t\t<form action='https:\/\/maps.google.com\/maps' method='get' target='_blank'>\n\t\t\t<input type='hidden' name='daddr' value=\"Kalamata, Greece\"\/> \n\t\t\t<div class='evo_get_direction_content evo_fx_dr_r evogap10'>\n\t\t\t\t<span class='evogetdir_header evodfx evofxdrr evofxaic evogap10'>\n\t\t\t\t\t<i class='mainicon fa fa-road evofz24i'><\/i> \n\t\t\t\t\t<h3 class='evo_h3 evopad0i' style='padding-bottom:5px;'>Get Directions<\/h3>\n\t\t\t\t<\/span>\n\t\t\t\t<span class='evogetdir_field evodfx evofx_1_1 evow100p'>\t\n\t\t\t\t\t<label for='69f31a6029e11' class='evo_aria_ready sr-only'>Address - 19th Panhellenic Congress of the Hellenic Spine Society []<\/label>\t\t\t\t\n\t\t\t\t\t<input id='69f31a6029e11' class='evo_aria_ready_match evoInput2 evobr10 evow100p evopad10 evoff_2 evofz14i evobrdB1 evoboxbb' type='text' name='saddr' placeholder='Ihre Adresse' value='' style='' aria-label='Address - 19th Panhellenic Congress of the Hellenic Spine Society []' \/>\n\t\t\t\t<\/span>\n\t\t\t\t<div class='evodfx evofxdrr evofxaic evogap10'>\n\t\t\t\t\t<i class='fa fa-location-dot'><\/i>\n\t\t\t\t\t<div class='evoposr evofx_1 evoh100p'><label for='69f31a6029e11' class='evo_aria_ready sr-only'>Destination Address - 19th Panhellenic Congress of the Hellenic Spine Society []<\/label>\t\t\n\t\t\t\t\t\t<input id='69f31a6029e11' class='evo_aria_ready_match evoInput2 evobr10 evow100p evopad5-10 evoff_2 evofz14i evobrdB1 evoop5 evoboxbb evoh100p' type='text' style='' readonly value='Kalamata, Greece' aria-label='Destination Address - 19th Panhellenic Congress of the Hellenic Spine Society []'\/><button class='evo_copy_address evobuttonA evocurp evohoop7 evoposa evopad5' style='right: 3px; top: 4px; background-color: #fff;' data-txt='Kalamata, Greece' data-t='Address copied to clipboard!'><i class='far fa-copy evofz16i' title='Copy Destination Address!'><\/i><\/button>\n\t\t\t\t\t<\/div>\n\t\t\t\t\t<button type='submit' class='evo_get_direction_button evcal_btn dfx evofxaic evocurp evohoop7' title='Hier klicken f\u00fcr Wegbeschreibung' style='    padding: 10px 15px !important;'><i class='fa fa-chevron-right'><\/i> <\/button>\n\t\t\t\t<\/div>\n\t\t\t<\/div>\n\t\t<\/form>\n\t<\/div><\/div><\/div><!-- row close --><button class='evo_card_row_end evcal_close' title='Close'><\/button><\/div><div class='clear end'><\/div><\/div><div id=\"event_19465_0\" class=\"eventon_list_event evo_eventtop scheduled  event clrD event_19465_0\" data-event_id=\"19465\" data-ri=\"0r\" data-time=\"1778151600-1778166000\" data-colr=\"#004961\" itemscope itemtype='http:\/\/schema.org\/Event'><div class=\"evo_event_schema\" style=\"display:none\" ><a itemprop='url'  href='https:\/\/sgr-ssr.ch\/fr\/events\/interaktiver-mammasonographie-kurs-2\/'><\/a><meta itemprop='image'  \/><meta itemprop='startDate' content=\"2026-5-7T13:00+0:00\" \/><meta itemprop='endDate' content=\"2026-5-7T17:00+0:00\" \/><meta itemprop='eventStatus' content=\"https:\/\/schema.org\/EventScheduled\" \/><meta itemprop='eventAttendanceMode'   itemscope itemtype=\"https:\/\/schema.org\/OfflineEventAttendanceMode\"\/><div style=\"display:none\" itemprop=\"location\" itemscope itemtype=\"http:\/\/schema.org\/Place\"><span itemprop=\"name\">HOCH Health Ostschweiz, Kantonsspital St.Gallen<\/span><span itemprop=\"address\" itemscope itemtype=\"http:\/\/schema.org\/PostalAddress\"><item itemprop=\"streetAddress\">Haus 07<\/item><\/span><\/div><div itemprop=\"organizer\" itemscope=\"\" itemtype=\"http:\/\/schema.org\/Organization\"><meta itemprop=\"name\" content=\"HOCH Health Ostschweiz, Kantonsspital\">\n\t\t\t\t    \t<meta itemprop=\"url\" content=\"https:\/\/www.h-och.ch\/\"><\/div><div itemprop=\"performer\" itemscope=\"\" itemtype=\"http:\/\/schema.org\/Person\"><meta itemprop=\"name\" content=\"HOCH Health Ostschweiz, Kantonsspital\"><\/div><script type=\"application\/ld+json\">{\"@context\": \"http:\/\/schema.org\",\"@type\": \"Event\",\n\t\t\t\t\"@id\": \"event_19465_0\",\n\t\t\t\t\"eventAttendanceMode\":\"https:\/\/schema.org\/OfflineEventAttendanceMode\",\n\t\t\t\t\"eventStatus\":\"https:\/\/schema.org\/EventScheduled\",\n\t\t\t\t\"name\": \"Interaktiver Mammasonographie-Kurs\",\n\t\t\t\t\"url\": \"https:\/\/sgr-ssr.ch\/fr\/events\/interaktiver-mammasonographie-kurs-2\/\",\n\t\t\t\t\"startDate\": \"2026-5-7T13:00+0:00\",\n\t\t\t\t\"endDate\": \"2026-5-7T17:00+0:00\",\n\t\t\t\t\"image\":\"\", \n\t\t\t\t\"description\":\"<p>Die Mammasonographie ist heutzutage als elementarer Baustein der Mammadiagnostik im Praxisalltag nicht mehr wegzudenken. Sie ist ein wichtiges Instrument in der Abkl\u00e4rung von Tastbefunden und bei Schmerzen sowie in der Unterscheidung zwischen benignen und maligen Befunden.<\/p> <p>Gerne m\u00f6chten wir im Rahmen unseres 5. interaktiven Mammasonographiekurses das Thema der Mammasonographie in Schwangerschaft und Stillzeit in den Fokus r\u00fccken sowie Tipps und Tricks bei der Unterscheidung zwischen benignen und malignen Befunden an die Hand geben. Zus\u00e4tzlich wird es im diesj\u00e4hrigen Kurs um das Thema der k\u00fcnstlichen Intelligenz sowie deren potentiellen zuk\u00fcnftigen Einfluss auf die Mammasonographie gehen.<\/p> <p>Wie bereits in den letzten Kursen ist uns Praxisrelevanz wieder ein besonderes Anliegen. Deswegen wird es neben einem kurzen wissenschaftlichen Vortragsteil wieder einen \u00abHands-on Part\u00bb in Kleingruppen sowie eine gemeinsame interaktive Falldiskussionsrunde am Ende des Kurses geben.<\/p> <p>Wir freuen uns auf Ihr Kommen sowie einen spannenden und kollegialen Austausch!<\/p> <p><a href='https:\/\/www.h-och.ch\/ueber-uns\/veranstaltungen\/interaktiver-mammasonographie-kurs-2026-05-07\/'>Programm<\/a><\/p> <p><a href='mailto:katharina.kuhn@h-och.ch' target='_blank' rel='noopener noreferrer'>Kontakt<\/a><\/p> \",\"location\":[{\"@type\":\"Place\",\"name\":\"HOCH Health Ostschweiz, Kantonsspital St.Gallen\",\"address\":{\"@type\": \"PostalAddress\",\"streetAddress\":\"Haus 07\"}}],\"organizer\":[{\"@type\":\"Organization\",\"name\":\"HOCH Health Ostschweiz, Kantonsspital\",\"url\":\"https:\/\/www.h-och.ch\/\"}]}<\/script><\/div>\r\n\t\t\t\t<p class=\"desc_trig_outter\" style=\"\"><a data-gmap_status=\"null\" data-exlk=\"0\" style=\"background-color: #004961;\" id=\"evc_177815160019465\" href=\"#\" class=\"desc_trig sin_val evcal_list_a\" data-ux_val=\"1\" data-ux_val_mob=\"-\"  ><span class='evoet_c2 evoet_cx '><span class='evoet_dayblock evcal_cblock ' data-bgcolor='#004961' data-smon='Mai' data-syr='2026' data-bub=''><span class='evo_start  evofxdrc'><em class='day'>Do<\/em><em class='date'>07<\/em><em class='month'>Mai<\/em><em class='time'>13 h 00 min<\/em><\/span><span class='evo_end only_time evofxdrc'><em class='time'>17 h 00 min<\/em><\/span><\/span><\/span><span class='evoet_c3 evoet_cx evcal_desc hide_eventtopdata '><span class='evoet_title evcal_desc2 evcal_event_title ' itemprop='name'>Interaktiver Mammasonographie-Kurs<\/span><span class='event_location_attrs'  data-location_address=\"Haus 07\" data-location_type=\"address\" data-location_name=\"HOCH Health Ostschweiz, Kantonsspital St.Gallen\" data-location_url=\"https:\/\/sgr-ssr.ch\/fr\/event-location\/hoch-health-ostschweiz-kantonsspital-st-gallen\/\" data-location_status=\"true\" data-locid=\"670\"><\/span><span class='evoet_cy evoet_subtitle evo_below_title' ><span class='evcal_event_subtitle ' >3 credits<\/span><\/span><\/span><span class='evoet_data' data-d=\"{&quot;loc.n&quot;:&quot;HOCH Health Ostschweiz, Kantonsspital St.Gallen&quot;,&quot;orgs&quot;:{&quot;565&quot;:&quot;HOCH Health Ostschweiz, Kantonsspital&quot;},&quot;tags&quot;:[]}\" data-bgc=\"#004961\" data-bggrad=\"\" ><\/span><\/a><\/p><div class='event_description evcal_eventcard ' style=\"display:none\"><div class='evocard_row'><div id='event_eventdetails' class='evocard_box eventdetails' data-c='' \n\t\t\t\t\tstyle=''><div class=\"evo_metarow_details evorow evcal_evdata_row evcal_event_details\">\n    <div class=\"event_excerpt\" style=\"display:none\"><h3 class=\"padb5 evo_h3\">Veranstaltungsdetails<\/h3><p>Die Mammasonographie ist heutzutage als elementarer Baustein der Mammadiagnostik im Praxisalltag nicht mehr wegzudenken. Sie ist ein wichtiges Instrument in der Abkl\u00e4rung von Tastbefunden und bei Schmerzen sowie in der<\/p><\/div><span class='evcal_evdata_icons'><i class='fa fa-align-justify'><\/i><\/span>    <div class=\"evcal_evdata_cell shorter_desc\">\n        <div class=\"eventon_full_description\">\n            <h3 class=\"padb5 evo_h3\"><span class='evcal_evdata_icons'><i class='fa fa-align-justify'><\/i><\/span>Veranstaltungsdetails<\/h3>\n            <div class=\"eventon_desc_in\" itemprop=\"description\">\n                <p>Die Mammasonographie ist heutzutage als elementarer Baustein der Mammadiagnostik im Praxisalltag nicht mehr wegzudenken. Sie ist ein wichtiges Instrument in der Abkl\u00e4rung von Tastbefunden und bei Schmerzen sowie in der Unterscheidung zwischen benignen und maligen Befunden.<\/p>\n<p>Gerne m\u00f6chten wir im Rahmen unseres 5. interaktiven Mammasonographiekurses das Thema der Mammasonographie in Schwangerschaft und Stillzeit in den Fokus r\u00fccken sowie Tipps und Tricks bei der Unterscheidung zwischen benignen und malignen Befunden an die Hand geben. Zus\u00e4tzlich wird es im diesj\u00e4hrigen Kurs um das Thema der k\u00fcnstlichen Intelligenz sowie deren potentiellen zuk\u00fcnftigen Einfluss auf die Mammasonographie gehen.<\/p>\n<p>Wie bereits in den letzten Kursen ist uns Praxisrelevanz wieder ein besonderes Anliegen. Deswegen wird es neben einem kurzen wissenschaftlichen Vortragsteil wieder einen \u00abHands-on Part\u00bb in Kleingruppen sowie eine gemeinsame interaktive Falldiskussionsrunde am Ende des Kurses geben.<\/p>\n<p>Wir freuen uns auf Ihr Kommen sowie einen spannenden und kollegialen Austausch!<\/p>\n<p><a href=\"https:\/\/www.h-och.ch\/ueber-uns\/veranstaltungen\/interaktiver-mammasonographie-kurs-2026-05-07\/\">Programm<\/a><\/p>\n<p><a href=\"mailto:katharina.kuhn@h-och.ch\" target=\"_blank\" rel=\"noopener noreferrer\">Kontakt<\/a><\/p>\n            <\/div>\n            <p class='eventon_shad_p' style='padding:5px 0 0; margin:0'><button class='evcal_btn evo_btn_secondary evobtn_details_show_more' content='less'><span class='ev_more_text' data-txt='weniger'>mehr<\/span><span class='ev_more_arrow ard'><\/span><\/button><\/p><div class='clear'><\/div>        <\/div>\n    <\/div>\n<\/div><\/div><\/div><!-- row close --><div class='evocard_row bx2 bx'><div id='event_time' class='evocard_box time' data-c='' \n\t\t\t\t\tstyle=''><div class='evo_metarow_time evorow evcal_evdata_row evcal_evrow_sm '>\n\t\t<span class='evcal_evdata_icons'><i class='fa fa-clock-o'><\/i><\/span>\n\t\t<div class='evcal_evdata_cell'>\t\t\t\t\t\t\t\n\t\t\t<h3 class='evo_h3'><span class='evcal_evdata_icons'><i class='fa fa-clock-o'><\/i><\/span>Zeit<\/h3><div><span class='evo_eventcard_time_t evogap5 evofxww'><span class=\"start\">7 Mai 2026<\/span> <span class=\"stime\">13 h 00 min<\/span> - <span class=\"etime\">17 h 00 min<\/span><\/span><span class='evo_tz marr5'>(GMT+02:00)<\/span><\/div>\n\t\t<\/div>\n\t<\/div><\/div><div id='event_location' class='evocard_box location' data-c='' \n\t\t\t\t\tstyle=''><div class='evcal_evdata_row evo_metarow_time_location evorow '>\n\t\t\n\t\t\t<span class='evcal_evdata_icons'><i class='fa fa-map-marker'><\/i><\/span>\n\t\t\t<div class='evcal_evdata_cell' data-loc_tax_id='670'><h3 class='evo_h3 evodfx'><span class='evcal_evdata_icons'><i class='fa fa-map-marker'><\/i><\/span>Ort<\/h3><p class='evo_location_name'>HOCH Health Ostschweiz, Kantonsspital St.Gallen<\/p><p class='evo_location_address evodfxi evogap10'>Haus 07<\/p><div class='padt10'><span class='evo_btn_arr evolb_trigger' data-lbvals=\"{&quot;lbdata&quot;:{&quot;class&quot;:&quot;evo_location_lb_670&quot;,&quot;additional_class&quot;:&quot;lb_max&quot;,&quot;title&quot;:&quot;HOCH Health Ostschweiz, Kantonsspital St.Gallen&quot;},&quot;adata&quot;:{&quot;a&quot;:&quot;eventon_get_tax_card_content&quot;,&quot;end&quot;:&quot;client&quot;,&quot;data&quot;:{&quot;lang&quot;:&quot;L1&quot;,&quot;term_id&quot;:670,&quot;tax&quot;:&quot;event_location&quot;,&quot;load_lbcontent&quot;:true}},&quot;uid&quot;:&quot;eventon_get_tax_card_content&quot;}\" >Other Events<i class='fa fa-chevron-right' aria-hidden='true'><\/i><\/span><\/div><\/div>\n\t\t\n\t<\/div><\/div><\/div><!-- row close --><div class='evocard_row'><div id='event_organizer' class='evocard_box organizer' data-c='' \n\t\t\t\t\tstyle=''><div class='evo_metarow_organizer evorow evcal_evdata_row evcal_evrow_sm '>\n\t\t<span class='evcal_evdata_icons'><i class='fa fa-headphones'><\/i><\/span>\n\t\t<div class='evcal_evdata_cell'>\t\t\t\t\t\t\t\n\t\t\t<h3 class='evo_h3'>Veranstalter<\/h3><div class='evo_evdata_cell_content evodfx evofx_ww evofx_dr_r evogap15'><div class='evo_card_organizer evofx_1'><h4 class='evo_org_name evo_h4 marb5 evottui evocl1i evopadb10i'><span class='evo_card_organizer_name_t marb5'><a  href='https:\/\/www.h-och.ch\/' class='evocl1i'>HOCH Health Ostschweiz, Kantonsspital<\/a><\/span><\/h4><p class='evo_card_organizer_more evomart10i'><a class='evolb_trigger evo_btn_arr mart10' data-lbvals=\"{&quot;lbc&quot;:&quot;evo_organizer_lb&quot;,&quot;lbac&quot;:&quot;lb_max&quot;,&quot;preload_temp_key&quot;:&quot;preload_taxlb&quot;,&quot;t&quot;:&quot;HOCH Health Ostschweiz, Kantonsspital&quot;,&quot;ajax&quot;:&quot;yes&quot;,&quot;ajax_type&quot;:&quot;endpoint&quot;,&quot;ajax_action&quot;:&quot;eventon_get_tax_card_content&quot;,&quot;end&quot;:&quot;client&quot;,&quot;d&quot;:{&quot;eventid&quot;:19465,&quot;ri&quot;:0,&quot;term_id&quot;:565,&quot;tax&quot;:&quot;event_organizer&quot;,&quot;load_lbcontent&quot;:true}}\" >Learn More<i class='fa fa-chevron-right'><\/i><\/a><\/p><\/div><!-- evo_card_organizer--><\/div><\/div>\t<\/div><\/div><\/div><!-- row close --><div class='evocard_row bx2 bx'><div id='event_learnmore' class='evocard_box learnmore' data-c='' \n\t\t\t\t\tstyle=''><div class='evo_metarow_learnM evo_metarow_learnmore evorow'>\n\t\t\t\t\t\t\t<a class='evcal_evdata_row evo_clik_row ' href='https:\/\/www.h-och.ch\/ueber-uns\/veranstaltungen\/interaktiver-mammasonographie-kurs-2026-05-07\/' target=\"_blank\">\n\t\t\t\t\t\t\t\t<span class='evcal_evdata_icons'><i class='fa fa-link'><\/i><\/span>\n\t\t\t\t\t\t\t\t<h3 class='evo_h3'>Mehr Infos \/ Anmeldung<\/h3>\n\t\t\t\t\t\t\t<\/a>\n\t\t\t\t\t\t\t<\/div><\/div><div id='event_addtocal' class='evocard_box addtocal' data-c='' \n\t\t\t\t\tstyle=''><div class='evo_metarow_ICS evorow evcal_evdata_row'>\n\t\t\t<span class='evcal_evdata_icons'><i class='fa fa-calendar-o'><\/i><\/span>\n\t\t\t<div class='evcal_evdata_cell'>\n\t\t\t\t<p><a href='https:\/\/sgr-ssr.ch\/fr\/export-events\/19465_0\/?key=cd75fe199f' rel='nofollow' class='evo_ics_nCal' title='Add to your calendar'>Calendar<\/a><a href='https:\/\/www.google.com\/calendar\/event?action=TEMPLATE&text=Interaktiver%20Mammasonographie-Kurs&dates=20260507T110000Z\/20260507T150000Z&ctz=Europe%2FVienna&details=Interaktiver%20Mammasonographie-Kurs&location=HOCH%20Health%20Ostschweiz%2C%20Kantonsspital%20St.Gallen%20Haus%2007' target='_blank' rel='nofollow' class='evo_ics_gCal' title='Add to google calendar'>GoogleCal<\/a><\/p>\t\n\t\t\t<\/div>\n\t\t<\/div><\/div><\/div><!-- row close --><div class='evocard_row'><div id='event_getdirection' class='evocard_box getdirection' data-c='' \n\t\t\t\t\tstyle=''><div class='evo_metarow_getDr evorow evcal_evdata_row evcal_evrow_sm getdirections'>\n\t\t<form action='https:\/\/maps.google.com\/maps' method='get' target='_blank'>\n\t\t\t<input type='hidden' name='daddr' value=\"Haus 07\"\/> \n\t\t\t<div class='evo_get_direction_content evo_fx_dr_r evogap10'>\n\t\t\t\t<span class='evogetdir_header evodfx evofxdrr evofxaic evogap10'>\n\t\t\t\t\t<i class='mainicon fa fa-road evofz24i'><\/i> \n\t\t\t\t\t<h3 class='evo_h3 evopad0i' style='padding-bottom:5px;'>Get Directions<\/h3>\n\t\t\t\t<\/span>\n\t\t\t\t<span class='evogetdir_field evodfx evofx_1_1 evow100p'>\t\n\t\t\t\t\t<label for='69f31a602f228' class='evo_aria_ready sr-only'>Address - Interaktiver Mammasonographie-Kurs []<\/label>\t\t\t\t\n\t\t\t\t\t<input id='69f31a602f228' class='evo_aria_ready_match evoInput2 evobr10 evow100p evopad10 evoff_2 evofz14i evobrdB1 evoboxbb' type='text' name='saddr' placeholder='Ihre Adresse' value='' style='' aria-label='Address - Interaktiver Mammasonographie-Kurs []' \/>\n\t\t\t\t<\/span>\n\t\t\t\t<div class='evodfx evofxdrr evofxaic evogap10'>\n\t\t\t\t\t<i class='fa fa-location-dot'><\/i>\n\t\t\t\t\t<div class='evoposr evofx_1 evoh100p'><label for='69f31a602f228' class='evo_aria_ready sr-only'>Destination Address - Interaktiver Mammasonographie-Kurs []<\/label>\t\t\n\t\t\t\t\t\t<input id='69f31a602f228' class='evo_aria_ready_match evoInput2 evobr10 evow100p evopad5-10 evoff_2 evofz14i evobrdB1 evoop5 evoboxbb evoh100p' type='text' style='' readonly value='Haus 07' aria-label='Destination Address - Interaktiver Mammasonographie-Kurs []'\/><button class='evo_copy_address evobuttonA evocurp evohoop7 evoposa evopad5' style='right: 3px; top: 4px; background-color: #fff;' data-txt='Haus 07' data-t='Address copied to clipboard!'><i class='far fa-copy evofz16i' title='Copy Destination Address!'><\/i><\/button>\n\t\t\t\t\t<\/div>\n\t\t\t\t\t<button type='submit' class='evo_get_direction_button evcal_btn dfx evofxaic evocurp evohoop7' title='Hier klicken f\u00fcr Wegbeschreibung' style='    padding: 10px 15px !important;'><i class='fa fa-chevron-right'><\/i> <\/button>\n\t\t\t\t<\/div>\n\t\t\t<\/div>\n\t\t<\/form>\n\t<\/div><\/div><\/div><!-- row close --><button class='evo_card_row_end evcal_close' title='Close'><\/button><\/div><div class='clear end'><\/div><\/div><div id=\"event_19328_0\" class=\"eventon_list_event evo_eventtop scheduled  event clrD event_19328_0\" data-event_id=\"19328\" data-ri=\"0r\" data-time=\"1778169600-1778175000\" data-colr=\"#004961\" itemscope itemtype='http:\/\/schema.org\/Event'><div class=\"evo_event_schema\" style=\"display:none\" ><a itemprop='url'  href='https:\/\/sgr-ssr.ch\/fr\/events\/formation-continue-en-radioprotection-pour-les-radiologues-visio\/'><\/a><meta itemprop='image'  \/><meta itemprop='startDate' content=\"2026-5-7T18:00+0:00\" \/><meta itemprop='endDate' content=\"2026-5-7T19:30+0:00\" \/><meta itemprop='eventStatus' content=\"https:\/\/schema.org\/EventScheduled\" \/><meta itemprop='eventAttendanceMode'   itemscope itemtype=\"https:\/\/schema.org\/OnlineEventAttendanceMode\"\/><div itemprop=\"organizer\" itemscope=\"\" itemtype=\"http:\/\/schema.org\/Organization\"><meta itemprop=\"name\" content=\"CHUV\">\n\t\t\t\t    \t<\/div><div itemprop=\"performer\" itemscope=\"\" itemtype=\"http:\/\/schema.org\/Person\"><meta itemprop=\"name\" content=\"CHUV\"><\/div><script type=\"application\/ld+json\">{\"@context\": \"http:\/\/schema.org\",\"@type\": \"Event\",\n\t\t\t\t\"@id\": \"event_19328_0\",\n\t\t\t\t\"eventAttendanceMode\":\"https:\/\/schema.org\/OnlineEventAttendanceMode\",\n\t\t\t\t\"eventStatus\":\"https:\/\/schema.org\/EventScheduled\",\n\t\t\t\t\"name\": \"FORMATION CONTINUE EN RADIOPROTECTION POUR LES RADIOLOGUES - Visio\",\n\t\t\t\t\"url\": \"https:\/\/sgr-ssr.ch\/fr\/events\/formation-continue-en-radioprotection-pour-les-radiologues-visio\/\",\n\t\t\t\t\"startDate\": \"2026-5-7T18:00+0:00\",\n\t\t\t\t\"endDate\": \"2026-5-7T19:30+0:00\",\n\t\t\t\t\"image\":\"\", \n\t\t\t\t\"description\":\"<p>L&rsquo;Institut de Radiophysique organise cette formation continue en radioprotection, visant \u00e0 assurer la conservation et l&rsquo;actualisation des comp\u00e9tences.<\/p> <p>Scanner cardiaque : technique d\u2019acquisition, qualit\u00e9 d\u2019image, dose et applications cliniques (Dr Ana\u00efs Viry et Dr Guillaume Fahrni)<\/p> <p>Le contenu est le m\u00eame pour chaque session en 2026.<\/p> <p>Lieu et dates\u00a0:\u00a0 07\/05\/2026\u00a0: En visio<\/p> <p>06\/10\/2026\u00a0: En pr\u00e9sentiel CHUV<\/p> <p><a href='https:\/\/www.chuv.ch\/fr\/ira\/ira-home\/formation-en-radioprotection\/formations-continues\/pour-les-medecins-radiologues' target='_blank' rel='noopener noreferrer'>site web<\/a><\/p> <p>&nbsp;<\/p> \",\"organizer\":[{\"@type\":\"Organization\",\"name\":\"CHUV\"}]}<\/script><\/div>\r\n\t\t\t\t<p class=\"desc_trig_outter\" style=\"\"><a data-gmap_status=\"null\" data-exlk=\"0\" style=\"background-color: #004961;\" id=\"evc_177816960019328\" href=\"#\" class=\"desc_trig sin_val evcal_list_a\" data-ux_val=\"1\" data-ux_val_mob=\"-\"  ><span class='evoet_c2 evoet_cx '><span class='evoet_dayblock evcal_cblock ' data-bgcolor='#004961' data-smon='Mai' data-syr='2026' data-bub=''><span class='evo_start  evofxdrc'><em class='day'>Do<\/em><em class='date'>07<\/em><em class='month'>Mai<\/em><em class='time'>18 h 00 min<\/em><\/span><span class='evo_end only_time evofxdrc'><em class='time'>19 h 30 min<\/em><\/span><\/span><\/span><span class='evoet_c3 evoet_cx evcal_desc hide_eventtopdata '><span class='evoet_title evcal_desc2 evcal_event_title ' itemprop='name'>FORMATION CONTINUE EN RADIOPROTECTION POUR LES RADIOLOGUES - Visio<\/span><span class='evoet_cy evoet_subtitle evo_below_title' ><span class='evcal_event_subtitle ' >1 Credit<\/span><\/span><\/span><span class='evoet_data' data-d=\"{&quot;loc.n&quot;:&quot;&quot;,&quot;orgs&quot;:{&quot;665&quot;:&quot;CHUV&quot;},&quot;tags&quot;:{&quot;vir&quot;:&quot;Virtual Event&quot;}}\" data-bgc=\"#004961\" data-bggrad=\"\" ><\/span><\/a><\/p><div class='event_description evcal_eventcard ' style=\"display:none\"><div class='evocard_row'><div id='event_eventdetails' class='evocard_box eventdetails' data-c='' \n\t\t\t\t\tstyle=''><div class=\"evo_metarow_details evorow evcal_evdata_row evcal_event_details\">\n    <div class=\"event_excerpt\" style=\"display:none\"><h3 class=\"padb5 evo_h3\">Veranstaltungsdetails<\/h3><p>L&rsquo;Institut de Radiophysique organise cette formation continue en radioprotection, visant \u00e0 assurer la conservation et l&rsquo;actualisation des comp\u00e9tences.\nScanner cardiaque : technique d\u2019acquisition, qualit\u00e9 d\u2019image, dose et applications cliniques (Dr Ana\u00efs<\/p><\/div><span class='evcal_evdata_icons'><i class='fa fa-align-justify'><\/i><\/span>    <div class=\"evcal_evdata_cell shorter_desc\">\n        <div class=\"eventon_full_description\">\n            <h3 class=\"padb5 evo_h3\"><span class='evcal_evdata_icons'><i class='fa fa-align-justify'><\/i><\/span>Veranstaltungsdetails<\/h3>\n            <div class=\"eventon_desc_in\" itemprop=\"description\">\n                <p>L&rsquo;Institut de Radiophysique organise cette formation continue en radioprotection, visant \u00e0 assurer la conservation et l&rsquo;actualisation des comp\u00e9tences.<\/p>\n<p>Scanner cardiaque : technique d\u2019acquisition, qualit\u00e9 d\u2019image, dose et applications cliniques (Dr Ana\u00efs Viry et Dr Guillaume Fahrni)<\/p>\n<p>Le contenu est le m\u00eame pour chaque session en 2026.<\/p>\n<p>Lieu et dates\u00a0:\u00a0 07\/05\/2026\u00a0: En visio<\/p>\n<p>06\/10\/2026\u00a0: En pr\u00e9sentiel CHUV<\/p>\n<p><a href=\"https:\/\/www.chuv.ch\/fr\/ira\/ira-home\/formation-en-radioprotection\/formations-continues\/pour-les-medecins-radiologues\" target=\"_blank\" rel=\"noopener noreferrer\">site web<\/a><\/p>\n<p>&nbsp;<\/p>\n            <\/div>\n            <p class='eventon_shad_p' style='padding:5px 0 0; margin:0'><button class='evcal_btn evo_btn_secondary evobtn_details_show_more' content='less'><span class='ev_more_text' data-txt='weniger'>mehr<\/span><span class='ev_more_arrow ard'><\/span><\/button><\/p><div class='clear'><\/div>        <\/div>\n    <\/div>\n<\/div><\/div><\/div><!-- row close --><div class='evocard_row'><div id='event_time' class='evocard_box time' data-c='' \n\t\t\t\t\tstyle=''><div class='evo_metarow_time evorow evcal_evdata_row evcal_evrow_sm '>\n\t\t<span class='evcal_evdata_icons'><i class='fa fa-clock-o'><\/i><\/span>\n\t\t<div class='evcal_evdata_cell'>\t\t\t\t\t\t\t\n\t\t\t<h3 class='evo_h3'><span class='evcal_evdata_icons'><i class='fa fa-clock-o'><\/i><\/span>Zeit<\/h3><div><span class='evo_eventcard_time_t evogap5 evofxww'><span class=\"start\">7 Mai 2026<\/span> <span class=\"stime\">18 h 00 min<\/span> - <span class=\"etime\">19 h 30 min<\/span><\/span><span class='evo_tz marr5'>(GMT+02:00)<\/span><\/div>\n\t\t<\/div>\n\t<\/div><\/div><\/div><!-- row close --><div class='evocard_row'><div id='event_organizer' class='evocard_box organizer' data-c='' \n\t\t\t\t\tstyle=''><div class='evo_metarow_organizer evorow evcal_evdata_row evcal_evrow_sm '>\n\t\t<span class='evcal_evdata_icons'><i class='fa fa-headphones'><\/i><\/span>\n\t\t<div class='evcal_evdata_cell'>\t\t\t\t\t\t\t\n\t\t\t<h3 class='evo_h3'>Veranstalter<\/h3><div class='evo_evdata_cell_content evodfx evofx_ww evofx_dr_r evogap15'><div class='evo_card_organizer evofx_1'><h4 class='evo_org_name evo_h4 marb5 evottui evocl1i evopadb10i'><span class='evo_card_organizer_name_t marb5'><a  href='https:\/\/sgr-ssr.ch\/fr\/event-organizer\/chuv\/' class='evocl1i'>CHUV<\/a><\/span><\/h4><p class='evo_card_organizer_more evomart10i'><a class='evolb_trigger evo_btn_arr mart10' data-lbvals=\"{&quot;lbc&quot;:&quot;evo_organizer_lb&quot;,&quot;lbac&quot;:&quot;lb_max&quot;,&quot;preload_temp_key&quot;:&quot;preload_taxlb&quot;,&quot;t&quot;:&quot;CHUV&quot;,&quot;ajax&quot;:&quot;yes&quot;,&quot;ajax_type&quot;:&quot;endpoint&quot;,&quot;ajax_action&quot;:&quot;eventon_get_tax_card_content&quot;,&quot;end&quot;:&quot;client&quot;,&quot;d&quot;:{&quot;eventid&quot;:19328,&quot;ri&quot;:0,&quot;term_id&quot;:665,&quot;tax&quot;:&quot;event_organizer&quot;,&quot;load_lbcontent&quot;:true}}\" >Learn More<i class='fa fa-chevron-right'><\/i><\/a><\/p><\/div><!-- evo_card_organizer--><\/div><\/div>\t<\/div><\/div><\/div><!-- row close --><div class='evocard_row bx2 bx'><div id='event_learnmore' class='evocard_box learnmore' data-c='' \n\t\t\t\t\tstyle=''><div class='evo_metarow_learnM evo_metarow_learnmore evorow'>\n\t\t\t\t\t\t\t<a class='evcal_evdata_row evo_clik_row ' href='https:\/\/www.chuv.ch\/fr\/ira\/ira-home\/formation-en-radioprotection\/formations-continues\/pour-les-medecins-radiologues' target=\"_blank\">\n\t\t\t\t\t\t\t\t<span class='evcal_evdata_icons'><i class='fa fa-link'><\/i><\/span>\n\t\t\t\t\t\t\t\t<h3 class='evo_h3'>Mehr Infos \/ Anmeldung<\/h3>\n\t\t\t\t\t\t\t<\/a>\n\t\t\t\t\t\t\t<\/div><\/div><div id='event_addtocal' class='evocard_box addtocal' data-c='' \n\t\t\t\t\tstyle=''><div class='evo_metarow_ICS evorow evcal_evdata_row'>\n\t\t\t<span class='evcal_evdata_icons'><i class='fa fa-calendar-o'><\/i><\/span>\n\t\t\t<div class='evcal_evdata_cell'>\n\t\t\t\t<p><a href='https:\/\/sgr-ssr.ch\/fr\/export-events\/19328_0\/?key=cd75fe199f' rel='nofollow' class='evo_ics_nCal' title='Add to your calendar'>Calendar<\/a><a href='https:\/\/www.google.com\/calendar\/event?action=TEMPLATE&text=FORMATION%20CONTINUE%20EN%20RADIOPROTECTION%20POUR%20LES%20RADIOLOGUES%20-%20Visio&dates=20260507T160000Z\/20260507T173000Z&ctz=Europe%2FVienna&details=FORMATION%20CONTINUE%20EN%20RADIOPROTECTION%20POUR%20LES%20RADIOLOGUES%20-%20Visio&location=' target='_blank' rel='nofollow' class='evo_ics_gCal' title='Add to google calendar'>GoogleCal<\/a><\/p>\t\n\t\t\t<\/div>\n\t\t<\/div><\/div><\/div><!-- row close --><button class='evo_card_row_end evcal_close' title='Close'><\/button><\/div><div class='clear end'><\/div><\/div><div id=\"event_18865_0\" class=\"eventon_list_event evo_eventtop scheduled  event clrD event_18865_0\" data-event_id=\"18865\" data-ri=\"0r\" data-time=\"1778191200-1778277599\" data-colr=\"#004961\" itemscope itemtype='http:\/\/schema.org\/Event'><div class=\"evo_event_schema\" style=\"display:none\" ><a itemprop='url'  href='https:\/\/sgr-ssr.ch\/fr\/events\/hot-topics-in-cardiac-imaging\/'><\/a><meta itemprop='image'  \/><meta itemprop='startDate' content=\"2026-5-8\" \/><meta itemprop='endDate' content=\"2026-5-8\" \/><meta itemprop='eventStatus' content=\"https:\/\/schema.org\/EventScheduled\" \/><meta itemprop='eventAttendanceMode'   itemscope itemtype=\"https:\/\/schema.org\/OfflineEventAttendanceMode\"\/><div itemprop=\"organizer\" itemscope=\"\" itemtype=\"http:\/\/schema.org\/Organization\"><meta itemprop=\"name\" content=\"Universit\u00e4tsspital Z\u00fcrich (USZ)\">\n\t\t\t\t    \t<\/div><div itemprop=\"performer\" itemscope=\"\" itemtype=\"http:\/\/schema.org\/Person\"><meta itemprop=\"name\" content=\"Universit\u00e4tsspital Z\u00fcrich (USZ)\"><\/div><script type=\"application\/ld+json\">{\"@context\": \"http:\/\/schema.org\",\"@type\": \"Event\",\n\t\t\t\t\"@id\": \"event_18865_0\",\n\t\t\t\t\"eventAttendanceMode\":\"https:\/\/schema.org\/OfflineEventAttendanceMode\",\n\t\t\t\t\"eventStatus\":\"https:\/\/schema.org\/EventScheduled\",\n\t\t\t\t\"name\": \"Hot Topics in Cardiac Imaging\u201d - Joint Summit of the European Association of Cardiovascular Imaging (EACVI) and the European Society of Cardiovascular Radiology (ESCR)\",\n\t\t\t\t\"url\": \"https:\/\/sgr-ssr.ch\/fr\/events\/hot-topics-in-cardiac-imaging\/\",\n\t\t\t\t\"startDate\": \"2026-5-8\",\n\t\t\t\t\"endDate\": \"2026-5-8\",\n\t\t\t\t\"image\":\"\", \n\t\t\t\t\"description\":\"<p class='p1'>Joint Summit of the European Association of Cardiovascular Imaging (EACVI) and the European Society of Cardiovascular Radiology (ESCR)<br \/> \u201cHot Topics in Cardiac Imaging\u201d<br \/> ~ 8 May 2026 ~<br \/> University Hospital of Zurich, Switzerland<\/p> <p class='p1'><a href='https:\/\/sgr-ssr.ch\/wp-content\/uploads\/2025\/12\/EACVI-ESCR-Summit_8-May-2025_Zurich_Programme8.pdf' target='_blank' rel='noopener noreferrer'>Programme<\/a><\/p> \",\"organizer\":[{\"@type\":\"Organization\",\"name\":\"Universit\u00e4tsspital Z\u00fcrich (USZ)\"}]}<\/script><\/div>\r\n\t\t\t\t<p class=\"desc_trig_outter\" style=\"\"><a data-gmap_status=\"null\" data-exlk=\"0\" style=\"background-color: #004961;\" id=\"evc_177819120018865\" href=\"#\" class=\"desc_trig sin_val evcal_list_a allday\" data-ux_val=\"1\" data-ux_val_mob=\"-\"  ><span class='evoet_c2 evoet_cx '><span class='evoet_dayblock evcal_cblock ' data-bgcolor='#004961' data-smon='Mai' data-syr='2026' data-bub=''><span class='evo_start  evofxdrc'><em class='day'>Fr<\/em><em class='date'>08<\/em><em class='month'>Mai<\/em><em class='time'>ganztags<\/em><\/span><\/span><\/span><span class='evoet_c3 evoet_cx evcal_desc hide_eventtopdata '><span class='evoet_title evcal_desc2 evcal_event_title ' itemprop='name'>Hot Topics in Cardiac Imaging\u201d - Joint Summit of the European Association of Cardiovascular Imaging (EACVI) and the European Society of Cardiovascular Radiology (ESCR)<\/span><span class='evoet_cy evoet_subtitle evo_below_title' ><span class='evcal_event_subtitle ' >6 Credits<\/span><\/span><\/span><span class='evoet_data' data-d=\"{&quot;loc.n&quot;:&quot;Universit\\u00e4tsSpital Z\\u00fcrich&quot;,&quot;orgs&quot;:{&quot;254&quot;:&quot;Universit\\u00e4tsspital Z\\u00fcrich (USZ)&quot;},&quot;tags&quot;:[]}\" data-bgc=\"#004961\" data-bggrad=\"\" ><\/span><\/a><\/p><div class='event_description evcal_eventcard ' style=\"display:none\"><div class='evocard_row'><div id='event_eventdetails' class='evocard_box eventdetails' data-c='' \n\t\t\t\t\tstyle=''><div class=\"evo_metarow_details evorow evcal_evdata_row evcal_event_details\">\n    <div class=\"event_excerpt\" style=\"display:none\"><h3 class=\"padb5 evo_h3\">Veranstaltungsdetails<\/h3><p>Joint Summit of the European Association of Cardiovascular Imaging (EACVI) and the European Society of Cardiovascular Radiology (ESCR)\n\u201cHot Topics in Cardiac Imaging\u201d\n~ 8 May 2026 ~\nUniversity<\/p><\/div><span class='evcal_evdata_icons'><i class='fa fa-align-justify'><\/i><\/span>    <div class=\"evcal_evdata_cell \">\n        <div class=\"eventon_full_description\">\n            <h3 class=\"padb5 evo_h3\"><span class='evcal_evdata_icons'><i class='fa fa-align-justify'><\/i><\/span>Veranstaltungsdetails<\/h3>\n            <div class=\"eventon_desc_in\" itemprop=\"description\">\n                <p class=\"p1\">Joint Summit of the European Association of Cardiovascular Imaging (EACVI) and the European Society of Cardiovascular Radiology (ESCR)<br \/>\n\u201cHot Topics in Cardiac Imaging\u201d<br \/>\n~ 8 May 2026 ~<br \/>\nUniversity Hospital of Zurich, Switzerland<\/p>\n<p class=\"p1\"><a href=\"https:\/\/sgr-ssr.ch\/wp-content\/uploads\/2025\/12\/EACVI-ESCR-Summit_8-May-2025_Zurich_Programme8.pdf\" target=\"_blank\" rel=\"noopener noreferrer\">Programme<\/a><\/p>\n            <\/div>\n            <div class='clear'><\/div>        <\/div>\n    <\/div>\n<\/div><\/div><\/div><!-- row close --><div class='evocard_row bx2 bx'><div id='event_time' class='evocard_box time' data-c='' \n\t\t\t\t\tstyle=''><div class='evo_metarow_time evorow evcal_evdata_row evcal_evrow_sm '>\n\t\t<span class='evcal_evdata_icons'><i class='fa fa-clock-o'><\/i><\/span>\n\t\t<div class='evcal_evdata_cell'>\t\t\t\t\t\t\t\n\t\t\t<h3 class='evo_h3'><span class='evcal_evdata_icons'><i class='fa fa-clock-o'><\/i><\/span>Zeit<\/h3><div><span class='evo_eventcard_time_t evogap5 evofxww'><span class=\"start\">8 Mai 2026<\/span> ganztags<\/span><span class='evo_tz marr5'>(GMT+02:00)<\/span><\/div>\n\t\t<\/div>\n\t<\/div><\/div><div id='event_location' class='evocard_box location' data-c='' \n\t\t\t\t\tstyle=''><div class='evcal_evdata_row evo_metarow_time_location evorow '>\n\t\t\n\t\t\t<span class='evcal_evdata_icons'><i class='fa fa-map-marker'><\/i><\/span>\n\t\t\t<div class='evcal_evdata_cell' data-loc_tax_id='162'><h3 class='evo_h3 evodfx'><span class='evcal_evdata_icons'><i class='fa fa-map-marker'><\/i><\/span>Ort<\/h3><p class='evo_location_name'>Universit\u00e4tsSpital Z\u00fcrich<\/p><div class='padt10'><span class='evo_btn_arr evolb_trigger' data-lbvals=\"{&quot;lbdata&quot;:{&quot;class&quot;:&quot;evo_location_lb_162&quot;,&quot;additional_class&quot;:&quot;lb_max&quot;,&quot;title&quot;:&quot;Universit\\u00e4tsSpital Z\\u00fcrich&quot;},&quot;adata&quot;:{&quot;a&quot;:&quot;eventon_get_tax_card_content&quot;,&quot;end&quot;:&quot;client&quot;,&quot;data&quot;:{&quot;lang&quot;:&quot;L1&quot;,&quot;term_id&quot;:162,&quot;tax&quot;:&quot;event_location&quot;,&quot;load_lbcontent&quot;:true}},&quot;uid&quot;:&quot;eventon_get_tax_card_content&quot;}\" >Other Events<i class='fa fa-chevron-right' aria-hidden='true'><\/i><\/span><\/div><\/div>\n\t\t\n\t<\/div><\/div><\/div><!-- row close --><div class='evocard_row'><div id='event_organizer' class='evocard_box organizer' data-c='' \n\t\t\t\t\tstyle=''><div class='evo_metarow_organizer evorow evcal_evdata_row evcal_evrow_sm '>\n\t\t<span class='evcal_evdata_icons'><i class='fa fa-headphones'><\/i><\/span>\n\t\t<div class='evcal_evdata_cell'>\t\t\t\t\t\t\t\n\t\t\t<h3 class='evo_h3'>Veranstalter<\/h3><div class='evo_evdata_cell_content evodfx evofx_ww evofx_dr_r evogap15'><div class='evo_card_organizer evofx_1'><h4 class='evo_org_name evo_h4 marb5 evottui evocl1i evopadb10i'><span class='evo_card_organizer_name_t marb5'><a  href='https:\/\/sgr-ssr.ch\/fr\/event-organizer\/universitaetsspital-zuerich-usz\/' class='evocl1i'>Universit\u00e4tsspital Z\u00fcrich (USZ)<\/a><\/span><\/h4><p class='evo_card_organizer_more evomart10i'><a class='evolb_trigger evo_btn_arr mart10' data-lbvals=\"{&quot;lbc&quot;:&quot;evo_organizer_lb&quot;,&quot;lbac&quot;:&quot;lb_max&quot;,&quot;preload_temp_key&quot;:&quot;preload_taxlb&quot;,&quot;t&quot;:&quot;Universit\\u00e4tsspital Z\\u00fcrich (USZ)&quot;,&quot;ajax&quot;:&quot;yes&quot;,&quot;ajax_type&quot;:&quot;endpoint&quot;,&quot;ajax_action&quot;:&quot;eventon_get_tax_card_content&quot;,&quot;end&quot;:&quot;client&quot;,&quot;d&quot;:{&quot;eventid&quot;:18865,&quot;ri&quot;:0,&quot;term_id&quot;:254,&quot;tax&quot;:&quot;event_organizer&quot;,&quot;load_lbcontent&quot;:true}}\" >Learn More<i class='fa fa-chevron-right'><\/i><\/a><\/p><\/div><!-- evo_card_organizer--><\/div><\/div>\t<\/div><\/div><\/div><!-- row close --><div class='evocard_row bx2 bx'><div id='event_learnmore' class='evocard_box learnmore' data-c='' \n\t\t\t\t\tstyle=''><div class='evo_metarow_learnM evo_metarow_learnmore evorow'>\n\t\t\t\t\t\t\t<a class='evcal_evdata_row evo_clik_row ' href='https:\/\/esc365.escardio.org\/event\/2130' target=\"_blank\">\n\t\t\t\t\t\t\t\t<span class='evcal_evdata_icons'><i class='fa fa-link'><\/i><\/span>\n\t\t\t\t\t\t\t\t<h3 class='evo_h3'>Mehr Infos \/ Anmeldung<\/h3>\n\t\t\t\t\t\t\t<\/a>\n\t\t\t\t\t\t\t<\/div><\/div><div id='event_addtocal' class='evocard_box addtocal' data-c='' \n\t\t\t\t\tstyle=''><div class='evo_metarow_ICS evorow evcal_evdata_row'>\n\t\t\t<span class='evcal_evdata_icons'><i class='fa fa-calendar-o'><\/i><\/span>\n\t\t\t<div class='evcal_evdata_cell'>\n\t\t\t\t<p><a href='https:\/\/sgr-ssr.ch\/fr\/export-events\/18865_0\/?key=cd75fe199f' rel='nofollow' class='evo_ics_nCal' title='Add to your calendar'>Calendar<\/a><a href='https:\/\/www.google.com\/calendar\/event?action=TEMPLATE&text=Hot%20Topics%20in%20Cardiac%20Imaging%E2%80%9D%20-%20Joint%20Summit%20of%20the%20European%20Association%20of%20Cardiovascular%20Imaging%20%28EACVI%29%20and%20the%20European%20Society%20of%20Cardiovascular%20Radiology%20%28ESCR%29&dates=20260507T220000Z\/20260508T215959Z&ctz=Europe%2FVienna&details=Hot%20Topics%20in%20Cardiac%20Imaging%E2%80%9D%20-%20Joint%20Summit%20of%20the%20European%20Association%20of%20Cardiovascular%20Imaging%20%28EACVI%29%20and%20the%20European%20Society%20of%20Cardiovascular%20Radiology%20%28ESCR%29&location=Universit%C3%A4tsSpital%20Z%C3%BCrich' target='_blank' rel='nofollow' class='evo_ics_gCal' title='Add to google calendar'>GoogleCal<\/a><\/p>\t\n\t\t\t<\/div>\n\t\t<\/div><\/div><\/div><!-- row close --><button class='evo_card_row_end evcal_close' title='Close'><\/button><\/div><div class='clear end'><\/div><\/div><div id=\"event_19479_0\" class=\"eventon_list_event evo_eventtop scheduled  event clrD event_19479_0\" data-event_id=\"19479\" data-ri=\"0r\" data-time=\"1778191200-1778363999\" data-colr=\"#004961\" itemscope itemtype='http:\/\/schema.org\/Event'><div class=\"evo_event_schema\" style=\"display:none\" ><a itemprop='url'  href='https:\/\/sgr-ssr.ch\/fr\/events\/ir-bootcamp-aarau\/'><\/a><meta itemprop='image'  \/><meta itemprop='startDate' content=\"2026-5-8\" \/><meta itemprop='endDate' content=\"2026-5-9\" \/><meta itemprop='eventStatus' content=\"https:\/\/schema.org\/EventScheduled\" \/><meta itemprop='eventAttendanceMode'   itemscope itemtype=\"https:\/\/schema.org\/OfflineEventAttendanceMode\"\/><div style=\"display:none\" itemprop=\"location\" itemscope itemtype=\"http:\/\/schema.org\/Place\"><span itemprop=\"name\">Kantonsspital Aarau<\/span><span itemprop=\"address\" itemscope itemtype=\"http:\/\/schema.org\/PostalAddress\"><item itemprop=\"streetAddress\">Zentrum f\u00fcr Bildgebung und minimalinvasive Therapie ( ZBT )<\/item><\/span><\/div><div itemprop=\"organizer\" itemscope=\"\" itemtype=\"http:\/\/schema.org\/Organization\"><meta itemprop=\"name\" content=\"Kantonspital Aarau\">\n\t\t\t\t    \t<\/div><div itemprop=\"performer\" itemscope=\"\" itemtype=\"http:\/\/schema.org\/Person\"><meta itemprop=\"name\" content=\"Kantonspital Aarau\"><\/div><script type=\"application\/ld+json\">{\"@context\": \"http:\/\/schema.org\",\"@type\": \"Event\",\n\t\t\t\t\"@id\": \"event_19479_0\",\n\t\t\t\t\"eventAttendanceMode\":\"https:\/\/schema.org\/OfflineEventAttendanceMode\",\n\t\t\t\t\"eventStatus\":\"https:\/\/schema.org\/EventScheduled\",\n\t\t\t\t\"name\": \"IR-Bootcamp Aarau\",\n\t\t\t\t\"url\": \"https:\/\/sgr-ssr.ch\/fr\/events\/ir-bootcamp-aarau\/\",\n\t\t\t\t\"startDate\": \"2026-5-8\",\n\t\t\t\t\"endDate\": \"2026-5-9\",\n\t\t\t\t\"image\":\"\", \n\t\t\t\t\"description\":\"<p class='lead'>Die Fortbildung richtet sich an \u00c4rztinnen und \u00c4rzte in der Facharztweiterbildung Radiologie.<\/p> <p class='copytext-lg'><strong>Von der Theorie in die Praxis: Interaktive Fortbildung in interventioneller Radiologie<\/strong><\/p> <p class='copytext-lg'>Wir laden diese ein, die interventionelle Radiologie Hands-on und praxisnah kennenzulernen und Vertrauen in sich und die zu Verf\u00fcgung stehenden Werkzeuge zu entwickeln.<\/p> <p><strong>Inhalte und Ziele des Workshops<\/strong><\/p> <p>\u2022 Einf\u00fchrung in die theoretischen Grundprinzipien von Intervention und Strahlenschutz in der IR<br \/> \u2022 Materialkunde (Punktionsnadeln, Dr\u00e4hte, Katheter, Schleusen, Embolisationsmaterialien)<br \/> \u2022 Erste praktische Fertigkeiten (Schleuseneinlage etc. am Modell, Kenntnis von Verschlusssystemen)<br \/> \u2022 Simulatortraining mit realit\u00e4tsnahen interventionellen Fallszenarien (Mentice-Modelle und weitere adaptierte Modelle)<br \/> \u2022 Simulator-Wettbewerb<\/p> <p>Neben der fachlichen Weiterbildung bietet der Workshop Raum f\u00fcr Austausch und Vernetzung. Ein gemeinsames Abendessen am Freitag erm\u00f6glicht den informellen Austausch mit Kolleginnen und Kollegen sowie den Referierenden.<\/p> <p class='copytext-lg'>Die Zahl der Teilnehmenden am Workshop ist begrenzt.<\/p> <p><a href='https:\/\/www.ksa.ch\/de\/gruppe\/veranstaltung\/bootcamp-interventionelle-radiologie-16567' target='_blank' rel='noopener noreferrer'>Webseite<\/a><\/p> <p><a href='https:\/\/sgr-ssr.ch\/wp-content\/uploads\/2026\/04\/2026_029_ir_bootcamp_aarau_web.pdf' target='_blank' rel='noopener noreferrer'>Programm<\/a><\/p> \",\"location\":[{\"@type\":\"Place\",\"name\":\"Kantonsspital Aarau\",\"address\":{\"@type\": \"PostalAddress\",\"streetAddress\":\"Zentrum f\u00fcr Bildgebung und minimalinvasive Therapie ( ZBT )\"}}],\"organizer\":[{\"@type\":\"Organization\",\"name\":\"Kantonspital Aarau\"}]}<\/script><\/div>\r\n\t\t\t\t<p class=\"desc_trig_outter\" style=\"\"><a data-gmap_status=\"null\" data-exlk=\"0\" style=\"background-color: #004961;\" id=\"evc_177819120019479\" href=\"#\" class=\"desc_trig mul_val evcal_list_a allday\" data-ux_val=\"1\" data-ux_val_mob=\"-\"  ><span class='evoet_c2 evoet_cx '><span class='evoet_dayblock evcal_cblock ' data-bgcolor='#004961' data-smon='Mai' data-syr='2026' data-bub=''><span class='evo_start  evofxdrc'><em class='day'>Fr<\/em><em class='date'>08<\/em><em class='month'>Mai<\/em><em class='time'>ganztags<\/em><\/span><span class='evo_end  evofxdrc'><em class='day'>Sa<\/em><em class='date'>09<\/em><\/span><\/span><\/span><span class='evoet_c3 evoet_cx evcal_desc hide_eventtopdata '><span class='evoet_title evcal_desc2 evcal_event_title ' itemprop='name'>IR-Bootcamp Aarau<\/span><span class='event_location_attrs'  data-location_address=\"Zentrum f\u00fcr Bildgebung und minimalinvasive Therapie ( ZBT )\" data-location_type=\"address\" data-location_name=\"Kantonsspital Aarau\" data-location_url=\"https:\/\/sgr-ssr.ch\/fr\/event-location\/kantonsspital-aarau\/\" data-location_status=\"true\" data-locid=\"223\"><\/span><span class='evoet_cy evoet_subtitle evo_below_title' ><span class='evcal_event_subtitle ' >16 Credits<\/span><\/span><\/span><span class='evoet_data' data-d=\"{&quot;loc.n&quot;:&quot;Kantonsspital Aarau&quot;,&quot;orgs&quot;:{&quot;289&quot;:&quot;Kantonspital Aarau&quot;},&quot;tags&quot;:[]}\" data-bgc=\"#004961\" data-bggrad=\"\" ><\/span><\/a><\/p><div class='event_description evcal_eventcard ' style=\"display:none\"><div class='evocard_row'><div id='event_eventdetails' class='evocard_box eventdetails' data-c='' \n\t\t\t\t\tstyle=''><div class=\"evo_metarow_details evorow evcal_evdata_row evcal_event_details\">\n    <div class=\"event_excerpt\" style=\"display:none\"><h3 class=\"padb5 evo_h3\">Veranstaltungsdetails<\/h3><p>Die Fortbildung richtet sich an \u00c4rztinnen und \u00c4rzte in der Facharztweiterbildung Radiologie.\nVon der Theorie in die Praxis: Interaktive Fortbildung in interventioneller Radiologie\nWir laden diese ein, die interventionelle<\/p><\/div><span class='evcal_evdata_icons'><i class='fa fa-align-justify'><\/i><\/span>    <div class=\"evcal_evdata_cell shorter_desc\">\n        <div class=\"eventon_full_description\">\n            <h3 class=\"padb5 evo_h3\"><span class='evcal_evdata_icons'><i class='fa fa-align-justify'><\/i><\/span>Veranstaltungsdetails<\/h3>\n            <div class=\"eventon_desc_in\" itemprop=\"description\">\n                <p class=\"lead\">Die Fortbildung richtet sich an \u00c4rztinnen und \u00c4rzte in der Facharztweiterbildung Radiologie.<\/p>\n<p class=\"copytext-lg\"><strong>Von der Theorie in die Praxis: Interaktive Fortbildung in interventioneller Radiologie<\/strong><\/p>\n<p class=\"copytext-lg\">Wir laden diese ein, die interventionelle Radiologie Hands-on und praxisnah kennenzulernen und Vertrauen in sich und die zu Verf\u00fcgung stehenden Werkzeuge zu entwickeln.<\/p>\n<p><strong>Inhalte und Ziele des Workshops<\/strong><\/p>\n<p>\u2022 Einf\u00fchrung in die theoretischen Grundprinzipien von Intervention und Strahlenschutz in der IR<br \/>\n\u2022 Materialkunde (Punktionsnadeln, Dr\u00e4hte, Katheter, Schleusen, Embolisationsmaterialien)<br \/>\n\u2022 Erste praktische Fertigkeiten (Schleuseneinlage etc. am Modell, Kenntnis von Verschlusssystemen)<br \/>\n\u2022 Simulatortraining mit realit\u00e4tsnahen interventionellen Fallszenarien (Mentice-Modelle und weitere adaptierte Modelle)<br \/>\n\u2022 Simulator-Wettbewerb<\/p>\n<p>Neben der fachlichen Weiterbildung bietet der Workshop Raum f\u00fcr Austausch und Vernetzung. Ein gemeinsames Abendessen am Freitag erm\u00f6glicht den informellen Austausch mit Kolleginnen und Kollegen sowie den Referierenden.<\/p>\n<p class=\"copytext-lg\">Die Zahl der Teilnehmenden am Workshop ist begrenzt.<\/p>\n<p><a href=\"https:\/\/www.ksa.ch\/de\/gruppe\/veranstaltung\/bootcamp-interventionelle-radiologie-16567\" target=\"_blank\" rel=\"noopener noreferrer\">Webseite<\/a><\/p>\n<p><a href=\"https:\/\/sgr-ssr.ch\/wp-content\/uploads\/2026\/04\/2026_029_ir_bootcamp_aarau_web.pdf\" target=\"_blank\" rel=\"noopener noreferrer\">Programm<\/a><\/p>\n            <\/div>\n            <p class='eventon_shad_p' style='padding:5px 0 0; margin:0'><button class='evcal_btn evo_btn_secondary evobtn_details_show_more' content='less'><span class='ev_more_text' data-txt='weniger'>mehr<\/span><span class='ev_more_arrow ard'><\/span><\/button><\/p><div class='clear'><\/div>        <\/div>\n    <\/div>\n<\/div><\/div><\/div><!-- row close --><div class='evocard_row bx2 bx'><div id='event_time' class='evocard_box time' data-c='' \n\t\t\t\t\tstyle=''><div class='evo_metarow_time evorow evcal_evdata_row evcal_evrow_sm '>\n\t\t<span class='evcal_evdata_icons'><i class='fa fa-clock-o'><\/i><\/span>\n\t\t<div class='evcal_evdata_cell'>\t\t\t\t\t\t\t\n\t\t\t<h3 class='evo_h3'><span class='evcal_evdata_icons'><i class='fa fa-clock-o'><\/i><\/span>Zeit<\/h3><div><span class='evo_eventcard_time_t evogap5 evofxww'><span class=\"start\">8 Mai 2026<\/span>  - <span class=\"end\">9 Mai 2026<\/span> (ganztags)<\/span><span class='evo_tz marr5'>(GMT+02:00)<\/span><\/div>\n\t\t<\/div>\n\t<\/div><\/div><div id='event_location' class='evocard_box location' data-c='' \n\t\t\t\t\tstyle=''><div class='evcal_evdata_row evo_metarow_time_location evorow '>\n\t\t\n\t\t\t<span class='evcal_evdata_icons'><i class='fa fa-map-marker'><\/i><\/span>\n\t\t\t<div class='evcal_evdata_cell' data-loc_tax_id='223'><h3 class='evo_h3 evodfx'><span class='evcal_evdata_icons'><i class='fa fa-map-marker'><\/i><\/span>Ort<\/h3><p class='evo_location_name'>Kantonsspital Aarau<\/p><p class='evo_location_address evodfxi evogap10'>Zentrum f\u00fcr Bildgebung und minimalinvasive Therapie ( ZBT )<\/p><div class='padt10'><span class='evo_btn_arr evolb_trigger' data-lbvals=\"{&quot;lbdata&quot;:{&quot;class&quot;:&quot;evo_location_lb_223&quot;,&quot;additional_class&quot;:&quot;lb_max&quot;,&quot;title&quot;:&quot;Kantonsspital Aarau&quot;},&quot;adata&quot;:{&quot;a&quot;:&quot;eventon_get_tax_card_content&quot;,&quot;end&quot;:&quot;client&quot;,&quot;data&quot;:{&quot;lang&quot;:&quot;L1&quot;,&quot;term_id&quot;:223,&quot;tax&quot;:&quot;event_location&quot;,&quot;load_lbcontent&quot;:true}},&quot;uid&quot;:&quot;eventon_get_tax_card_content&quot;}\" >Other Events<i class='fa fa-chevron-right' aria-hidden='true'><\/i><\/span><\/div><\/div>\n\t\t\n\t<\/div><\/div><\/div><!-- row close --><div class='evocard_row'><div id='event_organizer' class='evocard_box organizer' data-c='' \n\t\t\t\t\tstyle=''><div class='evo_metarow_organizer evorow evcal_evdata_row evcal_evrow_sm '>\n\t\t<span class='evcal_evdata_icons'><i class='fa fa-headphones'><\/i><\/span>\n\t\t<div class='evcal_evdata_cell'>\t\t\t\t\t\t\t\n\t\t\t<h3 class='evo_h3'>Veranstalter<\/h3><div class='evo_evdata_cell_content evodfx evofx_ww evofx_dr_r evogap15'><div class='evo_card_organizer evofx_1'><h4 class='evo_org_name evo_h4 marb5 evottui evocl1i evopadb10i'><span class='evo_card_organizer_name_t marb5'><a  href='https:\/\/sgr-ssr.ch\/fr\/event-organizer\/kantonspital-aarau\/' class='evocl1i'>Kantonspital Aarau<\/a><\/span><\/h4><p class='evo_card_organizer_more evomart10i'><a class='evolb_trigger evo_btn_arr mart10' data-lbvals=\"{&quot;lbc&quot;:&quot;evo_organizer_lb&quot;,&quot;lbac&quot;:&quot;lb_max&quot;,&quot;preload_temp_key&quot;:&quot;preload_taxlb&quot;,&quot;t&quot;:&quot;Kantonspital Aarau&quot;,&quot;ajax&quot;:&quot;yes&quot;,&quot;ajax_type&quot;:&quot;endpoint&quot;,&quot;ajax_action&quot;:&quot;eventon_get_tax_card_content&quot;,&quot;end&quot;:&quot;client&quot;,&quot;d&quot;:{&quot;eventid&quot;:19479,&quot;ri&quot;:0,&quot;term_id&quot;:289,&quot;tax&quot;:&quot;event_organizer&quot;,&quot;load_lbcontent&quot;:true}}\" >Learn More<i class='fa fa-chevron-right'><\/i><\/a><\/p><\/div><!-- evo_card_organizer--><\/div><\/div>\t<\/div><\/div><\/div><!-- row close --><div class='evocard_row bx2 bx'><div id='event_learnmore' class='evocard_box learnmore' data-c='' \n\t\t\t\t\tstyle=''><div class='evo_metarow_learnM evo_metarow_learnmore evorow'>\n\t\t\t\t\t\t\t<a class='evcal_evdata_row evo_clik_row ' href='https:\/\/www.ksa.ch\/de\/gruppe\/veranstaltung\/bootcamp-interventionelle-radiologie-16567' target=\"_blank\">\n\t\t\t\t\t\t\t\t<span class='evcal_evdata_icons'><i class='fa fa-link'><\/i><\/span>\n\t\t\t\t\t\t\t\t<h3 class='evo_h3'>Mehr Infos \/ Anmeldung<\/h3>\n\t\t\t\t\t\t\t<\/a>\n\t\t\t\t\t\t\t<\/div><\/div><div id='event_addtocal' class='evocard_box addtocal' data-c='' \n\t\t\t\t\tstyle=''><div class='evo_metarow_ICS evorow evcal_evdata_row'>\n\t\t\t<span class='evcal_evdata_icons'><i class='fa fa-calendar-o'><\/i><\/span>\n\t\t\t<div class='evcal_evdata_cell'>\n\t\t\t\t<p><a href='https:\/\/sgr-ssr.ch\/fr\/export-events\/19479_0\/?key=cd75fe199f' rel='nofollow' class='evo_ics_nCal' title='Add to your calendar'>Calendar<\/a><a href='https:\/\/www.google.com\/calendar\/event?action=TEMPLATE&text=IR-Bootcamp%20Aarau&dates=20260507T220000Z\/20260509T215959Z&ctz=Europe%2FVienna&details=IR-Bootcamp%20Aarau&location=Kantonsspital%20Aarau%20Zentrum%20f%C3%BCr%20Bildgebung%20und%20minimalinvasive%20Therapie%20%28%20ZBT%20%29' target='_blank' rel='nofollow' class='evo_ics_gCal' title='Add to google calendar'>GoogleCal<\/a><\/p>\t\n\t\t\t<\/div>\n\t\t<\/div><\/div><\/div><!-- row close --><div class='evocard_row'><div id='event_getdirection' class='evocard_box getdirection' data-c='' \n\t\t\t\t\tstyle=''><div class='evo_metarow_getDr evorow evcal_evdata_row evcal_evrow_sm getdirections'>\n\t\t<form action='https:\/\/maps.google.com\/maps' method='get' target='_blank'>\n\t\t\t<input type='hidden' name='daddr' value=\"Zentrum f\u00fcr Bildgebung und minimalinvasive Therapie ( ZBT )\"\/> \n\t\t\t<div class='evo_get_direction_content evo_fx_dr_r evogap10'>\n\t\t\t\t<span class='evogetdir_header evodfx evofxdrr evofxaic evogap10'>\n\t\t\t\t\t<i class='mainicon fa fa-road evofz24i'><\/i> \n\t\t\t\t\t<h3 class='evo_h3 evopad0i' style='padding-bottom:5px;'>Get Directions<\/h3>\n\t\t\t\t<\/span>\n\t\t\t\t<span class='evogetdir_field evodfx evofx_1_1 evow100p'>\t\n\t\t\t\t\t<label for='69f31a6034a90' class='evo_aria_ready sr-only'>Address - IR-Bootcamp Aarau []<\/label>\t\t\t\t\n\t\t\t\t\t<input id='69f31a6034a90' class='evo_aria_ready_match evoInput2 evobr10 evow100p evopad10 evoff_2 evofz14i evobrdB1 evoboxbb' type='text' name='saddr' placeholder='Ihre Adresse' value='' style='' aria-label='Address - IR-Bootcamp Aarau []' \/>\n\t\t\t\t<\/span>\n\t\t\t\t<div class='evodfx evofxdrr evofxaic evogap10'>\n\t\t\t\t\t<i class='fa fa-location-dot'><\/i>\n\t\t\t\t\t<div class='evoposr evofx_1 evoh100p'><label for='69f31a6034a90' class='evo_aria_ready sr-only'>Destination Address - IR-Bootcamp Aarau []<\/label>\t\t\n\t\t\t\t\t\t<input id='69f31a6034a90' class='evo_aria_ready_match evoInput2 evobr10 evow100p evopad5-10 evoff_2 evofz14i evobrdB1 evoop5 evoboxbb evoh100p' type='text' style='' readonly value='Zentrum f\u00fcr Bildgebung und minimalinvasive Therapie ( ZBT )' aria-label='Destination Address - IR-Bootcamp Aarau []'\/><button class='evo_copy_address evobuttonA evocurp evohoop7 evoposa evopad5' style='right: 3px; top: 4px; background-color: #fff;' data-txt='Zentrum f\u00fcr Bildgebung und minimalinvasive Therapie ( ZBT )' data-t='Address copied to clipboard!'><i class='far fa-copy evofz16i' title='Copy Destination Address!'><\/i><\/button>\n\t\t\t\t\t<\/div>\n\t\t\t\t\t<button type='submit' class='evo_get_direction_button evcal_btn dfx evofxaic evocurp evohoop7' title='Hier klicken f\u00fcr Wegbeschreibung' style='    padding: 10px 15px !important;'><i class='fa fa-chevron-right'><\/i> <\/button>\n\t\t\t\t<\/div>\n\t\t\t<\/div>\n\t\t<\/form>\n\t<\/div><\/div><\/div><!-- row close --><button class='evo_card_row_end evcal_close' title='Close'><\/button><\/div><div class='clear end'><\/div><\/div><div id=\"event_19556_0\" class=\"eventon_list_event evo_eventtop scheduled  event clrD event_19556_0\" data-event_id=\"19556\" data-ri=\"0r\" data-time=\"1778238000-1778250600\" data-colr=\"#004961\" itemscope itemtype='http:\/\/schema.org\/Event'><div class=\"evo_event_schema\" style=\"display:none\" ><a itemprop='url'  href='https:\/\/sgr-ssr.ch\/fr\/events\/first-swiss-consensus-meeting-on-bladder-preservation-after-neoadjuvant-therapy\/'><\/a><meta itemprop='image'  \/><meta itemprop='startDate' content=\"2026-5-8T13:00+0:00\" \/><meta itemprop='endDate' content=\"2026-5-8T16:30+0:00\" \/><meta itemprop='eventStatus' content=\"https:\/\/schema.org\/EventScheduled\" \/><meta itemprop='eventAttendanceMode'   itemscope itemtype=\"https:\/\/schema.org\/OfflineEventAttendanceMode\"\/><div itemprop=\"organizer\" itemscope=\"\" itemtype=\"http:\/\/schema.org\/Organization\"><meta itemprop=\"name\" content=\"UBS - Universit\u00e4tsspital Basel\">\n\t\t\t\t    \t<\/div><div itemprop=\"performer\" itemscope=\"\" itemtype=\"http:\/\/schema.org\/Person\"><meta itemprop=\"name\" content=\"UBS - Universit\u00e4tsspital Basel\"><\/div><script type=\"application\/ld+json\">{\"@context\": \"http:\/\/schema.org\",\"@type\": \"Event\",\n\t\t\t\t\"@id\": \"event_19556_0\",\n\t\t\t\t\"eventAttendanceMode\":\"https:\/\/schema.org\/OfflineEventAttendanceMode\",\n\t\t\t\t\"eventStatus\":\"https:\/\/schema.org\/EventScheduled\",\n\t\t\t\t\"name\": \"First Swiss Consensus Meeting on Bladder Preservation after Neoadjuvant Therapy\",\n\t\t\t\t\"url\": \"https:\/\/sgr-ssr.ch\/fr\/events\/first-swiss-consensus-meeting-on-bladder-preservation-after-neoadjuvant-therapy\/\",\n\t\t\t\t\"startDate\": \"2026-5-8T13:00+0:00\",\n\t\t\t\t\"endDate\": \"2026-5-8T16:30+0:00\",\n\t\t\t\t\"image\":\"\", \n\t\t\t\t\"description\":\"<p>SWISS SPARE<br \/> First Swiss Consensus Meeting on Bladder Preservation after Neoadjuvant Therapy<br \/> Friday, May 8th 2026, 13.00\u201316.30<br \/> University Hospital Basel<br \/> Klinikum 1, H\u00f6rsaal 2, 2. Stock, B2<\/p> <p><a href='https:\/\/sgr-ssr.ch\/wp-content\/uploads\/2026\/04\/2026-034_SPARE_Flyer.pdf' target='_blank' rel='noopener noreferrer'>Flyer<\/a><\/p> <p><a href='mailto:Heike.Pueschel@usb.ch' target='_blank' rel='noopener noreferrer'>Contact<\/a><\/p> \",\"organizer\":[{\"@type\":\"Organization\",\"name\":\"UBS - Universit\u00e4tsspital Basel\"}]}<\/script><\/div>\r\n\t\t\t\t<p class=\"desc_trig_outter\" style=\"\"><a data-gmap_status=\"null\" data-exlk=\"0\" style=\"background-color: #004961;\" id=\"evc_177823800019556\" href=\"#\" class=\"desc_trig sin_val evcal_list_a\" data-ux_val=\"1\" data-ux_val_mob=\"-\"  ><span class='evoet_c2 evoet_cx '><span class='evoet_dayblock evcal_cblock ' data-bgcolor='#004961' data-smon='Mai' data-syr='2026' data-bub=''><span class='evo_start  evofxdrc'><em class='day'>Fr<\/em><em class='date'>08<\/em><em class='month'>Mai<\/em><em class='time'>13 h 00 min<\/em><\/span><span class='evo_end only_time evofxdrc'><em class='time'>16 h 30 min<\/em><\/span><\/span><\/span><span class='evoet_c3 evoet_cx evcal_desc hide_eventtopdata '><span class='evoet_title evcal_desc2 evcal_event_title ' itemprop='name'>First Swiss Consensus Meeting on Bladder Preservation after Neoadjuvant Therapy<\/span><span class='evoet_cy evoet_subtitle evo_below_title' ><span class='evcal_event_subtitle ' >2 Credits<\/span><\/span><\/span><span class='evoet_data' data-d=\"{&quot;loc.n&quot;:&quot;University Hospital Basel&quot;,&quot;orgs&quot;:{&quot;612&quot;:&quot;UBS - Universit\\u00e4tsspital Basel&quot;},&quot;tags&quot;:[]}\" data-bgc=\"#004961\" data-bggrad=\"\" ><\/span><\/a><\/p><div class='event_description evcal_eventcard ' style=\"display:none\"><div class='evocard_row'><div id='event_eventdetails' class='evocard_box eventdetails' data-c='' \n\t\t\t\t\tstyle=''><div class=\"evo_metarow_details evorow evcal_evdata_row evcal_event_details\">\n    <div class=\"event_excerpt\" style=\"display:none\"><h3 class=\"padb5 evo_h3\">Veranstaltungsdetails<\/h3><p>SWISS SPARE\nFirst Swiss Consensus Meeting on Bladder Preservation after Neoadjuvant Therapy\nFriday, May 8th 2026, 13.00\u201316.30\nUniversity Hospital Basel\nKlinikum 1, H\u00f6rsaal 2, 2. Stock, B2<\/p><\/div><span class='evcal_evdata_icons'><i class='fa fa-align-justify'><\/i><\/span>    <div class=\"evcal_evdata_cell \">\n        <div class=\"eventon_full_description\">\n            <h3 class=\"padb5 evo_h3\"><span class='evcal_evdata_icons'><i class='fa fa-align-justify'><\/i><\/span>Veranstaltungsdetails<\/h3>\n            <div class=\"eventon_desc_in\" itemprop=\"description\">\n                <p>SWISS SPARE<br \/>\nFirst Swiss Consensus Meeting on Bladder Preservation after Neoadjuvant Therapy<br \/>\nFriday, May 8th 2026, 13.00\u201316.30<br \/>\nUniversity Hospital Basel<br \/>\nKlinikum 1, H\u00f6rsaal 2, 2. Stock, B2<\/p>\n<p><a href=\"https:\/\/sgr-ssr.ch\/wp-content\/uploads\/2026\/04\/2026-034_SPARE_Flyer.pdf\" target=\"_blank\" rel=\"noopener noreferrer\">Flyer<\/a><\/p>\n<p><a href=\"mailto:Heike.Pueschel@usb.ch\" target=\"_blank\" rel=\"noopener noreferrer\">Contact<\/a><\/p>\n            <\/div>\n            <div class='clear'><\/div>        <\/div>\n    <\/div>\n<\/div><\/div><\/div><!-- row close --><div class='evocard_row bx2 bx'><div id='event_time' class='evocard_box time' data-c='' \n\t\t\t\t\tstyle=''><div class='evo_metarow_time evorow evcal_evdata_row evcal_evrow_sm '>\n\t\t<span class='evcal_evdata_icons'><i class='fa fa-clock-o'><\/i><\/span>\n\t\t<div class='evcal_evdata_cell'>\t\t\t\t\t\t\t\n\t\t\t<h3 class='evo_h3'><span class='evcal_evdata_icons'><i class='fa fa-clock-o'><\/i><\/span>Zeit<\/h3><div><span class='evo_eventcard_time_t evogap5 evofxww'><span class=\"start\">8 Mai 2026<\/span> <span class=\"stime\">13 h 00 min<\/span> - <span class=\"etime\">16 h 30 min<\/span><\/span><span class='evo_tz marr5'>(GMT+02:00)<\/span><\/div>\n\t\t<\/div>\n\t<\/div><\/div><div id='event_location' class='evocard_box location' data-c='' \n\t\t\t\t\tstyle=''><div class='evcal_evdata_row evo_metarow_time_location evorow '>\n\t\t\n\t\t\t<span class='evcal_evdata_icons'><i class='fa fa-map-marker'><\/i><\/span>\n\t\t\t<div class='evcal_evdata_cell' data-loc_tax_id='133'><h3 class='evo_h3 evodfx'><span class='evcal_evdata_icons'><i class='fa fa-map-marker'><\/i><\/span>Ort<\/h3><p class='evo_location_name'>University Hospital Basel<\/p><div class='padt10'><span class='evo_btn_arr evolb_trigger' data-lbvals=\"{&quot;lbdata&quot;:{&quot;class&quot;:&quot;evo_location_lb_133&quot;,&quot;additional_class&quot;:&quot;lb_max&quot;,&quot;title&quot;:&quot;University Hospital Basel&quot;},&quot;adata&quot;:{&quot;a&quot;:&quot;eventon_get_tax_card_content&quot;,&quot;end&quot;:&quot;client&quot;,&quot;data&quot;:{&quot;lang&quot;:&quot;L1&quot;,&quot;term_id&quot;:133,&quot;tax&quot;:&quot;event_location&quot;,&quot;load_lbcontent&quot;:true}},&quot;uid&quot;:&quot;eventon_get_tax_card_content&quot;}\" >Other Events<i class='fa fa-chevron-right' aria-hidden='true'><\/i><\/span><\/div><\/div>\n\t\t\n\t<\/div><\/div><\/div><!-- row close --><div class='evocard_row'><div id='event_organizer' class='evocard_box organizer' data-c='' \n\t\t\t\t\tstyle=''><div class='evo_metarow_organizer evorow evcal_evdata_row evcal_evrow_sm '>\n\t\t<span class='evcal_evdata_icons'><i class='fa fa-headphones'><\/i><\/span>\n\t\t<div class='evcal_evdata_cell'>\t\t\t\t\t\t\t\n\t\t\t<h3 class='evo_h3'>Veranstalter<\/h3><div class='evo_evdata_cell_content evodfx evofx_ww evofx_dr_r evogap15'><div class='evo_card_organizer evofx_1'><h4 class='evo_org_name evo_h4 marb5 evottui evocl1i evopadb10i'><span class='evo_card_organizer_name_t marb5'><a target=\"_blank\" href='https:\/\/sgr-ssr.ch\/fr\/event-organizer\/ubs-universitaetsspital-basel\/' class='evocl1i'>UBS - Universit\u00e4tsspital Basel<\/a><\/span><\/h4><p class='evo_card_organizer_more evomart10i'><a class='evolb_trigger evo_btn_arr mart10' data-lbvals=\"{&quot;lbc&quot;:&quot;evo_organizer_lb&quot;,&quot;lbac&quot;:&quot;lb_max&quot;,&quot;preload_temp_key&quot;:&quot;preload_taxlb&quot;,&quot;t&quot;:&quot;UBS - Universit\\u00e4tsspital Basel&quot;,&quot;ajax&quot;:&quot;yes&quot;,&quot;ajax_type&quot;:&quot;endpoint&quot;,&quot;ajax_action&quot;:&quot;eventon_get_tax_card_content&quot;,&quot;end&quot;:&quot;client&quot;,&quot;d&quot;:{&quot;eventid&quot;:19556,&quot;ri&quot;:0,&quot;term_id&quot;:612,&quot;tax&quot;:&quot;event_organizer&quot;,&quot;load_lbcontent&quot;:true}}\" >Learn More<i class='fa fa-chevron-right'><\/i><\/a><\/p><\/div><!-- evo_card_organizer--><\/div><\/div>\t<\/div><\/div><\/div><!-- row close --><div class='evocard_row bx2 bx'><div id='event_learnmore' class='evocard_box learnmore' data-c='' \n\t\t\t\t\tstyle=''><div class='evo_metarow_learnM evo_metarow_learnmore evorow'>\n\t\t\t\t\t\t\t<a class='evcal_evdata_row evo_clik_row ' href='https:\/\/sgr-ssr.ch\/wp-content\/uploads\/2026\/04\/2026-034_SPARE_Flyer.pdf' target=\"_blank\">\n\t\t\t\t\t\t\t\t<span class='evcal_evdata_icons'><i class='fa fa-link'><\/i><\/span>\n\t\t\t\t\t\t\t\t<h3 class='evo_h3'>Mehr Infos \/ Anmeldung<\/h3>\n\t\t\t\t\t\t\t<\/a>\n\t\t\t\t\t\t\t<\/div><\/div><div id='event_addtocal' class='evocard_box addtocal' data-c='' \n\t\t\t\t\tstyle=''><div class='evo_metarow_ICS evorow evcal_evdata_row'>\n\t\t\t<span class='evcal_evdata_icons'><i class='fa fa-calendar-o'><\/i><\/span>\n\t\t\t<div class='evcal_evdata_cell'>\n\t\t\t\t<p><a href='https:\/\/sgr-ssr.ch\/fr\/export-events\/19556_0\/?key=cd75fe199f' rel='nofollow' class='evo_ics_nCal' title='Add to your calendar'>Calendar<\/a><a href='https:\/\/www.google.com\/calendar\/event?action=TEMPLATE&text=First%20Swiss%20Consensus%20Meeting%20on%20Bladder%20Preservation%20after%20Neoadjuvant%20Therapy&dates=20260508T110000Z\/20260508T143000Z&ctz=Europe%2FVienna&details=First%20Swiss%20Consensus%20Meeting%20on%20Bladder%20Preservation%20after%20Neoadjuvant%20Therapy&location=University%20Hospital%20Basel' target='_blank' rel='nofollow' class='evo_ics_gCal' title='Add to google calendar'>GoogleCal<\/a><\/p>\t\n\t\t\t<\/div>\n\t\t<\/div><\/div><\/div><!-- row close --><button class='evo_card_row_end evcal_close' title='Close'><\/button><\/div><div class='clear end'><\/div><\/div><div id=\"event_19466_0\" class=\"eventon_list_event evo_eventtop scheduled  event clrD event_19466_0\" data-event_id=\"19466\" data-ri=\"0r\" data-time=\"1778277600-1778363999\" data-colr=\"#004961\" itemscope itemtype='http:\/\/schema.org\/Event'><div class=\"evo_event_schema\" style=\"display:none\" ><a itemprop='url'  href='https:\/\/sgr-ssr.ch\/fr\/events\/limagerie-du-genou-en-2026-quest-ce-qui-a-change\/'><\/a><meta itemprop='image'  \/><meta itemprop='startDate' content=\"2026-5-9\" \/><meta itemprop='endDate' content=\"2026-5-9\" \/><meta itemprop='eventStatus' content=\"https:\/\/schema.org\/EventScheduled\" \/><meta itemprop='eventAttendanceMode'   itemscope itemtype=\"https:\/\/schema.org\/OfflineEventAttendanceMode\"\/><div style=\"display:none\" itemprop=\"location\" itemscope itemtype=\"http:\/\/schema.org\/Place\"><span itemprop=\"name\">H\u00f4tel Beau-Rivage Palace Lausanne<\/span><span itemprop=\"address\" itemscope itemtype=\"http:\/\/schema.org\/PostalAddress\"><item itemprop=\"streetAddress\">Lausanne<\/item><\/span><\/div><div itemprop=\"organizer\" itemscope=\"\" itemtype=\"http:\/\/schema.org\/Organization\"><meta itemprop=\"name\" content=\"Hirslanden Lausanne\">\n\t\t\t\t    \t<\/div><div itemprop=\"performer\" itemscope=\"\" itemtype=\"http:\/\/schema.org\/Person\"><meta itemprop=\"name\" content=\"Hirslanden Lausanne\"><\/div><script type=\"application\/ld+json\">{\"@context\": \"http:\/\/schema.org\",\"@type\": \"Event\",\n\t\t\t\t\"@id\": \"event_19466_0\",\n\t\t\t\t\"eventAttendanceMode\":\"https:\/\/schema.org\/OfflineEventAttendanceMode\",\n\t\t\t\t\"eventStatus\":\"https:\/\/schema.org\/EventScheduled\",\n\t\t\t\t\"name\": \"L&#039;IMAGERIE DU GENOU EN 2026. QU&#039;EST-CE QUI A CHANGE ?\",\n\t\t\t\t\"url\": \"https:\/\/sgr-ssr.ch\/fr\/events\/limagerie-du-genou-en-2026-quest-ce-qui-a-change\/\",\n\t\t\t\t\"startDate\": \"2026-5-9\",\n\t\t\t\t\"endDate\": \"2026-5-9\",\n\t\t\t\t\"image\":\"\", \n\t\t\t\t\"description\":\"<p><a href='https:\/\/sgr-ssr.ch\/wp-content\/uploads\/2026\/03\/2026-024_cb_folder_prog_lausanne_2026_normal_ssp_v02__web.pdf' target='_blank' rel='noopener noreferrer'>Programm<\/a><\/p> <p><a href='mailto:haugertheumann@cours-appareil-locomoteur.org' target='_blank' rel='noopener noreferrer'>Kontakt<\/a><\/p> \",\"location\":[{\"@type\":\"Place\",\"name\":\"H\u00f4tel Beau-Rivage Palace Lausanne\",\"address\":{\"@type\": \"PostalAddress\",\"streetAddress\":\"Lausanne\"}}],\"organizer\":[{\"@type\":\"Organization\",\"name\":\"Hirslanden Lausanne\"}]}<\/script><\/div>\r\n\t\t\t\t<p class=\"desc_trig_outter\" style=\"\"><a data-gmap_status=\"null\" data-exlk=\"0\" style=\"background-color: #004961;\" id=\"evc_177827760019466\" href=\"#\" class=\"desc_trig sin_val evcal_list_a allday\" data-ux_val=\"1\" data-ux_val_mob=\"-\"  ><span class='evoet_c2 evoet_cx '><span class='evoet_dayblock evcal_cblock ' data-bgcolor='#004961' data-smon='Mai' data-syr='2026' data-bub=''><span class='evo_start  evofxdrc'><em class='day'>Sa<\/em><em class='date'>09<\/em><em class='month'>Mai<\/em><em class='time'>ganztags<\/em><\/span><\/span><\/span><span class='evoet_c3 evoet_cx evcal_desc hide_eventtopdata '><span class='evoet_title evcal_desc2 evcal_event_title ' itemprop='name'>L'IMAGERIE DU GENOU EN 2026. QU'EST-CE QUI A CHANGE ?<\/span><span class='event_location_attrs'  data-location_address=\"Lausanne\" data-location_type=\"address\" data-location_name=\"H\u00f4tel Beau-Rivage Palace Lausanne\" data-location_url=\"https:\/\/sgr-ssr.ch\/fr\/event-location\/hotel-beau-rivage-palace-lausanne\/\" data-location_status=\"true\" data-locid=\"595\"><\/span><span class='evoet_cy evoet_subtitle evo_below_title' ><span class='evcal_event_subtitle ' >8 credits<\/span><\/span><\/span><span class='evoet_data' data-d=\"{&quot;loc.n&quot;:&quot;H\\u00f4tel Beau-Rivage Palace Lausanne&quot;,&quot;orgs&quot;:{&quot;497&quot;:&quot;Hirslanden Lausanne&quot;},&quot;tags&quot;:[]}\" data-bgc=\"#004961\" data-bggrad=\"\" ><\/span><\/a><\/p><div class='event_description evcal_eventcard ' style=\"display:none\"><div class='evocard_row'><div id='event_eventdetails' class='evocard_box eventdetails' data-c='' \n\t\t\t\t\tstyle=''><div class=\"evo_metarow_details evorow evcal_evdata_row evcal_event_details\">\n    <div class=\"event_excerpt\" style=\"display:none\"><h3 class=\"padb5 evo_h3\">Veranstaltungsdetails<\/h3><p>Programm\nKontakt<\/p><\/div><span class='evcal_evdata_icons'><i class='fa fa-align-justify'><\/i><\/span>    <div class=\"evcal_evdata_cell \">\n        <div class=\"eventon_full_description\">\n            <h3 class=\"padb5 evo_h3\"><span class='evcal_evdata_icons'><i class='fa fa-align-justify'><\/i><\/span>Veranstaltungsdetails<\/h3>\n            <div class=\"eventon_desc_in\" itemprop=\"description\">\n                <p><a href=\"https:\/\/sgr-ssr.ch\/wp-content\/uploads\/2026\/03\/2026-024_cb_folder_prog_lausanne_2026_normal_ssp_v02__web.pdf\" target=\"_blank\" rel=\"noopener noreferrer\">Programm<\/a><\/p>\n<p><a href=\"mailto:haugertheumann@cours-appareil-locomoteur.org\" target=\"_blank\" rel=\"noopener noreferrer\">Kontakt<\/a><\/p>\n            <\/div>\n            <div class='clear'><\/div>        <\/div>\n    <\/div>\n<\/div><\/div><\/div><!-- row close --><div class='evocard_row bx2 bx'><div id='event_time' class='evocard_box time' data-c='' \n\t\t\t\t\tstyle=''><div class='evo_metarow_time evorow evcal_evdata_row evcal_evrow_sm '>\n\t\t<span class='evcal_evdata_icons'><i class='fa fa-clock-o'><\/i><\/span>\n\t\t<div class='evcal_evdata_cell'>\t\t\t\t\t\t\t\n\t\t\t<h3 class='evo_h3'><span class='evcal_evdata_icons'><i class='fa fa-clock-o'><\/i><\/span>Zeit<\/h3><div><span class='evo_eventcard_time_t evogap5 evofxww'><span class=\"start\">9 Mai 2026<\/span> ganztags<\/span><span class='evo_tz marr5'>(GMT+02:00)<\/span><\/div>\n\t\t<\/div>\n\t<\/div><\/div><div id='event_location' class='evocard_box location' data-c='' \n\t\t\t\t\tstyle=''><div class='evcal_evdata_row evo_metarow_time_location evorow '>\n\t\t\n\t\t\t<span class='evcal_evdata_icons'><i class='fa fa-map-marker'><\/i><\/span>\n\t\t\t<div class='evcal_evdata_cell' data-loc_tax_id='595'><h3 class='evo_h3 evodfx'><span class='evcal_evdata_icons'><i class='fa fa-map-marker'><\/i><\/span>Ort<\/h3><p class='evo_location_name'>H\u00f4tel Beau-Rivage Palace Lausanne<\/p><p class='evo_location_address evodfxi evogap10'>Lausanne<\/p><div class='padt10'><span class='evo_btn_arr evolb_trigger' data-lbvals=\"{&quot;lbdata&quot;:{&quot;class&quot;:&quot;evo_location_lb_595&quot;,&quot;additional_class&quot;:&quot;lb_max&quot;,&quot;title&quot;:&quot;H\\u00f4tel Beau-Rivage Palace Lausanne&quot;},&quot;adata&quot;:{&quot;a&quot;:&quot;eventon_get_tax_card_content&quot;,&quot;end&quot;:&quot;client&quot;,&quot;data&quot;:{&quot;lang&quot;:&quot;L1&quot;,&quot;term_id&quot;:595,&quot;tax&quot;:&quot;event_location&quot;,&quot;load_lbcontent&quot;:true}},&quot;uid&quot;:&quot;eventon_get_tax_card_content&quot;}\" >Other Events<i class='fa fa-chevron-right' aria-hidden='true'><\/i><\/span><\/div><\/div>\n\t\t\n\t<\/div><\/div><\/div><!-- row close --><div class='evocard_row'><div id='event_organizer' class='evocard_box organizer' data-c='' \n\t\t\t\t\tstyle=''><div class='evo_metarow_organizer evorow evcal_evdata_row evcal_evrow_sm '>\n\t\t<span class='evcal_evdata_icons'><i class='fa fa-headphones'><\/i><\/span>\n\t\t<div class='evcal_evdata_cell'>\t\t\t\t\t\t\t\n\t\t\t<h3 class='evo_h3'>Veranstalter<\/h3><div class='evo_evdata_cell_content evodfx evofx_ww evofx_dr_r evogap15'><div class='evo_card_organizer evofx_1'><h4 class='evo_org_name evo_h4 marb5 evottui evocl1i evopadb10i'><span class='evo_card_organizer_name_t marb5'><a  href='https:\/\/sgr-ssr.ch\/fr\/event-organizer\/hirslanden-lausanne\/' class='evocl1i'>Hirslanden Lausanne<\/a><\/span><\/h4><p class='evo_card_organizer_more evomart10i'><a class='evolb_trigger evo_btn_arr mart10' data-lbvals=\"{&quot;lbc&quot;:&quot;evo_organizer_lb&quot;,&quot;lbac&quot;:&quot;lb_max&quot;,&quot;preload_temp_key&quot;:&quot;preload_taxlb&quot;,&quot;t&quot;:&quot;Hirslanden Lausanne&quot;,&quot;ajax&quot;:&quot;yes&quot;,&quot;ajax_type&quot;:&quot;endpoint&quot;,&quot;ajax_action&quot;:&quot;eventon_get_tax_card_content&quot;,&quot;end&quot;:&quot;client&quot;,&quot;d&quot;:{&quot;eventid&quot;:19466,&quot;ri&quot;:0,&quot;term_id&quot;:497,&quot;tax&quot;:&quot;event_organizer&quot;,&quot;load_lbcontent&quot;:true}}\" >Learn More<i class='fa fa-chevron-right'><\/i><\/a><\/p><\/div><!-- evo_card_organizer--><\/div><\/div>\t<\/div><\/div><\/div><!-- row close --><div class='evocard_row bx2 bx'><div id='event_learnmore' class='evocard_box learnmore' data-c='' \n\t\t\t\t\tstyle=''><div class='evo_metarow_learnM evo_metarow_learnmore evorow'>\n\t\t\t\t\t\t\t<a class='evcal_evdata_row evo_clik_row ' href='https:\/\/sgr-ssr.ch\/wp-content\/uploads\/2026\/03\/2026-024_cb_folder_prog_lausanne_2026_normal_ssp_v02__web.pdf' target=\"_blank\">\n\t\t\t\t\t\t\t\t<span class='evcal_evdata_icons'><i class='fa fa-link'><\/i><\/span>\n\t\t\t\t\t\t\t\t<h3 class='evo_h3'>Mehr Infos \/ Anmeldung<\/h3>\n\t\t\t\t\t\t\t<\/a>\n\t\t\t\t\t\t\t<\/div><\/div><div id='event_addtocal' class='evocard_box addtocal' data-c='' \n\t\t\t\t\tstyle=''><div class='evo_metarow_ICS evorow evcal_evdata_row'>\n\t\t\t<span class='evcal_evdata_icons'><i class='fa fa-calendar-o'><\/i><\/span>\n\t\t\t<div class='evcal_evdata_cell'>\n\t\t\t\t<p><a href='https:\/\/sgr-ssr.ch\/fr\/export-events\/19466_0\/?key=cd75fe199f' rel='nofollow' class='evo_ics_nCal' title='Add to your calendar'>Calendar<\/a><a href='https:\/\/www.google.com\/calendar\/event?action=TEMPLATE&text=L%27IMAGERIE%20DU%20GENOU%20EN%202026.%20QU%27EST-CE%20QUI%20A%20CHANGE%20%3F&dates=20260508T220000Z\/20260509T215959Z&ctz=Europe%2FVienna&details=L%27IMAGERIE%20DU%20GENOU%20EN%202026.%20QU%27EST-CE%20QUI%20A%20CHANGE%20%3F&location=H%C3%B4tel%20Beau-Rivage%20Palace%20Lausanne%20Lausanne' target='_blank' rel='nofollow' class='evo_ics_gCal' title='Add to google calendar'>GoogleCal<\/a><\/p>\t\n\t\t\t<\/div>\n\t\t<\/div><\/div><\/div><!-- row close --><div class='evocard_row'><div id='event_getdirection' class='evocard_box getdirection' data-c='' \n\t\t\t\t\tstyle=''><div class='evo_metarow_getDr evorow evcal_evdata_row evcal_evrow_sm getdirections'>\n\t\t<form action='https:\/\/maps.google.com\/maps' method='get' target='_blank'>\n\t\t\t<input type='hidden' name='daddr' value=\"Lausanne\"\/> \n\t\t\t<div class='evo_get_direction_content evo_fx_dr_r evogap10'>\n\t\t\t\t<span class='evogetdir_header evodfx evofxdrr evofxaic evogap10'>\n\t\t\t\t\t<i class='mainicon fa fa-road evofz24i'><\/i> \n\t\t\t\t\t<h3 class='evo_h3 evopad0i' style='padding-bottom:5px;'>Get Directions<\/h3>\n\t\t\t\t<\/span>\n\t\t\t\t<span class='evogetdir_field evodfx evofx_1_1 evow100p'>\t\n\t\t\t\t\t<label for='69f31a60391d8' class='evo_aria_ready sr-only'>Address - L&#039;IMAGERIE DU GENOU EN 2026. QU&#039;EST-CE QUI A CHANGE ? []<\/label>\t\t\t\t\n\t\t\t\t\t<input id='69f31a60391d8' class='evo_aria_ready_match evoInput2 evobr10 evow100p evopad10 evoff_2 evofz14i evobrdB1 evoboxbb' type='text' name='saddr' placeholder='Ihre Adresse' value='' style='' aria-label='Address - L&#039;IMAGERIE DU GENOU EN 2026. QU&#039;EST-CE QUI A CHANGE ? []' \/>\n\t\t\t\t<\/span>\n\t\t\t\t<div class='evodfx evofxdrr evofxaic evogap10'>\n\t\t\t\t\t<i class='fa fa-location-dot'><\/i>\n\t\t\t\t\t<div class='evoposr evofx_1 evoh100p'><label for='69f31a60391d8' class='evo_aria_ready sr-only'>Destination Address - L&#039;IMAGERIE DU GENOU EN 2026. QU&#039;EST-CE QUI A CHANGE ? []<\/label>\t\t\n\t\t\t\t\t\t<input id='69f31a60391d8' class='evo_aria_ready_match evoInput2 evobr10 evow100p evopad5-10 evoff_2 evofz14i evobrdB1 evoop5 evoboxbb evoh100p' type='text' style='' readonly value='Lausanne' aria-label='Destination Address - L&#039;IMAGERIE DU GENOU EN 2026. QU&#039;EST-CE QUI A CHANGE ? []'\/><button class='evo_copy_address evobuttonA evocurp evohoop7 evoposa evopad5' style='right: 3px; top: 4px; background-color: #fff;' data-txt='Lausanne' data-t='Address copied to clipboard!'><i class='far fa-copy evofz16i' title='Copy Destination Address!'><\/i><\/button>\n\t\t\t\t\t<\/div>\n\t\t\t\t\t<button type='submit' class='evo_get_direction_button evcal_btn dfx evofxaic evocurp evohoop7' title='Hier klicken f\u00fcr Wegbeschreibung' style='    padding: 10px 15px !important;'><i class='fa fa-chevron-right'><\/i> <\/button>\n\t\t\t\t<\/div>\n\t\t\t<\/div>\n\t\t<\/form>\n\t<\/div><\/div><\/div><!-- row close --><button class='evo_card_row_end evcal_close' title='Close'><\/button><\/div><div class='clear end'><\/div><\/div><div id=\"event_18788_0\" class=\"eventon_list_event evo_eventtop scheduled  event clrW event_18788_0\" data-event_id=\"18788\" data-ri=\"0r\" data-time=\"1778277600-1778363999\" data-colr=\"#4bb5d8\" itemscope itemtype='http:\/\/schema.org\/Event'><div class=\"evo_event_schema\" style=\"display:none\" ><a itemprop='url'  href='https:\/\/sgr-ssr.ch\/fr\/events\/mrt-der-mamma-expertenkurs-episode-iii-bi-rads-2025-update-special-focus-risikoadaptierte-diagnostik-mastitis-axillaere-lymphknoten-und-bi-rads-3\/'><\/a><meta itemprop='image'  \/><meta itemprop='startDate' content=\"2026-5-9\" \/><meta itemprop='endDate' content=\"2026-5-9\" \/><meta itemprop='eventStatus' content=\"https:\/\/schema.org\/EventScheduled\" \/><meta itemprop='eventAttendanceMode'   itemscope itemtype=\"https:\/\/schema.org\/OnlineEventAttendanceMode\"\/><div itemprop=\"organizer\" itemscope=\"\" itemtype=\"http:\/\/schema.org\/Organization\"><meta itemprop=\"name\" content=\"Pascal Baltzer und Matthias Dietzel\">\n\t\t\t\t    \t<\/div><div itemprop=\"performer\" itemscope=\"\" itemtype=\"http:\/\/schema.org\/Person\"><meta itemprop=\"name\" content=\"Pascal Baltzer und Matthias Dietzel\"><\/div><script type=\"application\/ld+json\">{\"@context\": \"http:\/\/schema.org\",\"@type\": \"Event\",\n\t\t\t\t\"@id\": \"event_18788_0\",\n\t\t\t\t\"eventAttendanceMode\":\"https:\/\/schema.org\/OnlineEventAttendanceMode\",\n\t\t\t\t\"eventStatus\":\"https:\/\/schema.org\/EventScheduled\",\n\t\t\t\t\"name\": \"MRT der Mamma: Expertenkurs Episode III | BI-RADS 2025 Update | Special Focus &quot;risikoadaptierte Diagnostik, Mastitis, axill\u00e4re Lymphknoten und BI-RADS 3\",\n\t\t\t\t\"url\": \"https:\/\/sgr-ssr.ch\/fr\/events\/mrt-der-mamma-expertenkurs-episode-iii-bi-rads-2025-update-special-focus-risikoadaptierte-diagnostik-mastitis-axillaere-lymphknoten-und-bi-rads-3\/\",\n\t\t\t\t\"startDate\": \"2026-5-9\",\n\t\t\t\t\"endDate\": \"2026-5-9\",\n\t\t\t\t\"image\":\"\", \n\t\t\t\t\"description\":\"<p>Details und Special Focus vgl. Kurspage<\/p> <p><a href='mailto:office@radiologie-weiterbildung.de'>Kontakt<\/a><\/p> <p><a href='https:\/\/radiologie-weiterbildung.de\/veranstaltungen\/mrt-der-mamma-expertenkurs-episode-3\/' target='_blank' rel='noopener noreferrer'>Anmeldung<\/a><\/p> \",\"organizer\":[{\"@type\":\"Organization\",\"name\":\"Pascal Baltzer und Matthias Dietzel\"}]}<\/script><\/div>\r\n\t\t\t\t<p class=\"desc_trig_outter\" style=\"\"><a data-gmap_status=\"null\" data-exlk=\"0\" style=\"background-color: #4bb5d8;\" id=\"evc_177827760018788\" href=\"#\" class=\"desc_trig sin_val evcal_list_a allday\" data-ux_val=\"1\" data-ux_val_mob=\"-\"  ><span class='evoet_c2 evoet_cx '><span class='evoet_dayblock evcal_cblock ' data-bgcolor='#4bb5d8' data-smon='Mai' data-syr='2026' data-bub=''><span class='evo_start  evofxdrc'><em class='day'>Sa<\/em><em class='date'>09<\/em><em class='month'>Mai<\/em><em class='time'>ganztags<\/em><\/span><\/span><\/span><span class='evoet_c3 evoet_cx evcal_desc hide_eventtopdata '><span class='evoet_title evcal_desc2 evcal_event_title ' itemprop='name'>MRT der Mamma: Expertenkurs Episode III | BI-RADS 2025 Update | Special Focus \"risikoadaptierte Diagnostik, Mastitis, axill\u00e4re Lymphknoten und BI-RADS 3<\/span><\/span><span class='evoet_data' data-d=\"{&quot;loc.n&quot;:&quot;&quot;,&quot;orgs&quot;:{&quot;301&quot;:&quot;Pascal Baltzer und Matthias Dietzel&quot;},&quot;tags&quot;:{&quot;vir&quot;:&quot;Virtual Event&quot;}}\" data-bgc=\"#4bb5d8\" data-bggrad=\"\" ><\/span><\/a><\/p><div class='event_description evcal_eventcard ' style=\"display:none\"><div class='evocard_row'><div id='event_eventdetails' class='evocard_box eventdetails' data-c='' \n\t\t\t\t\tstyle=''><div class=\"evo_metarow_details evorow evcal_evdata_row evcal_event_details\">\n    <div class=\"event_excerpt\" style=\"display:none\"><h3 class=\"padb5 evo_h3\">Veranstaltungsdetails<\/h3><p>Details und Special Focus vgl. Kurspage\nKontakt\nAnmeldung<\/p><\/div><span class='evcal_evdata_icons'><i class='fa fa-align-justify'><\/i><\/span>    <div class=\"evcal_evdata_cell \">\n        <div class=\"eventon_full_description\">\n            <h3 class=\"padb5 evo_h3\"><span class='evcal_evdata_icons'><i class='fa fa-align-justify'><\/i><\/span>Veranstaltungsdetails<\/h3>\n            <div class=\"eventon_desc_in\" itemprop=\"description\">\n                <p>Details und Special Focus vgl. Kurspage<\/p>\n<p><a href=\"mailto:office@radiologie-weiterbildung.de\">Kontakt<\/a><\/p>\n<p><a href=\"https:\/\/radiologie-weiterbildung.de\/veranstaltungen\/mrt-der-mamma-expertenkurs-episode-3\/\" target=\"_blank\" rel=\"noopener noreferrer\">Anmeldung<\/a><\/p>\n            <\/div>\n            <div class='clear'><\/div>        <\/div>\n    <\/div>\n<\/div><\/div><\/div><!-- row close --><div class='evocard_row'><div id='event_time' class='evocard_box time' data-c='' \n\t\t\t\t\tstyle=''><div class='evo_metarow_time evorow evcal_evdata_row evcal_evrow_sm '>\n\t\t<span class='evcal_evdata_icons'><i class='fa fa-clock-o'><\/i><\/span>\n\t\t<div class='evcal_evdata_cell'>\t\t\t\t\t\t\t\n\t\t\t<h3 class='evo_h3'><span class='evcal_evdata_icons'><i class='fa fa-clock-o'><\/i><\/span>Zeit<\/h3><div><span class='evo_eventcard_time_t evogap5 evofxww'><span class=\"start\">9 Mai 2026<\/span> ganztags<\/span><span class='evo_tz marr5'>(GMT+02:00)<\/span><\/div>\n\t\t<\/div>\n\t<\/div><\/div><\/div><!-- row close --><div class='evocard_row'><div id='event_organizer' class='evocard_box organizer' data-c='' \n\t\t\t\t\tstyle=''><div class='evo_metarow_organizer evorow evcal_evdata_row evcal_evrow_sm '>\n\t\t<span class='evcal_evdata_icons'><i class='fa fa-headphones'><\/i><\/span>\n\t\t<div class='evcal_evdata_cell'>\t\t\t\t\t\t\t\n\t\t\t<h3 class='evo_h3'>Veranstalter<\/h3><div class='evo_evdata_cell_content evodfx evofx_ww evofx_dr_r evogap15'><div class='evo_card_organizer evofx_1'><h4 class='evo_org_name evo_h4 marb5 evottui evocl1i evopadb10i'><span class='evo_card_organizer_name_t marb5'><a  href='https:\/\/sgr-ssr.ch\/fr\/event-organizer\/pascal-baltzer-und-matthias-dietzel\/' class='evocl1i'>Pascal Baltzer und Matthias Dietzel<\/a><\/span><\/h4><p class='evo_card_organizer_more evomart10i'><a class='evolb_trigger evo_btn_arr mart10' data-lbvals=\"{&quot;lbc&quot;:&quot;evo_organizer_lb&quot;,&quot;lbac&quot;:&quot;lb_max&quot;,&quot;preload_temp_key&quot;:&quot;preload_taxlb&quot;,&quot;t&quot;:&quot;Pascal Baltzer und Matthias Dietzel&quot;,&quot;ajax&quot;:&quot;yes&quot;,&quot;ajax_type&quot;:&quot;endpoint&quot;,&quot;ajax_action&quot;:&quot;eventon_get_tax_card_content&quot;,&quot;end&quot;:&quot;client&quot;,&quot;d&quot;:{&quot;eventid&quot;:18788,&quot;ri&quot;:0,&quot;term_id&quot;:301,&quot;tax&quot;:&quot;event_organizer&quot;,&quot;load_lbcontent&quot;:true}}\" >Learn More<i class='fa fa-chevron-right'><\/i><\/a><\/p><\/div><!-- evo_card_organizer--><\/div><\/div>\t<\/div><\/div><\/div><!-- row close --><div class='evocard_row bx2 bx'><div id='event_learnmore' class='evocard_box learnmore' data-c='' \n\t\t\t\t\tstyle=''><div class='evo_metarow_learnM evo_metarow_learnmore evorow'>\n\t\t\t\t\t\t\t<a class='evcal_evdata_row evo_clik_row ' href='https:\/\/radiologie-weiterbildung.de\/veranstaltungen\/mrt-der-mamma-expertenkurs-episode-3\/' target=\"_blank\">\n\t\t\t\t\t\t\t\t<span class='evcal_evdata_icons'><i class='fa fa-link'><\/i><\/span>\n\t\t\t\t\t\t\t\t<h3 class='evo_h3'>Mehr Infos \/ Anmeldung<\/h3>\n\t\t\t\t\t\t\t<\/a>\n\t\t\t\t\t\t\t<\/div><\/div><div id='event_addtocal' class='evocard_box addtocal' data-c='' \n\t\t\t\t\tstyle=''><div class='evo_metarow_ICS evorow evcal_evdata_row'>\n\t\t\t<span class='evcal_evdata_icons'><i class='fa fa-calendar-o'><\/i><\/span>\n\t\t\t<div class='evcal_evdata_cell'>\n\t\t\t\t<p><a href='https:\/\/sgr-ssr.ch\/fr\/export-events\/18788_0\/?key=cd75fe199f' rel='nofollow' class='evo_ics_nCal' title='Add to your calendar'>Calendar<\/a><a href='https:\/\/www.google.com\/calendar\/event?action=TEMPLATE&text=MRT%20der%20Mamma%3A%20Expertenkurs%20Episode%20III%20%7C%20BI-RADS%202025%20Update%20%7C%20Special%20Focus%20%22risikoadaptierte%20Diagnostik%2C%20Mastitis%2C%20axill%C3%A4re%20Lymphknoten%20und%20BI-RADS%203&dates=20260508T220000Z\/20260509T215959Z&ctz=Europe%2FVienna&details=MRT%20der%20Mamma%3A%20Expertenkurs%20Episode%20III%20%7C%20BI-RADS%202025%20Update%20%7C%20Special%20Focus%20%22risikoadaptierte%20Diagnostik%2C%20Mastitis%2C%20axill%C3%A4re%20Lymphknoten%20und%20BI-RADS%203&location=' target='_blank' rel='nofollow' class='evo_ics_gCal' title='Add to google calendar'>GoogleCal<\/a><\/p>\t\n\t\t\t<\/div>\n\t\t<\/div><\/div><\/div><!-- row close --><button class='evo_card_row_end evcal_close' title='Close'><\/button><\/div><div class='clear end'><\/div><\/div><div id=\"event_19173_0\" class=\"eventon_list_event evo_eventtop scheduled  event clrW event_19173_0\" data-event_id=\"19173\" data-ri=\"0r\" data-time=\"1779141600-1779487199\" data-colr=\"#4bb5d8\" itemscope itemtype='http:\/\/schema.org\/Event'><div class=\"evo_event_schema\" style=\"display:none\" ><a itemprop='url'  href='https:\/\/sgr-ssr.ch\/fr\/events\/radpathvienna-2026\/'><\/a><meta itemprop='image'  \/><meta itemprop='startDate' content=\"2026-5-19\" \/><meta itemprop='endDate' content=\"2026-5-22\" \/><meta itemprop='eventStatus' content=\"https:\/\/schema.org\/EventScheduled\" \/><meta itemprop='eventAttendanceMode'   itemscope itemtype=\"https:\/\/schema.org\/OfflineEventAttendanceMode\"\/><script type=\"application\/ld+json\">{\"@context\": \"http:\/\/schema.org\",\"@type\": \"Event\",\n\t\t\t\t\"@id\": \"event_19173_0\",\n\t\t\t\t\"eventAttendanceMode\":\"https:\/\/schema.org\/OfflineEventAttendanceMode\",\n\t\t\t\t\"eventStatus\":\"https:\/\/schema.org\/EventScheduled\",\n\t\t\t\t\"name\": \"RADPATH|VIENNA 2026\",\n\t\t\t\t\"url\": \"https:\/\/sgr-ssr.ch\/fr\/events\/radpathvienna-2026\/\",\n\t\t\t\t\"startDate\": \"2026-5-19\",\n\t\t\t\t\"endDate\": \"2026-5-22\",\n\t\t\t\t\"image\":\"\", \n\t\t\t\t\"description\":\"<p>Neuro | Head &amp; Neck | MSK | Breast<\/p> <p>RADPATH|VIENNA is a four-day radiologic pathology correlation course that presents a comprehensive review of radiologic imaging with emphasis on the principles of radiologic-pathologic correlation.<\/p> <p><a href='https:\/\/radpath.at\/' target='_blank' rel='noopener noreferrer'>Programme<\/a><\/p> <p><a href='mailto:contact@radpath.at'>Contact<\/a><\/p> \"}<\/script><\/div>\r\n\t\t\t\t<p class=\"desc_trig_outter\" style=\"\"><a data-gmap_status=\"null\" data-exlk=\"0\" style=\"background-color: #4bb5d8;\" id=\"evc_177914160019173\" href=\"#\" class=\"desc_trig mul_val evcal_list_a allday\" data-ux_val=\"1\" data-ux_val_mob=\"-\"  ><span class='evoet_c2 evoet_cx '><span class='evoet_dayblock evcal_cblock ' data-bgcolor='#4bb5d8' data-smon='Mai' data-syr='2026' data-bub=''><span class='evo_start  evofxdrc'><em class='day'>Di<\/em><em class='date'>19<\/em><em class='month'>Mai<\/em><em class='time'>ganztags<\/em><\/span><span class='evo_end  evofxdrc'><em class='day'>Fr<\/em><em class='date'>22<\/em><\/span><\/span><\/span><span class='evoet_c3 evoet_cx evcal_desc hide_eventtopdata '><span class='evoet_title evcal_desc2 evcal_event_title ' itemprop='name'>RADPATH|VIENNA 2026<\/span><\/span><span class='evoet_data' data-d=\"{&quot;loc.n&quot;:&quot;Hotel Savoyen&quot;,&quot;orgs&quot;:[],&quot;tags&quot;:[]}\" data-bgc=\"#4bb5d8\" data-bggrad=\"\" ><\/span><\/a><\/p><div class='event_description evcal_eventcard ' style=\"display:none\"><div class='evocard_row'><div id='event_eventdetails' class='evocard_box eventdetails' data-c='' \n\t\t\t\t\tstyle=''><div class=\"evo_metarow_details evorow evcal_evdata_row evcal_event_details\">\n    <div class=\"event_excerpt\" style=\"display:none\"><h3 class=\"padb5 evo_h3\">Veranstaltungsdetails<\/h3><p>Neuro | Head &amp; Neck | MSK | Breast\nRADPATH|VIENNA is a four-day radiologic pathology correlation course that presents a comprehensive review of radiologic imaging with emphasis on the principles of<\/p><\/div><span class='evcal_evdata_icons'><i class='fa fa-align-justify'><\/i><\/span>    <div class=\"evcal_evdata_cell \">\n        <div class=\"eventon_full_description\">\n            <h3 class=\"padb5 evo_h3\"><span class='evcal_evdata_icons'><i class='fa fa-align-justify'><\/i><\/span>Veranstaltungsdetails<\/h3>\n            <div class=\"eventon_desc_in\" itemprop=\"description\">\n                <p>Neuro | Head &amp; Neck | MSK | Breast<\/p>\n<p>RADPATH|VIENNA is a four-day radiologic pathology correlation course that presents a comprehensive review of radiologic imaging with emphasis on the principles of radiologic-pathologic correlation.<\/p>\n<p><a href=\"https:\/\/radpath.at\/\" target=\"_blank\" rel=\"noopener noreferrer\">Programme<\/a><\/p>\n<p><a href=\"mailto:contact@radpath.at\">Contact<\/a><\/p>\n            <\/div>\n            <div class='clear'><\/div>        <\/div>\n    <\/div>\n<\/div><\/div><\/div><!-- row close --><div class='evocard_row bx2 bx'><div id='event_time' class='evocard_box time' data-c='' \n\t\t\t\t\tstyle=''><div class='evo_metarow_time evorow evcal_evdata_row evcal_evrow_sm '>\n\t\t<span class='evcal_evdata_icons'><i class='fa fa-clock-o'><\/i><\/span>\n\t\t<div class='evcal_evdata_cell'>\t\t\t\t\t\t\t\n\t\t\t<h3 class='evo_h3'><span class='evcal_evdata_icons'><i class='fa fa-clock-o'><\/i><\/span>Zeit<\/h3><div><span class='evo_eventcard_time_t evogap5 evofxww'><span class=\"start\">19 Mai 2026<\/span>  - <span class=\"end\">22 Mai 2026<\/span> (ganztags)<\/span><span class='evo_tz marr5'>(GMT+02:00)<\/span><\/div>\n\t\t<\/div>\n\t<\/div><\/div><div id='event_location' class='evocard_box location' data-c='' \n\t\t\t\t\tstyle=''><div class='evcal_evdata_row evo_metarow_time_location evorow '>\n\t\t\n\t\t\t<span class='evcal_evdata_icons'><i class='fa fa-map-marker'><\/i><\/span>\n\t\t\t<div class='evcal_evdata_cell' data-loc_tax_id='378'><h3 class='evo_h3 evodfx'><span class='evcal_evdata_icons'><i class='fa fa-map-marker'><\/i><\/span>Ort<\/h3><p class='evo_location_name'>Hotel Savoyen<\/p><div class='padt10'><span class='evo_btn_arr evolb_trigger' data-lbvals=\"{&quot;lbdata&quot;:{&quot;class&quot;:&quot;evo_location_lb_378&quot;,&quot;additional_class&quot;:&quot;lb_max&quot;,&quot;title&quot;:&quot;Hotel Savoyen&quot;},&quot;adata&quot;:{&quot;a&quot;:&quot;eventon_get_tax_card_content&quot;,&quot;end&quot;:&quot;client&quot;,&quot;data&quot;:{&quot;lang&quot;:&quot;L1&quot;,&quot;term_id&quot;:378,&quot;tax&quot;:&quot;event_location&quot;,&quot;load_lbcontent&quot;:true}},&quot;uid&quot;:&quot;eventon_get_tax_card_content&quot;}\" >Other Events<i class='fa fa-chevron-right' aria-hidden='true'><\/i><\/span><\/div><\/div>\n\t\t\n\t<\/div><\/div><\/div><!-- row close --><div class='evocard_row bx2 bx'><div id='event_learnmore' class='evocard_box learnmore' data-c='' \n\t\t\t\t\tstyle=''><div class='evo_metarow_learnM evo_metarow_learnmore evorow'>\n\t\t\t\t\t\t\t<a class='evcal_evdata_row evo_clik_row ' href='https:\/\/radpath.at\/' target=\"_blank\">\n\t\t\t\t\t\t\t\t<span class='evcal_evdata_icons'><i class='fa fa-link'><\/i><\/span>\n\t\t\t\t\t\t\t\t<h3 class='evo_h3'>Mehr Infos \/ Anmeldung<\/h3>\n\t\t\t\t\t\t\t<\/a>\n\t\t\t\t\t\t\t<\/div><\/div><div id='event_addtocal' class='evocard_box addtocal' data-c='' \n\t\t\t\t\tstyle=''><div class='evo_metarow_ICS evorow evcal_evdata_row'>\n\t\t\t<span class='evcal_evdata_icons'><i class='fa fa-calendar-o'><\/i><\/span>\n\t\t\t<div class='evcal_evdata_cell'>\n\t\t\t\t<p><a href='https:\/\/sgr-ssr.ch\/fr\/export-events\/19173_0\/?key=cd75fe199f' rel='nofollow' class='evo_ics_nCal' title='Add to your calendar'>Calendar<\/a><a href='https:\/\/www.google.com\/calendar\/event?action=TEMPLATE&text=RADPATH%7CVIENNA%202026&dates=20260518T220000Z\/20260522T215959Z&ctz=Europe%2FVienna&details=RADPATH%7CVIENNA%202026&location=Hotel%20Savoyen' target='_blank' rel='nofollow' class='evo_ics_gCal' title='Add to google calendar'>GoogleCal<\/a><\/p>\t\n\t\t\t<\/div>\n\t\t<\/div><\/div><\/div><!-- row close --><button class='evo_card_row_end evcal_close' title='Close'><\/button><\/div><div class='clear end'><\/div><\/div><div id=\"event_19476_0\" class=\"eventon_list_event evo_eventtop scheduled  event clrD event_19476_0\" data-event_id=\"19476\" data-ri=\"0r\" data-time=\"1779381000-1779386400\" data-colr=\"#004961\" itemscope itemtype='http:\/\/schema.org\/Event'><div class=\"evo_event_schema\" style=\"display:none\" ><a itemprop='url'  href='https:\/\/sgr-ssr.ch\/fr\/events\/formation-continue-en-radioprotection-pour-les-medecins-utilisant-la-scopie\/'><\/a><meta itemprop='image'  \/><meta itemprop='startDate' content=\"2026-5-21T18:30+0:00\" \/><meta itemprop='endDate' content=\"2026-5-21T20:00+0:00\" \/><meta itemprop='eventStatus' content=\"https:\/\/schema.org\/EventScheduled\" \/><meta itemprop='eventAttendanceMode'   itemscope itemtype=\"https:\/\/schema.org\/OnlineEventAttendanceMode\"\/><div itemprop=\"organizer\" itemscope=\"\" itemtype=\"http:\/\/schema.org\/Organization\"><meta itemprop=\"name\" content=\"CHUV\">\n\t\t\t\t    \t<\/div><div itemprop=\"performer\" itemscope=\"\" itemtype=\"http:\/\/schema.org\/Person\"><meta itemprop=\"name\" content=\"CHUV\"><\/div><script type=\"application\/ld+json\">{\"@context\": \"http:\/\/schema.org\",\"@type\": \"Event\",\n\t\t\t\t\"@id\": \"event_19476_0\",\n\t\t\t\t\"eventAttendanceMode\":\"https:\/\/schema.org\/OnlineEventAttendanceMode\",\n\t\t\t\t\"eventStatus\":\"https:\/\/schema.org\/EventScheduled\",\n\t\t\t\t\"name\": \"FORMATION CONTINUE EN RADIOPROTECTION POUR LES MEDECINS UTILISANT LA SCOPIE\",\n\t\t\t\t\"url\": \"https:\/\/sgr-ssr.ch\/fr\/events\/formation-continue-en-radioprotection-pour-les-medecins-utilisant-la-scopie\/\",\n\t\t\t\t\"startDate\": \"2026-5-21T18:30+0:00\",\n\t\t\t\t\"endDate\": \"2026-5-21T20:00+0:00\",\n\t\t\t\t\"image\":\"\", \n\t\t\t\t\"description\":\"<p>L&rsquo;Institut de Radiophysique organise cette formation continue en radioprotection, visant \u00e0 assurer la conservation et l&rsquo;actualisation des comp\u00e9tences.<\/p> <p><strong>Contenu<\/strong><\/p> <ul> <li>18h30 \u2013 19h00\u00a0: R\u00f4le du TRM au bloc op\u00e9ratoire (Julien Caldas)<\/li> <li>19h00 \u2013 19h30\u00a0: R\u00f4le du Physicien (Marie Nowak, Ana\u00efs Viry)<\/li> <li>19h30 \u2013 20h00\u00a0: Formation initiale en radioprotection (Nicolas Cherbuin)<\/li> <\/ul> <p>Le contenu est le m\u00eame pour chaque session en 2026.<\/p> <p><strong>Public cible<\/strong><\/p> <p>Radiologues<br \/> M\u00e9decins sp\u00e9cialistes au b\u00e9n\u00e9fice des formations MA5 selon Ordonnance sur les formations en radioprotection<br \/> M\u00e9decins sp\u00e9cialistes exploitant une installation de radioscopie.<\/p> <p><strong>Informations pratiques<\/strong><\/p> <p>Dur\u00e9e : 1h30 heures (2 UE)<br \/> Horaire : de 18h30 \u00e0 20h00<br \/> Lieu et dates\u00a0:\u00a0 21\/05\/2026\u00a0: En visioconf\u00e9rence<br \/> 27\/10\/2026\u00a0: En visioconf\u00e9rence<\/p> <p><a href='https:\/\/www.chuv.ch\/it\/ira\/ira-home\/formation-en-radioprotection\/formations-continues\/pour-les-medecins-utilisant-la-fluoroscopie' target='_blank' rel='noopener noreferrer'>Inscription<\/a><\/p> \",\"organizer\":[{\"@type\":\"Organization\",\"name\":\"CHUV\"}]}<\/script><\/div>\r\n\t\t\t\t<p class=\"desc_trig_outter\" style=\"\"><a data-gmap_status=\"null\" data-exlk=\"0\" style=\"background-color: #004961;\" id=\"evc_177938100019476\" href=\"#\" class=\"desc_trig sin_val evcal_list_a\" data-ux_val=\"1\" data-ux_val_mob=\"-\"  ><span class='evoet_c2 evoet_cx '><span class='evoet_dayblock evcal_cblock ' data-bgcolor='#004961' data-smon='Mai' data-syr='2026' data-bub=''><span class='evo_start  evofxdrc'><em class='day'>Do<\/em><em class='date'>21<\/em><em class='month'>Mai<\/em><em class='time'>18 h 30 min<\/em><\/span><span class='evo_end only_time evofxdrc'><em class='time'>20 h 00 min<\/em><\/span><\/span><\/span><span class='evoet_c3 evoet_cx evcal_desc hide_eventtopdata '><span class='evoet_title evcal_desc2 evcal_event_title ' itemprop='name'>FORMATION CONTINUE EN RADIOPROTECTION POUR LES MEDECINS UTILISANT LA SCOPIE<\/span><span class='evoet_cy evoet_subtitle evo_below_title' ><span class='evcal_event_subtitle ' >2 Credits<\/span><\/span><\/span><span class='evoet_data' data-d=\"{&quot;loc.n&quot;:&quot;&quot;,&quot;orgs&quot;:{&quot;665&quot;:&quot;CHUV&quot;},&quot;tags&quot;:{&quot;vir&quot;:&quot;Virtual Event&quot;}}\" data-bgc=\"#004961\" data-bggrad=\"\" ><\/span><\/a><\/p><div class='event_description evcal_eventcard ' style=\"display:none\"><div class='evocard_row'><div id='event_eventdetails' class='evocard_box eventdetails' data-c='' \n\t\t\t\t\tstyle=''><div class=\"evo_metarow_details evorow evcal_evdata_row evcal_event_details\">\n    <div class=\"event_excerpt\" style=\"display:none\"><h3 class=\"padb5 evo_h3\">Veranstaltungsdetails<\/h3><p>L&rsquo;Institut de Radiophysique organise cette formation continue en radioprotection, visant \u00e0 assurer la conservation et l&rsquo;actualisation des comp\u00e9tences.\nContenu\n\n18h30 \u2013 19h00\u00a0: R\u00f4le du TRM au bloc op\u00e9ratoire (Julien Caldas)\n19h00 \u2013 19h30\u00a0:<\/p><\/div><span class='evcal_evdata_icons'><i class='fa fa-align-justify'><\/i><\/span>    <div class=\"evcal_evdata_cell shorter_desc\">\n        <div class=\"eventon_full_description\">\n            <h3 class=\"padb5 evo_h3\"><span class='evcal_evdata_icons'><i class='fa fa-align-justify'><\/i><\/span>Veranstaltungsdetails<\/h3>\n            <div class=\"eventon_desc_in\" itemprop=\"description\">\n                <p>L&rsquo;Institut de Radiophysique organise cette formation continue en radioprotection, visant \u00e0 assurer la conservation et l&rsquo;actualisation des comp\u00e9tences.<\/p>\n<p><strong>Contenu<\/strong><\/p>\n<ul>\n<li>18h30 \u2013 19h00\u00a0: R\u00f4le du TRM au bloc op\u00e9ratoire (Julien Caldas)<\/li>\n<li>19h00 \u2013 19h30\u00a0: R\u00f4le du Physicien (Marie Nowak, Ana\u00efs Viry)<\/li>\n<li>19h30 \u2013 20h00\u00a0: Formation initiale en radioprotection (Nicolas Cherbuin)<\/li>\n<\/ul>\n<p>Le contenu est le m\u00eame pour chaque session en 2026.<\/p>\n<p><strong>Public cible<\/strong><\/p>\n<p>Radiologues<br \/>\nM\u00e9decins sp\u00e9cialistes au b\u00e9n\u00e9fice des formations MA5 selon Ordonnance sur les formations en radioprotection<br \/>\nM\u00e9decins sp\u00e9cialistes exploitant une installation de radioscopie.<\/p>\n<p><strong>Informations pratiques<\/strong><\/p>\n<p>Dur\u00e9e : 1h30 heures (2 UE)<br \/>\nHoraire : de 18h30 \u00e0 20h00<br \/>\nLieu et dates\u00a0:\u00a0 21\/05\/2026\u00a0: En visioconf\u00e9rence<br \/>\n27\/10\/2026\u00a0: En visioconf\u00e9rence<\/p>\n<p><a href=\"https:\/\/www.chuv.ch\/it\/ira\/ira-home\/formation-en-radioprotection\/formations-continues\/pour-les-medecins-utilisant-la-fluoroscopie\" target=\"_blank\" rel=\"noopener noreferrer\">Inscription<\/a><\/p>\n            <\/div>\n            <p class='eventon_shad_p' style='padding:5px 0 0; margin:0'><button class='evcal_btn evo_btn_secondary evobtn_details_show_more' content='less'><span class='ev_more_text' data-txt='weniger'>mehr<\/span><span class='ev_more_arrow ard'><\/span><\/button><\/p><div class='clear'><\/div>        <\/div>\n    <\/div>\n<\/div><\/div><\/div><!-- row close --><div class='evocard_row'><div id='event_time' class='evocard_box time' data-c='' \n\t\t\t\t\tstyle=''><div class='evo_metarow_time evorow evcal_evdata_row evcal_evrow_sm '>\n\t\t<span class='evcal_evdata_icons'><i class='fa fa-clock-o'><\/i><\/span>\n\t\t<div class='evcal_evdata_cell'>\t\t\t\t\t\t\t\n\t\t\t<h3 class='evo_h3'><span class='evcal_evdata_icons'><i class='fa fa-clock-o'><\/i><\/span>Zeit<\/h3><div><span class='evo_eventcard_time_t evogap5 evofxww'><span class=\"start\">21 Mai 2026<\/span> <span class=\"stime\">18 h 30 min<\/span> - <span class=\"etime\">20 h 00 min<\/span><\/span><span class='evo_tz marr5'>(GMT+02:00)<\/span><\/div>\n\t\t<\/div>\n\t<\/div><\/div><\/div><!-- row close --><div class='evocard_row'><div id='event_organizer' class='evocard_box organizer' data-c='' \n\t\t\t\t\tstyle=''><div class='evo_metarow_organizer evorow evcal_evdata_row evcal_evrow_sm '>\n\t\t<span class='evcal_evdata_icons'><i class='fa fa-headphones'><\/i><\/span>\n\t\t<div class='evcal_evdata_cell'>\t\t\t\t\t\t\t\n\t\t\t<h3 class='evo_h3'>Veranstalter<\/h3><div class='evo_evdata_cell_content evodfx evofx_ww evofx_dr_r evogap15'><div class='evo_card_organizer evofx_1'><h4 class='evo_org_name evo_h4 marb5 evottui evocl1i evopadb10i'><span class='evo_card_organizer_name_t marb5'><a  href='https:\/\/sgr-ssr.ch\/fr\/event-organizer\/chuv\/' class='evocl1i'>CHUV<\/a><\/span><\/h4><p class='evo_card_organizer_more evomart10i'><a class='evolb_trigger evo_btn_arr mart10' data-lbvals=\"{&quot;lbc&quot;:&quot;evo_organizer_lb&quot;,&quot;lbac&quot;:&quot;lb_max&quot;,&quot;preload_temp_key&quot;:&quot;preload_taxlb&quot;,&quot;t&quot;:&quot;CHUV&quot;,&quot;ajax&quot;:&quot;yes&quot;,&quot;ajax_type&quot;:&quot;endpoint&quot;,&quot;ajax_action&quot;:&quot;eventon_get_tax_card_content&quot;,&quot;end&quot;:&quot;client&quot;,&quot;d&quot;:{&quot;eventid&quot;:19476,&quot;ri&quot;:0,&quot;term_id&quot;:665,&quot;tax&quot;:&quot;event_organizer&quot;,&quot;load_lbcontent&quot;:true}}\" >Learn More<i class='fa fa-chevron-right'><\/i><\/a><\/p><\/div><!-- evo_card_organizer--><\/div><\/div>\t<\/div><\/div><\/div><!-- row close --><div class='evocard_row bx2 bx'><div id='event_learnmore' class='evocard_box learnmore' data-c='' \n\t\t\t\t\tstyle=''><div class='evo_metarow_learnM evo_metarow_learnmore evorow'>\n\t\t\t\t\t\t\t<a class='evcal_evdata_row evo_clik_row ' href='https:\/\/www.chuv.ch\/it\/ira\/ira-home\/formation-en-radioprotection\/formations-continues\/pour-les-medecins-utilisant-la-fluoroscopie' target=\"_blank\">\n\t\t\t\t\t\t\t\t<span class='evcal_evdata_icons'><i class='fa fa-link'><\/i><\/span>\n\t\t\t\t\t\t\t\t<h3 class='evo_h3'>Mehr Infos \/ Anmeldung<\/h3>\n\t\t\t\t\t\t\t<\/a>\n\t\t\t\t\t\t\t<\/div><\/div><div id='event_addtocal' class='evocard_box addtocal' data-c='' \n\t\t\t\t\tstyle=''><div class='evo_metarow_ICS evorow evcal_evdata_row'>\n\t\t\t<span class='evcal_evdata_icons'><i class='fa fa-calendar-o'><\/i><\/span>\n\t\t\t<div class='evcal_evdata_cell'>\n\t\t\t\t<p><a href='https:\/\/sgr-ssr.ch\/fr\/export-events\/19476_0\/?key=cd75fe199f' rel='nofollow' class='evo_ics_nCal' title='Add to your calendar'>Calendar<\/a><a href='https:\/\/www.google.com\/calendar\/event?action=TEMPLATE&text=FORMATION%20CONTINUE%20EN%20RADIOPROTECTION%20POUR%20LES%20MEDECINS%20UTILISANT%20LA%20SCOPIE&dates=20260521T163000Z\/20260521T180000Z&ctz=Europe%2FVienna&details=FORMATION%20CONTINUE%20EN%20RADIOPROTECTION%20POUR%20LES%20MEDECINS%20UTILISANT%20LA%20SCOPIE&location=' target='_blank' rel='nofollow' class='evo_ics_gCal' title='Add to google calendar'>GoogleCal<\/a><\/p>\t\n\t\t\t<\/div>\n\t\t<\/div><\/div><\/div><!-- row close --><button class='evo_card_row_end evcal_close' title='Close'><\/button><\/div><div class='clear end'><\/div><\/div><div id=\"event_19091_0\" class=\"eventon_list_event evo_eventtop scheduled  event clrD event_19091_0\" data-event_id=\"19091\" data-ri=\"0r\" data-time=\"1779919200-1780178399\" data-colr=\"#004961\" itemscope itemtype='http:\/\/schema.org\/Event'><div class=\"evo_event_schema\" style=\"display:none\" ><a itemprop='url'  href='https:\/\/sgr-ssr.ch\/fr\/events\/scr26-swiss-congress-of-radiology\/'><\/a><meta itemprop='image'  \/><meta itemprop='startDate' content=\"2026-5-28\" \/><meta itemprop='endDate' content=\"2026-5-30\" \/><meta itemprop='eventStatus' content=\"https:\/\/schema.org\/EventScheduled\" \/><meta itemprop='eventAttendanceMode'   itemscope itemtype=\"https:\/\/schema.org\/OfflineEventAttendanceMode\"\/><div style=\"display:none\" itemprop=\"location\" itemscope itemtype=\"http:\/\/schema.org\/Place\"><span itemprop=\"name\">SwissTech Convention Center (STCC)<\/span><span itemprop=\"address\" itemscope itemtype=\"http:\/\/schema.org\/PostalAddress\"><item itemprop=\"streetAddress\">Route Louis-Favre 2, 1024 Ecublens, Lausanne<\/item><\/span><\/div><div itemprop=\"organizer\" itemscope=\"\" itemtype=\"http:\/\/schema.org\/Organization\"><meta itemprop=\"name\" content=\"Swiss Congress of Radiology\">\n\t\t\t\t    \t<meta itemprop=\"url\" content=\"www.radiologiekongress.ch\"><\/div><div itemprop=\"performer\" itemscope=\"\" itemtype=\"http:\/\/schema.org\/Person\"><meta itemprop=\"name\" content=\"Swiss Congress of Radiology\"><\/div><script type=\"application\/ld+json\">{\"@context\": \"http:\/\/schema.org\",\"@type\": \"Event\",\n\t\t\t\t\"@id\": \"event_19091_0\",\n\t\t\t\t\"eventAttendanceMode\":\"https:\/\/schema.org\/OfflineEventAttendanceMode\",\n\t\t\t\t\"eventStatus\":\"https:\/\/schema.org\/EventScheduled\",\n\t\t\t\t\"name\": \"SCR\u201926 \u2013 Swiss Congress of Radiology\",\n\t\t\t\t\"url\": \"https:\/\/sgr-ssr.ch\/fr\/events\/scr26-swiss-congress-of-radiology\/\",\n\t\t\t\t\"startDate\": \"2026-5-28\",\n\t\t\t\t\"endDate\": \"2026-5-30\",\n\t\t\t\t\"image\":\"\", \n\t\t\t\t\"description\":\"<p>SCR is the biggest radiological scientific &amp; educational meeting in Switzerland. It is organized by the Swiss Society of Radiology (SGR-SSR), the Swiss Society of Nuclear Medicine (SGNM-SSMN) and the Swiss Association of Radiographers (SVMTR-ASTRM). The SCR consists of refresher courses, plenary sessions with lectures by national and international speakers, scientific sessions, a poster, and industry exhibition.<\/p> <p class='p1'><a href='https:\/\/congress.sgr-ssr.ch\/' target='_blank' rel='noopener noreferrer'>More information<\/a><\/p> <p><a href='mailto:info@radiologiekongress.ch'>Contact<\/a><\/p> \",\"location\":[{\"@type\":\"Place\",\"name\":\"SwissTech Convention Center (STCC)\",\"address\":{\"@type\": \"PostalAddress\",\"streetAddress\":\"Route Louis-Favre 2, 1024 Ecublens, Lausanne\"}}],\"organizer\":[{\"@type\":\"Organization\",\"name\":\"Swiss Congress of Radiology\",\"url\":\"www.radiologiekongress.ch\"}]}<\/script><\/div>\r\n\t\t\t\t<p class=\"desc_trig_outter\" style=\"\"><a data-gmtrig=\"1\" data-exlk=\"0\" style=\"background-color: #004961;\" id=\"evc_177991920019091\" href=\"#\" class=\"desc_trig mul_val evcal_list_a allday\" data-ux_val=\"1\" data-ux_val_mob=\"-\"  ><span class='evoet_c2 evoet_cx '><span class='evoet_dayblock evcal_cblock ' data-bgcolor='#004961' data-smon='Mai' data-syr='2026' data-bub=''><span class='evo_start  evofxdrc'><em class='day'>Do<\/em><em class='date'>28<\/em><em class='month'>Mai<\/em><em class='time'>ganztags<\/em><\/span><span class='evo_end  evofxdrc'><em class='day'>Sa<\/em><em class='date'>30<\/em><\/span><\/span><\/span><span class='evoet_c3 evoet_cx evcal_desc hide_eventtopdata '><span class='evoet_title evcal_desc2 evcal_event_title ' itemprop='name'>SCR\u201926 \u2013 Swiss Congress of Radiology<\/span><span class='event_location_attrs'  data-location_address=\"Route Louis-Favre 2, 1024 Ecublens, Lausanne\" data-location_type=\"address\" data-location_name=\"SwissTech Convention Center (STCC)\" data-location_url=\"https:\/\/sgr-ssr.ch\/fr\/event-location\/swisstech-convention-center-stcc\/\" data-location_status=\"true\" data-locid=\"646\"><\/span><span class='evoet_cy evoet_subtitle evo_below_title' ><span class='evcal_event_subtitle ' >16 Credits + 5 (Saturday Course)<\/span><\/span><\/span><span class='evoet_data' data-d=\"{&quot;loc.n&quot;:&quot;SwissTech Convention Center (STCC)&quot;,&quot;orgs&quot;:{&quot;101&quot;:&quot;Swiss Congress of Radiology&quot;},&quot;tags&quot;:[]}\" data-bgc=\"#004961\" data-bggrad=\"\" ><\/span><\/a><\/p><div class='event_description evcal_eventcard ' style=\"display:none\"><div class='evocard_row'><div id='event_eventdetails' class='evocard_box eventdetails' data-c='' \n\t\t\t\t\tstyle=''><div class=\"evo_metarow_details evorow evcal_evdata_row evcal_event_details\">\n    <div class=\"event_excerpt\" style=\"display:none\"><h3 class=\"padb5 evo_h3\">Veranstaltungsdetails<\/h3><p>SCR is the biggest radiological scientific &amp; educational meeting in Switzerland. It is organized by the Swiss Society of Radiology (SGR-SSR), the Swiss Society of Nuclear Medicine (SGNM-SSMN) and the<\/p><\/div><span class='evcal_evdata_icons'><i class='fa fa-align-justify'><\/i><\/span>    <div class=\"evcal_evdata_cell shorter_desc\">\n        <div class=\"eventon_full_description\">\n            <h3 class=\"padb5 evo_h3\"><span class='evcal_evdata_icons'><i class='fa fa-align-justify'><\/i><\/span>Veranstaltungsdetails<\/h3>\n            <div class=\"eventon_desc_in\" itemprop=\"description\">\n                <p>SCR is the biggest radiological scientific &amp; educational meeting in Switzerland. It is organized by the Swiss Society of Radiology (SGR-SSR), the Swiss Society of Nuclear Medicine (SGNM-SSMN) and the Swiss Association of Radiographers (SVMTR-ASTRM). The SCR consists of refresher courses, plenary sessions with lectures by national and international speakers, scientific sessions, a poster, and industry exhibition.<\/p>\n<p class=\"p1\"><a href=\"https:\/\/congress.sgr-ssr.ch\/\" target=\"_blank\" rel=\"noopener noreferrer\">More information<\/a><\/p>\n<p><a href=\"mailto:info@radiologiekongress.ch\">Contact<\/a><\/p>\n            <\/div>\n            <p class='eventon_shad_p' style='padding:5px 0 0; margin:0'><button class='evcal_btn evo_btn_secondary evobtn_details_show_more' content='less'><span class='ev_more_text' data-txt='weniger'>mehr<\/span><span class='ev_more_arrow ard'><\/span><\/button><\/p><div class='clear'><\/div>        <\/div>\n    <\/div>\n<\/div><\/div><\/div><!-- row close --><div class='evocard_row bx2 bx'><div id='event_time' class='evocard_box time' data-c='' \n\t\t\t\t\tstyle=''><div class='evo_metarow_time evorow evcal_evdata_row evcal_evrow_sm '>\n\t\t<span class='evcal_evdata_icons'><i class='fa fa-clock-o'><\/i><\/span>\n\t\t<div class='evcal_evdata_cell'>\t\t\t\t\t\t\t\n\t\t\t<h3 class='evo_h3'><span class='evcal_evdata_icons'><i class='fa fa-clock-o'><\/i><\/span>Zeit<\/h3><div><span class='evo_eventcard_time_t evogap5 evofxww'><span class=\"start\">28 Mai 2026<\/span>  - <span class=\"end\">30 Mai 2026<\/span> (ganztags)<\/span><span class='evo_tz marr5'>(GMT+02:00)<\/span><\/div>\n\t\t<\/div>\n\t<\/div><\/div><div id='event_location' class='evocard_box location' data-c='' \n\t\t\t\t\tstyle=''><div class='evcal_evdata_row evo_metarow_time_location evorow '>\n\t\t\n\t\t\t<span class='evcal_evdata_icons'><i class='fa fa-map-marker'><\/i><\/span>\n\t\t\t<div class='evcal_evdata_cell' data-loc_tax_id='646'><h3 class='evo_h3 evodfx'><span class='evcal_evdata_icons'><i class='fa fa-map-marker'><\/i><\/span>Ort<\/h3><p class='evo_location_name'>SwissTech Convention Center (STCC)<\/p><p class='evo_location_address evodfxi evogap10'>Route Louis-Favre 2, 1024 Ecublens, Lausanne<\/p><div class='padt10'><span class='evo_btn_arr evolb_trigger' data-lbvals=\"{&quot;lbdata&quot;:{&quot;class&quot;:&quot;evo_location_lb_646&quot;,&quot;additional_class&quot;:&quot;lb_max&quot;,&quot;title&quot;:&quot;SwissTech Convention Center (STCC)&quot;},&quot;adata&quot;:{&quot;a&quot;:&quot;eventon_get_tax_card_content&quot;,&quot;end&quot;:&quot;client&quot;,&quot;data&quot;:{&quot;lang&quot;:&quot;L1&quot;,&quot;term_id&quot;:646,&quot;tax&quot;:&quot;event_location&quot;,&quot;load_lbcontent&quot;:true}},&quot;uid&quot;:&quot;eventon_get_tax_card_content&quot;}\" >Other Events<i class='fa fa-chevron-right' aria-hidden='true'><\/i><\/span><\/div><\/div>\n\t\t\n\t<\/div><\/div><\/div><!-- row close --><div class='evocard_row'><div id='event_organizer' class='evocard_box organizer' data-c='' \n\t\t\t\t\tstyle=''><div class='evo_metarow_organizer evorow evcal_evdata_row evcal_evrow_sm '>\n\t\t<span class='evcal_evdata_icons'><i class='fa fa-headphones'><\/i><\/span>\n\t\t<div class='evcal_evdata_cell'>\t\t\t\t\t\t\t\n\t\t\t<h3 class='evo_h3'>Veranstalter<\/h3><div class='evo_evdata_cell_content evodfx evofx_ww evofx_dr_r evogap15'><div class='evo_card_organizer evofx_1'><p class='evo_data_val evo_card_organizer_image'><img class='evolb_trigger evo_curp evo_transit_all evo_trans_sc1_03 evo_boxsh_1' data-lbvals=\"{&quot;lbc&quot;:&quot;evo_organizer_lb&quot;,&quot;lbac&quot;:&quot;lb_max&quot;,&quot;preload_temp_key&quot;:&quot;preload_taxlb&quot;,&quot;t&quot;:&quot;Swiss Congress of Radiology&quot;,&quot;ajax&quot;:&quot;yes&quot;,&quot;ajax_type&quot;:&quot;endpoint&quot;,&quot;ajax_action&quot;:&quot;eventon_get_tax_card_content&quot;,&quot;end&quot;:&quot;client&quot;,&quot;d&quot;:{&quot;eventid&quot;:19091,&quot;ri&quot;:0,&quot;term_id&quot;:101,&quot;tax&quot;:&quot;event_organizer&quot;,&quot;load_lbcontent&quot;:true}}\"  src='https:\/\/sgr-ssr.ch\/wp-content\/uploads\/2019\/12\/SCR-300x123.png'\/><\/p><h4 class='evo_org_name evo_h4 marb5 evottui evocl1i evopadb10i'><span class='evo_card_organizer_name_t marb5'><a  href='https:\/\/www.radiologiekongress.ch' class='evocl1i'>Swiss Congress of Radiology<\/a><\/span><\/h4><p class='evo_card_organizer_more evomart10i'><a class='evolb_trigger evo_btn_arr mart10' data-lbvals=\"{&quot;lbc&quot;:&quot;evo_organizer_lb&quot;,&quot;lbac&quot;:&quot;lb_max&quot;,&quot;preload_temp_key&quot;:&quot;preload_taxlb&quot;,&quot;t&quot;:&quot;Swiss Congress of Radiology&quot;,&quot;ajax&quot;:&quot;yes&quot;,&quot;ajax_type&quot;:&quot;endpoint&quot;,&quot;ajax_action&quot;:&quot;eventon_get_tax_card_content&quot;,&quot;end&quot;:&quot;client&quot;,&quot;d&quot;:{&quot;eventid&quot;:19091,&quot;ri&quot;:0,&quot;term_id&quot;:101,&quot;tax&quot;:&quot;event_organizer&quot;,&quot;load_lbcontent&quot;:true}}\" >Learn More<i class='fa fa-chevron-right'><\/i><\/a><\/p><\/div><!-- evo_card_organizer--><\/div><\/div>\t<\/div><\/div><\/div><!-- row close --><div class='evocard_row bx2 bx'><div id='event_learnmore' class='evocard_box learnmore' data-c='' \n\t\t\t\t\tstyle=''><div class='evo_metarow_learnM evo_metarow_learnmore evorow'>\n\t\t\t\t\t\t\t<a class='evcal_evdata_row evo_clik_row ' href='https:\/\/congress.sgr-ssr.ch\/' target=\"_blank\">\n\t\t\t\t\t\t\t\t<span class='evcal_evdata_icons'><i class='fa fa-link'><\/i><\/span>\n\t\t\t\t\t\t\t\t<h3 class='evo_h3'>Mehr Infos \/ Anmeldung<\/h3>\n\t\t\t\t\t\t\t<\/a>\n\t\t\t\t\t\t\t<\/div><\/div><div id='event_addtocal' class='evocard_box addtocal' data-c='' \n\t\t\t\t\tstyle=''><div class='evo_metarow_ICS evorow evcal_evdata_row'>\n\t\t\t<span class='evcal_evdata_icons'><i class='fa fa-calendar-o'><\/i><\/span>\n\t\t\t<div class='evcal_evdata_cell'>\n\t\t\t\t<p><a href='https:\/\/sgr-ssr.ch\/fr\/export-events\/19091_0\/?key=cd75fe199f' rel='nofollow' class='evo_ics_nCal' title='Add to your calendar'>Calendar<\/a><a href='https:\/\/www.google.com\/calendar\/event?action=TEMPLATE&text=SCR%E2%80%9926%20%E2%80%93%20Swiss%20Congress%20of%20Radiology&dates=20260527T220000Z\/20260530T215959Z&ctz=Europe%2FVienna&details=SCR%E2%80%9926%20%E2%80%93%20Swiss%20Congress%20of%20Radiology&location=SwissTech%20Convention%20Center%20%28STCC%29%20Route%20Louis-Favre%202%2C%201024%20Ecublens%2C%20Lausanne' target='_blank' rel='nofollow' class='evo_ics_gCal' title='Add to google calendar'>GoogleCal<\/a><\/p>\t\n\t\t\t<\/div>\n\t\t<\/div><\/div><\/div><!-- row close --><div class='evocard_row'><div id='event_getdirection' class='evocard_box getdirection' data-c='' \n\t\t\t\t\tstyle=''><div class='evo_metarow_getDr evorow evcal_evdata_row evcal_evrow_sm getdirections'>\n\t\t<form action='https:\/\/maps.google.com\/maps' method='get' target='_blank'>\n\t\t\t<input type='hidden' name='daddr' value=\"Route Louis-Favre 2, 1024 Ecublens, Lausanne\"\/> \n\t\t\t<div class='evo_get_direction_content evo_fx_dr_r evogap10'>\n\t\t\t\t<span class='evogetdir_header evodfx evofxdrr evofxaic evogap10'>\n\t\t\t\t\t<i class='mainicon fa fa-road evofz24i'><\/i> \n\t\t\t\t\t<h3 class='evo_h3 evopad0i' style='padding-bottom:5px;'>Get Directions<\/h3>\n\t\t\t\t<\/span>\n\t\t\t\t<span class='evogetdir_field evodfx evofx_1_1 evow100p'>\t\n\t\t\t\t\t<label for='69f31a60424e2' class='evo_aria_ready sr-only'>Address - SCR\u201926 \u2013 Swiss Congress of Radiology []<\/label>\t\t\t\t\n\t\t\t\t\t<input id='69f31a60424e2' class='evo_aria_ready_match evoInput2 evobr10 evow100p evopad10 evoff_2 evofz14i evobrdB1 evoboxbb' type='text' name='saddr' placeholder='Ihre Adresse' value='' style='' aria-label='Address - SCR\u201926 \u2013 Swiss Congress of Radiology []' \/>\n\t\t\t\t<\/span>\n\t\t\t\t<div class='evodfx evofxdrr evofxaic evogap10'>\n\t\t\t\t\t<i class='fa fa-location-dot'><\/i>\n\t\t\t\t\t<div class='evoposr evofx_1 evoh100p'><label for='69f31a60424e2' class='evo_aria_ready sr-only'>Destination Address - SCR\u201926 \u2013 Swiss Congress of Radiology []<\/label>\t\t\n\t\t\t\t\t\t<input id='69f31a60424e2' class='evo_aria_ready_match evoInput2 evobr10 evow100p evopad5-10 evoff_2 evofz14i evobrdB1 evoop5 evoboxbb evoh100p' type='text' style='' readonly value='Route Louis-Favre 2, 1024 Ecublens, Lausanne' aria-label='Destination Address - SCR\u201926 \u2013 Swiss Congress of Radiology []'\/><button class='evo_copy_address evobuttonA evocurp evohoop7 evoposa evopad5' style='right: 3px; top: 4px; background-color: #fff;' data-txt='Route Louis-Favre 2, 1024 Ecublens, Lausanne' data-t='Address copied to clipboard!'><i class='far fa-copy evofz16i' title='Copy Destination Address!'><\/i><\/button>\n\t\t\t\t\t<\/div>\n\t\t\t\t\t<button type='submit' class='evo_get_direction_button evcal_btn dfx evofxaic evocurp evohoop7' title='Hier klicken f\u00fcr Wegbeschreibung' style='    padding: 10px 15px !important;'><i class='fa fa-chevron-right'><\/i> <\/button>\n\t\t\t\t<\/div>\n\t\t\t<\/div>\n\t\t<\/form>\n\t<\/div><\/div><\/div><!-- row close --><button class='evo_card_row_end evcal_close' title='Close'><\/button><\/div><div class='clear end'><\/div><\/div><\/div><div class='evcal_month_line' data-d='eml_6_2026' data-su='1780264800'><p>Juni<\/p><\/div><div class='sep_month_events ' data-d='eml_6_2026' data-range='1780264800_1782856799'><div id=\"event_18957_0\" class=\"eventon_list_event evo_eventtop scheduled  event clrW event_18957_0\" data-event_id=\"18957\" data-ri=\"0r\" data-time=\"1769900400-1801436399\" data-colr=\"#4bb5d8\" itemscope itemtype='http:\/\/schema.org\/Event'><div class=\"evo_event_schema\" style=\"display:none\" ><a itemprop='url'  href='https:\/\/sgr-ssr.ch\/fr\/events\/cas-in-artificial-intelligence-in-medical-imaging-der-universitaet-bern\/'><\/a><meta itemprop='image'  \/><meta itemprop='startDate' content=\"2026-2-1\" \/><meta itemprop='endDate' content=\"2027-1-31\" \/><meta itemprop='eventStatus' content=\"https:\/\/schema.org\/EventScheduled\" \/><meta itemprop='eventAttendanceMode'   itemscope itemtype=\"https:\/\/schema.org\/OfflineEventAttendanceMode\"\/><script type=\"application\/ld+json\">{\"@context\": \"http:\/\/schema.org\",\"@type\": \"Event\",\n\t\t\t\t\"@id\": \"event_18957_0\",\n\t\t\t\t\"eventAttendanceMode\":\"https:\/\/schema.org\/OfflineEventAttendanceMode\",\n\t\t\t\t\"eventStatus\":\"https:\/\/schema.org\/EventScheduled\",\n\t\t\t\t\"name\": \"CAS in Artificial Intelligence in Medical Imaging der Universit\u00e4t Bern\",\n\t\t\t\t\"url\": \"https:\/\/sgr-ssr.ch\/fr\/events\/cas-in-artificial-intelligence-in-medical-imaging-der-universitaet-bern\/\",\n\t\t\t\t\"startDate\": \"2026-2-1\",\n\t\t\t\t\"endDate\": \"2027-1-31\",\n\t\t\t\t\"image\":\"\", \n\t\t\t\t\"description\":\"<p>Der CAS AIMI ist ein einj\u00e4hriges, berufsbegleitendes Programm f\u00fcr Fachpersonen aus unterschiedlichen Dom\u00e4nen der medizinischen Bildgebung. Teilnehmende werden dazu bef\u00e4higt, die Entwicklung, Anwendung und Evaluation von KI-Algorithmen in ihrem Klinikalltag zu begleiten. Das fundierte Wissen wird durch unsere Fakult\u00e4t bestehend aus Experten der Akademie, Klinik und Industrie vermittelt. Ein individuelles KI-Projekt erlaubt es, die erworbenen Kenntnisse direkt auf praxisnahe Fragestellungen zu \u00fcbertragen.<\/p> <p>Das Programm wird in englischer Sprache unterrichtet und deckt unter anderem folgende Themen ab:<\/p> <ul> <li>Entwicklung &amp; Validierung von KI<\/li> <li>KI-Applikationen im klinischen Alltag<\/li> <li>Umgang mit K\u00fcnstlicher Intelligenz<\/li> <li>Rechtliche und ethische Herausforderungen<\/li> <\/ul> <p>Die n\u00e4chste Durchf\u00fchrung des CAS AIMI ist f\u00fcr Februar 2026 vorgesehen. Die Anmeldefrist l\u00e4uft noch bis zum 15. Dezember 2025.<\/p> <p><a href='https:\/\/sgr-ssr.ch\/wp-content\/uploads\/2025\/11\/CAS-AIMI-Program-One-Pager.pdf' target='_blank' rel='noopener noreferrer'>Flyer<\/a><\/p> <p><a href='https:\/\/www.unibe.ch\/continuing_education_programs\/cas_in_artificial_intelligence_in_medical_imaging\/index_eng.html' target='_blank' rel='noopener noreferrer'>Webseite<\/a><\/p> <p><a href='mailto:school.sitem@unibe.ch'>Kontakt<\/a><\/p> \"}<\/script><\/div>\r\n\t\t\t\t<p class=\"desc_trig_outter\" style=\"\"><a data-gmap_status=\"null\" data-exlk=\"0\" style=\"background-color: #4bb5d8;\" id=\"evc_176990040018957\" href=\"#\" class=\"desc_trig mul_val evcal_list_a allday\" data-ux_val=\"1\" data-ux_val_mob=\"-\"  ><span class='evoet_c2 evoet_cx '><span class='evoet_dayblock evcal_cblock ' data-bgcolor='#4bb5d8' data-smon='Februar' data-syr='2026' data-bub=''><span class='evo_start  evofxdrc'><em class='day'>So<\/em><em class='date'>01<\/em><em class='month'>Feb<\/em><em class='time'>ganztags<\/em><\/span><span class='evo_end  evofxdrc'><em class='day'>So<\/em><em class='date'>31<\/em><em class='month'>Jan<\/em><\/span><\/span><\/span><span class='evoet_c3 evoet_cx evcal_desc hide_eventtopdata '><span class='evoet_title evcal_desc2 evcal_event_title ' itemprop='name'>CAS in Artificial Intelligence in Medical Imaging der Universit\u00e4t Bern<\/span><\/span><span class='evoet_data' data-d=\"{&quot;loc.n&quot;:&quot;&quot;,&quot;orgs&quot;:[],&quot;tags&quot;:[]}\" data-bgc=\"#4bb5d8\" data-bggrad=\"\" ><\/span><\/a><\/p><div class='event_description evcal_eventcard ' style=\"display:none\"><div class='evocard_row'><div id='event_eventdetails' class='evocard_box eventdetails' data-c='' \n\t\t\t\t\tstyle=''><div class=\"evo_metarow_details evorow evcal_evdata_row evcal_event_details\">\n    <div class=\"event_excerpt\" style=\"display:none\"><h3 class=\"padb5 evo_h3\">Veranstaltungsdetails<\/h3><p>Der CAS AIMI ist ein einj\u00e4hriges, berufsbegleitendes Programm f\u00fcr Fachpersonen aus unterschiedlichen Dom\u00e4nen der medizinischen Bildgebung. Teilnehmende werden dazu bef\u00e4higt, die Entwicklung, Anwendung und Evaluation von KI-Algorithmen in ihrem Klinikalltag<\/p><\/div><span class='evcal_evdata_icons'><i class='fa fa-align-justify'><\/i><\/span>    <div class=\"evcal_evdata_cell shorter_desc\">\n        <div class=\"eventon_full_description\">\n            <h3 class=\"padb5 evo_h3\"><span class='evcal_evdata_icons'><i class='fa fa-align-justify'><\/i><\/span>Veranstaltungsdetails<\/h3>\n            <div class=\"eventon_desc_in\" itemprop=\"description\">\n                <p>Der CAS AIMI ist ein einj\u00e4hriges, berufsbegleitendes Programm f\u00fcr Fachpersonen aus unterschiedlichen Dom\u00e4nen der medizinischen Bildgebung. Teilnehmende werden dazu bef\u00e4higt, die Entwicklung, Anwendung und Evaluation von KI-Algorithmen in ihrem Klinikalltag zu begleiten. Das fundierte Wissen wird durch unsere Fakult\u00e4t bestehend aus Experten der Akademie, Klinik und Industrie vermittelt. Ein individuelles KI-Projekt erlaubt es, die erworbenen Kenntnisse direkt auf praxisnahe Fragestellungen zu \u00fcbertragen.<\/p>\n<p>Das Programm wird in englischer Sprache unterrichtet und deckt unter anderem folgende Themen ab:<\/p>\n<ul>\n<li>Entwicklung &amp; Validierung von KI<\/li>\n<li>KI-Applikationen im klinischen Alltag<\/li>\n<li>Umgang mit K\u00fcnstlicher Intelligenz<\/li>\n<li>Rechtliche und ethische Herausforderungen<\/li>\n<\/ul>\n<p>Die n\u00e4chste Durchf\u00fchrung des CAS AIMI ist f\u00fcr Februar 2026 vorgesehen. Die Anmeldefrist l\u00e4uft noch bis zum 15. Dezember 2025.<\/p>\n<p><a href=\"https:\/\/sgr-ssr.ch\/wp-content\/uploads\/2025\/11\/CAS-AIMI-Program-One-Pager.pdf\" target=\"_blank\" rel=\"noopener noreferrer\">Flyer<\/a><\/p>\n<p><a href=\"https:\/\/www.unibe.ch\/continuing_education_programs\/cas_in_artificial_intelligence_in_medical_imaging\/index_eng.html\" target=\"_blank\" rel=\"noopener noreferrer\">Webseite<\/a><\/p>\n<p><a href=\"mailto:school.sitem@unibe.ch\">Kontakt<\/a><\/p>\n            <\/div>\n            <p class='eventon_shad_p' style='padding:5px 0 0; margin:0'><button class='evcal_btn evo_btn_secondary evobtn_details_show_more' content='less'><span class='ev_more_text' data-txt='weniger'>mehr<\/span><span class='ev_more_arrow ard'><\/span><\/button><\/p><div class='clear'><\/div>        <\/div>\n    <\/div>\n<\/div><\/div><\/div><!-- row close --><div class='evocard_row'><div id='event_time' class='evocard_box time' data-c='' \n\t\t\t\t\tstyle=''><div class='evo_metarow_time evorow evcal_evdata_row evcal_evrow_sm '>\n\t\t<span class='evcal_evdata_icons'><i class='fa fa-clock-o'><\/i><\/span>\n\t\t<div class='evcal_evdata_cell'>\t\t\t\t\t\t\t\n\t\t\t<h3 class='evo_h3'><span class='evcal_evdata_icons'><i class='fa fa-clock-o'><\/i><\/span>Zeit<\/h3><div><span class='evo_eventcard_time_t evogap5 evofxww'><span class='start'>1 Februar 2026<\/span> - <span class='end'>31 Januar 2027<\/span> (ganztags)<\/span><span class='evo_tz marr5'>(GMT+01:00)<\/span><\/div>\n\t\t<\/div>\n\t<\/div><\/div><\/div><!-- row close --><div class='evocard_row bx2 bx'><div id='event_learnmore' class='evocard_box learnmore' data-c='' \n\t\t\t\t\tstyle=''><div class='evo_metarow_learnM evo_metarow_learnmore evorow'>\n\t\t\t\t\t\t\t<a class='evcal_evdata_row evo_clik_row ' href='https:\/\/www.unibe.ch\/continuing_education_programs\/cas_in_artificial_intelligence_in_medical_imaging\/index_eng.html' target=\"_blank\">\n\t\t\t\t\t\t\t\t<span class='evcal_evdata_icons'><i class='fa fa-link'><\/i><\/span>\n\t\t\t\t\t\t\t\t<h3 class='evo_h3'>Mehr Infos \/ Anmeldung<\/h3>\n\t\t\t\t\t\t\t<\/a>\n\t\t\t\t\t\t\t<\/div><\/div><div id='event_addtocal' class='evocard_box addtocal' data-c='' \n\t\t\t\t\tstyle=''><div class='evo_metarow_ICS evorow evcal_evdata_row'>\n\t\t\t<span class='evcal_evdata_icons'><i class='fa fa-calendar-o'><\/i><\/span>\n\t\t\t<div class='evcal_evdata_cell'>\n\t\t\t\t<p><a href='https:\/\/sgr-ssr.ch\/fr\/export-events\/18957_0\/?key=cd75fe199f' rel='nofollow' class='evo_ics_nCal' title='Add to your calendar'>Calendar<\/a><a href='https:\/\/www.google.com\/calendar\/event?action=TEMPLATE&text=CAS%20in%20Artificial%20Intelligence%20in%20Medical%20Imaging%20der%20Universit%C3%A4t%20Bern&dates=20260131T230000Z\/20270131T225959Z&ctz=Europe%2FVienna&details=CAS%20in%20Artificial%20Intelligence%20in%20Medical%20Imaging%20der%20Universit%C3%A4t%20Bern&location=' target='_blank' rel='nofollow' class='evo_ics_gCal' title='Add to google calendar'>GoogleCal<\/a><\/p>\t\n\t\t\t<\/div>\n\t\t<\/div><\/div><\/div><!-- row close --><button class='evo_card_row_end evcal_close' title='Close'><\/button><\/div><div class='clear end'><\/div><\/div><div id=\"event_19815_0\" class=\"eventon_list_event evo_eventtop scheduled  event clrD event_19815_0\" data-event_id=\"19815\" data-ri=\"0r\" data-time=\"1780610400-1780696799\" data-colr=\"#004961\" itemscope itemtype='http:\/\/schema.org\/Event'><div class=\"evo_event_schema\" style=\"display:none\" ><a itemprop='url'  href='https:\/\/sgr-ssr.ch\/fr\/events\/nextgen-senology-2026-stepping-stones-for-your-doctors\/'><\/a><meta itemprop='image'  \/><meta itemprop='startDate' content=\"2026-6-5\" \/><meta itemprop='endDate' content=\"2026-6-5\" \/><meta itemprop='eventStatus' content=\"https:\/\/schema.org\/EventScheduled\" \/><meta itemprop='eventAttendanceMode'   itemscope itemtype=\"https:\/\/schema.org\/OfflineEventAttendanceMode\"\/><div style=\"display:none\" itemprop=\"location\" itemscope itemtype=\"http:\/\/schema.org\/Place\"><span itemprop=\"name\">sitem-insel<\/span><span itemprop=\"address\" itemscope itemtype=\"http:\/\/schema.org\/PostalAddress\"><item itemprop=\"streetAddress\">Freiburgstrasse 3<\/item><\/span><\/div><div itemprop=\"organizer\" itemscope=\"\" itemtype=\"http:\/\/schema.org\/Organization\"><meta itemprop=\"name\" content=\"Young Swiss Society Senologists\">\n\t\t\t\t    \t<\/div><div itemprop=\"performer\" itemscope=\"\" itemtype=\"http:\/\/schema.org\/Person\"><meta itemprop=\"name\" content=\"Young Swiss Society Senologists\"><\/div><script type=\"application\/ld+json\">{\"@context\": \"http:\/\/schema.org\",\"@type\": \"Event\",\n\t\t\t\t\"@id\": \"event_19815_0\",\n\t\t\t\t\"eventAttendanceMode\":\"https:\/\/schema.org\/OfflineEventAttendanceMode\",\n\t\t\t\t\"eventStatus\":\"https:\/\/schema.org\/EventScheduled\",\n\t\t\t\t\"name\": \"NextGen Senology 2026 - Stepping Stones for your doctors\",\n\t\t\t\t\"url\": \"https:\/\/sgr-ssr.ch\/fr\/events\/nextgen-senology-2026-stepping-stones-for-your-doctors\/\",\n\t\t\t\t\"startDate\": \"2026-6-5\",\n\t\t\t\t\"endDate\": \"2026-6-5\",\n\t\t\t\t\"image\":\"\", \n\t\t\t\t\"description\":\"<p>&laquo;&nbsp;NextGen Senology 2026 &#8211; Stepping Stones for your doctors&nbsp;&raquo; is taking place on June 5, 2026 at the Sitem-Insel, Bern<\/p> <p>Dear Colleagues,<\/p> <p>We are thrilled to welcome you to the NextGen Senology 2026, organized by the Young Swiss Society Senologists Subgroup of the Swiss Senology Society. Since our founding in 2018, our primary goal has been to support young doctors (up to 45 years of age) who are dedicated to the evolving field of Senology.<\/p> <p>This marks our third educational event, following the success of two well-attended Masterclasses in the summers of 2022 and 2024. This year, we are excited to bring a fresh perspective to the event with a new name &#8211; NextGen Senology &#8211; to give it a new energy and a vibrant atmosphere.<\/p> <p>We have carefully designed a multidisciplinary faculty of passionate speakers and organized an innovative scientific program, along with hands-on workshops that we hope will inspire and challenge you. Our mission is to strengthen our Young Senologists Community, foster collaboration, and learn together to improve the care we provide to our breast cancer patients every day.<\/p> <p>We are looking forward to seeing you in Bern, where we will join forces to continue advancing in this incredible field of medicine.<\/p> <p>Warm regards,<\/p> <p>The Scientific Committee Swiss Society of Senology<\/p> <p>Dr. Thanh Lam\u00a0\u00a0\u00a0\u00a0\u00a0\u00a0\u00a0\u00a0\u00a0\u00a0\u00a0\u00a0\u00a0\u00a0\u00a0\u00a0\u00a0\u00a0\u00a0PD Dr. Claudia Rauh\u00a0\u00a0\u00a0\u00a0\u00a0\u00a0\u00a0\u00a0\u00a0\u00a0Dr. med. Sara Plavic<\/p> <p>Dr. med. Kavitha D\u00e4ster\u00a0\u00a0\u00a0\u00a0\u00a0\u00a0\u00a0\u00a0Dr. Liliana Castrezana L\u00f3pez<\/p> <p class='p1'><a href='https:\/\/sgr-ssr.ch\/wp-content\/uploads\/2026\/04\/2026-037_Program_NextGen-senology-2026.pdf' target='_blank' rel='noopener noreferrer'>Programm<\/a><\/p> <p class='p1'><a href='https:\/\/www.meeting-com.ch\/de\/konferenzen-tagungen\/veranstaltungsdetails\/events\/nextgen-senology-2026\/' target='_blank' rel='noopener noreferrer'>Website<\/a><\/p> <p><a href='mailto:annika@meetingcom.ch'>Contact<\/a><\/p> \",\"location\":[{\"@type\":\"Place\",\"name\":\"sitem-insel\",\"address\":{\"@type\": \"PostalAddress\",\"streetAddress\":\"Freiburgstrasse 3\"}}],\"organizer\":[{\"@type\":\"Organization\",\"name\":\"Young Swiss Society Senologists\"}]}<\/script><\/div>\r\n\t\t\t\t<p class=\"desc_trig_outter\" style=\"\"><a data-gmap_status=\"null\" data-exlk=\"0\" style=\"background-color: #004961;\" id=\"evc_178061040019815\" href=\"#\" class=\"desc_trig sin_val evcal_list_a allday\" data-ux_val=\"1\" data-ux_val_mob=\"-\"  ><span class='evoet_c2 evoet_cx '><span class='evoet_dayblock evcal_cblock ' data-bgcolor='#004961' data-smon='Juni' data-syr='2026' data-bub=''><span class='evo_start  evofxdrc'><em class='day'>Fr<\/em><em class='date'>05<\/em><em class='month'>Jun<\/em><em class='time'>ganztags<\/em><\/span><\/span><\/span><span class='evoet_c3 evoet_cx evcal_desc hide_eventtopdata '><span class='evoet_title evcal_desc2 evcal_event_title ' itemprop='name'>NextGen Senology 2026 - Stepping Stones for your doctors<\/span><span class='event_location_attrs'  data-location_address=\"Freiburgstrasse 3\" data-location_type=\"address\" data-location_name=\"sitem-insel\" data-location_url=\"https:\/\/sgr-ssr.ch\/fr\/event-location\/sitem-insel\/\" data-location_status=\"true\" data-locid=\"457\"><\/span><span class='evoet_cy evoet_subtitle evo_below_title' ><span class='evcal_event_subtitle ' >3 Credits<\/span><\/span><\/span><span class='evoet_data' data-d=\"{&quot;loc.n&quot;:&quot;sitem-insel&quot;,&quot;orgs&quot;:{&quot;677&quot;:&quot;Young Swiss Society Senologists&quot;},&quot;tags&quot;:[]}\" data-bgc=\"#004961\" data-bggrad=\"\" ><\/span><\/a><\/p><div class='event_description evcal_eventcard ' style=\"display:none\"><div class='evocard_row'><div id='event_eventdetails' class='evocard_box eventdetails' data-c='' \n\t\t\t\t\tstyle=''><div class=\"evo_metarow_details evorow evcal_evdata_row evcal_event_details\">\n    <div class=\"event_excerpt\" style=\"display:none\"><h3 class=\"padb5 evo_h3\">Veranstaltungsdetails<\/h3><p>&laquo;&nbsp;NextGen Senology 2026 &#8211; Stepping Stones for your doctors&nbsp;&raquo; is taking place on June 5, 2026 at the Sitem-Insel, Bern\nDear Colleagues,\nWe are thrilled to welcome you to the NextGen Senology<\/p><\/div><span class='evcal_evdata_icons'><i class='fa fa-align-justify'><\/i><\/span>    <div class=\"evcal_evdata_cell shorter_desc\">\n        <div class=\"eventon_full_description\">\n            <h3 class=\"padb5 evo_h3\"><span class='evcal_evdata_icons'><i class='fa fa-align-justify'><\/i><\/span>Veranstaltungsdetails<\/h3>\n            <div class=\"eventon_desc_in\" itemprop=\"description\">\n                <p>&laquo;&nbsp;NextGen Senology 2026 &#8211; Stepping Stones for your doctors&nbsp;&raquo; is taking place on June 5, 2026 at the Sitem-Insel, Bern<\/p>\n<p>Dear Colleagues,<\/p>\n<p>We are thrilled to welcome you to the NextGen Senology 2026, organized by the Young Swiss Society Senologists Subgroup of the Swiss Senology Society. Since our founding in 2018, our primary goal has been to support young doctors (up to 45 years of age) who are dedicated to the evolving field of Senology.<\/p>\n<p>This marks our third educational event, following the success of two well-attended Masterclasses in the summers of 2022 and 2024. This year, we are excited to bring a fresh perspective to the event with a new name &#8211; NextGen Senology &#8211; to give it a new energy and a vibrant atmosphere.<\/p>\n<p>We have carefully designed a multidisciplinary faculty of passionate speakers and organized an innovative scientific program, along with hands-on workshops that we hope will inspire and challenge you. Our mission is to strengthen our Young Senologists Community, foster collaboration, and learn together to improve the care we provide to our breast cancer patients every day.<\/p>\n<p>We are looking forward to seeing you in Bern, where we will join forces to continue advancing in this incredible field of medicine.<\/p>\n<p>Warm regards,<\/p>\n<p>The Scientific Committee Swiss Society of Senology<\/p>\n<p>Dr. Thanh Lam\u00a0\u00a0\u00a0\u00a0\u00a0\u00a0\u00a0\u00a0\u00a0\u00a0\u00a0\u00a0\u00a0\u00a0\u00a0\u00a0\u00a0\u00a0\u00a0PD Dr. Claudia Rauh\u00a0\u00a0\u00a0\u00a0\u00a0\u00a0\u00a0\u00a0\u00a0\u00a0Dr. med. Sara Plavic<\/p>\n<p>Dr. med. Kavitha D\u00e4ster\u00a0\u00a0\u00a0\u00a0\u00a0\u00a0\u00a0\u00a0Dr. Liliana Castrezana L\u00f3pez<\/p>\n<p class=\"p1\"><a href=\"https:\/\/sgr-ssr.ch\/wp-content\/uploads\/2026\/04\/2026-037_Program_NextGen-senology-2026.pdf\" target=\"_blank\" rel=\"noopener noreferrer\">Programm<\/a><\/p>\n<p class=\"p1\"><a href=\"https:\/\/www.meeting-com.ch\/de\/konferenzen-tagungen\/veranstaltungsdetails\/events\/nextgen-senology-2026\/\" target=\"_blank\" rel=\"noopener noreferrer\">Website<\/a><\/p>\n<p><a href=\"mailto:annika@meetingcom.ch\">Contact<\/a><\/p>\n            <\/div>\n            <p class='eventon_shad_p' style='padding:5px 0 0; margin:0'><button class='evcal_btn evo_btn_secondary evobtn_details_show_more' content='less'><span class='ev_more_text' data-txt='weniger'>mehr<\/span><span class='ev_more_arrow ard'><\/span><\/button><\/p><div class='clear'><\/div>        <\/div>\n    <\/div>\n<\/div><\/div><\/div><!-- row close --><div class='evocard_row bx2 bx'><div id='event_time' class='evocard_box time' data-c='' \n\t\t\t\t\tstyle=''><div class='evo_metarow_time evorow evcal_evdata_row evcal_evrow_sm '>\n\t\t<span class='evcal_evdata_icons'><i class='fa fa-clock-o'><\/i><\/span>\n\t\t<div class='evcal_evdata_cell'>\t\t\t\t\t\t\t\n\t\t\t<h3 class='evo_h3'><span class='evcal_evdata_icons'><i class='fa fa-clock-o'><\/i><\/span>Zeit<\/h3><div><span class='evo_eventcard_time_t evogap5 evofxww'><span class=\"start\">5 Juni 2026<\/span> ganztags<\/span><span class='evo_tz marr5'>(GMT+02:00)<\/span><\/div>\n\t\t<\/div>\n\t<\/div><\/div><div id='event_location' class='evocard_box location' data-c='' \n\t\t\t\t\tstyle=''><div class='evcal_evdata_row evo_metarow_time_location evorow '>\n\t\t\n\t\t\t<span class='evcal_evdata_icons'><i class='fa fa-map-marker'><\/i><\/span>\n\t\t\t<div class='evcal_evdata_cell' data-loc_tax_id='457'><h3 class='evo_h3 evodfx'><span class='evcal_evdata_icons'><i class='fa fa-map-marker'><\/i><\/span>Ort<\/h3><p class='evo_location_name'>sitem-insel<\/p><p class='evo_location_address evodfxi evogap10'>Freiburgstrasse 3<\/p><div class='padt10'><span class='evo_btn_arr evolb_trigger' data-lbvals=\"{&quot;lbdata&quot;:{&quot;class&quot;:&quot;evo_location_lb_457&quot;,&quot;additional_class&quot;:&quot;lb_max&quot;,&quot;title&quot;:&quot;sitem-insel&quot;},&quot;adata&quot;:{&quot;a&quot;:&quot;eventon_get_tax_card_content&quot;,&quot;end&quot;:&quot;client&quot;,&quot;data&quot;:{&quot;lang&quot;:&quot;L1&quot;,&quot;term_id&quot;:457,&quot;tax&quot;:&quot;event_location&quot;,&quot;load_lbcontent&quot;:true}},&quot;uid&quot;:&quot;eventon_get_tax_card_content&quot;}\" >Other Events<i class='fa fa-chevron-right' aria-hidden='true'><\/i><\/span><\/div><\/div>\n\t\t\n\t<\/div><\/div><\/div><!-- row close --><div class='evocard_row'><div id='event_organizer' class='evocard_box organizer' data-c='' \n\t\t\t\t\tstyle=''><div class='evo_metarow_organizer evorow evcal_evdata_row evcal_evrow_sm '>\n\t\t<span class='evcal_evdata_icons'><i class='fa fa-headphones'><\/i><\/span>\n\t\t<div class='evcal_evdata_cell'>\t\t\t\t\t\t\t\n\t\t\t<h3 class='evo_h3'>Veranstalter<\/h3><div class='evo_evdata_cell_content evodfx evofx_ww evofx_dr_r evogap15'><div class='evo_card_organizer evofx_1'><h4 class='evo_org_name evo_h4 marb5 evottui evocl1i evopadb10i'><span class='evo_card_organizer_name_t marb5'><a  href='https:\/\/sgr-ssr.ch\/fr\/event-organizer\/young-swiss-society-senologists\/' class='evocl1i'>Young Swiss Society Senologists<\/a><\/span><\/h4><div class='evo_org_details'>Subgroup of the Swiss Senology Society...<button class='evo_organizer_more_trig evonobtn2 evobutton evoff_2 evobgclg30 evoHbgclg50 evoop7 evohoop10 evotrans evobr5 evomarl5 evofz12' style='    padding: 2px 5px;font-size: 11px;'>Read More.<\/button><\/div><div class='evo_org_details_full evodni'>Subgroup of the Swiss Senology Society<\/div><p class='evo_card_organizer_more evomart10i'><a class='evolb_trigger evo_btn_arr mart10' data-lbvals=\"{&quot;lbc&quot;:&quot;evo_organizer_lb&quot;,&quot;lbac&quot;:&quot;lb_max&quot;,&quot;preload_temp_key&quot;:&quot;preload_taxlb&quot;,&quot;t&quot;:&quot;Young Swiss Society Senologists&quot;,&quot;ajax&quot;:&quot;yes&quot;,&quot;ajax_type&quot;:&quot;endpoint&quot;,&quot;ajax_action&quot;:&quot;eventon_get_tax_card_content&quot;,&quot;end&quot;:&quot;client&quot;,&quot;d&quot;:{&quot;eventid&quot;:19815,&quot;ri&quot;:0,&quot;term_id&quot;:677,&quot;tax&quot;:&quot;event_organizer&quot;,&quot;load_lbcontent&quot;:true}}\" >Learn More<i class='fa fa-chevron-right'><\/i><\/a><\/p><\/div><!-- evo_card_organizer--><\/div><\/div>\t<\/div><\/div><\/div><!-- row close --><div class='evocard_row bx2 bx'><div id='event_learnmore' class='evocard_box learnmore' data-c='' \n\t\t\t\t\tstyle=''><div class='evo_metarow_learnM evo_metarow_learnmore evorow'>\n\t\t\t\t\t\t\t<a class='evcal_evdata_row evo_clik_row ' href='https:\/\/www.meeting-com.ch\/de\/konferenzen-tagungen\/veranstaltungsdetails\/events\/nextgen-senology-2026\/' target=\"_blank\">\n\t\t\t\t\t\t\t\t<span class='evcal_evdata_icons'><i class='fa fa-link'><\/i><\/span>\n\t\t\t\t\t\t\t\t<h3 class='evo_h3'>Mehr Infos \/ Anmeldung<\/h3>\n\t\t\t\t\t\t\t<\/a>\n\t\t\t\t\t\t\t<\/div><\/div><div id='event_addtocal' class='evocard_box addtocal' data-c='' \n\t\t\t\t\tstyle=''><div class='evo_metarow_ICS evorow evcal_evdata_row'>\n\t\t\t<span class='evcal_evdata_icons'><i class='fa fa-calendar-o'><\/i><\/span>\n\t\t\t<div class='evcal_evdata_cell'>\n\t\t\t\t<p><a href='https:\/\/sgr-ssr.ch\/fr\/export-events\/19815_0\/?key=cd75fe199f' rel='nofollow' class='evo_ics_nCal' title='Add to your calendar'>Calendar<\/a><a href='https:\/\/www.google.com\/calendar\/event?action=TEMPLATE&text=NextGen%20Senology%202026%20-%20Stepping%20Stones%20for%20your%20doctors&dates=20260604T220000Z\/20260605T215959Z&ctz=Europe%2FVienna&details=NextGen%20Senology%202026%20-%20Stepping%20Stones%20for%20your%20doctors&location=sitem-insel%20Freiburgstrasse%203' target='_blank' rel='nofollow' class='evo_ics_gCal' title='Add to google calendar'>GoogleCal<\/a><\/p>\t\n\t\t\t<\/div>\n\t\t<\/div><\/div><\/div><!-- row close --><div class='evocard_row'><div id='event_getdirection' class='evocard_box getdirection' data-c='' \n\t\t\t\t\tstyle=''><div class='evo_metarow_getDr evorow evcal_evdata_row evcal_evrow_sm getdirections'>\n\t\t<form action='https:\/\/maps.google.com\/maps' method='get' target='_blank'>\n\t\t\t<input type='hidden' name='daddr' value=\"Freiburgstrasse 3\"\/> \n\t\t\t<div class='evo_get_direction_content evo_fx_dr_r evogap10'>\n\t\t\t\t<span class='evogetdir_header evodfx evofxdrr evofxaic evogap10'>\n\t\t\t\t\t<i class='mainicon fa fa-road evofz24i'><\/i> \n\t\t\t\t\t<h3 class='evo_h3 evopad0i' style='padding-bottom:5px;'>Get Directions<\/h3>\n\t\t\t\t<\/span>\n\t\t\t\t<span class='evogetdir_field evodfx evofx_1_1 evow100p'>\t\n\t\t\t\t\t<label for='69f31a6046f89' class='evo_aria_ready sr-only'>Address - NextGen Senology 2026 - Stepping Stones for your doctors []<\/label>\t\t\t\t\n\t\t\t\t\t<input id='69f31a6046f89' class='evo_aria_ready_match evoInput2 evobr10 evow100p evopad10 evoff_2 evofz14i evobrdB1 evoboxbb' type='text' name='saddr' placeholder='Ihre Adresse' value='' style='' aria-label='Address - NextGen Senology 2026 - Stepping Stones for your doctors []' \/>\n\t\t\t\t<\/span>\n\t\t\t\t<div class='evodfx evofxdrr evofxaic evogap10'>\n\t\t\t\t\t<i class='fa fa-location-dot'><\/i>\n\t\t\t\t\t<div class='evoposr evofx_1 evoh100p'><label for='69f31a6046f89' class='evo_aria_ready sr-only'>Destination Address - NextGen Senology 2026 - Stepping Stones for your doctors []<\/label>\t\t\n\t\t\t\t\t\t<input id='69f31a6046f89' class='evo_aria_ready_match evoInput2 evobr10 evow100p evopad5-10 evoff_2 evofz14i evobrdB1 evoop5 evoboxbb evoh100p' type='text' style='' readonly value='Freiburgstrasse 3' aria-label='Destination Address - NextGen Senology 2026 - Stepping Stones for your doctors []'\/><button class='evo_copy_address evobuttonA evocurp evohoop7 evoposa evopad5' style='right: 3px; top: 4px; background-color: #fff;' data-txt='Freiburgstrasse 3' data-t='Address copied to clipboard!'><i class='far fa-copy evofz16i' title='Copy Destination Address!'><\/i><\/button>\n\t\t\t\t\t<\/div>\n\t\t\t\t\t<button type='submit' class='evo_get_direction_button evcal_btn dfx evofxaic evocurp evohoop7' title='Hier klicken f\u00fcr Wegbeschreibung' style='    padding: 10px 15px !important;'><i class='fa fa-chevron-right'><\/i> <\/button>\n\t\t\t\t<\/div>\n\t\t\t<\/div>\n\t\t<\/form>\n\t<\/div><\/div><\/div><!-- row close --><button class='evo_card_row_end evcal_close' title='Close'><\/button><\/div><div class='clear end'><\/div><\/div><div id=\"event_19471_0\" class=\"eventon_list_event evo_eventtop scheduled  event clrW event_19471_0\" data-event_id=\"19471\" data-ri=\"0r\" data-time=\"1780956000-1781042399\" data-colr=\"#4bb5d8\" itemscope itemtype='http:\/\/schema.org\/Event'><div class=\"evo_event_schema\" style=\"display:none\" ><a itemprop='url'  href='https:\/\/sgr-ssr.ch\/fr\/events\/room-of-horrors-training-networking-event\/'><\/a><meta itemprop='image'  \/><meta itemprop='startDate' content=\"2026-6-9\" \/><meta itemprop='endDate' content=\"2026-6-9\" \/><meta itemprop='eventStatus' content=\"https:\/\/schema.org\/EventScheduled\" \/><meta itemprop='eventAttendanceMode'   itemscope itemtype=\"https:\/\/schema.org\/OfflineEventAttendanceMode\"\/><div style=\"display:none\" itemprop=\"location\" itemscope itemtype=\"http:\/\/schema.org\/Place\"><span itemprop=\"name\">Stiftung Patientensicherheit Schweiz<\/span><span itemprop=\"address\" itemscope itemtype=\"http:\/\/schema.org\/PostalAddress\"><item itemprop=\"streetAddress\">Nordstrasse 31, 8006 Z\u00fcrich<\/item><\/span><\/div><div itemprop=\"organizer\" itemscope=\"\" itemtype=\"http:\/\/schema.org\/Organization\"><meta itemprop=\"name\" content=\"Stiftung Patientensicherheit Schweiz\">\n\t\t\t\t    \t<\/div><div itemprop=\"performer\" itemscope=\"\" itemtype=\"http:\/\/schema.org\/Person\"><meta itemprop=\"name\" content=\"Stiftung Patientensicherheit Schweiz\"><\/div><script type=\"application\/ld+json\">{\"@context\": \"http:\/\/schema.org\",\"@type\": \"Event\",\n\t\t\t\t\"@id\": \"event_19471_0\",\n\t\t\t\t\"eventAttendanceMode\":\"https:\/\/schema.org\/OfflineEventAttendanceMode\",\n\t\t\t\t\"eventStatus\":\"https:\/\/schema.org\/EventScheduled\",\n\t\t\t\t\"name\": \"Room of Horrors Training &amp; Networking Event\",\n\t\t\t\t\"url\": \"https:\/\/sgr-ssr.ch\/fr\/events\/room-of-horrors-training-networking-event\/\",\n\t\t\t\t\"startDate\": \"2026-6-9\",\n\t\t\t\t\"endDate\": \"2026-6-9\",\n\t\t\t\t\"image\":\"\", \n\t\t\t\t\"description\":\"<p>Exemplarische Simulationstrainings f\u00fcr Patient:innensicherheit in der diagnostischen Radiologie (vier 60-min\u00fctige Sessions im Bereich Radiologie verf\u00fcgbar); Veranstaltungssprache Deutsch; Teilnahme kostenlos.<\/p> <p><a href='mailto:gerloff@patientensicherheit.ch' target='_blank' rel='noopener noreferrer'>contact<\/a><\/p> <p><a href='https:\/\/patientensicherheit.ch\/room-of-horrors-training-networking-event\/' target='_blank' rel='noopener noreferrer'>website<\/a><\/p> \",\"location\":[{\"@type\":\"Place\",\"name\":\"Stiftung Patientensicherheit Schweiz\",\"address\":{\"@type\": \"PostalAddress\",\"streetAddress\":\"Nordstrasse 31, 8006 Z\u00fcrich\"}}],\"organizer\":[{\"@type\":\"Organization\",\"name\":\"Stiftung Patientensicherheit Schweiz\"}]}<\/script><\/div>\r\n\t\t\t\t<p class=\"desc_trig_outter\" style=\"\"><a data-gmap_status=\"null\" data-exlk=\"0\" style=\"background-color: #4bb5d8;\" id=\"evc_178095600019471\" href=\"#\" class=\"desc_trig sin_val evcal_list_a allday\" data-ux_val=\"1\" data-ux_val_mob=\"-\"  ><span class='evoet_c2 evoet_cx '><span class='evoet_dayblock evcal_cblock ' data-bgcolor='#4bb5d8' data-smon='Juni' data-syr='2026' data-bub=''><span class='evo_start  evofxdrc'><em class='day'>Di<\/em><em class='date'>09<\/em><em class='month'>Jun<\/em><em class='time'>ganztags<\/em><\/span><\/span><\/span><span class='evoet_c3 evoet_cx evcal_desc hide_eventtopdata '><span class='evoet_title evcal_desc2 evcal_event_title ' itemprop='name'>Room of Horrors Training & Networking Event<\/span><span class='event_location_attrs'  data-location_address=\"Nordstrasse 31, 8006 Z\u00fcrich\" data-location_type=\"address\" data-location_name=\"Stiftung Patientensicherheit Schweiz\" data-location_url=\"https:\/\/sgr-ssr.ch\/fr\/event-location\/stiftung-patientensicherheit-schweiz\/\" data-location_status=\"true\" data-locid=\"671\"><\/span><\/span><span class='evoet_data' data-d=\"{&quot;loc.n&quot;:&quot;Stiftung Patientensicherheit Schweiz&quot;,&quot;orgs&quot;:{&quot;672&quot;:&quot;Stiftung Patientensicherheit Schweiz&quot;},&quot;tags&quot;:[]}\" data-bgc=\"#4bb5d8\" data-bggrad=\"\" ><\/span><\/a><\/p><div class='event_description evcal_eventcard ' style=\"display:none\"><div class='evocard_row'><div id='event_eventdetails' class='evocard_box eventdetails' data-c='' \n\t\t\t\t\tstyle=''><div class=\"evo_metarow_details evorow evcal_evdata_row evcal_event_details\">\n    <div class=\"event_excerpt\" style=\"display:none\"><h3 class=\"padb5 evo_h3\">Veranstaltungsdetails<\/h3><p>Exemplarische Simulationstrainings f\u00fcr Patient:innensicherheit in der diagnostischen Radiologie (vier 60-min\u00fctige Sessions im Bereich Radiologie verf\u00fcgbar); Veranstaltungssprache Deutsch; Teilnahme kostenlos.\ncontact\nwebsite<\/p><\/div><span class='evcal_evdata_icons'><i class='fa fa-align-justify'><\/i><\/span>    <div class=\"evcal_evdata_cell \">\n        <div class=\"eventon_full_description\">\n            <h3 class=\"padb5 evo_h3\"><span class='evcal_evdata_icons'><i class='fa fa-align-justify'><\/i><\/span>Veranstaltungsdetails<\/h3>\n            <div class=\"eventon_desc_in\" itemprop=\"description\">\n                <p>Exemplarische Simulationstrainings f\u00fcr Patient:innensicherheit in der diagnostischen Radiologie (vier 60-min\u00fctige Sessions im Bereich Radiologie verf\u00fcgbar); Veranstaltungssprache Deutsch; Teilnahme kostenlos.<\/p>\n<p><a href=\"mailto:gerloff@patientensicherheit.ch\" target=\"_blank\" rel=\"noopener noreferrer\">contact<\/a><\/p>\n<p><a href=\"https:\/\/patientensicherheit.ch\/room-of-horrors-training-networking-event\/\" target=\"_blank\" rel=\"noopener noreferrer\">website<\/a><\/p>\n            <\/div>\n            <div class='clear'><\/div>        <\/div>\n    <\/div>\n<\/div><\/div><\/div><!-- row close --><div class='evocard_row bx2 bx'><div id='event_time' class='evocard_box time' data-c='' \n\t\t\t\t\tstyle=''><div class='evo_metarow_time evorow evcal_evdata_row evcal_evrow_sm '>\n\t\t<span class='evcal_evdata_icons'><i class='fa fa-clock-o'><\/i><\/span>\n\t\t<div class='evcal_evdata_cell'>\t\t\t\t\t\t\t\n\t\t\t<h3 class='evo_h3'><span class='evcal_evdata_icons'><i class='fa fa-clock-o'><\/i><\/span>Zeit<\/h3><div><span class='evo_eventcard_time_t evogap5 evofxww'><span class=\"start\">9 Juni 2026<\/span> ganztags<\/span><span class='evo_tz marr5'>(GMT+02:00)<\/span><\/div>\n\t\t<\/div>\n\t<\/div><\/div><div id='event_location' class='evocard_box location' data-c='' \n\t\t\t\t\tstyle=''><div class='evcal_evdata_row evo_metarow_time_location evorow '>\n\t\t\n\t\t\t<span class='evcal_evdata_icons'><i class='fa fa-map-marker'><\/i><\/span>\n\t\t\t<div class='evcal_evdata_cell' data-loc_tax_id='671'><h3 class='evo_h3 evodfx'><span class='evcal_evdata_icons'><i class='fa fa-map-marker'><\/i><\/span>Ort<\/h3><p class='evo_location_name'>Stiftung Patientensicherheit Schweiz<\/p><p class='evo_location_address evodfxi evogap10'>Nordstrasse 31, 8006 Z\u00fcrich<\/p><div class='padt10'><span class='evo_btn_arr evolb_trigger' data-lbvals=\"{&quot;lbdata&quot;:{&quot;class&quot;:&quot;evo_location_lb_671&quot;,&quot;additional_class&quot;:&quot;lb_max&quot;,&quot;title&quot;:&quot;Stiftung Patientensicherheit Schweiz&quot;},&quot;adata&quot;:{&quot;a&quot;:&quot;eventon_get_tax_card_content&quot;,&quot;end&quot;:&quot;client&quot;,&quot;data&quot;:{&quot;lang&quot;:&quot;L1&quot;,&quot;term_id&quot;:671,&quot;tax&quot;:&quot;event_location&quot;,&quot;load_lbcontent&quot;:true}},&quot;uid&quot;:&quot;eventon_get_tax_card_content&quot;}\" >Other Events<i class='fa fa-chevron-right' aria-hidden='true'><\/i><\/span><\/div><\/div>\n\t\t\n\t<\/div><\/div><\/div><!-- row close --><div class='evocard_row'><div id='event_organizer' class='evocard_box organizer' data-c='' \n\t\t\t\t\tstyle=''><div class='evo_metarow_organizer evorow evcal_evdata_row evcal_evrow_sm '>\n\t\t<span class='evcal_evdata_icons'><i class='fa fa-headphones'><\/i><\/span>\n\t\t<div class='evcal_evdata_cell'>\t\t\t\t\t\t\t\n\t\t\t<h3 class='evo_h3'>Veranstalter<\/h3><div class='evo_evdata_cell_content evodfx evofx_ww evofx_dr_r evogap15'><div class='evo_card_organizer evofx_1'><h4 class='evo_org_name evo_h4 marb5 evottui evocl1i evopadb10i'><span class='evo_card_organizer_name_t marb5'><a  href='https:\/\/sgr-ssr.ch\/fr\/event-organizer\/stiftung-patientensicherheit-schweiz\/' class='evocl1i'>Stiftung Patientensicherheit Schweiz<\/a><\/span><\/h4><p class='evo_card_organizer_more evomart10i'><a class='evolb_trigger evo_btn_arr mart10' data-lbvals=\"{&quot;lbc&quot;:&quot;evo_organizer_lb&quot;,&quot;lbac&quot;:&quot;lb_max&quot;,&quot;preload_temp_key&quot;:&quot;preload_taxlb&quot;,&quot;t&quot;:&quot;Stiftung Patientensicherheit Schweiz&quot;,&quot;ajax&quot;:&quot;yes&quot;,&quot;ajax_type&quot;:&quot;endpoint&quot;,&quot;ajax_action&quot;:&quot;eventon_get_tax_card_content&quot;,&quot;end&quot;:&quot;client&quot;,&quot;d&quot;:{&quot;eventid&quot;:19471,&quot;ri&quot;:0,&quot;term_id&quot;:672,&quot;tax&quot;:&quot;event_organizer&quot;,&quot;load_lbcontent&quot;:true}}\" >Learn More<i class='fa fa-chevron-right'><\/i><\/a><\/p><\/div><!-- evo_card_organizer--><\/div><\/div>\t<\/div><\/div><\/div><!-- row close --><div class='evocard_row bx2 bx'><div id='event_learnmore' class='evocard_box learnmore' data-c='' \n\t\t\t\t\tstyle=''><div class='evo_metarow_learnM evo_metarow_learnmore evorow'>\n\t\t\t\t\t\t\t<a class='evcal_evdata_row evo_clik_row ' href='https:\/\/patientensicherheit.ch\/room-of-horrors-training-networking-event\/' target=\"_blank\">\n\t\t\t\t\t\t\t\t<span class='evcal_evdata_icons'><i class='fa fa-link'><\/i><\/span>\n\t\t\t\t\t\t\t\t<h3 class='evo_h3'>Mehr Infos \/ Anmeldung<\/h3>\n\t\t\t\t\t\t\t<\/a>\n\t\t\t\t\t\t\t<\/div><\/div><div id='event_addtocal' class='evocard_box addtocal' data-c='' \n\t\t\t\t\tstyle=''><div class='evo_metarow_ICS evorow evcal_evdata_row'>\n\t\t\t<span class='evcal_evdata_icons'><i class='fa fa-calendar-o'><\/i><\/span>\n\t\t\t<div class='evcal_evdata_cell'>\n\t\t\t\t<p><a href='https:\/\/sgr-ssr.ch\/fr\/export-events\/19471_0\/?key=cd75fe199f' rel='nofollow' class='evo_ics_nCal' title='Add to your calendar'>Calendar<\/a><a href='https:\/\/www.google.com\/calendar\/event?action=TEMPLATE&text=Room%20of%20Horrors%20Training%20%26%20Networking%20Event&dates=20260608T220000Z\/20260609T215959Z&ctz=Europe%2FVienna&details=Room%20of%20Horrors%20Training%20%26%20Networking%20Event&location=Stiftung%20Patientensicherheit%20Schweiz%20Nordstrasse%2031%2C%208006%20Z%C3%BCrich' target='_blank' rel='nofollow' class='evo_ics_gCal' title='Add to google calendar'>GoogleCal<\/a><\/p>\t\n\t\t\t<\/div>\n\t\t<\/div><\/div><\/div><!-- row close --><div class='evocard_row'><div id='event_getdirection' class='evocard_box getdirection' data-c='' \n\t\t\t\t\tstyle=''><div class='evo_metarow_getDr evorow evcal_evdata_row evcal_evrow_sm getdirections'>\n\t\t<form action='https:\/\/maps.google.com\/maps' method='get' target='_blank'>\n\t\t\t<input type='hidden' name='daddr' value=\"Nordstrasse 31, 8006 Z\u00fcrich\"\/> \n\t\t\t<div class='evo_get_direction_content evo_fx_dr_r evogap10'>\n\t\t\t\t<span class='evogetdir_header evodfx evofxdrr evofxaic evogap10'>\n\t\t\t\t\t<i class='mainicon fa fa-road evofz24i'><\/i> \n\t\t\t\t\t<h3 class='evo_h3 evopad0i' style='padding-bottom:5px;'>Get Directions<\/h3>\n\t\t\t\t<\/span>\n\t\t\t\t<span class='evogetdir_field evodfx evofx_1_1 evow100p'>\t\n\t\t\t\t\t<label for='69f31a6049630' class='evo_aria_ready sr-only'>Address - Room of Horrors Training &amp; Networking Event []<\/label>\t\t\t\t\n\t\t\t\t\t<input id='69f31a6049630' class='evo_aria_ready_match evoInput2 evobr10 evow100p evopad10 evoff_2 evofz14i evobrdB1 evoboxbb' type='text' name='saddr' placeholder='Ihre Adresse' value='' style='' aria-label='Address - Room of Horrors Training &amp; Networking Event []' \/>\n\t\t\t\t<\/span>\n\t\t\t\t<div class='evodfx evofxdrr evofxaic evogap10'>\n\t\t\t\t\t<i class='fa fa-location-dot'><\/i>\n\t\t\t\t\t<div class='evoposr evofx_1 evoh100p'><label for='69f31a6049630' class='evo_aria_ready sr-only'>Destination Address - Room of Horrors Training &amp; Networking Event []<\/label>\t\t\n\t\t\t\t\t\t<input id='69f31a6049630' class='evo_aria_ready_match evoInput2 evobr10 evow100p evopad5-10 evoff_2 evofz14i evobrdB1 evoop5 evoboxbb evoh100p' type='text' style='' readonly value='Nordstrasse 31, 8006 Z\u00fcrich' aria-label='Destination Address - Room of Horrors Training &amp; Networking Event []'\/><button class='evo_copy_address evobuttonA evocurp evohoop7 evoposa evopad5' style='right: 3px; top: 4px; background-color: #fff;' data-txt='Nordstrasse 31, 8006 Z\u00fcrich' data-t='Address copied to clipboard!'><i class='far fa-copy evofz16i' title='Copy Destination Address!'><\/i><\/button>\n\t\t\t\t\t<\/div>\n\t\t\t\t\t<button type='submit' class='evo_get_direction_button evcal_btn dfx evofxaic evocurp evohoop7' title='Hier klicken f\u00fcr Wegbeschreibung' style='    padding: 10px 15px !important;'><i class='fa fa-chevron-right'><\/i> <\/button>\n\t\t\t\t<\/div>\n\t\t\t<\/div>\n\t\t<\/form>\n\t<\/div><\/div><\/div><!-- row close --><button class='evo_card_row_end evcal_close' title='Close'><\/button><\/div><div class='clear end'><\/div><\/div><div id=\"event_18456_0\" class=\"eventon_list_event evo_eventtop scheduled  event clrW event_18456_0\" data-event_id=\"18456\" data-ri=\"0r\" data-time=\"1780956000-1781301599\" data-colr=\"#4bb5d8\" itemscope itemtype='http:\/\/schema.org\/Event'><div class=\"evo_event_schema\" style=\"display:none\" ><a itemprop='url'  href='https:\/\/sgr-ssr.ch\/fr\/events\/esgar-2026-37th-annual-meeting-and-postgraduate-course\/'><\/a><meta itemprop='image'  \/><meta itemprop='startDate' content=\"2026-6-9\" \/><meta itemprop='endDate' content=\"2026-6-12\" \/><meta itemprop='eventStatus' content=\"https:\/\/schema.org\/EventScheduled\" \/><meta itemprop='eventAttendanceMode'   itemscope itemtype=\"https:\/\/schema.org\/OfflineEventAttendanceMode\"\/><div style=\"display:none\" itemprop=\"location\" itemscope itemtype=\"http:\/\/schema.org\/Place\"><span itemprop=\"name\">Le Corum - Palais des Congr\u00e8s<\/span><span itemprop=\"address\" itemscope itemtype=\"http:\/\/schema.org\/PostalAddress\"><item itemprop=\"streetAddress\">Place Charles de Gaulle, 34000 Montpellier, France<\/item><\/span><\/div><div itemprop=\"organizer\" itemscope=\"\" itemtype=\"http:\/\/schema.org\/Organization\"><meta itemprop=\"name\" content=\"ESGAR\">\n\t\t\t\t    \t<\/div><div itemprop=\"performer\" itemscope=\"\" itemtype=\"http:\/\/schema.org\/Person\"><meta itemprop=\"name\" content=\"ESGAR\"><\/div><script type=\"application\/ld+json\">{\"@context\": \"http:\/\/schema.org\",\"@type\": \"Event\",\n\t\t\t\t\"@id\": \"event_18456_0\",\n\t\t\t\t\"eventAttendanceMode\":\"https:\/\/schema.org\/OfflineEventAttendanceMode\",\n\t\t\t\t\"eventStatus\":\"https:\/\/schema.org\/EventScheduled\",\n\t\t\t\t\"name\": \"ESGAR 2026 - 37th Annual Meeting and Postgraduate Course\",\n\t\t\t\t\"url\": \"https:\/\/sgr-ssr.ch\/fr\/events\/esgar-2026-37th-annual-meeting-and-postgraduate-course\/\",\n\t\t\t\t\"startDate\": \"2026-6-9\",\n\t\t\t\t\"endDate\": \"2026-6-12\",\n\t\t\t\t\"image\":\"\", \n\t\t\t\t\"description\":\"<p>The congress will open with a postgraduate course entitled \u201eOne Story in Four Chapters: A Journey Along the Biliary Tree.\u201c Like a book, this course will unfold the story of the biliary system, from its embryological origins and normal anatomy to the full spectrum of congenital, inflammatory, infectious, traumatic, and neoplastic conditions affecting it. The participants will explore the latest diagnostic techniques and interventional strategies, shedding light on complex cases and ensuring a comprehensive understanding of this pivotal system.<br \/> The main congress will highlight cutting-edge advancements in gastrointestinal and abdominal imaging, from artificial intelligence to breakthrough techniques in oncologic interventional radiology. Through expert lectures, image-guided therapy sessions, tutorials, interactive workshops, School of ESGAR sessions, and case-based discussions, there will be provided valuable insights that will directly impact your daily practice and research. Additionally, we will emphasize the importance of multidisciplinary collaboration, recognizing the fundamental role radiology plays in the diagnosis, treatment, and management of abdominal diseases.<\/p> <p><strong>Organising Secretariat<\/strong><br \/> Central ESGAR Office<br \/> Esslinggasse 2\/3<br \/> AT \u2013 1010 Vienna<br \/> Phone: +43 1 535 89 27<br \/> Fax: +43 1 535 89 27 15<br \/> E-Mail: <a href='mailto:office@esgar.org'>office@esgar.org<\/a><br \/> <a href='http:\/\/www.esgar.org\/annual-meeting' target='_blank' rel='noopener noreferrer'>Homepage<\/a><\/p> \",\"location\":[{\"@type\":\"Place\",\"name\":\"Le Corum - Palais des Congr\u00e8s\",\"address\":{\"@type\": \"PostalAddress\",\"streetAddress\":\"Place Charles de Gaulle, 34000 Montpellier, France\"}}],\"organizer\":[{\"@type\":\"Organization\",\"name\":\"ESGAR\"}]}<\/script><\/div>\r\n\t\t\t\t<p class=\"desc_trig_outter\" style=\"\"><a data-gmtrig=\"1\" data-exlk=\"0\" style=\"background-color: #4bb5d8;\" id=\"evc_178095600018456\" href=\"#\" class=\"desc_trig mul_val evcal_list_a allday\" data-ux_val=\"1\" data-ux_val_mob=\"-\"  ><span class='evoet_c2 evoet_cx '><span class='evoet_dayblock evcal_cblock ' data-bgcolor='#4bb5d8' data-smon='Juni' data-syr='2026' data-bub=''><span class='evo_start  evofxdrc'><em class='day'>Di<\/em><em class='date'>09<\/em><em class='month'>Jun<\/em><em class='time'>ganztags<\/em><\/span><span class='evo_end  evofxdrc'><em class='day'>Fr<\/em><em class='date'>12<\/em><\/span><\/span><\/span><span class='evoet_c3 evoet_cx evcal_desc hide_eventtopdata '><span class='evoet_title evcal_desc2 evcal_event_title ' itemprop='name'>ESGAR 2026 - 37th Annual Meeting and Postgraduate Course<\/span><span class='event_location_attrs'  data-location_address=\"Place Charles de Gaulle, 34000 Montpellier, France\" data-location_type=\"address\" data-location_name=\"Le Corum - Palais des Congr\u00e8s\" data-location_url=\"https:\/\/sgr-ssr.ch\/fr\/event-location\/le-corum-palais-des-congres\/\" data-location_status=\"true\" data-locid=\"626\"><\/span><\/span><span class='evoet_data' data-d=\"{&quot;loc.n&quot;:&quot;Le Corum - Palais des Congr\\u00e8s&quot;,&quot;orgs&quot;:{&quot;541&quot;:&quot;ESGAR&quot;},&quot;tags&quot;:[]}\" data-bgc=\"#4bb5d8\" data-bggrad=\"\" ><\/span><\/a><\/p><div class='event_description evcal_eventcard ' style=\"display:none\"><div class='evocard_row'><div id='event_eventdetails' class='evocard_box eventdetails' data-c='' \n\t\t\t\t\tstyle=''><div class=\"evo_metarow_details evorow evcal_evdata_row evcal_event_details\">\n    <div class=\"event_excerpt\" style=\"display:none\"><h3 class=\"padb5 evo_h3\">Veranstaltungsdetails<\/h3><p>The congress will open with a postgraduate course entitled \u201eOne Story in Four Chapters: A Journey Along the Biliary Tree.\u201c Like a book, this course will unfold the story of<\/p><\/div><span class='evcal_evdata_icons'><i class='fa fa-align-justify'><\/i><\/span>    <div class=\"evcal_evdata_cell shorter_desc\">\n        <div class=\"eventon_full_description\">\n            <h3 class=\"padb5 evo_h3\"><span class='evcal_evdata_icons'><i class='fa fa-align-justify'><\/i><\/span>Veranstaltungsdetails<\/h3>\n            <div class=\"eventon_desc_in\" itemprop=\"description\">\n                <p>The congress will open with a postgraduate course entitled \u201eOne Story in Four Chapters: A Journey Along the Biliary Tree.\u201c Like a book, this course will unfold the story of the biliary system, from its embryological origins and normal anatomy to the full spectrum of congenital, inflammatory, infectious, traumatic, and neoplastic conditions affecting it. The participants will explore the latest diagnostic techniques and interventional strategies, shedding light on complex cases and ensuring a comprehensive understanding of this pivotal system.<br \/>\nThe main congress will highlight cutting-edge advancements in gastrointestinal and abdominal imaging, from artificial intelligence to breakthrough techniques in oncologic interventional radiology. Through expert lectures, image-guided therapy sessions, tutorials, interactive workshops, School of ESGAR sessions, and case-based discussions, there will be provided valuable insights that will directly impact your daily practice and research. Additionally, we will emphasize the importance of multidisciplinary collaboration, recognizing the fundamental role radiology plays in the diagnosis, treatment, and management of abdominal diseases.<\/p>\n<p><strong>Organising Secretariat<\/strong><br \/>\nCentral ESGAR Office<br \/>\nEsslinggasse 2\/3<br \/>\nAT \u2013 1010 Vienna<br \/>\nPhone: +43 1 535 89 27<br \/>\nFax: +43 1 535 89 27 15<br \/>\nE-Mail: <a href=\"mailto:office@esgar.org\">office@esgar.org<\/a><br \/>\n<a href=\"http:\/\/www.esgar.org\/annual-meeting\" target=\"_blank\" rel=\"noopener noreferrer\">Homepage<\/a><\/p>\n            <\/div>\n            <p class='eventon_shad_p' style='padding:5px 0 0; margin:0'><button class='evcal_btn evo_btn_secondary evobtn_details_show_more' content='less'><span class='ev_more_text' data-txt='weniger'>mehr<\/span><span class='ev_more_arrow ard'><\/span><\/button><\/p><div class='clear'><\/div>        <\/div>\n    <\/div>\n<\/div><\/div><\/div><!-- row close --><div class='evocard_row bx2 bx'><div id='event_time' class='evocard_box time' data-c='' \n\t\t\t\t\tstyle=''><div class='evo_metarow_time evorow evcal_evdata_row evcal_evrow_sm '>\n\t\t<span class='evcal_evdata_icons'><i class='fa fa-clock-o'><\/i><\/span>\n\t\t<div class='evcal_evdata_cell'>\t\t\t\t\t\t\t\n\t\t\t<h3 class='evo_h3'><span class='evcal_evdata_icons'><i class='fa fa-clock-o'><\/i><\/span>Zeit<\/h3><div><span class='evo_eventcard_time_t evogap5 evofxww'><span class=\"start\">9 Juni 2026<\/span>  - <span class=\"end\">12 Juni 2026<\/span> (ganztags)<\/span><span class='evo_tz marr5'>(GMT+02:00)<\/span><\/div>\n\t\t<\/div>\n\t<\/div><\/div><div id='event_location' class='evocard_box location' data-c='' \n\t\t\t\t\tstyle=''><div class='evcal_evdata_row evo_metarow_time_location evorow '>\n\t\t\n\t\t\t<span class='evcal_evdata_icons'><i class='fa fa-map-marker'><\/i><\/span>\n\t\t\t<div class='evcal_evdata_cell' data-loc_tax_id='626'><h3 class='evo_h3 evodfx'><span class='evcal_evdata_icons'><i class='fa fa-map-marker'><\/i><\/span>Ort<\/h3><p class='evo_location_name'>Le Corum - Palais des Congr\u00e8s<\/p><p class='evo_location_address evodfxi evogap10'>Place Charles de Gaulle, 34000 Montpellier, France<\/p><div class='padt10'><span class='evo_btn_arr evolb_trigger' data-lbvals=\"{&quot;lbdata&quot;:{&quot;class&quot;:&quot;evo_location_lb_626&quot;,&quot;additional_class&quot;:&quot;lb_max&quot;,&quot;title&quot;:&quot;Le Corum - Palais des Congr\\u00e8s&quot;},&quot;adata&quot;:{&quot;a&quot;:&quot;eventon_get_tax_card_content&quot;,&quot;end&quot;:&quot;client&quot;,&quot;data&quot;:{&quot;lang&quot;:&quot;L1&quot;,&quot;term_id&quot;:626,&quot;tax&quot;:&quot;event_location&quot;,&quot;load_lbcontent&quot;:true}},&quot;uid&quot;:&quot;eventon_get_tax_card_content&quot;}\" >Other Events<i class='fa fa-chevron-right' aria-hidden='true'><\/i><\/span><\/div><\/div>\n\t\t\n\t<\/div><\/div><\/div><!-- row close --><div class='evocard_row'><div id='event_organizer' class='evocard_box organizer' data-c='' \n\t\t\t\t\tstyle=''><div class='evo_metarow_organizer evorow evcal_evdata_row evcal_evrow_sm '>\n\t\t<span class='evcal_evdata_icons'><i class='fa fa-headphones'><\/i><\/span>\n\t\t<div class='evcal_evdata_cell'>\t\t\t\t\t\t\t\n\t\t\t<h3 class='evo_h3'>Veranstalter<\/h3><div class='evo_evdata_cell_content evodfx evofx_ww evofx_dr_r evogap15'><div class='evo_card_organizer evofx_1'><h4 class='evo_org_name evo_h4 marb5 evottui evocl1i evopadb10i'><span class='evo_card_organizer_name_t marb5'><a  href='https:\/\/sgr-ssr.ch\/fr\/event-organizer\/esgar\/' class='evocl1i'>ESGAR<\/a><\/span><\/h4><p class='evo_card_organizer_more evomart10i'><a class='evolb_trigger evo_btn_arr mart10' data-lbvals=\"{&quot;lbc&quot;:&quot;evo_organizer_lb&quot;,&quot;lbac&quot;:&quot;lb_max&quot;,&quot;preload_temp_key&quot;:&quot;preload_taxlb&quot;,&quot;t&quot;:&quot;ESGAR&quot;,&quot;ajax&quot;:&quot;yes&quot;,&quot;ajax_type&quot;:&quot;endpoint&quot;,&quot;ajax_action&quot;:&quot;eventon_get_tax_card_content&quot;,&quot;end&quot;:&quot;client&quot;,&quot;d&quot;:{&quot;eventid&quot;:18456,&quot;ri&quot;:0,&quot;term_id&quot;:541,&quot;tax&quot;:&quot;event_organizer&quot;,&quot;load_lbcontent&quot;:true}}\" >Learn More<i class='fa fa-chevron-right'><\/i><\/a><\/p><\/div><!-- evo_card_organizer--><\/div><\/div>\t<\/div><\/div><\/div><!-- row close --><div class='evocard_row bx2 bx'><div id='event_learnmore' class='evocard_box learnmore' data-c='' \n\t\t\t\t\tstyle=''><div class='evo_metarow_learnM evo_metarow_learnmore evorow'>\n\t\t\t\t\t\t\t<a class='evcal_evdata_row evo_clik_row ' href='https:\/\/esgar.org\/annual-meeting' target=\"_blank\">\n\t\t\t\t\t\t\t\t<span class='evcal_evdata_icons'><i class='fa fa-link'><\/i><\/span>\n\t\t\t\t\t\t\t\t<h3 class='evo_h3'>Mehr Infos \/ Anmeldung<\/h3>\n\t\t\t\t\t\t\t<\/a>\n\t\t\t\t\t\t\t<\/div><\/div><div id='event_addtocal' class='evocard_box addtocal' data-c='' \n\t\t\t\t\tstyle=''><div class='evo_metarow_ICS evorow evcal_evdata_row'>\n\t\t\t<span class='evcal_evdata_icons'><i class='fa fa-calendar-o'><\/i><\/span>\n\t\t\t<div class='evcal_evdata_cell'>\n\t\t\t\t<p><a href='https:\/\/sgr-ssr.ch\/fr\/export-events\/18456_0\/?key=cd75fe199f' rel='nofollow' class='evo_ics_nCal' title='Add to your calendar'>Calendar<\/a><a href='https:\/\/www.google.com\/calendar\/event?action=TEMPLATE&text=ESGAR%202026%20-%2037th%20Annual%20Meeting%20and%20Postgraduate%20Course&dates=20260608T220000Z\/20260612T215959Z&ctz=Europe%2FBerlin&details=ESGAR%202026%20-%2037th%20Annual%20Meeting%20and%20Postgraduate%20Course&location=Le%20Corum%20-%20Palais%20des%20Congr%C3%A8s%20Place%20Charles%20de%20Gaulle%2C%2034000%20Montpellier%2C%20France' target='_blank' rel='nofollow' class='evo_ics_gCal' title='Add to google calendar'>GoogleCal<\/a><\/p>\t\n\t\t\t<\/div>\n\t\t<\/div><\/div><\/div><!-- row close --><div class='evocard_row'><div id='event_getdirection' class='evocard_box getdirection' data-c='' \n\t\t\t\t\tstyle=''><div class='evo_metarow_getDr evorow evcal_evdata_row evcal_evrow_sm getdirections'>\n\t\t<form action='https:\/\/maps.google.com\/maps' method='get' target='_blank'>\n\t\t\t<input type='hidden' name='daddr' value=\"Place Charles de Gaulle, 34000 Montpellier, France\"\/> \n\t\t\t<div class='evo_get_direction_content evo_fx_dr_r evogap10'>\n\t\t\t\t<span class='evogetdir_header evodfx evofxdrr evofxaic evogap10'>\n\t\t\t\t\t<i class='mainicon fa fa-road evofz24i'><\/i> \n\t\t\t\t\t<h3 class='evo_h3 evopad0i' style='padding-bottom:5px;'>Get Directions<\/h3>\n\t\t\t\t<\/span>\n\t\t\t\t<span class='evogetdir_field evodfx evofx_1_1 evow100p'>\t\n\t\t\t\t\t<label for='69f31a604b761' class='evo_aria_ready sr-only'>Address - ESGAR 2026 - 37th Annual Meeting and Postgraduate Course []<\/label>\t\t\t\t\n\t\t\t\t\t<input id='69f31a604b761' class='evo_aria_ready_match evoInput2 evobr10 evow100p evopad10 evoff_2 evofz14i evobrdB1 evoboxbb' type='text' name='saddr' placeholder='Ihre Adresse' value='' style='' aria-label='Address - ESGAR 2026 - 37th Annual Meeting and Postgraduate Course []' \/>\n\t\t\t\t<\/span>\n\t\t\t\t<div class='evodfx evofxdrr evofxaic evogap10'>\n\t\t\t\t\t<i class='fa fa-location-dot'><\/i>\n\t\t\t\t\t<div class='evoposr evofx_1 evoh100p'><label for='69f31a604b761' class='evo_aria_ready sr-only'>Destination Address - ESGAR 2026 - 37th Annual Meeting and Postgraduate Course []<\/label>\t\t\n\t\t\t\t\t\t<input id='69f31a604b761' class='evo_aria_ready_match evoInput2 evobr10 evow100p evopad5-10 evoff_2 evofz14i evobrdB1 evoop5 evoboxbb evoh100p' type='text' style='' readonly value='Place Charles de Gaulle, 34000 Montpellier, France' aria-label='Destination Address - ESGAR 2026 - 37th Annual Meeting and Postgraduate Course []'\/><button class='evo_copy_address evobuttonA evocurp evohoop7 evoposa evopad5' style='right: 3px; top: 4px; background-color: #fff;' data-txt='Place Charles de Gaulle, 34000 Montpellier, France' data-t='Address copied to clipboard!'><i class='far fa-copy evofz16i' title='Copy Destination Address!'><\/i><\/button>\n\t\t\t\t\t<\/div>\n\t\t\t\t\t<button type='submit' class='evo_get_direction_button evcal_btn dfx evofxaic evocurp evohoop7' title='Hier klicken f\u00fcr Wegbeschreibung' style='    padding: 10px 15px !important;'><i class='fa fa-chevron-right'><\/i> <\/button>\n\t\t\t\t<\/div>\n\t\t\t<\/div>\n\t\t<\/form>\n\t<\/div><\/div><\/div><!-- row close --><button class='evo_card_row_end evcal_close' title='Close'><\/button><\/div><div class='clear end'><\/div><\/div><div id=\"event_19324_0\" class=\"eventon_list_event evo_eventtop scheduled  event clrW event_19324_0\" data-event_id=\"19324\" data-ri=\"0r\" data-time=\"1781128800-1781387999\" data-colr=\"#4bb5d8\" itemscope itemtype='http:\/\/schema.org\/Event'><div class=\"evo_event_schema\" style=\"display:none\" ><a itemprop='url'  href='https:\/\/sgr-ssr.ch\/fr\/events\/ibus-athens-breast-course-11-13-june-2026\/'><\/a><meta itemprop='image'  \/><meta itemprop='startDate' content=\"2026-6-11\" \/><meta itemprop='endDate' content=\"2026-6-13\" \/><meta itemprop='eventStatus' content=\"https:\/\/schema.org\/EventScheduled\" \/><meta itemprop='eventAttendanceMode'   itemscope itemtype=\"https:\/\/schema.org\/OfflineEventAttendanceMode\"\/><div style=\"display:none\" itemprop=\"location\" itemscope itemtype=\"http:\/\/schema.org\/Place\"><span itemprop=\"name\">IASO Hospital<\/span><span itemprop=\"address\" itemscope itemtype=\"http:\/\/schema.org\/PostalAddress\"><item itemprop=\"streetAddress\">Athens<\/item><\/span><\/div><div itemprop=\"organizer\" itemscope=\"\" itemtype=\"http:\/\/schema.org\/Organization\"><meta itemprop=\"name\" content=\"P.R.C. Congress &amp; Travel\">\n\t\t\t\t    \t<\/div><div itemprop=\"performer\" itemscope=\"\" itemtype=\"http:\/\/schema.org\/Person\"><meta itemprop=\"name\" content=\"P.R.C. Congress &amp; Travel\"><\/div><script type=\"application\/ld+json\">{\"@context\": \"http:\/\/schema.org\",\"@type\": \"Event\",\n\t\t\t\t\"@id\": \"event_19324_0\",\n\t\t\t\t\"eventAttendanceMode\":\"https:\/\/schema.org\/OfflineEventAttendanceMode\",\n\t\t\t\t\"eventStatus\":\"https:\/\/schema.org\/EventScheduled\",\n\t\t\t\t\"name\": \"IBUS ATHENS BREAST COURSE 11-13 JUNE 2026\",\n\t\t\t\t\"url\": \"https:\/\/sgr-ssr.ch\/fr\/events\/ibus-athens-breast-course-11-13-june-2026\/\",\n\t\t\t\t\"startDate\": \"2026-6-11\",\n\t\t\t\t\"endDate\": \"2026-6-13\",\n\t\t\t\t\"image\":\"\", \n\t\t\t\t\"description\":\"<p>Starting date:\u00a0<span class='extra'>11 JUNE 2026<\/span><br \/> Ending date:\u00a0<span class='extra'>13 JUNE 2026<\/span><br \/> City:\u00a0<span class='extra'>ATHENS<\/span><br \/> Location:\u00a0<span class='extra'>IASO HOSPITAL<\/span><\/p> <p><a href='mailto:ibusathens26@gmail.com'>Contact<\/a><\/p> \",\"location\":[{\"@type\":\"Place\",\"name\":\"IASO Hospital\",\"address\":{\"@type\": \"PostalAddress\",\"streetAddress\":\"Athens\"}}],\"organizer\":[{\"@type\":\"Organization\",\"name\":\"P.R.C. Congress &amp; Travel\"}]}<\/script><\/div>\r\n\t\t\t\t<p class=\"desc_trig_outter\" style=\"\"><a data-gmap_status=\"null\" data-exlk=\"0\" style=\"background-color: #4bb5d8;\" id=\"evc_178112880019324\" href=\"#\" class=\"desc_trig mul_val evcal_list_a allday\" data-ux_val=\"1\" data-ux_val_mob=\"-\"  ><span class='evoet_c2 evoet_cx '><span class='evoet_dayblock evcal_cblock ' data-bgcolor='#4bb5d8' data-smon='Juni' data-syr='2026' data-bub=''><span class='evo_start  evofxdrc'><em class='day'>Do<\/em><em class='date'>11<\/em><em class='month'>Jun<\/em><em class='time'>ganztags<\/em><\/span><span class='evo_end  evofxdrc'><em class='day'>Sa<\/em><em class='date'>13<\/em><\/span><\/span><\/span><span class='evoet_c3 evoet_cx evcal_desc hide_eventtopdata '><span class='evoet_title evcal_desc2 evcal_event_title ' itemprop='name'>IBUS ATHENS BREAST COURSE 11-13 JUNE 2026<\/span><span class='event_location_attrs'  data-location_address=\"Athens\" data-location_type=\"address\" data-location_name=\"IASO Hospital\" data-location_url=\"https:\/\/sgr-ssr.ch\/fr\/event-location\/iaso-hospital\/\" data-location_status=\"true\" data-locid=\"173\"><\/span><\/span><span class='evoet_data' data-d=\"{&quot;loc.n&quot;:&quot;IASO Hospital&quot;,&quot;orgs&quot;:{&quot;661&quot;:&quot;P.R.C. Congress &amp;amp; Travel&quot;},&quot;tags&quot;:[]}\" data-bgc=\"#4bb5d8\" data-bggrad=\"\" ><\/span><\/a><\/p><div class='event_description evcal_eventcard ' style=\"display:none\"><div class='evocard_row'><div id='event_eventdetails' class='evocard_box eventdetails' data-c='' \n\t\t\t\t\tstyle=''><div class=\"evo_metarow_details evorow evcal_evdata_row evcal_event_details\">\n    <div class=\"event_excerpt\" style=\"display:none\"><h3 class=\"padb5 evo_h3\">Veranstaltungsdetails<\/h3><p>Starting date:\u00a011 JUNE 2026\nEnding date:\u00a013 JUNE 2026\nCity:\u00a0ATHENS\nLocation:\u00a0IASO HOSPITAL\nContact<\/p><\/div><span class='evcal_evdata_icons'><i class='fa fa-align-justify'><\/i><\/span>    <div class=\"evcal_evdata_cell \">\n        <div class=\"eventon_full_description\">\n            <h3 class=\"padb5 evo_h3\"><span class='evcal_evdata_icons'><i class='fa fa-align-justify'><\/i><\/span>Veranstaltungsdetails<\/h3>\n            <div class=\"eventon_desc_in\" itemprop=\"description\">\n                <p>Starting date:\u00a0<span class=\"extra\">11 JUNE 2026<\/span><br \/>\nEnding date:\u00a0<span class=\"extra\">13 JUNE 2026<\/span><br \/>\nCity:\u00a0<span class=\"extra\">ATHENS<\/span><br \/>\nLocation:\u00a0<span class=\"extra\">IASO HOSPITAL<\/span><\/p>\n<p><a href=\"mailto:ibusathens26@gmail.com\">Contact<\/a><\/p>\n            <\/div>\n            <div class='clear'><\/div>        <\/div>\n    <\/div>\n<\/div><\/div><\/div><!-- row close --><div class='evocard_row bx2 bx'><div id='event_time' class='evocard_box time' data-c='' \n\t\t\t\t\tstyle=''><div class='evo_metarow_time evorow evcal_evdata_row evcal_evrow_sm '>\n\t\t<span class='evcal_evdata_icons'><i class='fa fa-clock-o'><\/i><\/span>\n\t\t<div class='evcal_evdata_cell'>\t\t\t\t\t\t\t\n\t\t\t<h3 class='evo_h3'><span class='evcal_evdata_icons'><i class='fa fa-clock-o'><\/i><\/span>Zeit<\/h3><div><span class='evo_eventcard_time_t evogap5 evofxww'><span class=\"start\">11 Juni 2026<\/span>  - <span class=\"end\">13 Juni 2026<\/span> (ganztags)<\/span><span class='evo_tz marr5'>(GMT+02:00)<\/span><\/div>\n\t\t<\/div>\n\t<\/div><\/div><div id='event_location' class='evocard_box location' data-c='' \n\t\t\t\t\tstyle=''><div class='evcal_evdata_row evo_metarow_time_location evorow '>\n\t\t\n\t\t\t<span class='evcal_evdata_icons'><i class='fa fa-map-marker'><\/i><\/span>\n\t\t\t<div class='evcal_evdata_cell' data-loc_tax_id='173'><h3 class='evo_h3 evodfx'><span class='evcal_evdata_icons'><i class='fa fa-map-marker'><\/i><\/span>Ort<\/h3><p class='evo_location_name'>IASO Hospital<\/p><p class='evo_location_address evodfxi evogap10'>Athens<\/p><div class='padt10'><span class='evo_btn_arr evolb_trigger' data-lbvals=\"{&quot;lbdata&quot;:{&quot;class&quot;:&quot;evo_location_lb_173&quot;,&quot;additional_class&quot;:&quot;lb_max&quot;,&quot;title&quot;:&quot;IASO Hospital&quot;},&quot;adata&quot;:{&quot;a&quot;:&quot;eventon_get_tax_card_content&quot;,&quot;end&quot;:&quot;client&quot;,&quot;data&quot;:{&quot;lang&quot;:&quot;L1&quot;,&quot;term_id&quot;:173,&quot;tax&quot;:&quot;event_location&quot;,&quot;load_lbcontent&quot;:true}},&quot;uid&quot;:&quot;eventon_get_tax_card_content&quot;}\" >Other Events<i class='fa fa-chevron-right' aria-hidden='true'><\/i><\/span><\/div><\/div>\n\t\t\n\t<\/div><\/div><\/div><!-- row close --><div class='evocard_row'><div id='event_organizer' class='evocard_box organizer' data-c='' \n\t\t\t\t\tstyle=''><div class='evo_metarow_organizer evorow evcal_evdata_row evcal_evrow_sm '>\n\t\t<span class='evcal_evdata_icons'><i class='fa fa-headphones'><\/i><\/span>\n\t\t<div class='evcal_evdata_cell'>\t\t\t\t\t\t\t\n\t\t\t<h3 class='evo_h3'>Veranstalter<\/h3><div class='evo_evdata_cell_content evodfx evofx_ww evofx_dr_r evogap15'><div class='evo_card_organizer evofx_1'><h4 class='evo_org_name evo_h4 marb5 evottui evocl1i evopadb10i'><span class='evo_card_organizer_name_t marb5'><a  href='https:\/\/sgr-ssr.ch\/fr\/event-organizer\/p-r-c-congress-travel\/' class='evocl1i'>P.R.C. Congress &amp; Travel<\/a><\/span><\/h4><p class='evo_card_organizer_more evomart10i'><a class='evolb_trigger evo_btn_arr mart10' data-lbvals=\"{&quot;lbc&quot;:&quot;evo_organizer_lb&quot;,&quot;lbac&quot;:&quot;lb_max&quot;,&quot;preload_temp_key&quot;:&quot;preload_taxlb&quot;,&quot;t&quot;:&quot;P.R.C. Congress &amp;amp; Travel&quot;,&quot;ajax&quot;:&quot;yes&quot;,&quot;ajax_type&quot;:&quot;endpoint&quot;,&quot;ajax_action&quot;:&quot;eventon_get_tax_card_content&quot;,&quot;end&quot;:&quot;client&quot;,&quot;d&quot;:{&quot;eventid&quot;:19324,&quot;ri&quot;:0,&quot;term_id&quot;:661,&quot;tax&quot;:&quot;event_organizer&quot;,&quot;load_lbcontent&quot;:true}}\" >Learn More<i class='fa fa-chevron-right'><\/i><\/a><\/p><\/div><!-- evo_card_organizer--><\/div><\/div>\t<\/div><\/div><\/div><!-- row close --><div class='evocard_row bx2 bx'><div id='event_learnmore' class='evocard_box learnmore' data-c='' \n\t\t\t\t\tstyle=''><div class='evo_metarow_learnM evo_metarow_learnmore evorow'>\n\t\t\t\t\t\t\t<a class='evcal_evdata_row evo_clik_row ' href='https:\/\/www.prctravel.gr\/en\/congresses-webinars\/recommended-congresses-webinars\/item\/565-ibus-athens-breast-course-11-13-june-2026' target=\"_blank\">\n\t\t\t\t\t\t\t\t<span class='evcal_evdata_icons'><i class='fa fa-link'><\/i><\/span>\n\t\t\t\t\t\t\t\t<h3 class='evo_h3'>Mehr Infos \/ Anmeldung<\/h3>\n\t\t\t\t\t\t\t<\/a>\n\t\t\t\t\t\t\t<\/div><\/div><div id='event_addtocal' class='evocard_box addtocal' data-c='' \n\t\t\t\t\tstyle=''><div class='evo_metarow_ICS evorow evcal_evdata_row'>\n\t\t\t<span class='evcal_evdata_icons'><i class='fa fa-calendar-o'><\/i><\/span>\n\t\t\t<div class='evcal_evdata_cell'>\n\t\t\t\t<p><a href='https:\/\/sgr-ssr.ch\/fr\/export-events\/19324_0\/?key=cd75fe199f' rel='nofollow' class='evo_ics_nCal' title='Add to your calendar'>Calendar<\/a><a href='https:\/\/www.google.com\/calendar\/event?action=TEMPLATE&text=IBUS%20ATHENS%20BREAST%20COURSE%2011-13%20JUNE%202026&dates=20260610T220000Z\/20260613T215959Z&ctz=Europe%2FVienna&details=IBUS%20ATHENS%20BREAST%20COURSE%2011-13%20JUNE%202026&location=IASO%20Hospital%20Athens' target='_blank' rel='nofollow' class='evo_ics_gCal' title='Add to google calendar'>GoogleCal<\/a><\/p>\t\n\t\t\t<\/div>\n\t\t<\/div><\/div><\/div><!-- row close --><div class='evocard_row'><div id='event_getdirection' class='evocard_box getdirection' data-c='' \n\t\t\t\t\tstyle=''><div class='evo_metarow_getDr evorow evcal_evdata_row evcal_evrow_sm getdirections'>\n\t\t<form action='https:\/\/maps.google.com\/maps' method='get' target='_blank'>\n\t\t\t<input type='hidden' name='daddr' value=\"Athens\"\/> \n\t\t\t<div class='evo_get_direction_content evo_fx_dr_r evogap10'>\n\t\t\t\t<span class='evogetdir_header evodfx evofxdrr evofxaic evogap10'>\n\t\t\t\t\t<i class='mainicon fa fa-road evofz24i'><\/i> \n\t\t\t\t\t<h3 class='evo_h3 evopad0i' style='padding-bottom:5px;'>Get Directions<\/h3>\n\t\t\t\t<\/span>\n\t\t\t\t<span class='evogetdir_field evodfx evofx_1_1 evow100p'>\t\n\t\t\t\t\t<label for='69f31a604df1c' class='evo_aria_ready sr-only'>Address - IBUS ATHENS BREAST COURSE 11-13 JUNE 2026 []<\/label>\t\t\t\t\n\t\t\t\t\t<input id='69f31a604df1c' class='evo_aria_ready_match evoInput2 evobr10 evow100p evopad10 evoff_2 evofz14i evobrdB1 evoboxbb' type='text' name='saddr' placeholder='Ihre Adresse' value='' style='' aria-label='Address - IBUS ATHENS BREAST COURSE 11-13 JUNE 2026 []' \/>\n\t\t\t\t<\/span>\n\t\t\t\t<div class='evodfx evofxdrr evofxaic evogap10'>\n\t\t\t\t\t<i class='fa fa-location-dot'><\/i>\n\t\t\t\t\t<div class='evoposr evofx_1 evoh100p'><label for='69f31a604df1c' class='evo_aria_ready sr-only'>Destination Address - IBUS ATHENS BREAST COURSE 11-13 JUNE 2026 []<\/label>\t\t\n\t\t\t\t\t\t<input id='69f31a604df1c' class='evo_aria_ready_match evoInput2 evobr10 evow100p evopad5-10 evoff_2 evofz14i evobrdB1 evoop5 evoboxbb evoh100p' type='text' style='' readonly value='Athens' aria-label='Destination Address - IBUS ATHENS BREAST COURSE 11-13 JUNE 2026 []'\/><button class='evo_copy_address evobuttonA evocurp evohoop7 evoposa evopad5' style='right: 3px; top: 4px; background-color: #fff;' data-txt='Athens' data-t='Address copied to clipboard!'><i class='far fa-copy evofz16i' title='Copy Destination Address!'><\/i><\/button>\n\t\t\t\t\t<\/div>\n\t\t\t\t\t<button type='submit' class='evo_get_direction_button evcal_btn dfx evofxaic evocurp evohoop7' title='Hier klicken f\u00fcr Wegbeschreibung' style='    padding: 10px 15px !important;'><i class='fa fa-chevron-right'><\/i> <\/button>\n\t\t\t\t<\/div>\n\t\t\t<\/div>\n\t\t<\/form>\n\t<\/div><\/div><\/div><!-- row close --><button class='evo_card_row_end evcal_close' title='Close'><\/button><\/div><div class='clear end'><\/div><\/div><div id=\"event_20092_0\" class=\"eventon_list_event evo_eventtop scheduled  event clrD event_20092_0\" data-event_id=\"20092\" data-ri=\"0r\" data-time=\"1782300600-1782320400\" data-colr=\"#004961\" itemscope itemtype='http:\/\/schema.org\/Event'><div class=\"evo_event_schema\" style=\"display:none\" ><a itemprop='url'  href='https:\/\/sgr-ssr.ch\/fr\/events\/depistage-du-cancer-du-sein-atelier-de-formation-en-mammographie-de-depistage-3\/'><\/a><meta itemprop='image'  \/><meta itemprop='startDate' content=\"2026-6-24T13:30+0:00\" \/><meta itemprop='endDate' content=\"2026-6-24T19:00+0:00\" \/><meta itemprop='eventStatus' content=\"https:\/\/schema.org\/EventScheduled\" \/><meta itemprop='eventAttendanceMode'   itemscope itemtype=\"https:\/\/schema.org\/OfflineEventAttendanceMode\"\/><div style=\"display:none\" itemprop=\"location\" itemscope itemtype=\"http:\/\/schema.org\/Place\"><span itemprop=\"name\">Unisant\u00e9 B\u00e2timent Arginine<\/span><span itemprop=\"address\" itemscope itemtype=\"http:\/\/schema.org\/PostalAddress\"><item itemprop=\"streetAddress\">Route de la Corniche 21<\/item><\/span><\/div><div itemprop=\"organizer\" itemscope=\"\" itemtype=\"http:\/\/schema.org\/Organization\"><meta itemprop=\"name\" content=\"Unisant\u00e9\">\n\t\t\t\t    \t<\/div><div itemprop=\"performer\" itemscope=\"\" itemtype=\"http:\/\/schema.org\/Person\"><meta itemprop=\"name\" content=\"Unisant\u00e9\"><\/div><script type=\"application\/ld+json\">{\"@context\": \"http:\/\/schema.org\",\"@type\": \"Event\",\n\t\t\t\t\"@id\": \"event_20092_0\",\n\t\t\t\t\"eventAttendanceMode\":\"https:\/\/schema.org\/OfflineEventAttendanceMode\",\n\t\t\t\t\"eventStatus\":\"https:\/\/schema.org\/EventScheduled\",\n\t\t\t\t\"name\": \"D\u00e9pistage du cancer du sein - Atelier de formation en mammographie de d\u00e9pistage\",\n\t\t\t\t\"url\": \"https:\/\/sgr-ssr.ch\/fr\/events\/depistage-du-cancer-du-sein-atelier-de-formation-en-mammographie-de-depistage-3\/\",\n\t\t\t\t\"startDate\": \"2026-6-24T13:30+0:00\",\n\t\t\t\t\"endDate\": \"2026-6-24T19:00+0:00\",\n\t\t\t\t\"image\":\"\", \n\t\t\t\t\"description\":\"<p><strong>Le s\u00e9minaire intitul\u00e9 <em data-start='73' data-end='156'>\u201cD\u00e9pistage du cancer du sein \u2013 Atelier de formation en mammographie de d\u00e9pistage\u201d<\/em> aura lieu le mercredi 24 juin 2026 de 13h30 \u00e0 19h00 \u00e0 Unisant\u00e9, b\u00e2timent Arginine, salle de formation Gastlosen.<\/strong><\/p> <p><strong>Principes :<\/strong> Enseignement dirig\u00e9 sur le d\u00e9pistage du cancer du sein par mammographie, en petit groupe, avec revue de dossiers radio-cliniques. L\u2019enseignement th\u00e9orique est associ\u00e9 \u00e0 des sessions pratiques de lecture de listes de mammographies de d\u00e9pistage sur console d\u00e9di\u00e9e, avec syst\u00e8me d\u2019auto-\u00e9valuation.<\/p> <p><strong>Objectifs p\u00e9dagogiques de la formation (savoirs th\u00e9oriques et pratiques) :<\/strong> Le radiologue a la capacit\u00e9 d\u2019analyser et interpr\u00e9ter des clich\u00e9s de mammographies de d\u00e9pistage, ainsi que de communiquer ses conclusions, en conformit\u00e9 avec les r\u00e9f\u00e9rentiels de bonnes pratiques. Le nombre restreint de participants garantit une forte interaction lors des parties th\u00e9oriques et un important travail de lectures (interpr\u00e9tation) de mammographies de d\u00e9pistage. L\u2019infrastructure technique mise \u00e0 disposition ainsi que l\u2019utilisation de la plateforme de formation FEMDep permet des conditions de lecture optimales, ainsi que la possibilit\u00e9 de prendre connaissance de ses propres performances en fin de lecture (voir flyer en annexe de la plateforme FEMDep).<\/p> <p><strong>Nombre de participants :<br \/> <\/strong>6 au maximum, pour permettre une lecture individuelle des cas sur console de mammographie.<\/p> <p class='p1'><a href='https:\/\/sgr-ssr.ch\/wp-content\/uploads\/2026\/04\/2026-038_Atelier_FEMDep_24.06.2026.pdf' target='_blank' rel='noopener noreferrer'>Programme<\/a><\/p> <p><a href='mailto:Rami.Hajri@chuv.ch'>Contact<\/a><\/p> \",\"location\":[{\"@type\":\"Place\",\"name\":\"Unisant\u00e9 B\u00e2timent Arginine\",\"address\":{\"@type\": \"PostalAddress\",\"streetAddress\":\"Route de la Corniche 21\"}}],\"organizer\":[{\"@type\":\"Organization\",\"name\":\"Unisant\u00e9\"}]}<\/script><\/div>\r\n\t\t\t\t<p class=\"desc_trig_outter\" style=\"\"><a data-gmap_status=\"null\" data-exlk=\"0\" style=\"background-color: #004961;\" id=\"evc_178230060020092\" href=\"#\" class=\"desc_trig sin_val evcal_list_a\" data-ux_val=\"1\" data-ux_val_mob=\"-\"  ><span class='evoet_c2 evoet_cx '><span class='evoet_dayblock evcal_cblock ' data-bgcolor='#004961' data-smon='Juni' data-syr='2026' data-bub=''><span class='evo_start  evofxdrc'><em class='day'>Mi<\/em><em class='date'>24<\/em><em class='month'>Jun<\/em><em class='time'>13 h 30 min<\/em><\/span><span class='evo_end only_time evofxdrc'><em class='time'>19 h 00 min<\/em><\/span><\/span><\/span><span class='evoet_c3 evoet_cx evcal_desc hide_eventtopdata '><span class='evoet_title evcal_desc2 evcal_event_title ' itemprop='name'>D\u00e9pistage du cancer du sein - Atelier de formation en mammographie de d\u00e9pistage<\/span><span class='event_location_attrs'  data-location_address=\"Route de la Corniche 21\" data-location_type=\"address\" data-location_name=\"Unisant\u00e9 B\u00e2timent Arginine\" data-location_url=\"https:\/\/sgr-ssr.ch\/fr\/event-location\/unisante-batiment-arginine\/\" data-location_status=\"true\" data-locid=\"679\"><\/span><span class='evoet_cy evoet_subtitle evo_below_title' ><span class='evcal_event_subtitle ' >6 Credits<\/span><\/span><\/span><span class='evoet_data' data-d=\"{&quot;loc.n&quot;:&quot;Unisant\\u00e9 B\\u00e2timent Arginine&quot;,&quot;orgs&quot;:{&quot;383&quot;:&quot;Unisant\\u00e9&quot;},&quot;tags&quot;:[]}\" data-bgc=\"#004961\" data-bggrad=\"\" ><\/span><\/a><\/p><div class='event_description evcal_eventcard ' style=\"display:none\"><div class='evocard_row'><div id='event_eventdetails' class='evocard_box eventdetails' data-c='' \n\t\t\t\t\tstyle=''><div class=\"evo_metarow_details evorow evcal_evdata_row evcal_event_details\">\n    <div class=\"event_excerpt\" style=\"display:none\"><h3 class=\"padb5 evo_h3\">Veranstaltungsdetails<\/h3><p>Le s\u00e9minaire intitul\u00e9 \u201cD\u00e9pistage du cancer du sein \u2013 Atelier de formation en mammographie de d\u00e9pistage\u201d aura lieu le mercredi 24 juin 2026 de 13h30 \u00e0 19h00 \u00e0<\/p><\/div><span class='evcal_evdata_icons'><i class='fa fa-align-justify'><\/i><\/span>    <div class=\"evcal_evdata_cell shorter_desc\">\n        <div class=\"eventon_full_description\">\n            <h3 class=\"padb5 evo_h3\"><span class='evcal_evdata_icons'><i class='fa fa-align-justify'><\/i><\/span>Veranstaltungsdetails<\/h3>\n            <div class=\"eventon_desc_in\" itemprop=\"description\">\n                <p><strong>Le s\u00e9minaire intitul\u00e9 <em data-start=\"73\" data-end=\"156\">\u201cD\u00e9pistage du cancer du sein \u2013 Atelier de formation en mammographie de d\u00e9pistage\u201d<\/em> aura lieu le mercredi 24 juin 2026 de 13h30 \u00e0 19h00 \u00e0 Unisant\u00e9, b\u00e2timent Arginine, salle de formation Gastlosen.<\/strong><\/p>\n<p><strong>Principes :<\/strong> Enseignement dirig\u00e9 sur le d\u00e9pistage du cancer du sein par mammographie, en petit groupe, avec revue de dossiers radio-cliniques. L\u2019enseignement th\u00e9orique est associ\u00e9 \u00e0 des sessions pratiques de lecture de listes de mammographies de d\u00e9pistage sur console d\u00e9di\u00e9e, avec syst\u00e8me d\u2019auto-\u00e9valuation.<\/p>\n<p><strong>Objectifs p\u00e9dagogiques de la formation (savoirs th\u00e9oriques et pratiques) :<\/strong> Le radiologue a la capacit\u00e9 d\u2019analyser et interpr\u00e9ter des clich\u00e9s de mammographies de d\u00e9pistage, ainsi que de communiquer ses conclusions, en conformit\u00e9 avec les r\u00e9f\u00e9rentiels de bonnes pratiques. Le nombre restreint de participants garantit une forte interaction lors des parties th\u00e9oriques et un important travail de lectures (interpr\u00e9tation) de mammographies de d\u00e9pistage. L\u2019infrastructure technique mise \u00e0 disposition ainsi que l\u2019utilisation de la plateforme de formation FEMDep permet des conditions de lecture optimales, ainsi que la possibilit\u00e9 de prendre connaissance de ses propres performances en fin de lecture (voir flyer en annexe de la plateforme FEMDep).<\/p>\n<p><strong>Nombre de participants :<br \/>\n<\/strong>6 au maximum, pour permettre une lecture individuelle des cas sur console de mammographie.<\/p>\n<p class=\"p1\"><a href=\"https:\/\/sgr-ssr.ch\/wp-content\/uploads\/2026\/04\/2026-038_Atelier_FEMDep_24.06.2026.pdf\" target=\"_blank\" rel=\"noopener noreferrer\">Programme<\/a><\/p>\n<p><a href=\"mailto:Rami.Hajri@chuv.ch\">Contact<\/a><\/p>\n            <\/div>\n            <p class='eventon_shad_p' style='padding:5px 0 0; margin:0'><button class='evcal_btn evo_btn_secondary evobtn_details_show_more' content='less'><span class='ev_more_text' data-txt='weniger'>mehr<\/span><span class='ev_more_arrow ard'><\/span><\/button><\/p><div class='clear'><\/div>        <\/div>\n    <\/div>\n<\/div><\/div><\/div><!-- row close --><div class='evocard_row bx2 bx'><div id='event_time' class='evocard_box time' data-c='' \n\t\t\t\t\tstyle=''><div class='evo_metarow_time evorow evcal_evdata_row evcal_evrow_sm '>\n\t\t<span class='evcal_evdata_icons'><i class='fa fa-clock-o'><\/i><\/span>\n\t\t<div class='evcal_evdata_cell'>\t\t\t\t\t\t\t\n\t\t\t<h3 class='evo_h3'><span class='evcal_evdata_icons'><i class='fa fa-clock-o'><\/i><\/span>Zeit<\/h3><div><span class='evo_eventcard_time_t evogap5 evofxww'><span class=\"start\">24 Juni 2026<\/span> <span class=\"stime\">13 h 30 min<\/span> - <span class=\"etime\">19 h 00 min<\/span><\/span><span class='evo_tz marr5'>(GMT+02:00)<\/span><\/div>\n\t\t<\/div>\n\t<\/div><\/div><div id='event_location' class='evocard_box location' data-c='' \n\t\t\t\t\tstyle=''><div class='evcal_evdata_row evo_metarow_time_location evorow '>\n\t\t\n\t\t\t<span class='evcal_evdata_icons'><i class='fa fa-map-marker'><\/i><\/span>\n\t\t\t<div class='evcal_evdata_cell' data-loc_tax_id='679'><h3 class='evo_h3 evodfx'><span class='evcal_evdata_icons'><i class='fa fa-map-marker'><\/i><\/span>Ort<\/h3><p class='evo_location_name'>Unisant\u00e9 B\u00e2timent Arginine<\/p><p class='evo_location_address evodfxi evogap10'>Route de la Corniche 21<\/p><div class='padt10'><span class='evo_btn_arr evolb_trigger' data-lbvals=\"{&quot;lbdata&quot;:{&quot;class&quot;:&quot;evo_location_lb_679&quot;,&quot;additional_class&quot;:&quot;lb_max&quot;,&quot;title&quot;:&quot;Unisant\\u00e9 B\\u00e2timent Arginine&quot;},&quot;adata&quot;:{&quot;a&quot;:&quot;eventon_get_tax_card_content&quot;,&quot;end&quot;:&quot;client&quot;,&quot;data&quot;:{&quot;lang&quot;:&quot;L1&quot;,&quot;term_id&quot;:679,&quot;tax&quot;:&quot;event_location&quot;,&quot;load_lbcontent&quot;:true}},&quot;uid&quot;:&quot;eventon_get_tax_card_content&quot;}\" >Other Events<i class='fa fa-chevron-right' aria-hidden='true'><\/i><\/span><\/div><\/div>\n\t\t\n\t<\/div><\/div><\/div><!-- row close --><div class='evocard_row'><div id='event_organizer' class='evocard_box organizer' data-c='' \n\t\t\t\t\tstyle=''><div class='evo_metarow_organizer evorow evcal_evdata_row evcal_evrow_sm '>\n\t\t<span class='evcal_evdata_icons'><i class='fa fa-headphones'><\/i><\/span>\n\t\t<div class='evcal_evdata_cell'>\t\t\t\t\t\t\t\n\t\t\t<h3 class='evo_h3'>Veranstalter<\/h3><div class='evo_evdata_cell_content evodfx evofx_ww evofx_dr_r evogap15'><div class='evo_card_organizer evofx_1'><h4 class='evo_org_name evo_h4 marb5 evottui evocl1i evopadb10i'><span class='evo_card_organizer_name_t marb5'><a target=\"_blank\" href='https:\/\/sgr-ssr.ch\/fr\/event-organizer\/unisante\/' class='evocl1i'>Unisant\u00e9<\/a><\/span><\/h4><p class='evo_card_organizer_more evomart10i'><a class='evolb_trigger evo_btn_arr mart10' data-lbvals=\"{&quot;lbc&quot;:&quot;evo_organizer_lb&quot;,&quot;lbac&quot;:&quot;lb_max&quot;,&quot;preload_temp_key&quot;:&quot;preload_taxlb&quot;,&quot;t&quot;:&quot;Unisant\\u00e9&quot;,&quot;ajax&quot;:&quot;yes&quot;,&quot;ajax_type&quot;:&quot;endpoint&quot;,&quot;ajax_action&quot;:&quot;eventon_get_tax_card_content&quot;,&quot;end&quot;:&quot;client&quot;,&quot;d&quot;:{&quot;eventid&quot;:20092,&quot;ri&quot;:0,&quot;term_id&quot;:383,&quot;tax&quot;:&quot;event_organizer&quot;,&quot;load_lbcontent&quot;:true}}\" >Learn More<i class='fa fa-chevron-right'><\/i><\/a><\/p><\/div><!-- evo_card_organizer--><\/div><\/div>\t<\/div><\/div><\/div><!-- row close --><div class='evocard_row bx2 bx'><div id='event_learnmore' class='evocard_box learnmore' data-c='' \n\t\t\t\t\tstyle=''><div class='evo_metarow_learnM evo_metarow_learnmore evorow'>\n\t\t\t\t\t\t\t<a class='evcal_evdata_row evo_clik_row ' href='https:\/\/sgr-ssr.ch\/wp-content\/uploads\/2026\/04\/2026-038_Atelier_FEMDep_24.06.2026.pdf' target=\"_blank\">\n\t\t\t\t\t\t\t\t<span class='evcal_evdata_icons'><i class='fa fa-link'><\/i><\/span>\n\t\t\t\t\t\t\t\t<h3 class='evo_h3'>Mehr Infos \/ Anmeldung<\/h3>\n\t\t\t\t\t\t\t<\/a>\n\t\t\t\t\t\t\t<\/div><\/div><div id='event_addtocal' class='evocard_box addtocal' data-c='' \n\t\t\t\t\tstyle=''><div class='evo_metarow_ICS evorow evcal_evdata_row'>\n\t\t\t<span class='evcal_evdata_icons'><i class='fa fa-calendar-o'><\/i><\/span>\n\t\t\t<div class='evcal_evdata_cell'>\n\t\t\t\t<p><a href='https:\/\/sgr-ssr.ch\/fr\/export-events\/20092_0\/?key=cd75fe199f' rel='nofollow' class='evo_ics_nCal' title='Add to your calendar'>Calendar<\/a><a href='https:\/\/www.google.com\/calendar\/event?action=TEMPLATE&text=D%C3%A9pistage%20du%20cancer%20du%20sein%20-%20Atelier%20de%20formation%20en%20mammographie%20de%20d%C3%A9pistage&dates=20260624T113000Z\/20260624T170000Z&ctz=Europe%2FVienna&details=D%C3%A9pistage%20du%20cancer%20du%20sein%20-%20Atelier%20de%20formation%20en%20mammographie%20de%20d%C3%A9pistage&location=Unisant%C3%A9%20B%C3%A2timent%20Arginine%20Route%20de%20la%20Corniche%2021' target='_blank' rel='nofollow' class='evo_ics_gCal' title='Add to google calendar'>GoogleCal<\/a><\/p>\t\n\t\t\t<\/div>\n\t\t<\/div><\/div><\/div><!-- row close --><div class='evocard_row'><div id='event_getdirection' class='evocard_box getdirection' data-c='' \n\t\t\t\t\tstyle=''><div class='evo_metarow_getDr evorow evcal_evdata_row evcal_evrow_sm getdirections'>\n\t\t<form action='https:\/\/maps.google.com\/maps' method='get' target='_blank'>\n\t\t\t<input type='hidden' name='daddr' value=\"Route de la Corniche 21\"\/> \n\t\t\t<div class='evo_get_direction_content evo_fx_dr_r evogap10'>\n\t\t\t\t<span class='evogetdir_header evodfx evofxdrr evofxaic evogap10'>\n\t\t\t\t\t<i class='mainicon fa fa-road evofz24i'><\/i> \n\t\t\t\t\t<h3 class='evo_h3 evopad0i' style='padding-bottom:5px;'>Get Directions<\/h3>\n\t\t\t\t<\/span>\n\t\t\t\t<span class='evogetdir_field evodfx evofx_1_1 evow100p'>\t\n\t\t\t\t\t<label for='69f31a6050939' class='evo_aria_ready sr-only'>Address - D\u00e9pistage du cancer du sein - Atelier de formation en mammographie de d\u00e9pistage []<\/label>\t\t\t\t\n\t\t\t\t\t<input id='69f31a6050939' class='evo_aria_ready_match evoInput2 evobr10 evow100p evopad10 evoff_2 evofz14i evobrdB1 evoboxbb' type='text' name='saddr' placeholder='Ihre Adresse' value='' style='' aria-label='Address - D\u00e9pistage du cancer du sein - Atelier de formation en mammographie de d\u00e9pistage []' \/>\n\t\t\t\t<\/span>\n\t\t\t\t<div class='evodfx evofxdrr evofxaic evogap10'>\n\t\t\t\t\t<i class='fa fa-location-dot'><\/i>\n\t\t\t\t\t<div class='evoposr evofx_1 evoh100p'><label for='69f31a6050939' class='evo_aria_ready sr-only'>Destination Address - D\u00e9pistage du cancer du sein - Atelier de formation en mammographie de d\u00e9pistage []<\/label>\t\t\n\t\t\t\t\t\t<input id='69f31a6050939' class='evo_aria_ready_match evoInput2 evobr10 evow100p evopad5-10 evoff_2 evofz14i evobrdB1 evoop5 evoboxbb evoh100p' type='text' style='' readonly value='Route de la Corniche 21' aria-label='Destination Address - D\u00e9pistage du cancer du sein - Atelier de formation en mammographie de d\u00e9pistage []'\/><button class='evo_copy_address evobuttonA evocurp evohoop7 evoposa evopad5' style='right: 3px; top: 4px; background-color: #fff;' data-txt='Route de la Corniche 21' data-t='Address copied to clipboard!'><i class='far fa-copy evofz16i' title='Copy Destination Address!'><\/i><\/button>\n\t\t\t\t\t<\/div>\n\t\t\t\t\t<button type='submit' class='evo_get_direction_button evcal_btn dfx evofxaic evocurp evohoop7' title='Hier klicken f\u00fcr Wegbeschreibung' style='    padding: 10px 15px !important;'><i class='fa fa-chevron-right'><\/i> <\/button>\n\t\t\t\t<\/div>\n\t\t\t<\/div>\n\t\t<\/form>\n\t<\/div><\/div><\/div><!-- row close --><button class='evo_card_row_end evcal_close' title='Close'><\/button><\/div><div class='clear end'><\/div><\/div><div id=\"event_19570_0\" class=\"eventon_list_event evo_eventtop scheduled  event clrD event_19570_0\" data-event_id=\"19570\" data-ri=\"0r\" data-time=\"1782338400-1782597599\" data-colr=\"#004961\" itemscope itemtype='http:\/\/schema.org\/Event'><div class=\"evo_event_schema\" style=\"display:none\" ><a itemprop='url'  href='https:\/\/sgr-ssr.ch\/fr\/events\/sgum-fortbildungskongress-2026\/'><\/a><meta itemprop='image'  \/><meta itemprop='startDate' content=\"2026-6-25\" \/><meta itemprop='endDate' content=\"2026-6-27\" \/><meta itemprop='eventStatus' content=\"https:\/\/schema.org\/EventScheduled\" \/><meta itemprop='eventAttendanceMode'   itemscope itemtype=\"https:\/\/schema.org\/OfflineEventAttendanceMode\"\/><div itemprop=\"organizer\" itemscope=\"\" itemtype=\"http:\/\/schema.org\/Organization\"><meta itemprop=\"name\" content=\"SGUM\">\n\t\t\t\t    \t<\/div><div itemprop=\"performer\" itemscope=\"\" itemtype=\"http:\/\/schema.org\/Person\"><meta itemprop=\"name\" content=\"SGUM\"><\/div><script type=\"application\/ld+json\">{\"@context\": \"http:\/\/schema.org\",\"@type\": \"Event\",\n\t\t\t\t\"@id\": \"event_19570_0\",\n\t\t\t\t\"eventAttendanceMode\":\"https:\/\/schema.org\/OfflineEventAttendanceMode\",\n\t\t\t\t\"eventStatus\":\"https:\/\/schema.org\/EventScheduled\",\n\t\t\t\t\"name\": \"SGUM Fortbildungskongress 2026\",\n\t\t\t\t\"url\": \"https:\/\/sgr-ssr.ch\/fr\/events\/sgum-fortbildungskongress-2026\/\",\n\t\t\t\t\"startDate\": \"2026-6-25\",\n\t\t\t\t\"endDate\": \"2026-6-27\",\n\t\t\t\t\"image\":\"\", \n\t\t\t\t\"description\":\"<p class='p1'>Willkommen zum j\u00e4hrlichen Fortbildungskongress der Schweizerischen Gesellschaft f\u00fcr Ultraschall in der Medizin (SGUM). Vom 25. bis 27. Juni 2026 treffen sich Ultraschall-Expertinnen und -Experten aus der ganzen Schweiz und dar\u00fcber hinaus \u2013 vor Ort im Kongresszentrum Davos sowie online via Livestream. Der SGUM-Kongress 2026 bietet ein hochkar\u00e4tiges wissenschaftliches Programm, praxisnahe Workshops und den interdisziplin\u00e4ren Austausch \u00fcber die neuesten Entwicklungen in der medizinischen Ultraschalldiagnostik. Gestalten Sie Ihre Teilnahme flexibel \u2013 hybrid, interaktiv und auf h\u00f6chstem fachlichen Niveau.<\/p> <p class='p1'><a href='https:\/\/davos2026.sgum.ch\/programm\/' target='_blank' rel='noopener noreferrer'>Programme<\/a><\/p> <p class='p1'><a href='mailto:sgum@sgum.ch'>Contact<\/a><\/p> <p>&nbsp;<\/p> \",\"organizer\":[{\"@type\":\"Organization\",\"name\":\"SGUM\"}]}<\/script><\/div>\r\n\t\t\t\t<p class=\"desc_trig_outter\" style=\"\"><a data-gmap_status=\"null\" data-exlk=\"0\" style=\"background-color: #004961;\" id=\"evc_178233840019570\" href=\"#\" class=\"desc_trig mul_val evcal_list_a allday\" data-ux_val=\"1\" data-ux_val_mob=\"-\"  ><span class='evoet_c2 evoet_cx '><span class='evoet_dayblock evcal_cblock ' data-bgcolor='#004961' data-smon='Juni' data-syr='2026' data-bub=''><span class='evo_start  evofxdrc'><em class='day'>Do<\/em><em class='date'>25<\/em><em class='month'>Jun<\/em><em class='time'>ganztags<\/em><\/span><span class='evo_end  evofxdrc'><em class='day'>Sa<\/em><em class='date'>27<\/em><\/span><\/span><\/span><span class='evoet_c3 evoet_cx evcal_desc hide_eventtopdata '><span class='evoet_title evcal_desc2 evcal_event_title ' itemprop='name'>SGUM Fortbildungskongress 2026<\/span><span class='evoet_cy evoet_subtitle evo_below_title' ><span class='evcal_event_subtitle ' >15 Credits<\/span><\/span><\/span><span class='evoet_data' data-d=\"{&quot;loc.n&quot;:&quot;Kongresszentrum Davos&quot;,&quot;orgs&quot;:{&quot;458&quot;:&quot;SGUM&quot;},&quot;tags&quot;:[]}\" data-bgc=\"#004961\" data-bggrad=\"\" ><\/span><\/a><\/p><div class='event_description evcal_eventcard ' style=\"display:none\"><div class='evocard_row'><div id='event_eventdetails' class='evocard_box eventdetails' data-c='' \n\t\t\t\t\tstyle=''><div class=\"evo_metarow_details evorow evcal_evdata_row evcal_event_details\">\n    <div class=\"event_excerpt\" style=\"display:none\"><h3 class=\"padb5 evo_h3\">Veranstaltungsdetails<\/h3><p>Willkommen zum j\u00e4hrlichen Fortbildungskongress der Schweizerischen Gesellschaft f\u00fcr Ultraschall in der Medizin (SGUM). Vom 25. bis 27. Juni 2026 treffen sich Ultraschall-Expertinnen und -Experten aus der ganzen Schweiz und<\/p><\/div><span class='evcal_evdata_icons'><i class='fa fa-align-justify'><\/i><\/span>    <div class=\"evcal_evdata_cell shorter_desc\">\n        <div class=\"eventon_full_description\">\n            <h3 class=\"padb5 evo_h3\"><span class='evcal_evdata_icons'><i class='fa fa-align-justify'><\/i><\/span>Veranstaltungsdetails<\/h3>\n            <div class=\"eventon_desc_in\" itemprop=\"description\">\n                <p class=\"p1\">Willkommen zum j\u00e4hrlichen Fortbildungskongress der Schweizerischen Gesellschaft f\u00fcr Ultraschall in der Medizin (SGUM). Vom 25. bis 27. Juni 2026 treffen sich Ultraschall-Expertinnen und -Experten aus der ganzen Schweiz und dar\u00fcber hinaus \u2013 vor Ort im Kongresszentrum Davos sowie online via Livestream. Der SGUM-Kongress 2026 bietet ein hochkar\u00e4tiges wissenschaftliches Programm, praxisnahe Workshops und den interdisziplin\u00e4ren Austausch \u00fcber die neuesten Entwicklungen in der medizinischen Ultraschalldiagnostik. Gestalten Sie Ihre Teilnahme flexibel \u2013 hybrid, interaktiv und auf h\u00f6chstem fachlichen Niveau.<\/p>\n<p class=\"p1\"><a href=\"https:\/\/davos2026.sgum.ch\/programm\/\" target=\"_blank\" rel=\"noopener noreferrer\">Programme<\/a><\/p>\n<p class=\"p1\"><a href=\"mailto:sgum@sgum.ch\">Contact<\/a><\/p>\n<p>&nbsp;<\/p>\n            <\/div>\n            <p class='eventon_shad_p' style='padding:5px 0 0; margin:0'><button class='evcal_btn evo_btn_secondary evobtn_details_show_more' content='less'><span class='ev_more_text' data-txt='weniger'>mehr<\/span><span class='ev_more_arrow ard'><\/span><\/button><\/p><div class='clear'><\/div>        <\/div>\n    <\/div>\n<\/div><\/div><\/div><!-- row close --><div class='evocard_row bx2 bx'><div id='event_time' class='evocard_box time' data-c='' \n\t\t\t\t\tstyle=''><div class='evo_metarow_time evorow evcal_evdata_row evcal_evrow_sm '>\n\t\t<span class='evcal_evdata_icons'><i class='fa fa-clock-o'><\/i><\/span>\n\t\t<div class='evcal_evdata_cell'>\t\t\t\t\t\t\t\n\t\t\t<h3 class='evo_h3'><span class='evcal_evdata_icons'><i class='fa fa-clock-o'><\/i><\/span>Zeit<\/h3><div><span class='evo_eventcard_time_t evogap5 evofxww'><span class=\"start\">25 Juni 2026<\/span>  - <span class=\"end\">27 Juni 2026<\/span> (ganztags)<\/span><span class='evo_tz marr5'>(GMT+02:00)<\/span><\/div>\n\t\t<\/div>\n\t<\/div><\/div><div id='event_location' class='evocard_box location' data-c='' \n\t\t\t\t\tstyle=''><div class='evcal_evdata_row evo_metarow_time_location evorow '>\n\t\t\n\t\t\t<span class='evcal_evdata_icons'><i class='fa fa-map-marker'><\/i><\/span>\n\t\t\t<div class='evcal_evdata_cell' data-loc_tax_id='611'><h3 class='evo_h3 evodfx'><span class='evcal_evdata_icons'><i class='fa fa-map-marker'><\/i><\/span>Ort<\/h3><p class='evo_location_name'>Kongresszentrum Davos<\/p><div class='padt10'><span class='evo_btn_arr evolb_trigger' data-lbvals=\"{&quot;lbdata&quot;:{&quot;class&quot;:&quot;evo_location_lb_611&quot;,&quot;additional_class&quot;:&quot;lb_max&quot;,&quot;title&quot;:&quot;Kongresszentrum Davos&quot;},&quot;adata&quot;:{&quot;a&quot;:&quot;eventon_get_tax_card_content&quot;,&quot;end&quot;:&quot;client&quot;,&quot;data&quot;:{&quot;lang&quot;:&quot;L1&quot;,&quot;term_id&quot;:611,&quot;tax&quot;:&quot;event_location&quot;,&quot;load_lbcontent&quot;:true}},&quot;uid&quot;:&quot;eventon_get_tax_card_content&quot;}\" >Other Events<i class='fa fa-chevron-right' aria-hidden='true'><\/i><\/span><\/div><\/div>\n\t\t\n\t<\/div><\/div><\/div><!-- row close --><div class='evocard_row'><div id='event_organizer' class='evocard_box organizer' data-c='' \n\t\t\t\t\tstyle=''><div class='evo_metarow_organizer evorow evcal_evdata_row evcal_evrow_sm '>\n\t\t<span class='evcal_evdata_icons'><i class='fa fa-headphones'><\/i><\/span>\n\t\t<div class='evcal_evdata_cell'>\t\t\t\t\t\t\t\n\t\t\t<h3 class='evo_h3'>Veranstalter<\/h3><div class='evo_evdata_cell_content evodfx evofx_ww evofx_dr_r evogap15'><div class='evo_card_organizer evofx_1'><h4 class='evo_org_name evo_h4 marb5 evottui evocl1i evopadb10i'><span class='evo_card_organizer_name_t marb5'><a  href='https:\/\/sgr-ssr.ch\/fr\/event-organizer\/sgum\/' class='evocl1i'>SGUM<\/a><\/span><\/h4><p class='evo_card_organizer_more evomart10i'><a class='evolb_trigger evo_btn_arr mart10' data-lbvals=\"{&quot;lbc&quot;:&quot;evo_organizer_lb&quot;,&quot;lbac&quot;:&quot;lb_max&quot;,&quot;preload_temp_key&quot;:&quot;preload_taxlb&quot;,&quot;t&quot;:&quot;SGUM&quot;,&quot;ajax&quot;:&quot;yes&quot;,&quot;ajax_type&quot;:&quot;endpoint&quot;,&quot;ajax_action&quot;:&quot;eventon_get_tax_card_content&quot;,&quot;end&quot;:&quot;client&quot;,&quot;d&quot;:{&quot;eventid&quot;:19570,&quot;ri&quot;:0,&quot;term_id&quot;:458,&quot;tax&quot;:&quot;event_organizer&quot;,&quot;load_lbcontent&quot;:true}}\" >Learn More<i class='fa fa-chevron-right'><\/i><\/a><\/p><\/div><!-- evo_card_organizer--><\/div><\/div>\t<\/div><\/div><\/div><!-- row close --><div class='evocard_row bx2 bx'><div id='event_learnmore' class='evocard_box learnmore' data-c='' \n\t\t\t\t\tstyle=''><div class='evo_metarow_learnM evo_metarow_learnmore evorow'>\n\t\t\t\t\t\t\t<a class='evcal_evdata_row evo_clik_row ' href='https:\/\/davos2026.sgum.ch\/' >\n\t\t\t\t\t\t\t\t<span class='evcal_evdata_icons'><i class='fa fa-link'><\/i><\/span>\n\t\t\t\t\t\t\t\t<h3 class='evo_h3'>Mehr Infos \/ Anmeldung<\/h3>\n\t\t\t\t\t\t\t<\/a>\n\t\t\t\t\t\t\t<\/div><\/div><div id='event_addtocal' class='evocard_box addtocal' data-c='' \n\t\t\t\t\tstyle=''><div class='evo_metarow_ICS evorow evcal_evdata_row'>\n\t\t\t<span class='evcal_evdata_icons'><i class='fa fa-calendar-o'><\/i><\/span>\n\t\t\t<div class='evcal_evdata_cell'>\n\t\t\t\t<p><a href='https:\/\/sgr-ssr.ch\/fr\/export-events\/19570_0\/?key=cd75fe199f' rel='nofollow' class='evo_ics_nCal' title='Add to your calendar'>Calendar<\/a><a href='https:\/\/www.google.com\/calendar\/event?action=TEMPLATE&text=SGUM%20Fortbildungskongress%202026&dates=20260624T220000Z\/20260627T215959Z&ctz=Europe%2FVienna&details=SGUM%20Fortbildungskongress%202026&location=Kongresszentrum%20Davos' target='_blank' rel='nofollow' class='evo_ics_gCal' title='Add to google calendar'>GoogleCal<\/a><\/p>\t\n\t\t\t<\/div>\n\t\t<\/div><\/div><\/div><!-- row close --><button class='evo_card_row_end evcal_close' title='Close'><\/button><\/div><div class='clear end'><\/div><\/div><div id=\"event_18792_0\" class=\"eventon_list_event evo_eventtop scheduled  event clrW event_18792_0\" data-event_id=\"18792\" data-ri=\"0r\" data-time=\"1782511200-1785189599\" data-colr=\"#4bb5d8\" itemscope itemtype='http:\/\/schema.org\/Event'><div class=\"evo_event_schema\" style=\"display:none\" ><a itemprop='url'  href='https:\/\/sgr-ssr.ch\/fr\/events\/breast-mri-advanced-course-with-pascal-baltzer-structured-reporting-clinical-management-and-intensive-case-training\/'><\/a><meta itemprop='image'  \/><meta itemprop='startDate' content=\"2026-6-27\" \/><meta itemprop='endDate' content=\"2026-7-27\" \/><meta itemprop='eventStatus' content=\"https:\/\/schema.org\/EventScheduled\" \/><meta itemprop='eventAttendanceMode'   itemscope itemtype=\"https:\/\/schema.org\/OnlineEventAttendanceMode\"\/><div itemprop=\"organizer\" itemscope=\"\" itemtype=\"http:\/\/schema.org\/Organization\"><meta itemprop=\"name\" content=\"Pascal Baltzer und Matthias Dietzel\">\n\t\t\t\t    \t<\/div><div itemprop=\"performer\" itemscope=\"\" itemtype=\"http:\/\/schema.org\/Person\"><meta itemprop=\"name\" content=\"Pascal Baltzer und Matthias Dietzel\"><\/div><script type=\"application\/ld+json\">{\"@context\": \"http:\/\/schema.org\",\"@type\": \"Event\",\n\t\t\t\t\"@id\": \"event_18792_0\",\n\t\t\t\t\"eventAttendanceMode\":\"https:\/\/schema.org\/OnlineEventAttendanceMode\",\n\t\t\t\t\"eventStatus\":\"https:\/\/schema.org\/EventScheduled\",\n\t\t\t\t\"name\": \"Breast MRI: Advanced Course with Pascal Baltzer\u2013 Structured Reporting, Clinical Management, and Intensive Case Training\",\n\t\t\t\t\"url\": \"https:\/\/sgr-ssr.ch\/fr\/events\/breast-mri-advanced-course-with-pascal-baltzer-structured-reporting-clinical-management-and-intensive-case-training\/\",\n\t\t\t\t\"startDate\": \"2026-6-27\",\n\t\t\t\t\"endDate\": \"2026-7-27\",\n\t\t\t\t\"image\":\"\", \n\t\t\t\t\"description\":\"<p>Beschreibung: Concept<\/p> <p>1 This is the second part of our course series on breast MRI. Basic knowledge in breast MRI is required. Our tipp: Book the combo of the basic and advanced course and you receive both a complete training in the fundamentals of breast MRI and a 20% bundle discount.<\/p> <p>2 Supporting unique learning success driven by real-time exchange with your tutors and peers.<\/p> <p>3 Impulse lectures: ALL relevant technical, clinical and practical basics to perform and to read breast MRI.<\/p> <p>4 Interactive case discussions: The heart of all our courses. Supported by online polls you will first interpret each case on your own. Then we will discuss each case in the group. None of your question will left unanswered. Promised!<\/p> <p>5 E-learning resources: Alongside with the course we provide you extensive e-learning resources.<\/p> <p>&nbsp;<\/p> <p>Objectives<\/p> <p>1 Structured reporting: BI-RADS (short recap, details \u201eMRI of the breast: Basic Course\u201c )<\/p> <p>2 Evidence based diagnosis: Kaiser-Score (short recap, details \u201eMRI of the breast: Basic Course\u201c )<\/p> <p>3 What\u00b4s next? Clinical management of breast MRI findings<\/p> <p>4 When? Breast MRI indications and specific clinical settings<\/p> <p>5 Confident diagnosis! Comprehensive hands-on training<\/p> <p><a href='mailto:office@radiologie-weiterbildung.de'>Kontakt<\/a><\/p> <p><a href='https:\/\/school-of-radiology.com\/courses\/mri-of-the-breast-advanced-course\/' target='_blank' rel='noopener noreferrer'>Anmeldung<\/a><\/p> \",\"organizer\":[{\"@type\":\"Organization\",\"name\":\"Pascal Baltzer und Matthias Dietzel\"}]}<\/script><\/div>\r\n\t\t\t\t<p class=\"desc_trig_outter\" style=\"\"><a data-gmap_status=\"null\" data-exlk=\"0\" style=\"background-color: #4bb5d8;\" id=\"evc_178251120018792\" href=\"#\" class=\"desc_trig mul_val evcal_list_a allday\" data-ux_val=\"1\" data-ux_val_mob=\"-\"  ><span class='evoet_c2 evoet_cx '><span class='evoet_dayblock evcal_cblock ' data-bgcolor='#4bb5d8' data-smon='Juni' data-syr='2026' data-bub=''><span class='evo_start  evofxdrc'><em class='day'>Sa<\/em><em class='date'>27<\/em><em class='month'>Jun<\/em><em class='time'>ganztags<\/em><\/span><span class='evo_end  evofxdrc'><em class='day'>Mo<\/em><em class='date'>27<\/em><em class='month'>Jul<\/em><\/span><\/span><\/span><span class='evoet_c3 evoet_cx evcal_desc hide_eventtopdata '><span class='evoet_title evcal_desc2 evcal_event_title ' itemprop='name'>Breast MRI: Advanced Course with Pascal Baltzer\u2013 Structured Reporting, Clinical Management, and Intensive Case Training<\/span><\/span><span class='evoet_data' data-d=\"{&quot;loc.n&quot;:&quot;&quot;,&quot;orgs&quot;:{&quot;301&quot;:&quot;Pascal Baltzer und Matthias Dietzel&quot;},&quot;tags&quot;:{&quot;vir&quot;:&quot;Virtual Event&quot;}}\" data-bgc=\"#4bb5d8\" data-bggrad=\"\" ><\/span><\/a><\/p><div class='event_description evcal_eventcard ' style=\"display:none\"><div class='evocard_row'><div id='event_eventdetails' class='evocard_box eventdetails' data-c='' \n\t\t\t\t\tstyle=''><div class=\"evo_metarow_details evorow evcal_evdata_row evcal_event_details\">\n    <div class=\"event_excerpt\" style=\"display:none\"><h3 class=\"padb5 evo_h3\">Veranstaltungsdetails<\/h3><p>Beschreibung: Concept\n1 This is the second part of our course series on breast MRI. Basic knowledge in breast MRI is required. Our tipp: Book the combo of the basic and<\/p><\/div><span class='evcal_evdata_icons'><i class='fa fa-align-justify'><\/i><\/span>    <div class=\"evcal_evdata_cell shorter_desc\">\n        <div class=\"eventon_full_description\">\n            <h3 class=\"padb5 evo_h3\"><span class='evcal_evdata_icons'><i class='fa fa-align-justify'><\/i><\/span>Veranstaltungsdetails<\/h3>\n            <div class=\"eventon_desc_in\" itemprop=\"description\">\n                <p>Beschreibung: Concept<\/p>\n<p>1 This is the second part of our course series on breast MRI. Basic knowledge in breast MRI is required. Our tipp: Book the combo of the basic and advanced course and you receive both a complete training in the fundamentals of breast MRI and a 20% bundle discount.<\/p>\n<p>2 Supporting unique learning success driven by real-time exchange with your tutors and peers.<\/p>\n<p>3 Impulse lectures: ALL relevant technical, clinical and practical basics to perform and to read breast MRI.<\/p>\n<p>4 Interactive case discussions: The heart of all our courses. Supported by online polls you will first interpret each case on your own. Then we will discuss each case in the group. None of your question will left unanswered. Promised!<\/p>\n<p>5 E-learning resources: Alongside with the course we provide you extensive e-learning resources.<\/p>\n<p>&nbsp;<\/p>\n<p>Objectives<\/p>\n<p>1 Structured reporting: BI-RADS (short recap, details \u201eMRI of the breast: Basic Course\u201c )<\/p>\n<p>2 Evidence based diagnosis: Kaiser-Score (short recap, details \u201eMRI of the breast: Basic Course\u201c )<\/p>\n<p>3 What\u00b4s next? Clinical management of breast MRI findings<\/p>\n<p>4 When? Breast MRI indications and specific clinical settings<\/p>\n<p>5 Confident diagnosis! Comprehensive hands-on training<\/p>\n<p><a href=\"mailto:office@radiologie-weiterbildung.de\">Kontakt<\/a><\/p>\n<p><a href=\"https:\/\/school-of-radiology.com\/courses\/mri-of-the-breast-advanced-course\/\" target=\"_blank\" rel=\"noopener noreferrer\">Anmeldung<\/a><\/p>\n            <\/div>\n            <p class='eventon_shad_p' style='padding:5px 0 0; margin:0'><button class='evcal_btn evo_btn_secondary evobtn_details_show_more' content='less'><span class='ev_more_text' data-txt='weniger'>mehr<\/span><span class='ev_more_arrow ard'><\/span><\/button><\/p><div class='clear'><\/div>        <\/div>\n    <\/div>\n<\/div><\/div><\/div><!-- row close --><div class='evocard_row'><div id='event_time' class='evocard_box time' data-c='' \n\t\t\t\t\tstyle=''><div class='evo_metarow_time evorow evcal_evdata_row evcal_evrow_sm '>\n\t\t<span class='evcal_evdata_icons'><i class='fa fa-clock-o'><\/i><\/span>\n\t\t<div class='evcal_evdata_cell'>\t\t\t\t\t\t\t\n\t\t\t<h3 class='evo_h3'><span class='evcal_evdata_icons'><i class='fa fa-clock-o'><\/i><\/span>Zeit<\/h3><div><span class='evo_eventcard_time_t evogap5 evofxww'><span class='start'>27 Juni 2026<\/span> - <span class='end'>27 Juli 2026<\/span> (ganztags)<\/span><span class='evo_tz marr5'>(GMT+02:00)<\/span><\/div>\n\t\t<\/div>\n\t<\/div><\/div><\/div><!-- row close --><div class='evocard_row'><div id='event_organizer' class='evocard_box organizer' data-c='' \n\t\t\t\t\tstyle=''><div class='evo_metarow_organizer evorow evcal_evdata_row evcal_evrow_sm '>\n\t\t<span class='evcal_evdata_icons'><i class='fa fa-headphones'><\/i><\/span>\n\t\t<div class='evcal_evdata_cell'>\t\t\t\t\t\t\t\n\t\t\t<h3 class='evo_h3'>Veranstalter<\/h3><div class='evo_evdata_cell_content evodfx evofx_ww evofx_dr_r evogap15'><div class='evo_card_organizer evofx_1'><h4 class='evo_org_name evo_h4 marb5 evottui evocl1i evopadb10i'><span class='evo_card_organizer_name_t marb5'><a  href='https:\/\/sgr-ssr.ch\/fr\/event-organizer\/pascal-baltzer-und-matthias-dietzel\/' class='evocl1i'>Pascal Baltzer und Matthias Dietzel<\/a><\/span><\/h4><p class='evo_card_organizer_more evomart10i'><a class='evolb_trigger evo_btn_arr mart10' data-lbvals=\"{&quot;lbc&quot;:&quot;evo_organizer_lb&quot;,&quot;lbac&quot;:&quot;lb_max&quot;,&quot;preload_temp_key&quot;:&quot;preload_taxlb&quot;,&quot;t&quot;:&quot;Pascal Baltzer und Matthias Dietzel&quot;,&quot;ajax&quot;:&quot;yes&quot;,&quot;ajax_type&quot;:&quot;endpoint&quot;,&quot;ajax_action&quot;:&quot;eventon_get_tax_card_content&quot;,&quot;end&quot;:&quot;client&quot;,&quot;d&quot;:{&quot;eventid&quot;:18792,&quot;ri&quot;:0,&quot;term_id&quot;:301,&quot;tax&quot;:&quot;event_organizer&quot;,&quot;load_lbcontent&quot;:true}}\" >Learn More<i class='fa fa-chevron-right'><\/i><\/a><\/p><\/div><!-- evo_card_organizer--><\/div><\/div>\t<\/div><\/div><\/div><!-- row close --><div class='evocard_row bx2 bx'><div id='event_learnmore' class='evocard_box learnmore' data-c='' \n\t\t\t\t\tstyle=''><div class='evo_metarow_learnM evo_metarow_learnmore evorow'>\n\t\t\t\t\t\t\t<a class='evcal_evdata_row evo_clik_row ' href='https:\/\/school-of-radiology.com\/courses\/mri-of-the-breast-advanced-course\/' target=\"_blank\">\n\t\t\t\t\t\t\t\t<span class='evcal_evdata_icons'><i class='fa fa-link'><\/i><\/span>\n\t\t\t\t\t\t\t\t<h3 class='evo_h3'>Mehr Infos \/ Anmeldung<\/h3>\n\t\t\t\t\t\t\t<\/a>\n\t\t\t\t\t\t\t<\/div><\/div><div id='event_addtocal' class='evocard_box addtocal' data-c='' \n\t\t\t\t\tstyle=''><div class='evo_metarow_ICS evorow evcal_evdata_row'>\n\t\t\t<span class='evcal_evdata_icons'><i class='fa fa-calendar-o'><\/i><\/span>\n\t\t\t<div class='evcal_evdata_cell'>\n\t\t\t\t<p><a href='https:\/\/sgr-ssr.ch\/fr\/export-events\/18792_0\/?key=cd75fe199f' rel='nofollow' class='evo_ics_nCal' title='Add to your calendar'>Calendar<\/a><a href='https:\/\/www.google.com\/calendar\/event?action=TEMPLATE&text=Breast%20MRI%3A%20Advanced%20Course%20with%20Pascal%20Baltzer%E2%80%93%20Structured%20Reporting%2C%20Clinical%20Management%2C%20and%20Intensive%20Case%20Training&dates=20260626T220000Z\/20260727T215959Z&ctz=Europe%2FVienna&details=Breast%20MRI%3A%20Advanced%20Course%20with%20Pascal%20Baltzer%E2%80%93%20Structured%20Reporting%2C%20Clinical%20Management%2C%20and%20Intensive%20Case%20Training&location=' target='_blank' rel='nofollow' class='evo_ics_gCal' title='Add to google calendar'>GoogleCal<\/a><\/p>\t\n\t\t\t<\/div>\n\t\t<\/div><\/div><\/div><!-- row close --><button class='evo_card_row_end evcal_close' title='Close'><\/button><\/div><div class='clear end'><\/div><\/div><\/div><div class='evcal_month_line' data-d='eml_7_2026' data-su='1782856800'><p>Juli<\/p><\/div><div class='sep_month_events ' data-d='eml_7_2026' data-range='1782856800_1785535199'><div id=\"event_18957_0\" class=\"eventon_list_event evo_eventtop scheduled  event clrW event_18957_0\" data-event_id=\"18957\" data-ri=\"0r\" data-time=\"1769900400-1801436399\" data-colr=\"#4bb5d8\" itemscope itemtype='http:\/\/schema.org\/Event'><div class=\"evo_event_schema\" style=\"display:none\" ><a itemprop='url'  href='https:\/\/sgr-ssr.ch\/fr\/events\/cas-in-artificial-intelligence-in-medical-imaging-der-universitaet-bern\/'><\/a><meta itemprop='image'  \/><meta itemprop='startDate' content=\"2026-2-1\" \/><meta itemprop='endDate' content=\"2027-1-31\" \/><meta itemprop='eventStatus' content=\"https:\/\/schema.org\/EventScheduled\" \/><meta itemprop='eventAttendanceMode'   itemscope itemtype=\"https:\/\/schema.org\/OfflineEventAttendanceMode\"\/><script type=\"application\/ld+json\">{\"@context\": \"http:\/\/schema.org\",\"@type\": \"Event\",\n\t\t\t\t\"@id\": \"event_18957_0\",\n\t\t\t\t\"eventAttendanceMode\":\"https:\/\/schema.org\/OfflineEventAttendanceMode\",\n\t\t\t\t\"eventStatus\":\"https:\/\/schema.org\/EventScheduled\",\n\t\t\t\t\"name\": \"CAS in Artificial Intelligence in Medical Imaging der Universit\u00e4t Bern\",\n\t\t\t\t\"url\": \"https:\/\/sgr-ssr.ch\/fr\/events\/cas-in-artificial-intelligence-in-medical-imaging-der-universitaet-bern\/\",\n\t\t\t\t\"startDate\": \"2026-2-1\",\n\t\t\t\t\"endDate\": \"2027-1-31\",\n\t\t\t\t\"image\":\"\", \n\t\t\t\t\"description\":\"<p>Der CAS AIMI ist ein einj\u00e4hriges, berufsbegleitendes Programm f\u00fcr Fachpersonen aus unterschiedlichen Dom\u00e4nen der medizinischen Bildgebung. Teilnehmende werden dazu bef\u00e4higt, die Entwicklung, Anwendung und Evaluation von KI-Algorithmen in ihrem Klinikalltag zu begleiten. Das fundierte Wissen wird durch unsere Fakult\u00e4t bestehend aus Experten der Akademie, Klinik und Industrie vermittelt. Ein individuelles KI-Projekt erlaubt es, die erworbenen Kenntnisse direkt auf praxisnahe Fragestellungen zu \u00fcbertragen.<\/p> <p>Das Programm wird in englischer Sprache unterrichtet und deckt unter anderem folgende Themen ab:<\/p> <ul> <li>Entwicklung &amp; Validierung von KI<\/li> <li>KI-Applikationen im klinischen Alltag<\/li> <li>Umgang mit K\u00fcnstlicher Intelligenz<\/li> <li>Rechtliche und ethische Herausforderungen<\/li> <\/ul> <p>Die n\u00e4chste Durchf\u00fchrung des CAS AIMI ist f\u00fcr Februar 2026 vorgesehen. Die Anmeldefrist l\u00e4uft noch bis zum 15. Dezember 2025.<\/p> <p><a href='https:\/\/sgr-ssr.ch\/wp-content\/uploads\/2025\/11\/CAS-AIMI-Program-One-Pager.pdf' target='_blank' rel='noopener noreferrer'>Flyer<\/a><\/p> <p><a href='https:\/\/www.unibe.ch\/continuing_education_programs\/cas_in_artificial_intelligence_in_medical_imaging\/index_eng.html' target='_blank' rel='noopener noreferrer'>Webseite<\/a><\/p> <p><a href='mailto:school.sitem@unibe.ch'>Kontakt<\/a><\/p> \"}<\/script><\/div>\r\n\t\t\t\t<p class=\"desc_trig_outter\" style=\"\"><a data-gmap_status=\"null\" data-exlk=\"0\" style=\"background-color: #4bb5d8;\" id=\"evc_176990040018957\" href=\"#\" class=\"desc_trig mul_val evcal_list_a allday\" data-ux_val=\"1\" data-ux_val_mob=\"-\"  ><span class='evoet_c2 evoet_cx '><span class='evoet_dayblock evcal_cblock ' data-bgcolor='#4bb5d8' data-smon='Februar' data-syr='2026' data-bub=''><span class='evo_start  evofxdrc'><em class='day'>So<\/em><em class='date'>01<\/em><em class='month'>Feb<\/em><em class='time'>ganztags<\/em><\/span><span class='evo_end  evofxdrc'><em class='day'>So<\/em><em class='date'>31<\/em><em class='month'>Jan<\/em><\/span><\/span><\/span><span class='evoet_c3 evoet_cx evcal_desc hide_eventtopdata '><span class='evoet_title evcal_desc2 evcal_event_title ' itemprop='name'>CAS in Artificial Intelligence in Medical Imaging der Universit\u00e4t Bern<\/span><\/span><span class='evoet_data' data-d=\"{&quot;loc.n&quot;:&quot;&quot;,&quot;orgs&quot;:[],&quot;tags&quot;:[]}\" data-bgc=\"#4bb5d8\" data-bggrad=\"\" ><\/span><\/a><\/p><div class='event_description evcal_eventcard ' style=\"display:none\"><div class='evocard_row'><div id='event_eventdetails' class='evocard_box eventdetails' data-c='' \n\t\t\t\t\tstyle=''><div class=\"evo_metarow_details evorow evcal_evdata_row evcal_event_details\">\n    <div class=\"event_excerpt\" style=\"display:none\"><h3 class=\"padb5 evo_h3\">Veranstaltungsdetails<\/h3><p>Der CAS AIMI ist ein einj\u00e4hriges, berufsbegleitendes Programm f\u00fcr Fachpersonen aus unterschiedlichen Dom\u00e4nen der medizinischen Bildgebung. Teilnehmende werden dazu bef\u00e4higt, die Entwicklung, Anwendung und Evaluation von KI-Algorithmen in ihrem Klinikalltag<\/p><\/div><span class='evcal_evdata_icons'><i class='fa fa-align-justify'><\/i><\/span>    <div class=\"evcal_evdata_cell shorter_desc\">\n        <div class=\"eventon_full_description\">\n            <h3 class=\"padb5 evo_h3\"><span class='evcal_evdata_icons'><i class='fa fa-align-justify'><\/i><\/span>Veranstaltungsdetails<\/h3>\n            <div class=\"eventon_desc_in\" itemprop=\"description\">\n                <p>Der CAS AIMI ist ein einj\u00e4hriges, berufsbegleitendes Programm f\u00fcr Fachpersonen aus unterschiedlichen Dom\u00e4nen der medizinischen Bildgebung. Teilnehmende werden dazu bef\u00e4higt, die Entwicklung, Anwendung und Evaluation von KI-Algorithmen in ihrem Klinikalltag zu begleiten. Das fundierte Wissen wird durch unsere Fakult\u00e4t bestehend aus Experten der Akademie, Klinik und Industrie vermittelt. Ein individuelles KI-Projekt erlaubt es, die erworbenen Kenntnisse direkt auf praxisnahe Fragestellungen zu \u00fcbertragen.<\/p>\n<p>Das Programm wird in englischer Sprache unterrichtet und deckt unter anderem folgende Themen ab:<\/p>\n<ul>\n<li>Entwicklung &amp; Validierung von KI<\/li>\n<li>KI-Applikationen im klinischen Alltag<\/li>\n<li>Umgang mit K\u00fcnstlicher Intelligenz<\/li>\n<li>Rechtliche und ethische Herausforderungen<\/li>\n<\/ul>\n<p>Die n\u00e4chste Durchf\u00fchrung des CAS AIMI ist f\u00fcr Februar 2026 vorgesehen. Die Anmeldefrist l\u00e4uft noch bis zum 15. Dezember 2025.<\/p>\n<p><a href=\"https:\/\/sgr-ssr.ch\/wp-content\/uploads\/2025\/11\/CAS-AIMI-Program-One-Pager.pdf\" target=\"_blank\" rel=\"noopener noreferrer\">Flyer<\/a><\/p>\n<p><a href=\"https:\/\/www.unibe.ch\/continuing_education_programs\/cas_in_artificial_intelligence_in_medical_imaging\/index_eng.html\" target=\"_blank\" rel=\"noopener noreferrer\">Webseite<\/a><\/p>\n<p><a href=\"mailto:school.sitem@unibe.ch\">Kontakt<\/a><\/p>\n            <\/div>\n            <p class='eventon_shad_p' style='padding:5px 0 0; margin:0'><button class='evcal_btn evo_btn_secondary evobtn_details_show_more' content='less'><span class='ev_more_text' data-txt='weniger'>mehr<\/span><span class='ev_more_arrow ard'><\/span><\/button><\/p><div class='clear'><\/div>        <\/div>\n    <\/div>\n<\/div><\/div><\/div><!-- row close --><div class='evocard_row'><div id='event_time' class='evocard_box time' data-c='' \n\t\t\t\t\tstyle=''><div class='evo_metarow_time evorow evcal_evdata_row evcal_evrow_sm '>\n\t\t<span class='evcal_evdata_icons'><i class='fa fa-clock-o'><\/i><\/span>\n\t\t<div class='evcal_evdata_cell'>\t\t\t\t\t\t\t\n\t\t\t<h3 class='evo_h3'><span class='evcal_evdata_icons'><i class='fa fa-clock-o'><\/i><\/span>Zeit<\/h3><div><span class='evo_eventcard_time_t evogap5 evofxww'><span class='start'>1 Februar 2026<\/span> - <span class='end'>31 Januar 2027<\/span> (ganztags)<\/span><span class='evo_tz marr5'>(GMT+01:00)<\/span><\/div>\n\t\t<\/div>\n\t<\/div><\/div><\/div><!-- row close --><div class='evocard_row bx2 bx'><div id='event_learnmore' class='evocard_box learnmore' data-c='' \n\t\t\t\t\tstyle=''><div class='evo_metarow_learnM evo_metarow_learnmore evorow'>\n\t\t\t\t\t\t\t<a class='evcal_evdata_row evo_clik_row ' href='https:\/\/www.unibe.ch\/continuing_education_programs\/cas_in_artificial_intelligence_in_medical_imaging\/index_eng.html' target=\"_blank\">\n\t\t\t\t\t\t\t\t<span class='evcal_evdata_icons'><i class='fa fa-link'><\/i><\/span>\n\t\t\t\t\t\t\t\t<h3 class='evo_h3'>Mehr Infos \/ Anmeldung<\/h3>\n\t\t\t\t\t\t\t<\/a>\n\t\t\t\t\t\t\t<\/div><\/div><div id='event_addtocal' class='evocard_box addtocal' data-c='' \n\t\t\t\t\tstyle=''><div class='evo_metarow_ICS evorow evcal_evdata_row'>\n\t\t\t<span class='evcal_evdata_icons'><i class='fa fa-calendar-o'><\/i><\/span>\n\t\t\t<div class='evcal_evdata_cell'>\n\t\t\t\t<p><a href='https:\/\/sgr-ssr.ch\/fr\/export-events\/18957_0\/?key=cd75fe199f' rel='nofollow' class='evo_ics_nCal' title='Add to your calendar'>Calendar<\/a><a href='https:\/\/www.google.com\/calendar\/event?action=TEMPLATE&text=CAS%20in%20Artificial%20Intelligence%20in%20Medical%20Imaging%20der%20Universit%C3%A4t%20Bern&dates=20260131T230000Z\/20270131T225959Z&ctz=Europe%2FVienna&details=CAS%20in%20Artificial%20Intelligence%20in%20Medical%20Imaging%20der%20Universit%C3%A4t%20Bern&location=' target='_blank' rel='nofollow' class='evo_ics_gCal' title='Add to google calendar'>GoogleCal<\/a><\/p>\t\n\t\t\t<\/div>\n\t\t<\/div><\/div><\/div><!-- row close --><button class='evo_card_row_end evcal_close' title='Close'><\/button><\/div><div class='clear end'><\/div><\/div><div id=\"event_18792_0\" class=\"eventon_list_event evo_eventtop scheduled  event clrW event_18792_0\" data-event_id=\"18792\" data-ri=\"0r\" data-time=\"1782511200-1785189599\" data-colr=\"#4bb5d8\" itemscope itemtype='http:\/\/schema.org\/Event'><div class=\"evo_event_schema\" style=\"display:none\" ><a itemprop='url'  href='https:\/\/sgr-ssr.ch\/fr\/events\/breast-mri-advanced-course-with-pascal-baltzer-structured-reporting-clinical-management-and-intensive-case-training\/'><\/a><meta itemprop='image'  \/><meta itemprop='startDate' content=\"2026-6-27\" \/><meta itemprop='endDate' content=\"2026-7-27\" \/><meta itemprop='eventStatus' content=\"https:\/\/schema.org\/EventScheduled\" \/><meta itemprop='eventAttendanceMode'   itemscope itemtype=\"https:\/\/schema.org\/OnlineEventAttendanceMode\"\/><div itemprop=\"organizer\" itemscope=\"\" itemtype=\"http:\/\/schema.org\/Organization\"><meta itemprop=\"name\" content=\"Pascal Baltzer und Matthias Dietzel\">\n\t\t\t\t    \t<\/div><div itemprop=\"performer\" itemscope=\"\" itemtype=\"http:\/\/schema.org\/Person\"><meta itemprop=\"name\" content=\"Pascal Baltzer und Matthias Dietzel\"><\/div><script type=\"application\/ld+json\">{\"@context\": \"http:\/\/schema.org\",\"@type\": \"Event\",\n\t\t\t\t\"@id\": \"event_18792_0\",\n\t\t\t\t\"eventAttendanceMode\":\"https:\/\/schema.org\/OnlineEventAttendanceMode\",\n\t\t\t\t\"eventStatus\":\"https:\/\/schema.org\/EventScheduled\",\n\t\t\t\t\"name\": \"Breast MRI: Advanced Course with Pascal Baltzer\u2013 Structured Reporting, Clinical Management, and Intensive Case Training\",\n\t\t\t\t\"url\": \"https:\/\/sgr-ssr.ch\/fr\/events\/breast-mri-advanced-course-with-pascal-baltzer-structured-reporting-clinical-management-and-intensive-case-training\/\",\n\t\t\t\t\"startDate\": \"2026-6-27\",\n\t\t\t\t\"endDate\": \"2026-7-27\",\n\t\t\t\t\"image\":\"\", \n\t\t\t\t\"description\":\"<p>Beschreibung: Concept<\/p> <p>1 This is the second part of our course series on breast MRI. Basic knowledge in breast MRI is required. Our tipp: Book the combo of the basic and advanced course and you receive both a complete training in the fundamentals of breast MRI and a 20% bundle discount.<\/p> <p>2 Supporting unique learning success driven by real-time exchange with your tutors and peers.<\/p> <p>3 Impulse lectures: ALL relevant technical, clinical and practical basics to perform and to read breast MRI.<\/p> <p>4 Interactive case discussions: The heart of all our courses. Supported by online polls you will first interpret each case on your own. Then we will discuss each case in the group. None of your question will left unanswered. Promised!<\/p> <p>5 E-learning resources: Alongside with the course we provide you extensive e-learning resources.<\/p> <p>&nbsp;<\/p> <p>Objectives<\/p> <p>1 Structured reporting: BI-RADS (short recap, details \u201eMRI of the breast: Basic Course\u201c )<\/p> <p>2 Evidence based diagnosis: Kaiser-Score (short recap, details \u201eMRI of the breast: Basic Course\u201c )<\/p> <p>3 What\u00b4s next? Clinical management of breast MRI findings<\/p> <p>4 When? Breast MRI indications and specific clinical settings<\/p> <p>5 Confident diagnosis! Comprehensive hands-on training<\/p> <p><a href='mailto:office@radiologie-weiterbildung.de'>Kontakt<\/a><\/p> <p><a href='https:\/\/school-of-radiology.com\/courses\/mri-of-the-breast-advanced-course\/' target='_blank' rel='noopener noreferrer'>Anmeldung<\/a><\/p> \",\"organizer\":[{\"@type\":\"Organization\",\"name\":\"Pascal Baltzer und Matthias Dietzel\"}]}<\/script><\/div>\r\n\t\t\t\t<p class=\"desc_trig_outter\" style=\"\"><a data-gmap_status=\"null\" data-exlk=\"0\" style=\"background-color: #4bb5d8;\" id=\"evc_178251120018792\" href=\"#\" class=\"desc_trig mul_val evcal_list_a allday\" data-ux_val=\"1\" data-ux_val_mob=\"-\"  ><span class='evoet_c2 evoet_cx '><span class='evoet_dayblock evcal_cblock ' data-bgcolor='#4bb5d8' data-smon='Juni' data-syr='2026' data-bub=''><span class='evo_start  evofxdrc'><em class='day'>Sa<\/em><em class='date'>27<\/em><em class='month'>Jun<\/em><em class='time'>ganztags<\/em><\/span><span class='evo_end  evofxdrc'><em class='day'>Mo<\/em><em class='date'>27<\/em><em class='month'>Jul<\/em><\/span><\/span><\/span><span class='evoet_c3 evoet_cx evcal_desc hide_eventtopdata '><span class='evoet_title evcal_desc2 evcal_event_title ' itemprop='name'>Breast MRI: Advanced Course with Pascal Baltzer\u2013 Structured Reporting, Clinical Management, and Intensive Case Training<\/span><\/span><span class='evoet_data' data-d=\"{&quot;loc.n&quot;:&quot;&quot;,&quot;orgs&quot;:{&quot;301&quot;:&quot;Pascal Baltzer und Matthias Dietzel&quot;},&quot;tags&quot;:{&quot;vir&quot;:&quot;Virtual Event&quot;}}\" data-bgc=\"#4bb5d8\" data-bggrad=\"\" ><\/span><\/a><\/p><div class='event_description evcal_eventcard ' style=\"display:none\"><div class='evocard_row'><div id='event_eventdetails' class='evocard_box eventdetails' data-c='' \n\t\t\t\t\tstyle=''><div class=\"evo_metarow_details evorow evcal_evdata_row evcal_event_details\">\n    <div class=\"event_excerpt\" style=\"display:none\"><h3 class=\"padb5 evo_h3\">Veranstaltungsdetails<\/h3><p>Beschreibung: Concept\n1 This is the second part of our course series on breast MRI. Basic knowledge in breast MRI is required. Our tipp: Book the combo of the basic and<\/p><\/div><span class='evcal_evdata_icons'><i class='fa fa-align-justify'><\/i><\/span>    <div class=\"evcal_evdata_cell shorter_desc\">\n        <div class=\"eventon_full_description\">\n            <h3 class=\"padb5 evo_h3\"><span class='evcal_evdata_icons'><i class='fa fa-align-justify'><\/i><\/span>Veranstaltungsdetails<\/h3>\n            <div class=\"eventon_desc_in\" itemprop=\"description\">\n                <p>Beschreibung: Concept<\/p>\n<p>1 This is the second part of our course series on breast MRI. Basic knowledge in breast MRI is required. Our tipp: Book the combo of the basic and advanced course and you receive both a complete training in the fundamentals of breast MRI and a 20% bundle discount.<\/p>\n<p>2 Supporting unique learning success driven by real-time exchange with your tutors and peers.<\/p>\n<p>3 Impulse lectures: ALL relevant technical, clinical and practical basics to perform and to read breast MRI.<\/p>\n<p>4 Interactive case discussions: The heart of all our courses. Supported by online polls you will first interpret each case on your own. Then we will discuss each case in the group. None of your question will left unanswered. Promised!<\/p>\n<p>5 E-learning resources: Alongside with the course we provide you extensive e-learning resources.<\/p>\n<p>&nbsp;<\/p>\n<p>Objectives<\/p>\n<p>1 Structured reporting: BI-RADS (short recap, details \u201eMRI of the breast: Basic Course\u201c )<\/p>\n<p>2 Evidence based diagnosis: Kaiser-Score (short recap, details \u201eMRI of the breast: Basic Course\u201c )<\/p>\n<p>3 What\u00b4s next? Clinical management of breast MRI findings<\/p>\n<p>4 When? Breast MRI indications and specific clinical settings<\/p>\n<p>5 Confident diagnosis! Comprehensive hands-on training<\/p>\n<p><a href=\"mailto:office@radiologie-weiterbildung.de\">Kontakt<\/a><\/p>\n<p><a href=\"https:\/\/school-of-radiology.com\/courses\/mri-of-the-breast-advanced-course\/\" target=\"_blank\" rel=\"noopener noreferrer\">Anmeldung<\/a><\/p>\n            <\/div>\n            <p class='eventon_shad_p' style='padding:5px 0 0; margin:0'><button class='evcal_btn evo_btn_secondary evobtn_details_show_more' content='less'><span class='ev_more_text' data-txt='weniger'>mehr<\/span><span class='ev_more_arrow ard'><\/span><\/button><\/p><div class='clear'><\/div>        <\/div>\n    <\/div>\n<\/div><\/div><\/div><!-- row close --><div class='evocard_row'><div id='event_time' class='evocard_box time' data-c='' \n\t\t\t\t\tstyle=''><div class='evo_metarow_time evorow evcal_evdata_row evcal_evrow_sm '>\n\t\t<span class='evcal_evdata_icons'><i class='fa fa-clock-o'><\/i><\/span>\n\t\t<div class='evcal_evdata_cell'>\t\t\t\t\t\t\t\n\t\t\t<h3 class='evo_h3'><span class='evcal_evdata_icons'><i class='fa fa-clock-o'><\/i><\/span>Zeit<\/h3><div><span class='evo_eventcard_time_t evogap5 evofxww'><span class='start'>27 Juni 2026<\/span> - <span class='end'>27 Juli 2026<\/span> (ganztags)<\/span><span class='evo_tz marr5'>(GMT+02:00)<\/span><\/div>\n\t\t<\/div>\n\t<\/div><\/div><\/div><!-- row close --><div class='evocard_row'><div id='event_organizer' class='evocard_box organizer' data-c='' \n\t\t\t\t\tstyle=''><div class='evo_metarow_organizer evorow evcal_evdata_row evcal_evrow_sm '>\n\t\t<span class='evcal_evdata_icons'><i class='fa fa-headphones'><\/i><\/span>\n\t\t<div class='evcal_evdata_cell'>\t\t\t\t\t\t\t\n\t\t\t<h3 class='evo_h3'>Veranstalter<\/h3><div class='evo_evdata_cell_content evodfx evofx_ww evofx_dr_r evogap15'><div class='evo_card_organizer evofx_1'><h4 class='evo_org_name evo_h4 marb5 evottui evocl1i evopadb10i'><span class='evo_card_organizer_name_t marb5'><a  href='https:\/\/sgr-ssr.ch\/fr\/event-organizer\/pascal-baltzer-und-matthias-dietzel\/' class='evocl1i'>Pascal Baltzer und Matthias Dietzel<\/a><\/span><\/h4><p class='evo_card_organizer_more evomart10i'><a class='evolb_trigger evo_btn_arr mart10' data-lbvals=\"{&quot;lbc&quot;:&quot;evo_organizer_lb&quot;,&quot;lbac&quot;:&quot;lb_max&quot;,&quot;preload_temp_key&quot;:&quot;preload_taxlb&quot;,&quot;t&quot;:&quot;Pascal Baltzer und Matthias Dietzel&quot;,&quot;ajax&quot;:&quot;yes&quot;,&quot;ajax_type&quot;:&quot;endpoint&quot;,&quot;ajax_action&quot;:&quot;eventon_get_tax_card_content&quot;,&quot;end&quot;:&quot;client&quot;,&quot;d&quot;:{&quot;eventid&quot;:18792,&quot;ri&quot;:0,&quot;term_id&quot;:301,&quot;tax&quot;:&quot;event_organizer&quot;,&quot;load_lbcontent&quot;:true}}\" >Learn More<i class='fa fa-chevron-right'><\/i><\/a><\/p><\/div><!-- evo_card_organizer--><\/div><\/div>\t<\/div><\/div><\/div><!-- row close --><div class='evocard_row bx2 bx'><div id='event_learnmore' class='evocard_box learnmore' data-c='' \n\t\t\t\t\tstyle=''><div class='evo_metarow_learnM evo_metarow_learnmore evorow'>\n\t\t\t\t\t\t\t<a class='evcal_evdata_row evo_clik_row ' href='https:\/\/school-of-radiology.com\/courses\/mri-of-the-breast-advanced-course\/' target=\"_blank\">\n\t\t\t\t\t\t\t\t<span class='evcal_evdata_icons'><i class='fa fa-link'><\/i><\/span>\n\t\t\t\t\t\t\t\t<h3 class='evo_h3'>Mehr Infos \/ Anmeldung<\/h3>\n\t\t\t\t\t\t\t<\/a>\n\t\t\t\t\t\t\t<\/div><\/div><div id='event_addtocal' class='evocard_box addtocal' data-c='' \n\t\t\t\t\tstyle=''><div class='evo_metarow_ICS evorow evcal_evdata_row'>\n\t\t\t<span class='evcal_evdata_icons'><i class='fa fa-calendar-o'><\/i><\/span>\n\t\t\t<div class='evcal_evdata_cell'>\n\t\t\t\t<p><a href='https:\/\/sgr-ssr.ch\/fr\/export-events\/18792_0\/?key=cd75fe199f' rel='nofollow' class='evo_ics_nCal' title='Add to your calendar'>Calendar<\/a><a href='https:\/\/www.google.com\/calendar\/event?action=TEMPLATE&text=Breast%20MRI%3A%20Advanced%20Course%20with%20Pascal%20Baltzer%E2%80%93%20Structured%20Reporting%2C%20Clinical%20Management%2C%20and%20Intensive%20Case%20Training&dates=20260626T220000Z\/20260727T215959Z&ctz=Europe%2FVienna&details=Breast%20MRI%3A%20Advanced%20Course%20with%20Pascal%20Baltzer%E2%80%93%20Structured%20Reporting%2C%20Clinical%20Management%2C%20and%20Intensive%20Case%20Training&location=' target='_blank' rel='nofollow' class='evo_ics_gCal' title='Add to google calendar'>GoogleCal<\/a><\/p>\t\n\t\t\t<\/div>\n\t\t<\/div><\/div><\/div><!-- row close --><button class='evo_card_row_end evcal_close' title='Close'><\/button><\/div><div class='clear end'><\/div><\/div><div id=\"event_19484_0\" class=\"eventon_list_event evo_eventtop scheduled  event clrD event_19484_0\" data-event_id=\"19484\" data-ri=\"0r\" data-time=\"1782856800-1783115999\" data-colr=\"#004961\" itemscope itemtype='http:\/\/schema.org\/Event'><div class=\"evo_event_schema\" style=\"display:none\" ><a itemprop='url'  href='https:\/\/sgr-ssr.ch\/fr\/events\/blast-level-23-2026\/'><\/a><meta itemprop='image'  \/><meta itemprop='startDate' content=\"2026-7-1\" \/><meta itemprop='endDate' content=\"2026-7-3\" \/><meta itemprop='eventStatus' content=\"https:\/\/schema.org\/EventScheduled\" \/><meta itemprop='eventAttendanceMode'   itemscope itemtype=\"https:\/\/schema.org\/OfflineEventAttendanceMode\"\/><div style=\"display:none\" itemprop=\"location\" itemscope itemtype=\"http:\/\/schema.org\/Place\"><span itemprop=\"name\">Essential by Dorint Hotel<\/span><span itemprop=\"address\" itemscope itemtype=\"http:\/\/schema.org\/PostalAddress\"><item itemprop=\"streetAddress\">Sch\u00f6naustrasse 10<\/item><\/span><\/div><div itemprop=\"organizer\" itemscope=\"\" itemtype=\"http:\/\/schema.org\/Organization\"><meta itemprop=\"name\" content=\"UBS - Universit\u00e4tsspital Basel\">\n\t\t\t\t    \t<\/div><div itemprop=\"performer\" itemscope=\"\" itemtype=\"http:\/\/schema.org\/Person\"><meta itemprop=\"name\" content=\"UBS - Universit\u00e4tsspital Basel\"><\/div><script type=\"application\/ld+json\">{\"@context\": \"http:\/\/schema.org\",\"@type\": \"Event\",\n\t\t\t\t\"@id\": \"event_19484_0\",\n\t\t\t\t\"eventAttendanceMode\":\"https:\/\/schema.org\/OfflineEventAttendanceMode\",\n\t\t\t\t\"eventStatus\":\"https:\/\/schema.org\/EventScheduled\",\n\t\t\t\t\"name\": \"BLAST LEVEL 2&amp;3\",\n\t\t\t\t\"url\": \"https:\/\/sgr-ssr.ch\/fr\/events\/blast-level-23-2026\/\",\n\t\t\t\t\"startDate\": \"2026-7-1\",\n\t\t\t\t\"endDate\": \"2026-7-3\",\n\t\t\t\t\"image\":\"\", \n\t\t\t\t\"description\":\"<p class='p1'>BLAST LEVEL 2<span class='s1'>&amp;3<br \/> <\/span>Basler Angiographisches Seminar und Training<\/p> <p class='p1'><a href='https:\/\/sgr-ssr.ch\/wp-content\/uploads\/2026\/04\/2026-30_BLAST_Level_2_3-Program-a4-Print-1.pdf' target='_blank' rel='noopener noreferrer'>Programm<\/a><br \/> <a href='mailto:Sofie.Psychogios@usb.ch'>Kontakt<\/a><\/p> <p>&nbsp;<\/p> \",\"location\":[{\"@type\":\"Place\",\"name\":\"Essential by Dorint Hotel\",\"address\":{\"@type\": \"PostalAddress\",\"streetAddress\":\"Sch\u00f6naustrasse 10\"}}],\"organizer\":[{\"@type\":\"Organization\",\"name\":\"UBS - Universit\u00e4tsspital Basel\"}]}<\/script><\/div>\r\n\t\t\t\t<p class=\"desc_trig_outter\" style=\"\"><a data-gmtrig=\"1\" data-exlk=\"0\" style=\"background-color: #004961;\" id=\"evc_178285680019484\" href=\"#\" class=\"desc_trig mul_val evcal_list_a allday\" data-ux_val=\"1\" data-ux_val_mob=\"-\"  ><span class='evoet_c2 evoet_cx '><span class='evoet_dayblock evcal_cblock ' data-bgcolor='#004961' data-smon='Juli' data-syr='2026' data-bub=''><span class='evo_start  evofxdrc'><em class='day'>Mi<\/em><em class='date'>01<\/em><em class='month'>Jul<\/em><em class='time'>ganztags<\/em><\/span><span class='evo_end  evofxdrc'><em class='day'>Fr<\/em><em class='date'>03<\/em><\/span><\/span><\/span><span class='evoet_c3 evoet_cx evcal_desc hide_eventtopdata '><span class='evoet_title evcal_desc2 evcal_event_title ' itemprop='name'>BLAST LEVEL 2&3<\/span><span class='event_location_attrs'  data-location_address=\"Sch\u00f6naustrasse 10\" data-location_type=\"address\" data-location_name=\"Essential by Dorint Hotel\" data-location_url=\"https:\/\/sgr-ssr.ch\/fr\/event-location\/essential-by-dorint-hotel\/\" data-location_status=\"true\" data-locid=\"678\"><\/span><span class='evoet_cy evoet_subtitle evo_below_title' ><span class='evcal_event_subtitle ' >20 Credits<\/span><\/span><\/span><span class='evoet_data' data-d=\"{&quot;loc.n&quot;:&quot;Essential by Dorint Hotel&quot;,&quot;orgs&quot;:{&quot;612&quot;:&quot;UBS - Universit\\u00e4tsspital Basel&quot;},&quot;tags&quot;:[]}\" data-bgc=\"#004961\" data-bggrad=\"\" ><\/span><\/a><\/p><div class='event_description evcal_eventcard ' style=\"display:none\"><div class='evocard_row'><div id='event_eventdetails' class='evocard_box eventdetails' data-c='' \n\t\t\t\t\tstyle=''><div class=\"evo_metarow_details evorow evcal_evdata_row evcal_event_details\">\n    <div class=\"event_excerpt\" style=\"display:none\"><h3 class=\"padb5 evo_h3\">Veranstaltungsdetails<\/h3><p>BLAST LEVEL 2&amp;3\nBasler Angiographisches Seminar und Training\nProgramm\nKontakt\n&nbsp;<\/p><\/div><span class='evcal_evdata_icons'><i class='fa fa-align-justify'><\/i><\/span>    <div class=\"evcal_evdata_cell \">\n        <div class=\"eventon_full_description\">\n            <h3 class=\"padb5 evo_h3\"><span class='evcal_evdata_icons'><i class='fa fa-align-justify'><\/i><\/span>Veranstaltungsdetails<\/h3>\n            <div class=\"eventon_desc_in\" itemprop=\"description\">\n                <p class=\"p1\">BLAST LEVEL 2<span class=\"s1\">&amp;3<br \/>\n<\/span>Basler Angiographisches Seminar und Training<\/p>\n<p class=\"p1\"><a href=\"https:\/\/sgr-ssr.ch\/wp-content\/uploads\/2026\/04\/2026-30_BLAST_Level_2_3-Program-a4-Print-1.pdf\" target=\"_blank\" rel=\"noopener noreferrer\">Programm<\/a><br \/>\n<a href=\"mailto:Sofie.Psychogios@usb.ch\">Kontakt<\/a><\/p>\n<p>&nbsp;<\/p>\n            <\/div>\n            <div class='clear'><\/div>        <\/div>\n    <\/div>\n<\/div><\/div><\/div><!-- row close --><div class='evocard_row bx2 bx'><div id='event_time' class='evocard_box time' data-c='' \n\t\t\t\t\tstyle=''><div class='evo_metarow_time evorow evcal_evdata_row evcal_evrow_sm '>\n\t\t<span class='evcal_evdata_icons'><i class='fa fa-clock-o'><\/i><\/span>\n\t\t<div class='evcal_evdata_cell'>\t\t\t\t\t\t\t\n\t\t\t<h3 class='evo_h3'><span class='evcal_evdata_icons'><i class='fa fa-clock-o'><\/i><\/span>Zeit<\/h3><div><span class='evo_eventcard_time_t evogap5 evofxww'><span class=\"start\">1 Juli 2026<\/span>  - <span class=\"end\">3 Juli 2026<\/span> (ganztags)<\/span><span class='evo_tz marr5'>(GMT+02:00)<\/span><\/div>\n\t\t<\/div>\n\t<\/div><\/div><div id='event_location' class='evocard_box location' data-c='' \n\t\t\t\t\tstyle=''><div class='evcal_evdata_row evo_metarow_time_location evorow '>\n\t\t\n\t\t\t<span class='evcal_evdata_icons'><i class='fa fa-map-marker'><\/i><\/span>\n\t\t\t<div class='evcal_evdata_cell' data-loc_tax_id='678'><h3 class='evo_h3 evodfx'><span class='evcal_evdata_icons'><i class='fa fa-map-marker'><\/i><\/span>Ort<\/h3><p class='evo_location_name'>Essential by Dorint Hotel<\/p><p class='evo_location_address evodfxi evogap10'>Sch\u00f6naustrasse 10<\/p><div class='padt10'><span class='evo_btn_arr evolb_trigger' data-lbvals=\"{&quot;lbdata&quot;:{&quot;class&quot;:&quot;evo_location_lb_678&quot;,&quot;additional_class&quot;:&quot;lb_max&quot;,&quot;title&quot;:&quot;Essential by Dorint Hotel&quot;},&quot;adata&quot;:{&quot;a&quot;:&quot;eventon_get_tax_card_content&quot;,&quot;end&quot;:&quot;client&quot;,&quot;data&quot;:{&quot;lang&quot;:&quot;L1&quot;,&quot;term_id&quot;:678,&quot;tax&quot;:&quot;event_location&quot;,&quot;load_lbcontent&quot;:true}},&quot;uid&quot;:&quot;eventon_get_tax_card_content&quot;}\" >Other Events<i class='fa fa-chevron-right' aria-hidden='true'><\/i><\/span><\/div><\/div>\n\t\t\n\t<\/div><\/div><\/div><!-- row close --><div class='evocard_row'><div id='event_organizer' class='evocard_box organizer' data-c='' \n\t\t\t\t\tstyle=''><div class='evo_metarow_organizer evorow evcal_evdata_row evcal_evrow_sm '>\n\t\t<span class='evcal_evdata_icons'><i class='fa fa-headphones'><\/i><\/span>\n\t\t<div class='evcal_evdata_cell'>\t\t\t\t\t\t\t\n\t\t\t<h3 class='evo_h3'>Veranstalter<\/h3><div class='evo_evdata_cell_content evodfx evofx_ww evofx_dr_r evogap15'><div class='evo_card_organizer evofx_1'><h4 class='evo_org_name evo_h4 marb5 evottui evocl1i evopadb10i'><span class='evo_card_organizer_name_t marb5'><a target=\"_blank\" href='https:\/\/sgr-ssr.ch\/fr\/event-organizer\/ubs-universitaetsspital-basel\/' class='evocl1i'>UBS - Universit\u00e4tsspital Basel<\/a><\/span><\/h4><p class='evo_card_organizer_more evomart10i'><a class='evolb_trigger evo_btn_arr mart10' data-lbvals=\"{&quot;lbc&quot;:&quot;evo_organizer_lb&quot;,&quot;lbac&quot;:&quot;lb_max&quot;,&quot;preload_temp_key&quot;:&quot;preload_taxlb&quot;,&quot;t&quot;:&quot;UBS - Universit\\u00e4tsspital Basel&quot;,&quot;ajax&quot;:&quot;yes&quot;,&quot;ajax_type&quot;:&quot;endpoint&quot;,&quot;ajax_action&quot;:&quot;eventon_get_tax_card_content&quot;,&quot;end&quot;:&quot;client&quot;,&quot;d&quot;:{&quot;eventid&quot;:19484,&quot;ri&quot;:0,&quot;term_id&quot;:612,&quot;tax&quot;:&quot;event_organizer&quot;,&quot;load_lbcontent&quot;:true}}\" >Learn More<i class='fa fa-chevron-right'><\/i><\/a><\/p><\/div><!-- evo_card_organizer--><\/div><\/div>\t<\/div><\/div><\/div><!-- row close --><div class='evocard_row bx2 bx'><div id='event_learnmore' class='evocard_box learnmore' data-c='' \n\t\t\t\t\tstyle=''><div class='evo_metarow_learnM evo_metarow_learnmore evorow'>\n\t\t\t\t\t\t\t<a class='evcal_evdata_row evo_clik_row ' href='https:\/\/www.unispital-basel.ch\/newscenter\/kliniknews\/radiologie-news\/07-07-2029' target=\"_blank\">\n\t\t\t\t\t\t\t\t<span class='evcal_evdata_icons'><i class='fa fa-link'><\/i><\/span>\n\t\t\t\t\t\t\t\t<h3 class='evo_h3'>Mehr Infos \/ Anmeldung<\/h3>\n\t\t\t\t\t\t\t<\/a>\n\t\t\t\t\t\t\t<\/div><\/div><div id='event_addtocal' class='evocard_box addtocal' data-c='' \n\t\t\t\t\tstyle=''><div class='evo_metarow_ICS evorow evcal_evdata_row'>\n\t\t\t<span class='evcal_evdata_icons'><i class='fa fa-calendar-o'><\/i><\/span>\n\t\t\t<div class='evcal_evdata_cell'>\n\t\t\t\t<p><a href='https:\/\/sgr-ssr.ch\/fr\/export-events\/19484_0\/?key=cd75fe199f' rel='nofollow' class='evo_ics_nCal' title='Add to your calendar'>Calendar<\/a><a href='https:\/\/www.google.com\/calendar\/event?action=TEMPLATE&text=BLAST%20LEVEL%202%263&dates=20260630T220000Z\/20260703T215959Z&ctz=Europe%2FVienna&details=BLAST%20LEVEL%202%263&location=Essential%20by%20Dorint%20Hotel%20Sch%C3%B6naustrasse%2010' target='_blank' rel='nofollow' class='evo_ics_gCal' title='Add to google calendar'>GoogleCal<\/a><\/p>\t\n\t\t\t<\/div>\n\t\t<\/div><\/div><\/div><!-- row close --><div class='evocard_row'><div id='event_getdirection' class='evocard_box getdirection' data-c='' \n\t\t\t\t\tstyle=''><div class='evo_metarow_getDr evorow evcal_evdata_row evcal_evrow_sm getdirections'>\n\t\t<form action='https:\/\/maps.google.com\/maps' method='get' target='_blank'>\n\t\t\t<input type='hidden' name='daddr' value=\"Sch\u00f6naustrasse 10\"\/> \n\t\t\t<div class='evo_get_direction_content evo_fx_dr_r evogap10'>\n\t\t\t\t<span class='evogetdir_header evodfx evofxdrr evofxaic evogap10'>\n\t\t\t\t\t<i class='mainicon fa fa-road evofz24i'><\/i> \n\t\t\t\t\t<h3 class='evo_h3 evopad0i' style='padding-bottom:5px;'>Get Directions<\/h3>\n\t\t\t\t<\/span>\n\t\t\t\t<span class='evogetdir_field evodfx evofx_1_1 evow100p'>\t\n\t\t\t\t\t<label for='69f31a605a1f1' class='evo_aria_ready sr-only'>Address - BLAST LEVEL 2&amp;3 []<\/label>\t\t\t\t\n\t\t\t\t\t<input id='69f31a605a1f1' class='evo_aria_ready_match evoInput2 evobr10 evow100p evopad10 evoff_2 evofz14i evobrdB1 evoboxbb' type='text' name='saddr' placeholder='Ihre Adresse' value='' style='' aria-label='Address - BLAST LEVEL 2&amp;3 []' \/>\n\t\t\t\t<\/span>\n\t\t\t\t<div class='evodfx evofxdrr evofxaic evogap10'>\n\t\t\t\t\t<i class='fa fa-location-dot'><\/i>\n\t\t\t\t\t<div class='evoposr evofx_1 evoh100p'><label for='69f31a605a1f1' class='evo_aria_ready sr-only'>Destination Address - BLAST LEVEL 2&amp;3 []<\/label>\t\t\n\t\t\t\t\t\t<input id='69f31a605a1f1' class='evo_aria_ready_match evoInput2 evobr10 evow100p evopad5-10 evoff_2 evofz14i evobrdB1 evoop5 evoboxbb evoh100p' type='text' style='' readonly value='Sch\u00f6naustrasse 10' aria-label='Destination Address - BLAST LEVEL 2&amp;3 []'\/><button class='evo_copy_address evobuttonA evocurp evohoop7 evoposa evopad5' style='right: 3px; top: 4px; background-color: #fff;' data-txt='Sch\u00f6naustrasse 10' data-t='Address copied to clipboard!'><i class='far fa-copy evofz16i' title='Copy Destination Address!'><\/i><\/button>\n\t\t\t\t\t<\/div>\n\t\t\t\t\t<button type='submit' class='evo_get_direction_button evcal_btn dfx evofxaic evocurp evohoop7' title='Hier klicken f\u00fcr Wegbeschreibung' style='    padding: 10px 15px !important;'><i class='fa fa-chevron-right'><\/i> <\/button>\n\t\t\t\t<\/div>\n\t\t\t<\/div>\n\t\t<\/form>\n\t<\/div><\/div><\/div><!-- row close --><button class='evo_card_row_end evcal_close' title='Close'><\/button><\/div><div class='clear end'><\/div><\/div><div id=\"event_19713_0\" class=\"eventon_list_event evo_eventtop scheduled  event clrD event_19713_0\" data-event_id=\"19713\" data-ri=\"0r\" data-time=\"1783004400-1783015200\" data-colr=\"#004961\" itemscope itemtype='http:\/\/schema.org\/Event'><div class=\"evo_event_schema\" style=\"display:none\" ><a itemprop='url'  href='https:\/\/sgr-ssr.ch\/fr\/events\/glaukom-und-alzheimer-zwei-seiten-einer-erkrankung\/'><\/a><meta itemprop='image'  \/><meta itemprop='startDate' content=\"2026-7-2T17:00+0:00\" \/><meta itemprop='endDate' content=\"2026-7-2T20:00+0:00\" \/><meta itemprop='eventStatus' content=\"https:\/\/schema.org\/EventScheduled\" \/><meta itemprop='eventAttendanceMode'   itemscope itemtype=\"https:\/\/schema.org\/OfflineEventAttendanceMode\"\/><div style=\"display:none\" itemprop=\"location\" itemscope itemtype=\"http:\/\/schema.org\/Place\"><span itemprop=\"name\">SNRI\/ SCNSI<\/span><span itemprop=\"address\" itemscope itemtype=\"http:\/\/schema.org\/PostalAddress\"><item itemprop=\"streetAddress\">B\u00fcrglistrasse 29<\/item><\/span><\/div><div itemprop=\"organizer\" itemscope=\"\" itemtype=\"http:\/\/schema.org\/Organization\"><meta itemprop=\"name\" content=\"SNRI\/ SCNSI\">\n\t\t\t\t    \t<\/div><div itemprop=\"performer\" itemscope=\"\" itemtype=\"http:\/\/schema.org\/Person\"><meta itemprop=\"name\" content=\"SNRI\/ SCNSI\"><\/div><script type=\"application\/ld+json\">{\"@context\": \"http:\/\/schema.org\",\"@type\": \"Event\",\n\t\t\t\t\"@id\": \"event_19713_0\",\n\t\t\t\t\"eventAttendanceMode\":\"https:\/\/schema.org\/OfflineEventAttendanceMode\",\n\t\t\t\t\"eventStatus\":\"https:\/\/schema.org\/EventScheduled\",\n\t\t\t\t\"name\": \"Glaukom und Alzheimer: Zwei Seiten einer Erkrankung\",\n\t\t\t\t\"url\": \"https:\/\/sgr-ssr.ch\/fr\/events\/glaukom-und-alzheimer-zwei-seiten-einer-erkrankung\/\",\n\t\t\t\t\"startDate\": \"2026-7-2T17:00+0:00\",\n\t\t\t\t\"endDate\": \"2026-7-2T20:00+0:00\",\n\t\t\t\t\"image\":\"\", \n\t\t\t\t\"description\":\"<p>Die Fortbildung \u00abGlaukom und Alzheimer: Zwei Seiten einer Erkrankung\u00bb findet am 2. Juli 2026 um 17:00 Uhr in Z\u00fcrich Enge statt. Nach der Begr\u00fcssung und Einf\u00fchrung pr\u00e4sentiert Prof. Dr. med. H. E. Killer aktuelle Erkenntnisse zu Diagnostik und Therapie sowie die neurologischen Zusammenh\u00e4nge anhand von Fallbeispielen. Im Anschluss folgt eine Fragerunde sowie ein Ap\u00e9ro.<\/p> <p>&nbsp;<\/p> <p class='p1'><a href='https:\/\/sgr-ssr.ch\/wp-content\/uploads\/2026\/04\/2026-035_Antrag-auf-Credits_Radilogoie_Glaukom-und-Alzheimer_02072026.pdf' target='_blank' rel='noopener noreferrer'>Programm<\/a><\/p> <p class='p1'><a href='https:\/\/swissneuroradiology.ch\/de\/agenda\/detail\/glaukom-und-alzheimer-zwei-seiten-einer-erkrankung' target='_blank' rel='noopener noreferrer'>Website<\/a><\/p> <p>&nbsp;<\/p> \",\"location\":[{\"@type\":\"Place\",\"name\":\"SNRI\/ SCNSI\",\"address\":{\"@type\": \"PostalAddress\",\"streetAddress\":\"B\u00fcrglistrasse 29\"}}],\"organizer\":[{\"@type\":\"Organization\",\"name\":\"SNRI\/ SCNSI\"}]}<\/script><\/div>\r\n\t\t\t\t<p class=\"desc_trig_outter\" style=\"\"><a data-gmap_status=\"null\" data-exlk=\"0\" style=\"background-color: #004961;\" id=\"evc_178300440019713\" href=\"#\" class=\"desc_trig sin_val evcal_list_a\" data-ux_val=\"1\" data-ux_val_mob=\"-\"  ><span class='evoet_c2 evoet_cx '><span class='evoet_dayblock evcal_cblock ' data-bgcolor='#004961' data-smon='Juli' data-syr='2026' data-bub=''><span class='evo_start  evofxdrc'><em class='day'>Do<\/em><em class='date'>02<\/em><em class='month'>Jul<\/em><em class='time'>17 h 00 min<\/em><\/span><span class='evo_end only_time evofxdrc'><em class='time'>20 h 00 min<\/em><\/span><\/span><\/span><span class='evoet_c3 evoet_cx evcal_desc hide_eventtopdata '><span class='evoet_title evcal_desc2 evcal_event_title ' itemprop='name'>Glaukom und Alzheimer: Zwei Seiten einer Erkrankung<\/span><span class='event_location_attrs'  data-location_address=\"B\u00fcrglistrasse 29\" data-location_type=\"address\" data-location_name=\"SNRI\/ SCNSI\" data-location_url=\"https:\/\/sgr-ssr.ch\/fr\/event-location\/snri-scnsi\/\" data-location_status=\"true\" data-locid=\"594\"><\/span><span class='evoet_cy evoet_subtitle evo_below_title' ><span class='evcal_event_subtitle ' >2 Credits<\/span><\/span><\/span><span class='evoet_data' data-d=\"{&quot;loc.n&quot;:&quot;SNRI\\\/ SCNSI&quot;,&quot;orgs&quot;:{&quot;596&quot;:&quot;SNRI\\\/ SCNSI&quot;},&quot;tags&quot;:[]}\" data-bgc=\"#004961\" data-bggrad=\"\" ><\/span><\/a><\/p><div class='event_description evcal_eventcard ' style=\"display:none\"><div class='evocard_row'><div id='event_eventdetails' class='evocard_box eventdetails' data-c='' \n\t\t\t\t\tstyle=''><div class=\"evo_metarow_details evorow evcal_evdata_row evcal_event_details\">\n    <div class=\"event_excerpt\" style=\"display:none\"><h3 class=\"padb5 evo_h3\">Veranstaltungsdetails<\/h3><p>Die Fortbildung \u00abGlaukom und Alzheimer: Zwei Seiten einer Erkrankung\u00bb findet am 2. Juli 2026 um 17:00 Uhr in Z\u00fcrich Enge statt. Nach der Begr\u00fcssung und Einf\u00fchrung pr\u00e4sentiert Prof. Dr. med.<\/p><\/div><span class='evcal_evdata_icons'><i class='fa fa-align-justify'><\/i><\/span>    <div class=\"evcal_evdata_cell shorter_desc\">\n        <div class=\"eventon_full_description\">\n            <h3 class=\"padb5 evo_h3\"><span class='evcal_evdata_icons'><i class='fa fa-align-justify'><\/i><\/span>Veranstaltungsdetails<\/h3>\n            <div class=\"eventon_desc_in\" itemprop=\"description\">\n                <p>Die Fortbildung \u00abGlaukom und Alzheimer: Zwei Seiten einer Erkrankung\u00bb findet am 2. Juli 2026 um 17:00 Uhr in Z\u00fcrich Enge statt. Nach der Begr\u00fcssung und Einf\u00fchrung pr\u00e4sentiert Prof. Dr. med. H. E. Killer aktuelle Erkenntnisse zu Diagnostik und Therapie sowie die neurologischen Zusammenh\u00e4nge anhand von Fallbeispielen. Im Anschluss folgt eine Fragerunde sowie ein Ap\u00e9ro.<\/p>\n<p>&nbsp;<\/p>\n<p class=\"p1\"><a href=\"https:\/\/sgr-ssr.ch\/wp-content\/uploads\/2026\/04\/2026-035_Antrag-auf-Credits_Radilogoie_Glaukom-und-Alzheimer_02072026.pdf\" target=\"_blank\" rel=\"noopener noreferrer\">Programm<\/a><\/p>\n<p class=\"p1\"><a href=\"https:\/\/swissneuroradiology.ch\/de\/agenda\/detail\/glaukom-und-alzheimer-zwei-seiten-einer-erkrankung\" target=\"_blank\" rel=\"noopener noreferrer\">Website<\/a><\/p>\n<p>&nbsp;<\/p>\n            <\/div>\n            <p class='eventon_shad_p' style='padding:5px 0 0; margin:0'><button class='evcal_btn evo_btn_secondary evobtn_details_show_more' content='less'><span class='ev_more_text' data-txt='weniger'>mehr<\/span><span class='ev_more_arrow ard'><\/span><\/button><\/p><div class='clear'><\/div>        <\/div>\n    <\/div>\n<\/div><\/div><\/div><!-- row close --><div class='evocard_row bx2 bx'><div id='event_time' class='evocard_box time' data-c='' \n\t\t\t\t\tstyle=''><div class='evo_metarow_time evorow evcal_evdata_row evcal_evrow_sm '>\n\t\t<span class='evcal_evdata_icons'><i class='fa fa-clock-o'><\/i><\/span>\n\t\t<div class='evcal_evdata_cell'>\t\t\t\t\t\t\t\n\t\t\t<h3 class='evo_h3'><span class='evcal_evdata_icons'><i class='fa fa-clock-o'><\/i><\/span>Zeit<\/h3><div><span class='evo_eventcard_time_t evogap5 evofxww'><span class=\"start\">2 Juli 2026<\/span> <span class=\"stime\">17 h 00 min<\/span> - <span class=\"etime\">20 h 00 min<\/span><\/span><span class='evo_tz marr5'>(GMT+02:00)<\/span><\/div>\n\t\t<\/div>\n\t<\/div><\/div><div id='event_location' class='evocard_box location' data-c='' \n\t\t\t\t\tstyle=''><div class='evcal_evdata_row evo_metarow_time_location evorow '>\n\t\t\n\t\t\t<span class='evcal_evdata_icons'><i class='fa fa-map-marker'><\/i><\/span>\n\t\t\t<div class='evcal_evdata_cell' data-loc_tax_id='594'><h3 class='evo_h3 evodfx'><span class='evcal_evdata_icons'><i class='fa fa-map-marker'><\/i><\/span>Ort<\/h3><p class='evo_location_name'>SNRI\/ SCNSI<\/p><p class='evo_location_address evodfxi evogap10'>B\u00fcrglistrasse 29<\/p><div class='padt10'><span class='evo_btn_arr evolb_trigger' data-lbvals=\"{&quot;lbdata&quot;:{&quot;class&quot;:&quot;evo_location_lb_594&quot;,&quot;additional_class&quot;:&quot;lb_max&quot;,&quot;title&quot;:&quot;SNRI\\\/ SCNSI&quot;},&quot;adata&quot;:{&quot;a&quot;:&quot;eventon_get_tax_card_content&quot;,&quot;end&quot;:&quot;client&quot;,&quot;data&quot;:{&quot;lang&quot;:&quot;L1&quot;,&quot;term_id&quot;:594,&quot;tax&quot;:&quot;event_location&quot;,&quot;load_lbcontent&quot;:true}},&quot;uid&quot;:&quot;eventon_get_tax_card_content&quot;}\" >Other Events<i class='fa fa-chevron-right' aria-hidden='true'><\/i><\/span><\/div><\/div>\n\t\t\n\t<\/div><\/div><\/div><!-- row close --><div class='evocard_row'><div id='event_organizer' class='evocard_box organizer' data-c='' \n\t\t\t\t\tstyle=''><div class='evo_metarow_organizer evorow evcal_evdata_row evcal_evrow_sm '>\n\t\t<span class='evcal_evdata_icons'><i class='fa fa-headphones'><\/i><\/span>\n\t\t<div class='evcal_evdata_cell'>\t\t\t\t\t\t\t\n\t\t\t<h3 class='evo_h3'>Veranstalter<\/h3><div class='evo_evdata_cell_content evodfx evofx_ww evofx_dr_r evogap15'><div class='evo_card_organizer evofx_1'><h4 class='evo_org_name evo_h4 marb5 evottui evocl1i evopadb10i'><span class='evo_card_organizer_name_t marb5'><a  href='https:\/\/sgr-ssr.ch\/fr\/event-organizer\/snri-scnsi\/' class='evocl1i'>SNRI\/ SCNSI<\/a><\/span><\/h4><p class='evo_card_organizer_more evomart10i'><a class='evolb_trigger evo_btn_arr mart10' data-lbvals=\"{&quot;lbc&quot;:&quot;evo_organizer_lb&quot;,&quot;lbac&quot;:&quot;lb_max&quot;,&quot;preload_temp_key&quot;:&quot;preload_taxlb&quot;,&quot;t&quot;:&quot;SNRI\\\/ SCNSI&quot;,&quot;ajax&quot;:&quot;yes&quot;,&quot;ajax_type&quot;:&quot;endpoint&quot;,&quot;ajax_action&quot;:&quot;eventon_get_tax_card_content&quot;,&quot;end&quot;:&quot;client&quot;,&quot;d&quot;:{&quot;eventid&quot;:19713,&quot;ri&quot;:0,&quot;term_id&quot;:596,&quot;tax&quot;:&quot;event_organizer&quot;,&quot;load_lbcontent&quot;:true}}\" >Learn More<i class='fa fa-chevron-right'><\/i><\/a><\/p><\/div><!-- evo_card_organizer--><\/div><\/div>\t<\/div><\/div><\/div><!-- row close --><div class='evocard_row bx2 bx'><div id='event_learnmore' class='evocard_box learnmore' data-c='' \n\t\t\t\t\tstyle=''><div class='evo_metarow_learnM evo_metarow_learnmore evorow'>\n\t\t\t\t\t\t\t<a class='evcal_evdata_row evo_clik_row ' href='https:\/\/swissneuroradiology.ch\/de\/agenda\/detail\/glaukom-und-alzheimer-zwei-seiten-einer-erkrankung' target=\"_blank\">\n\t\t\t\t\t\t\t\t<span class='evcal_evdata_icons'><i class='fa fa-link'><\/i><\/span>\n\t\t\t\t\t\t\t\t<h3 class='evo_h3'>Mehr Infos \/ Anmeldung<\/h3>\n\t\t\t\t\t\t\t<\/a>\n\t\t\t\t\t\t\t<\/div><\/div><div id='event_addtocal' class='evocard_box addtocal' data-c='' \n\t\t\t\t\tstyle=''><div class='evo_metarow_ICS evorow evcal_evdata_row'>\n\t\t\t<span class='evcal_evdata_icons'><i class='fa fa-calendar-o'><\/i><\/span>\n\t\t\t<div class='evcal_evdata_cell'>\n\t\t\t\t<p><a href='https:\/\/sgr-ssr.ch\/fr\/export-events\/19713_0\/?key=cd75fe199f' rel='nofollow' class='evo_ics_nCal' title='Add to your calendar'>Calendar<\/a><a href='https:\/\/www.google.com\/calendar\/event?action=TEMPLATE&text=Glaukom%20und%20Alzheimer%3A%20Zwei%20Seiten%20einer%20Erkrankung&dates=20260702T150000Z\/20260702T180000Z&ctz=Europe%2FVienna&details=Glaukom%20und%20Alzheimer%3A%20Zwei%20Seiten%20einer%20Erkrankung&location=SNRI%2F%20SCNSI%20B%C3%BCrglistrasse%2029' target='_blank' rel='nofollow' class='evo_ics_gCal' title='Add to google calendar'>GoogleCal<\/a><\/p>\t\n\t\t\t<\/div>\n\t\t<\/div><\/div><\/div><!-- row close --><div class='evocard_row'><div id='event_getdirection' class='evocard_box getdirection' data-c='' \n\t\t\t\t\tstyle=''><div class='evo_metarow_getDr evorow evcal_evdata_row evcal_evrow_sm getdirections'>\n\t\t<form action='https:\/\/maps.google.com\/maps' method='get' target='_blank'>\n\t\t\t<input type='hidden' name='daddr' value=\"B\u00fcrglistrasse 29\"\/> \n\t\t\t<div class='evo_get_direction_content evo_fx_dr_r evogap10'>\n\t\t\t\t<span class='evogetdir_header evodfx evofxdrr evofxaic evogap10'>\n\t\t\t\t\t<i class='mainicon fa fa-road evofz24i'><\/i> \n\t\t\t\t\t<h3 class='evo_h3 evopad0i' style='padding-bottom:5px;'>Get Directions<\/h3>\n\t\t\t\t<\/span>\n\t\t\t\t<span class='evogetdir_field evodfx evofx_1_1 evow100p'>\t\n\t\t\t\t\t<label for='69f31a605c561' class='evo_aria_ready sr-only'>Address - Glaukom und Alzheimer: Zwei Seiten einer Erkrankung []<\/label>\t\t\t\t\n\t\t\t\t\t<input id='69f31a605c561' class='evo_aria_ready_match evoInput2 evobr10 evow100p evopad10 evoff_2 evofz14i evobrdB1 evoboxbb' type='text' name='saddr' placeholder='Ihre Adresse' value='' style='' aria-label='Address - Glaukom und Alzheimer: Zwei Seiten einer Erkrankung []' \/>\n\t\t\t\t<\/span>\n\t\t\t\t<div class='evodfx evofxdrr evofxaic evogap10'>\n\t\t\t\t\t<i class='fa fa-location-dot'><\/i>\n\t\t\t\t\t<div class='evoposr evofx_1 evoh100p'><label for='69f31a605c561' class='evo_aria_ready sr-only'>Destination Address - Glaukom und Alzheimer: Zwei Seiten einer Erkrankung []<\/label>\t\t\n\t\t\t\t\t\t<input id='69f31a605c561' class='evo_aria_ready_match evoInput2 evobr10 evow100p evopad5-10 evoff_2 evofz14i evobrdB1 evoop5 evoboxbb evoh100p' type='text' style='' readonly value='B\u00fcrglistrasse 29' aria-label='Destination Address - Glaukom und Alzheimer: Zwei Seiten einer Erkrankung []'\/><button class='evo_copy_address evobuttonA evocurp evohoop7 evoposa evopad5' style='right: 3px; top: 4px; background-color: #fff;' data-txt='B\u00fcrglistrasse 29' data-t='Address copied to clipboard!'><i class='far fa-copy evofz16i' title='Copy Destination Address!'><\/i><\/button>\n\t\t\t\t\t<\/div>\n\t\t\t\t\t<button type='submit' class='evo_get_direction_button evcal_btn dfx evofxaic evocurp evohoop7' title='Hier klicken f\u00fcr Wegbeschreibung' style='    padding: 10px 15px !important;'><i class='fa fa-chevron-right'><\/i> <\/button>\n\t\t\t\t<\/div>\n\t\t\t<\/div>\n\t\t<\/form>\n\t<\/div><\/div><\/div><!-- row close --><button class='evo_card_row_end evcal_close' title='Close'><\/button><\/div><div class='clear end'><\/div><\/div><div id=\"event_19068_0\" class=\"eventon_list_event evo_eventtop scheduled  event clrW event_19068_0\" data-event_id=\"19068\" data-ri=\"0r\" data-time=\"1783288800-1783720799\" data-colr=\"#4bb5d8\" itemscope itemtype='http:\/\/schema.org\/Event'><div class=\"evo_event_schema\" style=\"display:none\" ><a itemprop='url'  href='https:\/\/sgr-ssr.ch\/fr\/events\/junior-esgar-summer-school-jess-2026\/'><\/a><meta itemprop='image'  \/><meta itemprop='startDate' content=\"2026-7-6\" \/><meta itemprop='endDate' content=\"2026-7-10\" \/><meta itemprop='eventStatus' content=\"https:\/\/schema.org\/EventScheduled\" \/><meta itemprop='eventAttendanceMode'   itemscope itemtype=\"https:\/\/schema.org\/OfflineEventAttendanceMode\"\/><div itemprop=\"organizer\" itemscope=\"\" itemtype=\"http:\/\/schema.org\/Organization\"><meta itemprop=\"name\" content=\"ESGAR\">\n\t\t\t\t    \t<\/div><div itemprop=\"performer\" itemscope=\"\" itemtype=\"http:\/\/schema.org\/Person\"><meta itemprop=\"name\" content=\"ESGAR\"><\/div><script type=\"application\/ld+json\">{\"@context\": \"http:\/\/schema.org\",\"@type\": \"Event\",\n\t\t\t\t\"@id\": \"event_19068_0\",\n\t\t\t\t\"eventAttendanceMode\":\"https:\/\/schema.org\/OfflineEventAttendanceMode\",\n\t\t\t\t\"eventStatus\":\"https:\/\/schema.org\/EventScheduled\",\n\t\t\t\t\"name\": \"Junior ESGAR Summer School (JESS) 2026\",\n\t\t\t\t\"url\": \"https:\/\/sgr-ssr.ch\/fr\/events\/junior-esgar-summer-school-jess-2026\/\",\n\t\t\t\t\"startDate\": \"2026-7-6\",\n\t\t\t\t\"endDate\": \"2026-7-10\",\n\t\t\t\t\"image\":\"\", \n\t\t\t\t\"description\":\"<p>The J-ESGAR Summer School is dedicated to advancing GI imaging among emerging radiologists and senior residents. Its primary objective is to enhance and standardize educational quality in GI radiology across Europe. Additionally, the Summer School aims to foster a nurturing environment that encourages collaboration and knowledge exchange among young European radiologists, furthering both their educational and research endeavours.<\/p> <p><a href='https:\/\/esgar.org\/workshops\/workshop-detail-view\/junior-esgar-summer-school-jess-2026' target='_blank' rel='noopener noreferrer'>Website<\/a><br \/> <a href='mailto:office@esgar.org'>Contact<\/a><\/p> \",\"organizer\":[{\"@type\":\"Organization\",\"name\":\"ESGAR\"}]}<\/script><\/div>\r\n\t\t\t\t<p class=\"desc_trig_outter\" style=\"\"><a data-gmtrig=\"1\" data-exlk=\"0\" style=\"background-color: #4bb5d8;\" id=\"evc_178328880019068\" href=\"#\" class=\"desc_trig mul_val evcal_list_a allday\" data-ux_val=\"1\" data-ux_val_mob=\"-\"  ><span class='evoet_c2 evoet_cx '><span class='evoet_dayblock evcal_cblock ' data-bgcolor='#4bb5d8' data-smon='Juli' data-syr='2026' data-bub=''><span class='evo_start  evofxdrc'><em class='day'>Mo<\/em><em class='date'>06<\/em><em class='month'>Jul<\/em><em class='time'>ganztags<\/em><\/span><span class='evo_end  evofxdrc'><em class='day'>Fr<\/em><em class='date'>10<\/em><\/span><\/span><\/span><span class='evoet_c3 evoet_cx evcal_desc hide_eventtopdata '><span class='evoet_title evcal_desc2 evcal_event_title ' itemprop='name'>Junior ESGAR Summer School (JESS) 2026<\/span><\/span><span class='evoet_data' data-d=\"{&quot;loc.n&quot;:&quot;Oliva Nova Beach &amp;amp; Golf Hotel&quot;,&quot;orgs&quot;:{&quot;541&quot;:&quot;ESGAR&quot;},&quot;tags&quot;:[]}\" data-bgc=\"#4bb5d8\" data-bggrad=\"\" ><\/span><\/a><\/p><div class='event_description evcal_eventcard ' style=\"display:none\"><div class='evocard_row'><div id='event_eventdetails' class='evocard_box eventdetails' data-c='' \n\t\t\t\t\tstyle=''><div class=\"evo_metarow_details evorow evcal_evdata_row evcal_event_details\">\n    <div class=\"event_excerpt\" style=\"display:none\"><h3 class=\"padb5 evo_h3\">Veranstaltungsdetails<\/h3><p>The J-ESGAR Summer School is dedicated to advancing GI imaging among emerging radiologists and senior residents. Its primary objective is to enhance and standardize educational quality in GI radiology across<\/p><\/div><span class='evcal_evdata_icons'><i class='fa fa-align-justify'><\/i><\/span>    <div class=\"evcal_evdata_cell shorter_desc\">\n        <div class=\"eventon_full_description\">\n            <h3 class=\"padb5 evo_h3\"><span class='evcal_evdata_icons'><i class='fa fa-align-justify'><\/i><\/span>Veranstaltungsdetails<\/h3>\n            <div class=\"eventon_desc_in\" itemprop=\"description\">\n                <p>The J-ESGAR Summer School is dedicated to advancing GI imaging among emerging radiologists and senior residents. Its primary objective is to enhance and standardize educational quality in GI radiology across Europe. Additionally, the Summer School aims to foster a nurturing environment that encourages collaboration and knowledge exchange among young European radiologists, furthering both their educational and research endeavours.<\/p>\n<p><a href=\"https:\/\/esgar.org\/workshops\/workshop-detail-view\/junior-esgar-summer-school-jess-2026\" target=\"_blank\" rel=\"noopener noreferrer\">Website<\/a><br \/>\n<a href=\"mailto:office@esgar.org\">Contact<\/a><\/p>\n            <\/div>\n            <p class='eventon_shad_p' style='padding:5px 0 0; margin:0'><button class='evcal_btn evo_btn_secondary evobtn_details_show_more' content='less'><span class='ev_more_text' data-txt='weniger'>mehr<\/span><span class='ev_more_arrow ard'><\/span><\/button><\/p><div class='clear'><\/div>        <\/div>\n    <\/div>\n<\/div><\/div><\/div><!-- row close --><div class='evocard_row bx2 bx'><div id='event_time' class='evocard_box time' data-c='' \n\t\t\t\t\tstyle=''><div class='evo_metarow_time evorow evcal_evdata_row evcal_evrow_sm '>\n\t\t<span class='evcal_evdata_icons'><i class='fa fa-clock-o'><\/i><\/span>\n\t\t<div class='evcal_evdata_cell'>\t\t\t\t\t\t\t\n\t\t\t<h3 class='evo_h3'><span class='evcal_evdata_icons'><i class='fa fa-clock-o'><\/i><\/span>Zeit<\/h3><div><span class='evo_eventcard_time_t evogap5 evofxww'><span class=\"start\">6 Juli 2026<\/span>  - <span class=\"end\">10 Juli 2026<\/span> (ganztags)<\/span><span class='evo_tz marr5'>(GMT+02:00)<\/span><\/div>\n\t\t<\/div>\n\t<\/div><\/div><div id='event_location' class='evocard_box location' data-c='' \n\t\t\t\t\tstyle=''><div class='evcal_evdata_row evo_metarow_time_location evorow '>\n\t\t\n\t\t\t<span class='evcal_evdata_icons'><i class='fa fa-map-marker'><\/i><\/span>\n\t\t\t<div class='evcal_evdata_cell' data-loc_tax_id='641'><h3 class='evo_h3 evodfx'><span class='evcal_evdata_icons'><i class='fa fa-map-marker'><\/i><\/span>Ort<\/h3><p class='evo_location_name'>Oliva Nova Beach &amp; Golf Hotel<\/p><div class='padt10'><span class='evo_btn_arr evolb_trigger' data-lbvals=\"{&quot;lbdata&quot;:{&quot;class&quot;:&quot;evo_location_lb_641&quot;,&quot;additional_class&quot;:&quot;lb_max&quot;,&quot;title&quot;:&quot;Oliva Nova Beach &amp;amp; Golf Hotel&quot;},&quot;adata&quot;:{&quot;a&quot;:&quot;eventon_get_tax_card_content&quot;,&quot;end&quot;:&quot;client&quot;,&quot;data&quot;:{&quot;lang&quot;:&quot;L1&quot;,&quot;term_id&quot;:641,&quot;tax&quot;:&quot;event_location&quot;,&quot;load_lbcontent&quot;:true}},&quot;uid&quot;:&quot;eventon_get_tax_card_content&quot;}\" >Other Events<i class='fa fa-chevron-right' aria-hidden='true'><\/i><\/span><\/div><\/div>\n\t\t\n\t<\/div><\/div><\/div><!-- row close --><div class='evocard_row'><div id='event_organizer' class='evocard_box organizer' data-c='' \n\t\t\t\t\tstyle=''><div class='evo_metarow_organizer evorow evcal_evdata_row evcal_evrow_sm '>\n\t\t<span class='evcal_evdata_icons'><i class='fa fa-headphones'><\/i><\/span>\n\t\t<div class='evcal_evdata_cell'>\t\t\t\t\t\t\t\n\t\t\t<h3 class='evo_h3'>Veranstalter<\/h3><div class='evo_evdata_cell_content evodfx evofx_ww evofx_dr_r evogap15'><div class='evo_card_organizer evofx_1'><h4 class='evo_org_name evo_h4 marb5 evottui evocl1i evopadb10i'><span class='evo_card_organizer_name_t marb5'><a  href='https:\/\/sgr-ssr.ch\/fr\/event-organizer\/esgar\/' class='evocl1i'>ESGAR<\/a><\/span><\/h4><p class='evo_card_organizer_more evomart10i'><a class='evolb_trigger evo_btn_arr mart10' data-lbvals=\"{&quot;lbc&quot;:&quot;evo_organizer_lb&quot;,&quot;lbac&quot;:&quot;lb_max&quot;,&quot;preload_temp_key&quot;:&quot;preload_taxlb&quot;,&quot;t&quot;:&quot;ESGAR&quot;,&quot;ajax&quot;:&quot;yes&quot;,&quot;ajax_type&quot;:&quot;endpoint&quot;,&quot;ajax_action&quot;:&quot;eventon_get_tax_card_content&quot;,&quot;end&quot;:&quot;client&quot;,&quot;d&quot;:{&quot;eventid&quot;:19068,&quot;ri&quot;:0,&quot;term_id&quot;:541,&quot;tax&quot;:&quot;event_organizer&quot;,&quot;load_lbcontent&quot;:true}}\" >Learn More<i class='fa fa-chevron-right'><\/i><\/a><\/p><\/div><!-- evo_card_organizer--><\/div><\/div>\t<\/div><\/div><\/div><!-- row close --><div class='evocard_row bx2 bx'><div id='event_learnmore' class='evocard_box learnmore' data-c='' \n\t\t\t\t\tstyle=''><div class='evo_metarow_learnM evo_metarow_learnmore evorow'>\n\t\t\t\t\t\t\t<a class='evcal_evdata_row evo_clik_row ' href='https:\/\/esgar.org\/workshops\/workshop-detail-view\/junior-esgar-summer-school-jess-2026' target=\"_blank\">\n\t\t\t\t\t\t\t\t<span class='evcal_evdata_icons'><i class='fa fa-link'><\/i><\/span>\n\t\t\t\t\t\t\t\t<h3 class='evo_h3'>Mehr Infos \/ Anmeldung<\/h3>\n\t\t\t\t\t\t\t<\/a>\n\t\t\t\t\t\t\t<\/div><\/div><div id='event_addtocal' class='evocard_box addtocal' data-c='' \n\t\t\t\t\tstyle=''><div class='evo_metarow_ICS evorow evcal_evdata_row'>\n\t\t\t<span class='evcal_evdata_icons'><i class='fa fa-calendar-o'><\/i><\/span>\n\t\t\t<div class='evcal_evdata_cell'>\n\t\t\t\t<p><a href='https:\/\/sgr-ssr.ch\/fr\/export-events\/19068_0\/?key=cd75fe199f' rel='nofollow' class='evo_ics_nCal' title='Add to your calendar'>Calendar<\/a><a href='https:\/\/www.google.com\/calendar\/event?action=TEMPLATE&text=Junior%20ESGAR%20Summer%20School%20%28JESS%29%202026&dates=20260705T220000Z\/20260710T215959Z&ctz=Europe%2FVienna&details=Junior%20ESGAR%20Summer%20School%20%28JESS%29%202026&location=Oliva%20Nova%20Beach%20%26%20Golf%20Hotel' target='_blank' rel='nofollow' class='evo_ics_gCal' title='Add to google calendar'>GoogleCal<\/a><\/p>\t\n\t\t\t<\/div>\n\t\t<\/div><\/div><\/div><!-- row close --><button class='evo_card_row_end evcal_close' title='Close'><\/button><\/div><div class='clear end'><\/div><\/div><div id=\"event_18784_0\" class=\"eventon_list_event evo_eventtop scheduled  event clrW event_18784_0\" data-event_id=\"18784\" data-ri=\"0r\" data-time=\"1783720800-1783807199\" data-colr=\"#4bb5d8\" itemscope itemtype='http:\/\/schema.org\/Event'><div class=\"evo_event_schema\" style=\"display:none\" ><a itemprop='url'  href='https:\/\/sgr-ssr.ch\/fr\/events\/bildgebung-in-der-urologie-special-focus-nierenlaesionen-ableitende-harnwege-blasenkarzinom-und-retroperitoneum\/'><\/a><meta itemprop='image'  \/><meta itemprop='startDate' content=\"2026-7-11\" \/><meta itemprop='endDate' content=\"2026-7-11\" \/><meta itemprop='eventStatus' content=\"https:\/\/schema.org\/EventScheduled\" \/><meta itemprop='eventAttendanceMode'   itemscope itemtype=\"https:\/\/schema.org\/OnlineEventAttendanceMode\"\/><div itemprop=\"organizer\" itemscope=\"\" itemtype=\"http:\/\/schema.org\/Organization\"><meta itemprop=\"name\" content=\"Pascal Baltzer und Matthias Dietzel\">\n\t\t\t\t    \t<\/div><div itemprop=\"performer\" itemscope=\"\" itemtype=\"http:\/\/schema.org\/Person\"><meta itemprop=\"name\" content=\"Pascal Baltzer und Matthias Dietzel\"><\/div><script type=\"application\/ld+json\">{\"@context\": \"http:\/\/schema.org\",\"@type\": \"Event\",\n\t\t\t\t\"@id\": \"event_18784_0\",\n\t\t\t\t\"eventAttendanceMode\":\"https:\/\/schema.org\/OnlineEventAttendanceMode\",\n\t\t\t\t\"eventStatus\":\"https:\/\/schema.org\/EventScheduled\",\n\t\t\t\t\"name\": \"Bildgebung in der Urologie - Special Focus: \u201eNierenl\u00e4sionen, ableitende Harnwege, Blasenkarzinom und Retroperitoneum\u201c\",\n\t\t\t\t\"url\": \"https:\/\/sgr-ssr.ch\/fr\/events\/bildgebung-in-der-urologie-special-focus-nierenlaesionen-ableitende-harnwege-blasenkarzinom-und-retroperitoneum\/\",\n\t\t\t\t\"startDate\": \"2026-7-11\",\n\t\t\t\t\"endDate\": \"2026-7-11\",\n\t\t\t\t\"image\":\"\", \n\t\t\t\t\"description\":\"<p>LERNZIELE<\/p> <ol> <li>F\u00fcr jede Fragestellung das optimale Untersuchungsprotokoll kennen 2. Klinisch relevante Befunde sicher erkennen und von Nebenbefunden abgrenzen 3.\u00a0 Typische Pitfalls vermeiden 4.\u00a0 Strukturierte Befunde sicher und effizient erheben<\/li> <\/ol> <p>SCHWERPUNKTE<\/p> <p>Solide Nierenl\u00e4sionen<\/p> <ul> <li>Wann setze ich welche Untersuchungsmethode ein?<\/li> <li>Wie erkenne ich RCC-Subtypen im CT\/MRT?<\/li> <li>Welche Kontrastmittelmuster sind wegweisend?<\/li> <li>Wie strukturiere ich einen sinnhaften Befund?<\/li> <\/ul> <p>Zystische Nierenl\u00e4sionen<\/p> <ul> <li>Wann verwende ich welche Untersuchungsmethode?<\/li> <li>Wie wende ich die Bosniak-Klassifikation sicher an?<\/li> <li>Wie grenze ich einfache und komplexe Zysten ab?<\/li> <li>Welche typischen Fallstricke muss ich unbedingt vermeiden?<\/li> <\/ul> <p>Ableitende Harnwege<\/p> <ul> <li>Welche Untersuchungsmethode setze ich wann ein?<\/li> <li>Wie differenziere ich Hydronephrose-Ursachen?<\/li> <li>Wie erkenne ich Urothelkarzinome?<\/li> <li>Wie nutze ich VI-RADS f\u00fcr eine strukturierte Befundung?<\/li> <\/ul> <p>Nebennieren und Retroperitoneum<\/p> <ul> <li>Welche Bildgebung ist in welcher Situation die Methode der Wahl?<\/li> <li>Welche retroperitonealen Erkrankungen muss ich kennen?<\/li> <li>Wie differenziere ich Adenom von Metastase?<\/li> <li>Welche Befunde sind bei der Transplantatniere entscheidend?<\/li> <\/ul> <p>AKKREDITIERUNG UND CME<\/p> <p>10 CME Punkte, Kategorie A sind beantragt (BL\u00c4K)<\/p> <p>QUALIT\u00c4TSSICHERUNG<\/p> <p>Die Qualit\u00e4tssicherung erfolgt durch die Akademie f\u00fcr Weiterbildung der deutschen R\u00f6ntgengesellschaft. Anschlie\u00dfende online Evaluation.<\/p> <p>VERANSTALTUNGSORT: ONLINE (ZOOM)<\/p> <p>Details und Zugangslink gehen allen TeilnehmerInnen 3 Tage vor Beginn der Veranstaltung \u00fcber die bei der Registrierung hinterlegte E-Mail zu.<\/p> <p><a href='mailto:office@radiologie-weiterbildung.de'>Kontakt<\/a><\/p> <p><a href='https:\/\/radiologie-weiterbildung.de\/veranstaltungen\/bildgebung-in-der-urologie\/' target='_blank' rel='noopener noreferrer'>Anmeldung<\/a><\/p> \",\"organizer\":[{\"@type\":\"Organization\",\"name\":\"Pascal Baltzer und Matthias Dietzel\"}]}<\/script><\/div>\r\n\t\t\t\t<p class=\"desc_trig_outter\" style=\"\"><a data-gmap_status=\"null\" data-exlk=\"0\" style=\"background-color: #4bb5d8;\" id=\"evc_178372080018784\" href=\"#\" class=\"desc_trig sin_val evcal_list_a allday\" data-ux_val=\"1\" data-ux_val_mob=\"-\"  ><span class='evoet_c2 evoet_cx '><span class='evoet_dayblock evcal_cblock ' data-bgcolor='#4bb5d8' data-smon='Juli' data-syr='2026' data-bub=''><span class='evo_start  evofxdrc'><em class='day'>Sa<\/em><em class='date'>11<\/em><em class='month'>Jul<\/em><em class='time'>ganztags<\/em><\/span><\/span><\/span><span class='evoet_c3 evoet_cx evcal_desc hide_eventtopdata '><span class='evoet_title evcal_desc2 evcal_event_title ' itemprop='name'>Bildgebung in der Urologie - Special Focus: \u201eNierenl\u00e4sionen, ableitende Harnwege, Blasenkarzinom und Retroperitoneum\u201c<\/span><\/span><span class='evoet_data' data-d=\"{&quot;loc.n&quot;:&quot;&quot;,&quot;orgs&quot;:{&quot;301&quot;:&quot;Pascal Baltzer und Matthias Dietzel&quot;},&quot;tags&quot;:{&quot;vir&quot;:&quot;Virtual Event&quot;}}\" data-bgc=\"#4bb5d8\" data-bggrad=\"\" ><\/span><\/a><\/p><div class='event_description evcal_eventcard ' style=\"display:none\"><div class='evocard_row'><div id='event_eventdetails' class='evocard_box eventdetails' data-c='' \n\t\t\t\t\tstyle=''><div class=\"evo_metarow_details evorow evcal_evdata_row evcal_event_details\">\n    <div class=\"event_excerpt\" style=\"display:none\"><h3 class=\"padb5 evo_h3\">Veranstaltungsdetails<\/h3><p>LERNZIELE\n\nF\u00fcr jede Fragestellung das optimale Untersuchungsprotokoll kennen 2. Klinisch relevante Befunde sicher erkennen und von Nebenbefunden abgrenzen 3.\u00a0 Typische Pitfalls vermeiden 4.\u00a0 Strukturierte Befunde sicher und effizient erheben\n\nSCHWERPUNKTE\nSolide Nierenl\u00e4sionen\n\nWann setze<\/p><\/div><span class='evcal_evdata_icons'><i class='fa fa-align-justify'><\/i><\/span>    <div class=\"evcal_evdata_cell shorter_desc\">\n        <div class=\"eventon_full_description\">\n            <h3 class=\"padb5 evo_h3\"><span class='evcal_evdata_icons'><i class='fa fa-align-justify'><\/i><\/span>Veranstaltungsdetails<\/h3>\n            <div class=\"eventon_desc_in\" itemprop=\"description\">\n                <p>LERNZIELE<\/p>\n<ol>\n<li>F\u00fcr jede Fragestellung das optimale Untersuchungsprotokoll kennen 2. Klinisch relevante Befunde sicher erkennen und von Nebenbefunden abgrenzen 3.\u00a0 Typische Pitfalls vermeiden 4.\u00a0 Strukturierte Befunde sicher und effizient erheben<\/li>\n<\/ol>\n<p>SCHWERPUNKTE<\/p>\n<p>Solide Nierenl\u00e4sionen<\/p>\n<ul>\n<li>Wann setze ich welche Untersuchungsmethode ein?<\/li>\n<li>Wie erkenne ich RCC-Subtypen im CT\/MRT?<\/li>\n<li>Welche Kontrastmittelmuster sind wegweisend?<\/li>\n<li>Wie strukturiere ich einen sinnhaften Befund?<\/li>\n<\/ul>\n<p>Zystische Nierenl\u00e4sionen<\/p>\n<ul>\n<li>Wann verwende ich welche Untersuchungsmethode?<\/li>\n<li>Wie wende ich die Bosniak-Klassifikation sicher an?<\/li>\n<li>Wie grenze ich einfache und komplexe Zysten ab?<\/li>\n<li>Welche typischen Fallstricke muss ich unbedingt vermeiden?<\/li>\n<\/ul>\n<p>Ableitende Harnwege<\/p>\n<ul>\n<li>Welche Untersuchungsmethode setze ich wann ein?<\/li>\n<li>Wie differenziere ich Hydronephrose-Ursachen?<\/li>\n<li>Wie erkenne ich Urothelkarzinome?<\/li>\n<li>Wie nutze ich VI-RADS f\u00fcr eine strukturierte Befundung?<\/li>\n<\/ul>\n<p>Nebennieren und Retroperitoneum<\/p>\n<ul>\n<li>Welche Bildgebung ist in welcher Situation die Methode der Wahl?<\/li>\n<li>Welche retroperitonealen Erkrankungen muss ich kennen?<\/li>\n<li>Wie differenziere ich Adenom von Metastase?<\/li>\n<li>Welche Befunde sind bei der Transplantatniere entscheidend?<\/li>\n<\/ul>\n<p>AKKREDITIERUNG UND CME<\/p>\n<p>10 CME Punkte, Kategorie A sind beantragt (BL\u00c4K)<\/p>\n<p>QUALIT\u00c4TSSICHERUNG<\/p>\n<p>Die Qualit\u00e4tssicherung erfolgt durch die Akademie f\u00fcr Weiterbildung der deutschen R\u00f6ntgengesellschaft. Anschlie\u00dfende online Evaluation.<\/p>\n<p>VERANSTALTUNGSORT: ONLINE (ZOOM)<\/p>\n<p>Details und Zugangslink gehen allen TeilnehmerInnen 3 Tage vor Beginn der Veranstaltung \u00fcber die bei der Registrierung hinterlegte E-Mail zu.<\/p>\n<p><a href=\"mailto:office@radiologie-weiterbildung.de\">Kontakt<\/a><\/p>\n<p><a href=\"https:\/\/radiologie-weiterbildung.de\/veranstaltungen\/bildgebung-in-der-urologie\/\" target=\"_blank\" rel=\"noopener noreferrer\">Anmeldung<\/a><\/p>\n            <\/div>\n            <p class='eventon_shad_p' style='padding:5px 0 0; margin:0'><button class='evcal_btn evo_btn_secondary evobtn_details_show_more' content='less'><span class='ev_more_text' data-txt='weniger'>mehr<\/span><span class='ev_more_arrow ard'><\/span><\/button><\/p><div class='clear'><\/div>        <\/div>\n    <\/div>\n<\/div><\/div><\/div><!-- row close --><div class='evocard_row'><div id='event_time' class='evocard_box time' data-c='' \n\t\t\t\t\tstyle=''><div class='evo_metarow_time evorow evcal_evdata_row evcal_evrow_sm '>\n\t\t<span class='evcal_evdata_icons'><i class='fa fa-clock-o'><\/i><\/span>\n\t\t<div class='evcal_evdata_cell'>\t\t\t\t\t\t\t\n\t\t\t<h3 class='evo_h3'><span class='evcal_evdata_icons'><i class='fa fa-clock-o'><\/i><\/span>Zeit<\/h3><div><span class='evo_eventcard_time_t evogap5 evofxww'><span class=\"start\">11 Juli 2026<\/span> ganztags<\/span><span class='evo_tz marr5'>(GMT+02:00)<\/span><\/div>\n\t\t<\/div>\n\t<\/div><\/div><\/div><!-- row close --><div class='evocard_row'><div id='event_organizer' class='evocard_box organizer' data-c='' \n\t\t\t\t\tstyle=''><div class='evo_metarow_organizer evorow evcal_evdata_row evcal_evrow_sm '>\n\t\t<span class='evcal_evdata_icons'><i class='fa fa-headphones'><\/i><\/span>\n\t\t<div class='evcal_evdata_cell'>\t\t\t\t\t\t\t\n\t\t\t<h3 class='evo_h3'>Veranstalter<\/h3><div class='evo_evdata_cell_content evodfx evofx_ww evofx_dr_r evogap15'><div class='evo_card_organizer evofx_1'><h4 class='evo_org_name evo_h4 marb5 evottui evocl1i evopadb10i'><span class='evo_card_organizer_name_t marb5'><a  href='https:\/\/sgr-ssr.ch\/fr\/event-organizer\/pascal-baltzer-und-matthias-dietzel\/' class='evocl1i'>Pascal Baltzer und Matthias Dietzel<\/a><\/span><\/h4><p class='evo_card_organizer_more evomart10i'><a class='evolb_trigger evo_btn_arr mart10' data-lbvals=\"{&quot;lbc&quot;:&quot;evo_organizer_lb&quot;,&quot;lbac&quot;:&quot;lb_max&quot;,&quot;preload_temp_key&quot;:&quot;preload_taxlb&quot;,&quot;t&quot;:&quot;Pascal Baltzer und Matthias Dietzel&quot;,&quot;ajax&quot;:&quot;yes&quot;,&quot;ajax_type&quot;:&quot;endpoint&quot;,&quot;ajax_action&quot;:&quot;eventon_get_tax_card_content&quot;,&quot;end&quot;:&quot;client&quot;,&quot;d&quot;:{&quot;eventid&quot;:18784,&quot;ri&quot;:0,&quot;term_id&quot;:301,&quot;tax&quot;:&quot;event_organizer&quot;,&quot;load_lbcontent&quot;:true}}\" >Learn More<i class='fa fa-chevron-right'><\/i><\/a><\/p><\/div><!-- evo_card_organizer--><\/div><\/div>\t<\/div><\/div><\/div><!-- row close --><div class='evocard_row bx2 bx'><div id='event_learnmore' class='evocard_box learnmore' data-c='' \n\t\t\t\t\tstyle=''><div class='evo_metarow_learnM evo_metarow_learnmore evorow'>\n\t\t\t\t\t\t\t<a class='evcal_evdata_row evo_clik_row ' href='https:\/\/radiologie-weiterbildung.de\/veranstaltungen\/bildgebung-in-der-urologie\/' target=\"_blank\">\n\t\t\t\t\t\t\t\t<span class='evcal_evdata_icons'><i class='fa fa-link'><\/i><\/span>\n\t\t\t\t\t\t\t\t<h3 class='evo_h3'>Mehr Infos \/ Anmeldung<\/h3>\n\t\t\t\t\t\t\t<\/a>\n\t\t\t\t\t\t\t<\/div><\/div><div id='event_addtocal' class='evocard_box addtocal' data-c='' \n\t\t\t\t\tstyle=''><div class='evo_metarow_ICS evorow evcal_evdata_row'>\n\t\t\t<span class='evcal_evdata_icons'><i class='fa fa-calendar-o'><\/i><\/span>\n\t\t\t<div class='evcal_evdata_cell'>\n\t\t\t\t<p><a href='https:\/\/sgr-ssr.ch\/fr\/export-events\/18784_0\/?key=cd75fe199f' rel='nofollow' class='evo_ics_nCal' title='Add to your calendar'>Calendar<\/a><a href='https:\/\/www.google.com\/calendar\/event?action=TEMPLATE&text=Bildgebung%20in%20der%20Urologie%20-%20Special%20Focus%3A%20%E2%80%9ENierenl%C3%A4sionen%2C%20ableitende%20Harnwege%2C%20Blasenkarzinom%20und%20Retroperitoneum%E2%80%9C&dates=20260710T220000Z\/20260711T215959Z&ctz=Europe%2FVienna&details=Bildgebung%20in%20der%20Urologie%20-%20Special%20Focus%3A%20%E2%80%9ENierenl%C3%A4sionen%2C%20ableitende%20Harnwege%2C%20Blasenkarzinom%20und%20Retroperitoneum%E2%80%9C&location=' target='_blank' rel='nofollow' class='evo_ics_gCal' title='Add to google calendar'>GoogleCal<\/a><\/p>\t\n\t\t\t<\/div>\n\t\t<\/div><\/div><\/div><!-- row close --><button class='evo_card_row_end evcal_close' title='Close'><\/button><\/div><div class='clear end'><\/div><\/div><div id=\"event_18783_0\" class=\"eventon_list_event evo_eventtop scheduled  event clrW event_18783_0\" data-event_id=\"18783\" data-ri=\"0r\" data-time=\"1784325600-1784411999\" data-colr=\"#4bb5d8\" itemscope itemtype='http:\/\/schema.org\/Event'><div class=\"evo_event_schema\" style=\"display:none\" ><a itemprop='url'  href='https:\/\/sgr-ssr.ch\/fr\/events\/contrast-enhanced-mammography-cem-advanced-course-special-focus-screening-work-up-staging-restaging-and-cem-guided-biopsy\/'><\/a><meta itemprop='image'  \/><meta itemprop='startDate' content=\"2026-7-18\" \/><meta itemprop='endDate' content=\"2026-7-18\" \/><meta itemprop='eventStatus' content=\"https:\/\/schema.org\/EventScheduled\" \/><meta itemprop='eventAttendanceMode'   itemscope itemtype=\"https:\/\/schema.org\/OnlineEventAttendanceMode\"\/><div itemprop=\"organizer\" itemscope=\"\" itemtype=\"http:\/\/schema.org\/Organization\"><meta itemprop=\"name\" content=\"Pascal Baltzer und Matthias Dietzel\">\n\t\t\t\t    \t<\/div><div itemprop=\"performer\" itemscope=\"\" itemtype=\"http:\/\/schema.org\/Person\"><meta itemprop=\"name\" content=\"Pascal Baltzer und Matthias Dietzel\"><\/div><script type=\"application\/ld+json\">{\"@context\": \"http:\/\/schema.org\",\"@type\": \"Event\",\n\t\t\t\t\"@id\": \"event_18783_0\",\n\t\t\t\t\"eventAttendanceMode\":\"https:\/\/schema.org\/OnlineEventAttendanceMode\",\n\t\t\t\t\"eventStatus\":\"https:\/\/schema.org\/EventScheduled\",\n\t\t\t\t\"name\": \"Contrast Enhanced Mammography (CEM): Advanced course - Special focus: Screening, Work up, Staging, Restaging and CEM guided biopsy\",\n\t\t\t\t\"url\": \"https:\/\/sgr-ssr.ch\/fr\/events\/contrast-enhanced-mammography-cem-advanced-course-special-focus-screening-work-up-staging-restaging-and-cem-guided-biopsy\/\",\n\t\t\t\t\"startDate\": \"2026-7-18\",\n\t\t\t\t\"endDate\": \"2026-7-18\",\n\t\t\t\t\"image\":\"\", \n\t\t\t\t\"description\":\"<p>OBJECTIVES<\/p> <p>This indication-based workshop focuses on hands-on learning and interactive case discussions. You will \u2026 1.\u00a0 Refresh your CEM knowledge &#8211; from screening and work-up to staging and restaging.<\/p> <ol start='2'> <li>Explore how CEM supports the assessment of microcalcifications, palpable findings, and symptomatic patients.<\/li> <li>Learn the key principles for performing a successful CEM-guided biopsy.<\/li> <li>Train your diagnostic skills in 30+ interactive case discussions 5. Build confidence in interpreting CEM across all major clinical indications.<\/li> <\/ol> <p>CONTENT<\/p> <p>CEM Fine-Tuning, Update and Expert Tips<\/p> <ul> <li>Update imaging quality of your system \u2022 Provide practical expert tips for structured reporting and interpretation \u2022\u00a0 Identify and avoid common imaging pitfalls \u2022\u00a0 Learn the key principles for performing a successful CEM-guided biopsy<\/li> <\/ul> <p>Screening and dense breast tissue<\/p> <ul> <li>Understand the potential of CEM in screening and for supplemental screening of dense breasts \u2022 Manage screening recalls with confidence and accuracy \u2022\u00a0 Improve lesion detection and diagnostic clarity in dense tissue \u2022\u00a0 Integrate CEM findings into comprehensive screening workflows<\/li> <\/ul> <p>Work up, Assessment and symptomatic patients \u2022\u00a0 Evaluate symptomatic women with a structured CEM-based workflow \u2022\u00a0 Assess nipple discharge, palpable findings, and microcalcifications accurately \u2022\u00a0 Integrate CEM findings into multimodality diagnostic pathways \u2022\u00a0 Differentiate benign from suspicious enhancement in symptomatic patients \u2022\u00a0 Use CEM to streamline decision-making and guide further diagnostics<\/p> <p>Staging and Restaging<\/p> <ul> <li>Define the role of CEM in tumor staging and treatment planning \u2022 Differentiate multifocal, multicentric, and contralateral lesions \u2022\u00a0 Assess therapy response and distinguish true response from residual disease or necrosis \u2022\u00a0 Interpret post-treatment CEM patterns and develop appropriate follow-up strategies<\/li> <\/ul> <p><a href='mailto:office@radiologie-weiterbildung.de' target='_blank' rel='noopener noreferrer'>Kontakt<\/a><\/p> <p><a href='https:\/\/school-of-radiology.com\/courses\/contrast-enhanced-mammography-cem-advanced-course\/' target='_blank' rel='noopener noreferrer'>Anmeldung<\/a><\/p> \",\"organizer\":[{\"@type\":\"Organization\",\"name\":\"Pascal Baltzer und Matthias Dietzel\"}]}<\/script><\/div>\r\n\t\t\t\t<p class=\"desc_trig_outter\" style=\"\"><a data-gmap_status=\"null\" data-exlk=\"0\" style=\"background-color: #4bb5d8;\" id=\"evc_178432560018783\" href=\"#\" class=\"desc_trig sin_val evcal_list_a allday\" data-ux_val=\"1\" data-ux_val_mob=\"-\"  ><span class='evoet_c2 evoet_cx '><span class='evoet_dayblock evcal_cblock ' data-bgcolor='#4bb5d8' data-smon='Juli' data-syr='2026' data-bub=''><span class='evo_start  evofxdrc'><em class='day'>Sa<\/em><em class='date'>18<\/em><em class='month'>Jul<\/em><em class='time'>ganztags<\/em><\/span><\/span><\/span><span class='evoet_c3 evoet_cx evcal_desc hide_eventtopdata '><span class='evoet_title evcal_desc2 evcal_event_title ' itemprop='name'>Contrast Enhanced Mammography (CEM): Advanced course - Special focus: Screening, Work up, Staging, Restaging and CEM guided biopsy<\/span><\/span><span class='evoet_data' data-d=\"{&quot;loc.n&quot;:&quot;&quot;,&quot;orgs&quot;:{&quot;301&quot;:&quot;Pascal Baltzer und Matthias Dietzel&quot;},&quot;tags&quot;:{&quot;vir&quot;:&quot;Virtual Event&quot;}}\" data-bgc=\"#4bb5d8\" data-bggrad=\"\" ><\/span><\/a><\/p><div class='event_description evcal_eventcard ' style=\"display:none\"><div class='evocard_row'><div id='event_eventdetails' class='evocard_box eventdetails' data-c='' \n\t\t\t\t\tstyle=''><div class=\"evo_metarow_details evorow evcal_evdata_row evcal_event_details\">\n    <div class=\"event_excerpt\" style=\"display:none\"><h3 class=\"padb5 evo_h3\">Veranstaltungsdetails<\/h3><p>OBJECTIVES\nThis indication-based workshop focuses on hands-on learning and interactive case discussions. You will \u2026 1.\u00a0 Refresh your CEM knowledge &#8211; from screening and work-up to staging and restaging.\n\nExplore how<\/p><\/div><span class='evcal_evdata_icons'><i class='fa fa-align-justify'><\/i><\/span>    <div class=\"evcal_evdata_cell shorter_desc\">\n        <div class=\"eventon_full_description\">\n            <h3 class=\"padb5 evo_h3\"><span class='evcal_evdata_icons'><i class='fa fa-align-justify'><\/i><\/span>Veranstaltungsdetails<\/h3>\n            <div class=\"eventon_desc_in\" itemprop=\"description\">\n                <p>OBJECTIVES<\/p>\n<p>This indication-based workshop focuses on hands-on learning and interactive case discussions. You will \u2026 1.\u00a0 Refresh your CEM knowledge &#8211; from screening and work-up to staging and restaging.<\/p>\n<ol start=\"2\">\n<li>Explore how CEM supports the assessment of microcalcifications, palpable findings, and symptomatic patients.<\/li>\n<li>Learn the key principles for performing a successful CEM-guided biopsy.<\/li>\n<li>Train your diagnostic skills in 30+ interactive case discussions 5. Build confidence in interpreting CEM across all major clinical indications.<\/li>\n<\/ol>\n<p>CONTENT<\/p>\n<p>CEM Fine-Tuning, Update and Expert Tips<\/p>\n<ul>\n<li>Update imaging quality of your system \u2022 Provide practical expert tips for structured reporting and interpretation \u2022\u00a0 Identify and avoid common imaging pitfalls \u2022\u00a0 Learn the key principles for performing a successful CEM-guided biopsy<\/li>\n<\/ul>\n<p>Screening and dense breast tissue<\/p>\n<ul>\n<li>Understand the potential of CEM in screening and for supplemental screening of dense breasts \u2022 Manage screening recalls with confidence and accuracy \u2022\u00a0 Improve lesion detection and diagnostic clarity in dense tissue \u2022\u00a0 Integrate CEM findings into comprehensive screening workflows<\/li>\n<\/ul>\n<p>Work up, Assessment and symptomatic patients \u2022\u00a0 Evaluate symptomatic women with a structured CEM-based workflow \u2022\u00a0 Assess nipple discharge, palpable findings, and microcalcifications accurately \u2022\u00a0 Integrate CEM findings into multimodality diagnostic pathways \u2022\u00a0 Differentiate benign from suspicious enhancement in symptomatic patients \u2022\u00a0 Use CEM to streamline decision-making and guide further diagnostics<\/p>\n<p>Staging and Restaging<\/p>\n<ul>\n<li>Define the role of CEM in tumor staging and treatment planning \u2022 Differentiate multifocal, multicentric, and contralateral lesions \u2022\u00a0 Assess therapy response and distinguish true response from residual disease or necrosis \u2022\u00a0 Interpret post-treatment CEM patterns and develop appropriate follow-up strategies<\/li>\n<\/ul>\n<p><a href=\"mailto:office@radiologie-weiterbildung.de\" target=\"_blank\" rel=\"noopener noreferrer\">Kontakt<\/a><\/p>\n<p><a href=\"https:\/\/school-of-radiology.com\/courses\/contrast-enhanced-mammography-cem-advanced-course\/\" target=\"_blank\" rel=\"noopener noreferrer\">Anmeldung<\/a><\/p>\n            <\/div>\n            <p class='eventon_shad_p' style='padding:5px 0 0; margin:0'><button class='evcal_btn evo_btn_secondary evobtn_details_show_more' content='less'><span class='ev_more_text' data-txt='weniger'>mehr<\/span><span class='ev_more_arrow ard'><\/span><\/button><\/p><div class='clear'><\/div>        <\/div>\n    <\/div>\n<\/div><\/div><\/div><!-- row close --><div class='evocard_row'><div id='event_time' class='evocard_box time' data-c='' \n\t\t\t\t\tstyle=''><div class='evo_metarow_time evorow evcal_evdata_row evcal_evrow_sm '>\n\t\t<span class='evcal_evdata_icons'><i class='fa fa-clock-o'><\/i><\/span>\n\t\t<div class='evcal_evdata_cell'>\t\t\t\t\t\t\t\n\t\t\t<h3 class='evo_h3'><span class='evcal_evdata_icons'><i class='fa fa-clock-o'><\/i><\/span>Zeit<\/h3><div><span class='evo_eventcard_time_t evogap5 evofxww'><span class=\"start\">18 Juli 2026<\/span> ganztags<\/span><span class='evo_tz marr5'>(GMT+02:00)<\/span><\/div>\n\t\t<\/div>\n\t<\/div><\/div><\/div><!-- row close --><div class='evocard_row'><div id='event_organizer' class='evocard_box organizer' data-c='' \n\t\t\t\t\tstyle=''><div class='evo_metarow_organizer evorow evcal_evdata_row evcal_evrow_sm '>\n\t\t<span class='evcal_evdata_icons'><i class='fa fa-headphones'><\/i><\/span>\n\t\t<div class='evcal_evdata_cell'>\t\t\t\t\t\t\t\n\t\t\t<h3 class='evo_h3'>Veranstalter<\/h3><div class='evo_evdata_cell_content evodfx evofx_ww evofx_dr_r evogap15'><div class='evo_card_organizer evofx_1'><h4 class='evo_org_name evo_h4 marb5 evottui evocl1i evopadb10i'><span class='evo_card_organizer_name_t marb5'><a  href='https:\/\/sgr-ssr.ch\/fr\/event-organizer\/pascal-baltzer-und-matthias-dietzel\/' class='evocl1i'>Pascal Baltzer und Matthias Dietzel<\/a><\/span><\/h4><p class='evo_card_organizer_more evomart10i'><a class='evolb_trigger evo_btn_arr mart10' data-lbvals=\"{&quot;lbc&quot;:&quot;evo_organizer_lb&quot;,&quot;lbac&quot;:&quot;lb_max&quot;,&quot;preload_temp_key&quot;:&quot;preload_taxlb&quot;,&quot;t&quot;:&quot;Pascal Baltzer und Matthias Dietzel&quot;,&quot;ajax&quot;:&quot;yes&quot;,&quot;ajax_type&quot;:&quot;endpoint&quot;,&quot;ajax_action&quot;:&quot;eventon_get_tax_card_content&quot;,&quot;end&quot;:&quot;client&quot;,&quot;d&quot;:{&quot;eventid&quot;:18783,&quot;ri&quot;:0,&quot;term_id&quot;:301,&quot;tax&quot;:&quot;event_organizer&quot;,&quot;load_lbcontent&quot;:true}}\" >Learn More<i class='fa fa-chevron-right'><\/i><\/a><\/p><\/div><!-- evo_card_organizer--><\/div><\/div>\t<\/div><\/div><\/div><!-- row close --><div class='evocard_row bx2 bx'><div id='event_learnmore' class='evocard_box learnmore' data-c='' \n\t\t\t\t\tstyle=''><div class='evo_metarow_learnM evo_metarow_learnmore evorow'>\n\t\t\t\t\t\t\t<a class='evcal_evdata_row evo_clik_row ' href='https:\/\/school-of-radiology.com\/courses\/contrast-enhanced-mammography-cem-advanced-course\/' target=\"_blank\">\n\t\t\t\t\t\t\t\t<span class='evcal_evdata_icons'><i class='fa fa-link'><\/i><\/span>\n\t\t\t\t\t\t\t\t<h3 class='evo_h3'>Mehr Infos \/ Anmeldung<\/h3>\n\t\t\t\t\t\t\t<\/a>\n\t\t\t\t\t\t\t<\/div><\/div><div id='event_addtocal' class='evocard_box addtocal' data-c='' \n\t\t\t\t\tstyle=''><div class='evo_metarow_ICS evorow evcal_evdata_row'>\n\t\t\t<span class='evcal_evdata_icons'><i class='fa fa-calendar-o'><\/i><\/span>\n\t\t\t<div class='evcal_evdata_cell'>\n\t\t\t\t<p><a href='https:\/\/sgr-ssr.ch\/fr\/export-events\/18783_0\/?key=cd75fe199f' rel='nofollow' class='evo_ics_nCal' title='Add to your calendar'>Calendar<\/a><a href='https:\/\/www.google.com\/calendar\/event?action=TEMPLATE&text=Contrast%20Enhanced%20Mammography%20%28CEM%29%3A%20Advanced%20course%20-%20Special%20focus%3A%20Screening%2C%20Work%20up%2C%20Staging%2C%20Restaging%20and%20CEM%20guided%20biopsy&dates=20260717T220000Z\/20260718T215959Z&ctz=Europe%2FVienna&details=Contrast%20Enhanced%20Mammography%20%28CEM%29%3A%20Advanced%20course%20-%20Special%20focus%3A%20Screening%2C%20Work%20up%2C%20Staging%2C%20Restaging%20and%20CEM%20guided%20biopsy&location=' target='_blank' rel='nofollow' class='evo_ics_gCal' title='Add to google calendar'>GoogleCal<\/a><\/p>\t\n\t\t\t<\/div>\n\t\t<\/div><\/div><\/div><!-- row close --><button class='evo_card_row_end evcal_close' title='Close'><\/button><\/div><div class='clear end'><\/div><\/div><\/div><div class='evcal_month_line' data-d='eml_8_2026' data-su='1785535200'><p>August<\/p><\/div><div class='sep_month_events ' data-d='eml_8_2026' data-range='1785535200_1788213599'><div id=\"event_18957_0\" class=\"eventon_list_event evo_eventtop scheduled  event clrW event_18957_0\" data-event_id=\"18957\" data-ri=\"0r\" data-time=\"1769900400-1801436399\" data-colr=\"#4bb5d8\" itemscope itemtype='http:\/\/schema.org\/Event'><div class=\"evo_event_schema\" style=\"display:none\" ><a itemprop='url'  href='https:\/\/sgr-ssr.ch\/fr\/events\/cas-in-artificial-intelligence-in-medical-imaging-der-universitaet-bern\/'><\/a><meta itemprop='image'  \/><meta itemprop='startDate' content=\"2026-2-1\" \/><meta itemprop='endDate' content=\"2027-1-31\" \/><meta itemprop='eventStatus' content=\"https:\/\/schema.org\/EventScheduled\" \/><meta itemprop='eventAttendanceMode'   itemscope itemtype=\"https:\/\/schema.org\/OfflineEventAttendanceMode\"\/><script type=\"application\/ld+json\">{\"@context\": \"http:\/\/schema.org\",\"@type\": \"Event\",\n\t\t\t\t\"@id\": \"event_18957_0\",\n\t\t\t\t\"eventAttendanceMode\":\"https:\/\/schema.org\/OfflineEventAttendanceMode\",\n\t\t\t\t\"eventStatus\":\"https:\/\/schema.org\/EventScheduled\",\n\t\t\t\t\"name\": \"CAS in Artificial Intelligence in Medical Imaging der Universit\u00e4t Bern\",\n\t\t\t\t\"url\": \"https:\/\/sgr-ssr.ch\/fr\/events\/cas-in-artificial-intelligence-in-medical-imaging-der-universitaet-bern\/\",\n\t\t\t\t\"startDate\": \"2026-2-1\",\n\t\t\t\t\"endDate\": \"2027-1-31\",\n\t\t\t\t\"image\":\"\", \n\t\t\t\t\"description\":\"<p>Der CAS AIMI ist ein einj\u00e4hriges, berufsbegleitendes Programm f\u00fcr Fachpersonen aus unterschiedlichen Dom\u00e4nen der medizinischen Bildgebung. Teilnehmende werden dazu bef\u00e4higt, die Entwicklung, Anwendung und Evaluation von KI-Algorithmen in ihrem Klinikalltag zu begleiten. Das fundierte Wissen wird durch unsere Fakult\u00e4t bestehend aus Experten der Akademie, Klinik und Industrie vermittelt. Ein individuelles KI-Projekt erlaubt es, die erworbenen Kenntnisse direkt auf praxisnahe Fragestellungen zu \u00fcbertragen.<\/p> <p>Das Programm wird in englischer Sprache unterrichtet und deckt unter anderem folgende Themen ab:<\/p> <ul> <li>Entwicklung &amp; Validierung von KI<\/li> <li>KI-Applikationen im klinischen Alltag<\/li> <li>Umgang mit K\u00fcnstlicher Intelligenz<\/li> <li>Rechtliche und ethische Herausforderungen<\/li> <\/ul> <p>Die n\u00e4chste Durchf\u00fchrung des CAS AIMI ist f\u00fcr Februar 2026 vorgesehen. Die Anmeldefrist l\u00e4uft noch bis zum 15. Dezember 2025.<\/p> <p><a href='https:\/\/sgr-ssr.ch\/wp-content\/uploads\/2025\/11\/CAS-AIMI-Program-One-Pager.pdf' target='_blank' rel='noopener noreferrer'>Flyer<\/a><\/p> <p><a href='https:\/\/www.unibe.ch\/continuing_education_programs\/cas_in_artificial_intelligence_in_medical_imaging\/index_eng.html' target='_blank' rel='noopener noreferrer'>Webseite<\/a><\/p> <p><a href='mailto:school.sitem@unibe.ch'>Kontakt<\/a><\/p> \"}<\/script><\/div>\r\n\t\t\t\t<p class=\"desc_trig_outter\" style=\"\"><a data-gmap_status=\"null\" data-exlk=\"0\" style=\"background-color: #4bb5d8;\" id=\"evc_176990040018957\" href=\"#\" class=\"desc_trig mul_val evcal_list_a allday\" data-ux_val=\"1\" data-ux_val_mob=\"-\"  ><span class='evoet_c2 evoet_cx '><span class='evoet_dayblock evcal_cblock ' data-bgcolor='#4bb5d8' data-smon='Februar' data-syr='2026' data-bub=''><span class='evo_start  evofxdrc'><em class='day'>So<\/em><em class='date'>01<\/em><em class='month'>Feb<\/em><em class='time'>ganztags<\/em><\/span><span class='evo_end  evofxdrc'><em class='day'>So<\/em><em class='date'>31<\/em><em class='month'>Jan<\/em><\/span><\/span><\/span><span class='evoet_c3 evoet_cx evcal_desc hide_eventtopdata '><span class='evoet_title evcal_desc2 evcal_event_title ' itemprop='name'>CAS in Artificial Intelligence in Medical Imaging der Universit\u00e4t Bern<\/span><\/span><span class='evoet_data' data-d=\"{&quot;loc.n&quot;:&quot;&quot;,&quot;orgs&quot;:[],&quot;tags&quot;:[]}\" data-bgc=\"#4bb5d8\" data-bggrad=\"\" ><\/span><\/a><\/p><div class='event_description evcal_eventcard ' style=\"display:none\"><div class='evocard_row'><div id='event_eventdetails' class='evocard_box eventdetails' data-c='' \n\t\t\t\t\tstyle=''><div class=\"evo_metarow_details evorow evcal_evdata_row evcal_event_details\">\n    <div class=\"event_excerpt\" style=\"display:none\"><h3 class=\"padb5 evo_h3\">Veranstaltungsdetails<\/h3><p>Der CAS AIMI ist ein einj\u00e4hriges, berufsbegleitendes Programm f\u00fcr Fachpersonen aus unterschiedlichen Dom\u00e4nen der medizinischen Bildgebung. Teilnehmende werden dazu bef\u00e4higt, die Entwicklung, Anwendung und Evaluation von KI-Algorithmen in ihrem Klinikalltag<\/p><\/div><span class='evcal_evdata_icons'><i class='fa fa-align-justify'><\/i><\/span>    <div class=\"evcal_evdata_cell shorter_desc\">\n        <div class=\"eventon_full_description\">\n            <h3 class=\"padb5 evo_h3\"><span class='evcal_evdata_icons'><i class='fa fa-align-justify'><\/i><\/span>Veranstaltungsdetails<\/h3>\n            <div class=\"eventon_desc_in\" itemprop=\"description\">\n                <p>Der CAS AIMI ist ein einj\u00e4hriges, berufsbegleitendes Programm f\u00fcr Fachpersonen aus unterschiedlichen Dom\u00e4nen der medizinischen Bildgebung. Teilnehmende werden dazu bef\u00e4higt, die Entwicklung, Anwendung und Evaluation von KI-Algorithmen in ihrem Klinikalltag zu begleiten. Das fundierte Wissen wird durch unsere Fakult\u00e4t bestehend aus Experten der Akademie, Klinik und Industrie vermittelt. Ein individuelles KI-Projekt erlaubt es, die erworbenen Kenntnisse direkt auf praxisnahe Fragestellungen zu \u00fcbertragen.<\/p>\n<p>Das Programm wird in englischer Sprache unterrichtet und deckt unter anderem folgende Themen ab:<\/p>\n<ul>\n<li>Entwicklung &amp; Validierung von KI<\/li>\n<li>KI-Applikationen im klinischen Alltag<\/li>\n<li>Umgang mit K\u00fcnstlicher Intelligenz<\/li>\n<li>Rechtliche und ethische Herausforderungen<\/li>\n<\/ul>\n<p>Die n\u00e4chste Durchf\u00fchrung des CAS AIMI ist f\u00fcr Februar 2026 vorgesehen. Die Anmeldefrist l\u00e4uft noch bis zum 15. Dezember 2025.<\/p>\n<p><a href=\"https:\/\/sgr-ssr.ch\/wp-content\/uploads\/2025\/11\/CAS-AIMI-Program-One-Pager.pdf\" target=\"_blank\" rel=\"noopener noreferrer\">Flyer<\/a><\/p>\n<p><a href=\"https:\/\/www.unibe.ch\/continuing_education_programs\/cas_in_artificial_intelligence_in_medical_imaging\/index_eng.html\" target=\"_blank\" rel=\"noopener noreferrer\">Webseite<\/a><\/p>\n<p><a href=\"mailto:school.sitem@unibe.ch\">Kontakt<\/a><\/p>\n            <\/div>\n            <p class='eventon_shad_p' style='padding:5px 0 0; margin:0'><button class='evcal_btn evo_btn_secondary evobtn_details_show_more' content='less'><span class='ev_more_text' data-txt='weniger'>mehr<\/span><span class='ev_more_arrow ard'><\/span><\/button><\/p><div class='clear'><\/div>        <\/div>\n    <\/div>\n<\/div><\/div><\/div><!-- row close --><div class='evocard_row'><div id='event_time' class='evocard_box time' data-c='' \n\t\t\t\t\tstyle=''><div class='evo_metarow_time evorow evcal_evdata_row evcal_evrow_sm '>\n\t\t<span class='evcal_evdata_icons'><i class='fa fa-clock-o'><\/i><\/span>\n\t\t<div class='evcal_evdata_cell'>\t\t\t\t\t\t\t\n\t\t\t<h3 class='evo_h3'><span class='evcal_evdata_icons'><i class='fa fa-clock-o'><\/i><\/span>Zeit<\/h3><div><span class='evo_eventcard_time_t evogap5 evofxww'><span class='start'>1 Februar 2026<\/span> - <span class='end'>31 Januar 2027<\/span> (ganztags)<\/span><span class='evo_tz marr5'>(GMT+01:00)<\/span><\/div>\n\t\t<\/div>\n\t<\/div><\/div><\/div><!-- row close --><div class='evocard_row bx2 bx'><div id='event_learnmore' class='evocard_box learnmore' data-c='' \n\t\t\t\t\tstyle=''><div class='evo_metarow_learnM evo_metarow_learnmore evorow'>\n\t\t\t\t\t\t\t<a class='evcal_evdata_row evo_clik_row ' href='https:\/\/www.unibe.ch\/continuing_education_programs\/cas_in_artificial_intelligence_in_medical_imaging\/index_eng.html' target=\"_blank\">\n\t\t\t\t\t\t\t\t<span class='evcal_evdata_icons'><i class='fa fa-link'><\/i><\/span>\n\t\t\t\t\t\t\t\t<h3 class='evo_h3'>Mehr Infos \/ Anmeldung<\/h3>\n\t\t\t\t\t\t\t<\/a>\n\t\t\t\t\t\t\t<\/div><\/div><div id='event_addtocal' class='evocard_box addtocal' data-c='' \n\t\t\t\t\tstyle=''><div class='evo_metarow_ICS evorow evcal_evdata_row'>\n\t\t\t<span class='evcal_evdata_icons'><i class='fa fa-calendar-o'><\/i><\/span>\n\t\t\t<div class='evcal_evdata_cell'>\n\t\t\t\t<p><a href='https:\/\/sgr-ssr.ch\/fr\/export-events\/18957_0\/?key=cd75fe199f' rel='nofollow' class='evo_ics_nCal' title='Add to your calendar'>Calendar<\/a><a href='https:\/\/www.google.com\/calendar\/event?action=TEMPLATE&text=CAS%20in%20Artificial%20Intelligence%20in%20Medical%20Imaging%20der%20Universit%C3%A4t%20Bern&dates=20260131T230000Z\/20270131T225959Z&ctz=Europe%2FVienna&details=CAS%20in%20Artificial%20Intelligence%20in%20Medical%20Imaging%20der%20Universit%C3%A4t%20Bern&location=' target='_blank' rel='nofollow' class='evo_ics_gCal' title='Add to google calendar'>GoogleCal<\/a><\/p>\t\n\t\t\t<\/div>\n\t\t<\/div><\/div><\/div><!-- row close --><button class='evo_card_row_end evcal_close' title='Close'><\/button><\/div><div class='clear end'><\/div><\/div><\/div><div class='evcal_month_line' data-d='eml_9_2026' data-su='1788213600'><p>September<\/p><\/div><div class='sep_month_events ' data-d='eml_9_2026' data-range='1788213600_1790805599'><div id=\"event_18957_0\" class=\"eventon_list_event evo_eventtop scheduled  event clrW event_18957_0\" data-event_id=\"18957\" data-ri=\"0r\" data-time=\"1769900400-1801436399\" data-colr=\"#4bb5d8\" itemscope itemtype='http:\/\/schema.org\/Event'><div class=\"evo_event_schema\" style=\"display:none\" ><a itemprop='url'  href='https:\/\/sgr-ssr.ch\/fr\/events\/cas-in-artificial-intelligence-in-medical-imaging-der-universitaet-bern\/'><\/a><meta itemprop='image'  \/><meta itemprop='startDate' content=\"2026-2-1\" \/><meta itemprop='endDate' content=\"2027-1-31\" \/><meta itemprop='eventStatus' content=\"https:\/\/schema.org\/EventScheduled\" \/><meta itemprop='eventAttendanceMode'   itemscope itemtype=\"https:\/\/schema.org\/OfflineEventAttendanceMode\"\/><script type=\"application\/ld+json\">{\"@context\": \"http:\/\/schema.org\",\"@type\": \"Event\",\n\t\t\t\t\"@id\": \"event_18957_0\",\n\t\t\t\t\"eventAttendanceMode\":\"https:\/\/schema.org\/OfflineEventAttendanceMode\",\n\t\t\t\t\"eventStatus\":\"https:\/\/schema.org\/EventScheduled\",\n\t\t\t\t\"name\": \"CAS in Artificial Intelligence in Medical Imaging der Universit\u00e4t Bern\",\n\t\t\t\t\"url\": \"https:\/\/sgr-ssr.ch\/fr\/events\/cas-in-artificial-intelligence-in-medical-imaging-der-universitaet-bern\/\",\n\t\t\t\t\"startDate\": \"2026-2-1\",\n\t\t\t\t\"endDate\": \"2027-1-31\",\n\t\t\t\t\"image\":\"\", \n\t\t\t\t\"description\":\"<p>Der CAS AIMI ist ein einj\u00e4hriges, berufsbegleitendes Programm f\u00fcr Fachpersonen aus unterschiedlichen Dom\u00e4nen der medizinischen Bildgebung. Teilnehmende werden dazu bef\u00e4higt, die Entwicklung, Anwendung und Evaluation von KI-Algorithmen in ihrem Klinikalltag zu begleiten. Das fundierte Wissen wird durch unsere Fakult\u00e4t bestehend aus Experten der Akademie, Klinik und Industrie vermittelt. Ein individuelles KI-Projekt erlaubt es, die erworbenen Kenntnisse direkt auf praxisnahe Fragestellungen zu \u00fcbertragen.<\/p> <p>Das Programm wird in englischer Sprache unterrichtet und deckt unter anderem folgende Themen ab:<\/p> <ul> <li>Entwicklung &amp; Validierung von KI<\/li> <li>KI-Applikationen im klinischen Alltag<\/li> <li>Umgang mit K\u00fcnstlicher Intelligenz<\/li> <li>Rechtliche und ethische Herausforderungen<\/li> <\/ul> <p>Die n\u00e4chste Durchf\u00fchrung des CAS AIMI ist f\u00fcr Februar 2026 vorgesehen. Die Anmeldefrist l\u00e4uft noch bis zum 15. Dezember 2025.<\/p> <p><a href='https:\/\/sgr-ssr.ch\/wp-content\/uploads\/2025\/11\/CAS-AIMI-Program-One-Pager.pdf' target='_blank' rel='noopener noreferrer'>Flyer<\/a><\/p> <p><a href='https:\/\/www.unibe.ch\/continuing_education_programs\/cas_in_artificial_intelligence_in_medical_imaging\/index_eng.html' target='_blank' rel='noopener noreferrer'>Webseite<\/a><\/p> <p><a href='mailto:school.sitem@unibe.ch'>Kontakt<\/a><\/p> \"}<\/script><\/div>\r\n\t\t\t\t<p class=\"desc_trig_outter\" style=\"\"><a data-gmap_status=\"null\" data-exlk=\"0\" style=\"background-color: #4bb5d8;\" id=\"evc_176990040018957\" href=\"#\" class=\"desc_trig mul_val evcal_list_a allday\" data-ux_val=\"1\" data-ux_val_mob=\"-\"  ><span class='evoet_c2 evoet_cx '><span class='evoet_dayblock evcal_cblock ' data-bgcolor='#4bb5d8' data-smon='Februar' data-syr='2026' data-bub=''><span class='evo_start  evofxdrc'><em class='day'>So<\/em><em class='date'>01<\/em><em class='month'>Feb<\/em><em class='time'>ganztags<\/em><\/span><span class='evo_end  evofxdrc'><em class='day'>So<\/em><em class='date'>31<\/em><em class='month'>Jan<\/em><\/span><\/span><\/span><span class='evoet_c3 evoet_cx evcal_desc hide_eventtopdata '><span class='evoet_title evcal_desc2 evcal_event_title ' itemprop='name'>CAS in Artificial Intelligence in Medical Imaging der Universit\u00e4t Bern<\/span><\/span><span class='evoet_data' data-d=\"{&quot;loc.n&quot;:&quot;&quot;,&quot;orgs&quot;:[],&quot;tags&quot;:[]}\" data-bgc=\"#4bb5d8\" data-bggrad=\"\" ><\/span><\/a><\/p><div class='event_description evcal_eventcard ' style=\"display:none\"><div class='evocard_row'><div id='event_eventdetails' class='evocard_box eventdetails' data-c='' \n\t\t\t\t\tstyle=''><div class=\"evo_metarow_details evorow evcal_evdata_row evcal_event_details\">\n    <div class=\"event_excerpt\" style=\"display:none\"><h3 class=\"padb5 evo_h3\">Veranstaltungsdetails<\/h3><p>Der CAS AIMI ist ein einj\u00e4hriges, berufsbegleitendes Programm f\u00fcr Fachpersonen aus unterschiedlichen Dom\u00e4nen der medizinischen Bildgebung. Teilnehmende werden dazu bef\u00e4higt, die Entwicklung, Anwendung und Evaluation von KI-Algorithmen in ihrem Klinikalltag<\/p><\/div><span class='evcal_evdata_icons'><i class='fa fa-align-justify'><\/i><\/span>    <div class=\"evcal_evdata_cell shorter_desc\">\n        <div class=\"eventon_full_description\">\n            <h3 class=\"padb5 evo_h3\"><span class='evcal_evdata_icons'><i class='fa fa-align-justify'><\/i><\/span>Veranstaltungsdetails<\/h3>\n            <div class=\"eventon_desc_in\" itemprop=\"description\">\n                <p>Der CAS AIMI ist ein einj\u00e4hriges, berufsbegleitendes Programm f\u00fcr Fachpersonen aus unterschiedlichen Dom\u00e4nen der medizinischen Bildgebung. Teilnehmende werden dazu bef\u00e4higt, die Entwicklung, Anwendung und Evaluation von KI-Algorithmen in ihrem Klinikalltag zu begleiten. Das fundierte Wissen wird durch unsere Fakult\u00e4t bestehend aus Experten der Akademie, Klinik und Industrie vermittelt. Ein individuelles KI-Projekt erlaubt es, die erworbenen Kenntnisse direkt auf praxisnahe Fragestellungen zu \u00fcbertragen.<\/p>\n<p>Das Programm wird in englischer Sprache unterrichtet und deckt unter anderem folgende Themen ab:<\/p>\n<ul>\n<li>Entwicklung &amp; Validierung von KI<\/li>\n<li>KI-Applikationen im klinischen Alltag<\/li>\n<li>Umgang mit K\u00fcnstlicher Intelligenz<\/li>\n<li>Rechtliche und ethische Herausforderungen<\/li>\n<\/ul>\n<p>Die n\u00e4chste Durchf\u00fchrung des CAS AIMI ist f\u00fcr Februar 2026 vorgesehen. Die Anmeldefrist l\u00e4uft noch bis zum 15. Dezember 2025.<\/p>\n<p><a href=\"https:\/\/sgr-ssr.ch\/wp-content\/uploads\/2025\/11\/CAS-AIMI-Program-One-Pager.pdf\" target=\"_blank\" rel=\"noopener noreferrer\">Flyer<\/a><\/p>\n<p><a href=\"https:\/\/www.unibe.ch\/continuing_education_programs\/cas_in_artificial_intelligence_in_medical_imaging\/index_eng.html\" target=\"_blank\" rel=\"noopener noreferrer\">Webseite<\/a><\/p>\n<p><a href=\"mailto:school.sitem@unibe.ch\">Kontakt<\/a><\/p>\n            <\/div>\n            <p class='eventon_shad_p' style='padding:5px 0 0; margin:0'><button class='evcal_btn evo_btn_secondary evobtn_details_show_more' content='less'><span class='ev_more_text' data-txt='weniger'>mehr<\/span><span class='ev_more_arrow ard'><\/span><\/button><\/p><div class='clear'><\/div>        <\/div>\n    <\/div>\n<\/div><\/div><\/div><!-- row close --><div class='evocard_row'><div id='event_time' class='evocard_box time' data-c='' \n\t\t\t\t\tstyle=''><div class='evo_metarow_time evorow evcal_evdata_row evcal_evrow_sm '>\n\t\t<span class='evcal_evdata_icons'><i class='fa fa-clock-o'><\/i><\/span>\n\t\t<div class='evcal_evdata_cell'>\t\t\t\t\t\t\t\n\t\t\t<h3 class='evo_h3'><span class='evcal_evdata_icons'><i class='fa fa-clock-o'><\/i><\/span>Zeit<\/h3><div><span class='evo_eventcard_time_t evogap5 evofxww'><span class='start'>1 Februar 2026<\/span> - <span class='end'>31 Januar 2027<\/span> (ganztags)<\/span><span class='evo_tz marr5'>(GMT+01:00)<\/span><\/div>\n\t\t<\/div>\n\t<\/div><\/div><\/div><!-- row close --><div class='evocard_row bx2 bx'><div id='event_learnmore' class='evocard_box learnmore' data-c='' \n\t\t\t\t\tstyle=''><div class='evo_metarow_learnM evo_metarow_learnmore evorow'>\n\t\t\t\t\t\t\t<a class='evcal_evdata_row evo_clik_row ' href='https:\/\/www.unibe.ch\/continuing_education_programs\/cas_in_artificial_intelligence_in_medical_imaging\/index_eng.html' target=\"_blank\">\n\t\t\t\t\t\t\t\t<span class='evcal_evdata_icons'><i class='fa fa-link'><\/i><\/span>\n\t\t\t\t\t\t\t\t<h3 class='evo_h3'>Mehr Infos \/ Anmeldung<\/h3>\n\t\t\t\t\t\t\t<\/a>\n\t\t\t\t\t\t\t<\/div><\/div><div id='event_addtocal' class='evocard_box addtocal' data-c='' \n\t\t\t\t\tstyle=''><div class='evo_metarow_ICS evorow evcal_evdata_row'>\n\t\t\t<span class='evcal_evdata_icons'><i class='fa fa-calendar-o'><\/i><\/span>\n\t\t\t<div class='evcal_evdata_cell'>\n\t\t\t\t<p><a href='https:\/\/sgr-ssr.ch\/fr\/export-events\/18957_0\/?key=cd75fe199f' rel='nofollow' class='evo_ics_nCal' title='Add to your calendar'>Calendar<\/a><a href='https:\/\/www.google.com\/calendar\/event?action=TEMPLATE&text=CAS%20in%20Artificial%20Intelligence%20in%20Medical%20Imaging%20der%20Universit%C3%A4t%20Bern&dates=20260131T230000Z\/20270131T225959Z&ctz=Europe%2FVienna&details=CAS%20in%20Artificial%20Intelligence%20in%20Medical%20Imaging%20der%20Universit%C3%A4t%20Bern&location=' target='_blank' rel='nofollow' class='evo_ics_gCal' title='Add to google calendar'>GoogleCal<\/a><\/p>\t\n\t\t\t<\/div>\n\t\t<\/div><\/div><\/div><!-- row close --><button class='evo_card_row_end evcal_close' title='Close'><\/button><\/div><div class='clear end'><\/div><\/div><div id=\"event_19565_0\" class=\"eventon_list_event evo_eventtop scheduled  event clrD event_19565_0\" data-event_id=\"19565\" data-ri=\"0r\" data-time=\"1788472800-1788645599\" data-colr=\"#004961\" itemscope itemtype='http:\/\/schema.org\/Event'><div class=\"evo_event_schema\" style=\"display:none\" ><a itemprop='url'  href='https:\/\/sgr-ssr.ch\/fr\/events\/balgrist-mr-kurs-der-gelenke-2026\/'><\/a><meta itemprop='image'  \/><meta itemprop='startDate' content=\"2026-9-4\" \/><meta itemprop='endDate' content=\"2026-9-5\" \/><meta itemprop='eventStatus' content=\"https:\/\/schema.org\/EventScheduled\" \/><meta itemprop='eventAttendanceMode'   itemscope itemtype=\"https:\/\/schema.org\/OfflineEventAttendanceMode\"\/><div style=\"display:none\" itemprop=\"location\" itemscope itemtype=\"http:\/\/schema.org\/Place\"><span itemprop=\"name\">Universit\u00e4tsklinik Balgrist<\/span><span itemprop=\"address\" itemscope itemtype=\"http:\/\/schema.org\/PostalAddress\"><item itemprop=\"streetAddress\">Forchstrasse 340<\/item><\/span><\/div><div itemprop=\"organizer\" itemscope=\"\" itemtype=\"http:\/\/schema.org\/Organization\"><meta itemprop=\"name\" content=\"Universit\u00e4tsklinik Balgrist\">\n\t\t\t\t    \t<\/div><div itemprop=\"performer\" itemscope=\"\" itemtype=\"http:\/\/schema.org\/Person\"><meta itemprop=\"name\" content=\"Universit\u00e4tsklinik Balgrist\"><\/div><script type=\"application\/ld+json\">{\"@context\": \"http:\/\/schema.org\",\"@type\": \"Event\",\n\t\t\t\t\"@id\": \"event_19565_0\",\n\t\t\t\t\"eventAttendanceMode\":\"https:\/\/schema.org\/OfflineEventAttendanceMode\",\n\t\t\t\t\"eventStatus\":\"https:\/\/schema.org\/EventScheduled\",\n\t\t\t\t\"name\": \"Balgrist MR-Kurs der Gelenke 2026\",\n\t\t\t\t\"url\": \"https:\/\/sgr-ssr.ch\/fr\/events\/balgrist-mr-kurs-der-gelenke-2026\/\",\n\t\t\t\t\"startDate\": \"2026-9-4\",\n\t\t\t\t\"endDate\": \"2026-9-5\",\n\t\t\t\t\"image\":\"\", \n\t\t\t\t\"description\":\"<p>Der Balgrist MR-Kurs hat eine lange Tradition und erfreut sich grosser Beliebtheit. Der Kurs wird vor Ort an der Universit\u00e4tsklinik Balgrist durchgef\u00fchrt, inklusive interaktiven Falldemonstrationen mit unserem PACS-System.<br \/> Im zweit\u00e4gigen Intensivkurs werden Gelenke der oberen und unteren Extremit\u00e4t und die Wirbels\u00e4ule in strukturierter Form behandelt. Der Balgrist MR-Kurs richtet sich an Radiologen.<br \/> F\u00fcr jede Region gibt es zwei Module. Ein erstes, theoretisches Modul und ein zweites, praktisches Modul. Im ersten Modul werden die detaillierte MR- Anatomie, die MR-Untersuchungstechniken, die Pathologien sowie die neusten Entwicklungen und wissenschaftlichen Papers in strukturierter Form besprochen. Ein Schwerpunkt des Moduls ist die klinische Relevanz von MR-Befunden und anatomischen Varianten.<br \/> Im zweiten Modul werden F\u00e4lle am PACS mit den Kursteilnehmenden diskutiert. Sie haben die M\u00f6glichkeit, direkt auf das PACS-System der Radiologie Balgrist zuzugreifen. Sie k\u00f6nnen \u00fcber ihr eigenes Device (Laptop oder Mobile Device) selbst\u00e4ndig F\u00e4lle ansehen und in den Sequenzen scrollen, um die verschiedenen Befunde selber nachzuvollziehen.<\/p> <p>Wir freuen uns auf Ihre Teilnahme!<\/p> <p>Prof. Dr. med. Reto Sutter<br \/> Chefarzt Radiologie<br \/> Universit\u00e4tsklinik Balgrist<\/p> <p><strong>Datum und Uhrzeit<\/strong><br \/> Freitag, 4. September 2026, 8.50 &#8211; 17.30 Uhr bis<br \/> Samstag, 5. September 2026, 8.30 &#8211; 15.30 Uhr<\/p> <p><strong>Durchf\u00fchrungsort<\/strong><br \/> Universit\u00e4tsklinik Balgrist<br \/> Auditorium<br \/> Forchstrasse 340<br \/> 8008 Z\u00fcrich<\/p> <p><a href='https:\/\/sgr-ssr.ch\/wp-content\/uploads\/2026\/04\/2026-036_Programm-MR-Kurs-2026-002.pdf' target='_blank' rel='noopener noreferrer'>Programm<\/a><\/p> <p><a href='mailto:Stefanie.Pfister@balgrist.ch' target='_blank' rel='noopener noreferrer'>Contact<\/a><\/p> \",\"location\":[{\"@type\":\"Place\",\"name\":\"Universit\u00e4tsklinik Balgrist\",\"address\":{\"@type\": \"PostalAddress\",\"streetAddress\":\"Forchstrasse 340\"}}],\"organizer\":[{\"@type\":\"Organization\",\"name\":\"Universit\u00e4tsklinik Balgrist\"}]}<\/script><\/div>\r\n\t\t\t\t<p class=\"desc_trig_outter\" style=\"\"><a data-gmap_status=\"null\" data-exlk=\"0\" style=\"background-color: #004961;\" id=\"evc_178847280019565\" href=\"#\" class=\"desc_trig mul_val evcal_list_a allday\" data-ux_val=\"1\" data-ux_val_mob=\"-\"  ><span class='evoet_c2 evoet_cx '><span class='evoet_dayblock evcal_cblock ' data-bgcolor='#004961' data-smon='September' data-syr='2026' data-bub=''><span class='evo_start  evofxdrc'><em class='day'>Fr<\/em><em class='date'>04<\/em><em class='month'>Sep<\/em><em class='time'>ganztags<\/em><\/span><span class='evo_end  evofxdrc'><em class='day'>Sa<\/em><em class='date'>05<\/em><\/span><\/span><\/span><span class='evoet_c3 evoet_cx evcal_desc hide_eventtopdata '><span class='evoet_title evcal_desc2 evcal_event_title ' itemprop='name'>Balgrist MR-Kurs der Gelenke 2026<\/span><span class='event_location_attrs'  data-location_address=\"Forchstrasse 340\" data-location_type=\"address\" data-location_name=\"Universit\u00e4tsklinik Balgrist\" data-location_url=\"https:\/\/sgr-ssr.ch\/fr\/event-location\/universitaetsklinik-balgrist\/\" data-location_status=\"true\" data-locid=\"373\"><\/span><span class='evoet_cy evoet_subtitle evo_below_title' ><span class='evcal_event_subtitle ' >14 Credits<\/span><\/span><\/span><span class='evoet_data' data-d=\"{&quot;loc.n&quot;:&quot;Universit\\u00e4tsklinik Balgrist&quot;,&quot;orgs&quot;:{&quot;674&quot;:&quot;Universit\\u00e4tsklinik Balgrist&quot;},&quot;tags&quot;:[]}\" data-bgc=\"#004961\" data-bggrad=\"\" ><\/span><\/a><\/p><div class='event_description evcal_eventcard ' style=\"display:none\"><div class='evocard_row'><div id='event_eventdetails' class='evocard_box eventdetails' data-c='' \n\t\t\t\t\tstyle=''><div class=\"evo_metarow_details evorow evcal_evdata_row evcal_event_details\">\n    <div class=\"event_excerpt\" style=\"display:none\"><h3 class=\"padb5 evo_h3\">Veranstaltungsdetails<\/h3><p>Der Balgrist MR-Kurs hat eine lange Tradition und erfreut sich grosser Beliebtheit. Der Kurs wird vor Ort an der Universit\u00e4tsklinik Balgrist durchgef\u00fchrt, inklusive interaktiven Falldemonstrationen mit unserem PACS-System.\nIm zweit\u00e4gigen<\/p><\/div><span class='evcal_evdata_icons'><i class='fa fa-align-justify'><\/i><\/span>    <div class=\"evcal_evdata_cell shorter_desc\">\n        <div class=\"eventon_full_description\">\n            <h3 class=\"padb5 evo_h3\"><span class='evcal_evdata_icons'><i class='fa fa-align-justify'><\/i><\/span>Veranstaltungsdetails<\/h3>\n            <div class=\"eventon_desc_in\" itemprop=\"description\">\n                <p>Der Balgrist MR-Kurs hat eine lange Tradition und erfreut sich grosser Beliebtheit. Der Kurs wird vor Ort an der Universit\u00e4tsklinik Balgrist durchgef\u00fchrt, inklusive interaktiven Falldemonstrationen mit unserem PACS-System.<br \/>\nIm zweit\u00e4gigen Intensivkurs werden Gelenke der oberen und unteren Extremit\u00e4t und die Wirbels\u00e4ule in strukturierter Form behandelt. Der Balgrist MR-Kurs richtet sich an Radiologen.<br \/>\nF\u00fcr jede Region gibt es zwei Module. Ein erstes, theoretisches Modul und ein zweites, praktisches Modul. Im ersten Modul werden die detaillierte MR- Anatomie, die MR-Untersuchungstechniken, die Pathologien sowie die neusten Entwicklungen und wissenschaftlichen Papers in strukturierter Form besprochen. Ein Schwerpunkt des Moduls ist die klinische Relevanz von MR-Befunden und anatomischen Varianten.<br \/>\nIm zweiten Modul werden F\u00e4lle am PACS mit den Kursteilnehmenden diskutiert. Sie haben die M\u00f6glichkeit, direkt auf das PACS-System der Radiologie Balgrist zuzugreifen. Sie k\u00f6nnen \u00fcber ihr eigenes Device (Laptop oder Mobile Device) selbst\u00e4ndig F\u00e4lle ansehen und in den Sequenzen scrollen, um die verschiedenen Befunde selber nachzuvollziehen.<\/p>\n<p>Wir freuen uns auf Ihre Teilnahme!<\/p>\n<p>Prof. Dr. med. Reto Sutter<br \/>\nChefarzt Radiologie<br \/>\nUniversit\u00e4tsklinik Balgrist<\/p>\n<p><strong>Datum und Uhrzeit<\/strong><br \/>\nFreitag, 4. September 2026, 8.50 &#8211; 17.30 Uhr bis<br \/>\nSamstag, 5. September 2026, 8.30 &#8211; 15.30 Uhr<\/p>\n<p><strong>Durchf\u00fchrungsort<\/strong><br \/>\nUniversit\u00e4tsklinik Balgrist<br \/>\nAuditorium<br \/>\nForchstrasse 340<br \/>\n8008 Z\u00fcrich<\/p>\n<p><a href=\"https:\/\/sgr-ssr.ch\/wp-content\/uploads\/2026\/04\/2026-036_Programm-MR-Kurs-2026-002.pdf\" target=\"_blank\" rel=\"noopener noreferrer\">Programm<\/a><\/p>\n<p><a href=\"mailto:Stefanie.Pfister@balgrist.ch\" target=\"_blank\" rel=\"noopener noreferrer\">Contact<\/a><\/p>\n            <\/div>\n            <p class='eventon_shad_p' style='padding:5px 0 0; margin:0'><button class='evcal_btn evo_btn_secondary evobtn_details_show_more' content='less'><span class='ev_more_text' data-txt='weniger'>mehr<\/span><span class='ev_more_arrow ard'><\/span><\/button><\/p><div class='clear'><\/div>        <\/div>\n    <\/div>\n<\/div><\/div><\/div><!-- row close --><div class='evocard_row bx2 bx'><div id='event_time' class='evocard_box time' data-c='' \n\t\t\t\t\tstyle=''><div class='evo_metarow_time evorow evcal_evdata_row evcal_evrow_sm '>\n\t\t<span class='evcal_evdata_icons'><i class='fa fa-clock-o'><\/i><\/span>\n\t\t<div class='evcal_evdata_cell'>\t\t\t\t\t\t\t\n\t\t\t<h3 class='evo_h3'><span class='evcal_evdata_icons'><i class='fa fa-clock-o'><\/i><\/span>Zeit<\/h3><div><span class='evo_eventcard_time_t evogap5 evofxww'><span class=\"start\">4 September 2026<\/span>  - <span class=\"end\">5 September 2026<\/span> (ganztags)<\/span><span class='evo_tz marr5'>(GMT+02:00)<\/span><\/div>\n\t\t<\/div>\n\t<\/div><\/div><div id='event_location' class='evocard_box location' data-c='' \n\t\t\t\t\tstyle=''><div class='evcal_evdata_row evo_metarow_time_location evorow '>\n\t\t\n\t\t\t<span class='evcal_evdata_icons'><i class='fa fa-map-marker'><\/i><\/span>\n\t\t\t<div class='evcal_evdata_cell' data-loc_tax_id='373'><h3 class='evo_h3 evodfx'><span class='evcal_evdata_icons'><i class='fa fa-map-marker'><\/i><\/span>Ort<\/h3><p class='evo_location_name'>Universit\u00e4tsklinik Balgrist<\/p><p class='evo_location_address evodfxi evogap10'>Forchstrasse 340<\/p><div class='padt10'><span class='evo_btn_arr evolb_trigger' data-lbvals=\"{&quot;lbdata&quot;:{&quot;class&quot;:&quot;evo_location_lb_373&quot;,&quot;additional_class&quot;:&quot;lb_max&quot;,&quot;title&quot;:&quot;Universit\\u00e4tsklinik Balgrist&quot;},&quot;adata&quot;:{&quot;a&quot;:&quot;eventon_get_tax_card_content&quot;,&quot;end&quot;:&quot;client&quot;,&quot;data&quot;:{&quot;lang&quot;:&quot;L1&quot;,&quot;term_id&quot;:373,&quot;tax&quot;:&quot;event_location&quot;,&quot;load_lbcontent&quot;:true}},&quot;uid&quot;:&quot;eventon_get_tax_card_content&quot;}\" >Other Events<i class='fa fa-chevron-right' aria-hidden='true'><\/i><\/span><\/div><\/div>\n\t\t\n\t<\/div><\/div><\/div><!-- row close --><div class='evocard_row'><div id='event_organizer' class='evocard_box organizer' data-c='' \n\t\t\t\t\tstyle=''><div class='evo_metarow_organizer evorow evcal_evdata_row evcal_evrow_sm '>\n\t\t<span class='evcal_evdata_icons'><i class='fa fa-headphones'><\/i><\/span>\n\t\t<div class='evcal_evdata_cell'>\t\t\t\t\t\t\t\n\t\t\t<h3 class='evo_h3'>Veranstalter<\/h3><div class='evo_evdata_cell_content evodfx evofx_ww evofx_dr_r evogap15'><div class='evo_card_organizer evofx_1'><h4 class='evo_org_name evo_h4 marb5 evottui evocl1i evopadb10i'><span class='evo_card_organizer_name_t marb5'><a  href='https:\/\/sgr-ssr.ch\/fr\/event-organizer\/universitaetsklinik-balgrist\/' class='evocl1i'>Universit\u00e4tsklinik Balgrist<\/a><\/span><\/h4><p class='evo_card_organizer_more evomart10i'><a class='evolb_trigger evo_btn_arr mart10' data-lbvals=\"{&quot;lbc&quot;:&quot;evo_organizer_lb&quot;,&quot;lbac&quot;:&quot;lb_max&quot;,&quot;preload_temp_key&quot;:&quot;preload_taxlb&quot;,&quot;t&quot;:&quot;Universit\\u00e4tsklinik Balgrist&quot;,&quot;ajax&quot;:&quot;yes&quot;,&quot;ajax_type&quot;:&quot;endpoint&quot;,&quot;ajax_action&quot;:&quot;eventon_get_tax_card_content&quot;,&quot;end&quot;:&quot;client&quot;,&quot;d&quot;:{&quot;eventid&quot;:19565,&quot;ri&quot;:0,&quot;term_id&quot;:674,&quot;tax&quot;:&quot;event_organizer&quot;,&quot;load_lbcontent&quot;:true}}\" >Learn More<i class='fa fa-chevron-right'><\/i><\/a><\/p><\/div><!-- evo_card_organizer--><\/div><\/div>\t<\/div><\/div><\/div><!-- row close --><div class='evocard_row bx2 bx'><div id='event_learnmore' class='evocard_box learnmore' data-c='' \n\t\t\t\t\tstyle=''><div class='evo_metarow_learnM evo_metarow_learnmore evorow'>\n\t\t\t\t\t\t\t<a class='evcal_evdata_row evo_clik_row ' href='https:\/\/www.balgrist.ch\/veranstaltungen\/kongresse-und-fortbildungen\/balgrist-mr-kurs-der-gelenke-2026-960\/' target=\"_blank\">\n\t\t\t\t\t\t\t\t<span class='evcal_evdata_icons'><i class='fa fa-link'><\/i><\/span>\n\t\t\t\t\t\t\t\t<h3 class='evo_h3'>Mehr Infos \/ Anmeldung<\/h3>\n\t\t\t\t\t\t\t<\/a>\n\t\t\t\t\t\t\t<\/div><\/div><div id='event_addtocal' class='evocard_box addtocal' data-c='' \n\t\t\t\t\tstyle=''><div class='evo_metarow_ICS evorow evcal_evdata_row'>\n\t\t\t<span class='evcal_evdata_icons'><i class='fa fa-calendar-o'><\/i><\/span>\n\t\t\t<div class='evcal_evdata_cell'>\n\t\t\t\t<p><a href='https:\/\/sgr-ssr.ch\/fr\/export-events\/19565_0\/?key=cd75fe199f' rel='nofollow' class='evo_ics_nCal' title='Add to your calendar'>Calendar<\/a><a href='https:\/\/www.google.com\/calendar\/event?action=TEMPLATE&text=Balgrist%20MR-Kurs%20der%20Gelenke%202026&dates=20260903T220000Z\/20260905T215959Z&ctz=Europe%2FVienna&details=Balgrist%20MR-Kurs%20der%20Gelenke%202026&location=Universit%C3%A4tsklinik%20Balgrist%20Forchstrasse%20340' target='_blank' rel='nofollow' class='evo_ics_gCal' title='Add to google calendar'>GoogleCal<\/a><\/p>\t\n\t\t\t<\/div>\n\t\t<\/div><\/div><\/div><!-- row close --><div class='evocard_row'><div id='event_getdirection' class='evocard_box getdirection' data-c='' \n\t\t\t\t\tstyle=''><div class='evo_metarow_getDr evorow evcal_evdata_row evcal_evrow_sm getdirections'>\n\t\t<form action='https:\/\/maps.google.com\/maps' method='get' target='_blank'>\n\t\t\t<input type='hidden' name='daddr' value=\"Forchstrasse 340\"\/> \n\t\t\t<div class='evo_get_direction_content evo_fx_dr_r evogap10'>\n\t\t\t\t<span class='evogetdir_header evodfx evofxdrr evofxaic evogap10'>\n\t\t\t\t\t<i class='mainicon fa fa-road evofz24i'><\/i> \n\t\t\t\t\t<h3 class='evo_h3 evopad0i' style='padding-bottom:5px;'>Get Directions<\/h3>\n\t\t\t\t<\/span>\n\t\t\t\t<span class='evogetdir_field evodfx evofx_1_1 evow100p'>\t\n\t\t\t\t\t<label for='69f31a6068062' class='evo_aria_ready sr-only'>Address - Balgrist MR-Kurs der Gelenke 2026 []<\/label>\t\t\t\t\n\t\t\t\t\t<input id='69f31a6068062' class='evo_aria_ready_match evoInput2 evobr10 evow100p evopad10 evoff_2 evofz14i evobrdB1 evoboxbb' type='text' name='saddr' placeholder='Ihre Adresse' value='' style='' aria-label='Address - Balgrist MR-Kurs der Gelenke 2026 []' \/>\n\t\t\t\t<\/span>\n\t\t\t\t<div class='evodfx evofxdrr evofxaic evogap10'>\n\t\t\t\t\t<i class='fa fa-location-dot'><\/i>\n\t\t\t\t\t<div class='evoposr evofx_1 evoh100p'><label for='69f31a6068062' class='evo_aria_ready sr-only'>Destination Address - Balgrist MR-Kurs der Gelenke 2026 []<\/label>\t\t\n\t\t\t\t\t\t<input id='69f31a6068062' class='evo_aria_ready_match evoInput2 evobr10 evow100p evopad5-10 evoff_2 evofz14i evobrdB1 evoop5 evoboxbb evoh100p' type='text' style='' readonly value='Forchstrasse 340' aria-label='Destination Address - Balgrist MR-Kurs der Gelenke 2026 []'\/><button class='evo_copy_address evobuttonA evocurp evohoop7 evoposa evopad5' style='right: 3px; top: 4px; background-color: #fff;' data-txt='Forchstrasse 340' data-t='Address copied to clipboard!'><i class='far fa-copy evofz16i' title='Copy Destination Address!'><\/i><\/button>\n\t\t\t\t\t<\/div>\n\t\t\t\t\t<button type='submit' class='evo_get_direction_button evcal_btn dfx evofxaic evocurp evohoop7' title='Hier klicken f\u00fcr Wegbeschreibung' style='    padding: 10px 15px !important;'><i class='fa fa-chevron-right'><\/i> <\/button>\n\t\t\t\t<\/div>\n\t\t\t<\/div>\n\t\t<\/form>\n\t<\/div><\/div><\/div><!-- row close --><button class='evo_card_row_end evcal_close' title='Close'><\/button><\/div><div class='clear end'><\/div><\/div><div id=\"event_19573_0\" class=\"eventon_list_event evo_eventtop scheduled  event clrW event_19573_0\" data-event_id=\"19573\" data-ri=\"0r\" data-time=\"1788879600-1789225199\" data-colr=\"#4bb5d8\" itemscope itemtype='http:\/\/schema.org\/Event'><div class=\"evo_event_schema\" style=\"display:none\" ><a itemprop='url'  href='https:\/\/sgr-ssr.ch\/fr\/events\/82nd-annual-meeting-of-the-korean-society-of-radiology-kcr-2026\/'><\/a><meta itemprop='image'  \/><meta itemprop='startDate' content=\"2026-9-9\" \/><meta itemprop='endDate' content=\"2026-9-12\" \/><meta itemprop='eventStatus' content=\"https:\/\/schema.org\/EventScheduled\" \/><meta itemprop='eventAttendanceMode'   itemscope itemtype=\"https:\/\/schema.org\/OfflineEventAttendanceMode\"\/><div itemprop=\"organizer\" itemscope=\"\" itemtype=\"http:\/\/schema.org\/Organization\"><meta itemprop=\"name\" content=\"KSR - Korean Society of Radiology\">\n\t\t\t\t    \t<\/div><div itemprop=\"performer\" itemscope=\"\" itemtype=\"http:\/\/schema.org\/Person\"><meta itemprop=\"name\" content=\"KSR - Korean Society of Radiology\"><\/div><script type=\"application\/ld+json\">{\"@context\": \"http:\/\/schema.org\",\"@type\": \"Event\",\n\t\t\t\t\"@id\": \"event_19573_0\",\n\t\t\t\t\"eventAttendanceMode\":\"https:\/\/schema.org\/OfflineEventAttendanceMode\",\n\t\t\t\t\"eventStatus\":\"https:\/\/schema.org\/EventScheduled\",\n\t\t\t\t\"name\": \"82nd Annual Meeting of the Korean Society of Radiology (KCR 2026)\",\n\t\t\t\t\"url\": \"https:\/\/sgr-ssr.ch\/fr\/events\/82nd-annual-meeting-of-the-korean-society-of-radiology-kcr-2026\/\",\n\t\t\t\t\"startDate\": \"2026-9-9\",\n\t\t\t\t\"endDate\": \"2026-9-12\",\n\t\t\t\t\"image\":\"\", \n\t\t\t\t\"description\":\"<p>The KCR 2026 will be held on September 9-12, 2026 at Kintex 2, Goyang, Korea.<\/p> <p><a href='mailto:ask@kcr4u.org' target='_blank' rel='noopener noreferrer'>Kontakt<\/a><\/p> <p><a href='https:\/\/www.kcr4u.org\/' target='_blank' rel='noopener noreferrer'>Website<\/a><\/p> \",\"organizer\":[{\"@type\":\"Organization\",\"name\":\"KSR - Korean Society of Radiology\"}]}<\/script><\/div>\r\n\t\t\t\t<p class=\"desc_trig_outter\" style=\"\"><a data-gmap_status=\"null\" data-exlk=\"0\" style=\"background-color: #4bb5d8;\" id=\"evc_178887960019573\" href=\"#\" class=\"desc_trig mul_val evcal_list_a allday\" data-ux_val=\"1\" data-ux_val_mob=\"-\"  ><span class='evoet_c2 evoet_cx '><span class='evoet_dayblock evcal_cblock ' data-bgcolor='#4bb5d8' data-smon='September' data-syr='2026' data-bub=''><span class='evo_start  evofxdrc'><em class='day'>Mi<\/em><em class='date'>09<\/em><em class='month'>Sep<\/em><em class='time'>ganztags<\/em><\/span><span class='evo_end  evofxdrc'><em class='day'>Sa<\/em><em class='date'>12<\/em><\/span><\/span><\/span><span class='evoet_c3 evoet_cx evcal_desc hide_eventtopdata '><span class='evoet_title evcal_desc2 evcal_event_title ' itemprop='name'>82nd Annual Meeting of the Korean Society of Radiology (KCR 2026)<\/span><\/span><span class='evoet_data' data-d=\"{&quot;loc.n&quot;:&quot;&quot;,&quot;orgs&quot;:{&quot;676&quot;:&quot;KSR - Korean Society of Radiology&quot;},&quot;tags&quot;:[]}\" data-bgc=\"#4bb5d8\" data-bggrad=\"\" ><\/span><\/a><\/p><div class='event_description evcal_eventcard ' style=\"display:none\"><div class='evocard_row'><div id='event_eventdetails' class='evocard_box eventdetails' data-c='' \n\t\t\t\t\tstyle=''><div class=\"evo_metarow_details evorow evcal_evdata_row evcal_event_details\">\n    <div class=\"event_excerpt\" style=\"display:none\"><h3 class=\"padb5 evo_h3\">Veranstaltungsdetails<\/h3><p>The KCR 2026 will be held on September 9-12, 2026 at Kintex 2, Goyang, Korea.\nKontakt\nWebsite<\/p><\/div><span class='evcal_evdata_icons'><i class='fa fa-align-justify'><\/i><\/span>    <div class=\"evcal_evdata_cell \">\n        <div class=\"eventon_full_description\">\n            <h3 class=\"padb5 evo_h3\"><span class='evcal_evdata_icons'><i class='fa fa-align-justify'><\/i><\/span>Veranstaltungsdetails<\/h3>\n            <div class=\"eventon_desc_in\" itemprop=\"description\">\n                <p>The KCR 2026 will be held on September 9-12, 2026 at Kintex 2, Goyang, Korea.<\/p>\n<p><a href=\"mailto:ask@kcr4u.org\" target=\"_blank\" rel=\"noopener noreferrer\">Kontakt<\/a><\/p>\n<p><a href=\"https:\/\/www.kcr4u.org\/\" target=\"_blank\" rel=\"noopener noreferrer\">Website<\/a><\/p>\n            <\/div>\n            <div class='clear'><\/div>        <\/div>\n    <\/div>\n<\/div><\/div><\/div><!-- row close --><div class='evocard_row'><div id='event_time' class='evocard_box time' data-c='' \n\t\t\t\t\tstyle=''><div class='evo_metarow_time evorow evcal_evdata_row evcal_evrow_sm '>\n\t\t<span class='evcal_evdata_icons'><i class='fa fa-clock-o'><\/i><\/span>\n\t\t<div class='evcal_evdata_cell'>\t\t\t\t\t\t\t\n\t\t\t<h3 class='evo_h3'><span class='evcal_evdata_icons'><i class='fa fa-clock-o'><\/i><\/span>Zeit<\/h3><div><span class='evo_eventcard_time_t evogap5 evofxww'><span class=\"start\">9 September 2026<\/span>  - <span class=\"end\">12 September 2026<\/span> (ganztags)<\/span><span class='evo_tz marr5'>(GMT+09:00)<\/span><\/div>\n\t\t<\/div>\n\t<\/div><\/div><\/div><!-- row close --><div class='evocard_row'><div id='event_organizer' class='evocard_box organizer' data-c='' \n\t\t\t\t\tstyle=''><div class='evo_metarow_organizer evorow evcal_evdata_row evcal_evrow_sm '>\n\t\t<span class='evcal_evdata_icons'><i class='fa fa-headphones'><\/i><\/span>\n\t\t<div class='evcal_evdata_cell'>\t\t\t\t\t\t\t\n\t\t\t<h3 class='evo_h3'>Veranstalter<\/h3><div class='evo_evdata_cell_content evodfx evofx_ww evofx_dr_r evogap15'><div class='evo_card_organizer evofx_1'><h4 class='evo_org_name evo_h4 marb5 evottui evocl1i evopadb10i'><span class='evo_card_organizer_name_t marb5'><a  href='https:\/\/sgr-ssr.ch\/fr\/event-organizer\/ksr-korean-society-of-radiology\/' class='evocl1i'>KSR - Korean Society of Radiology<\/a><\/span><\/h4><p class='evo_card_organizer_more evomart10i'><a class='evolb_trigger evo_btn_arr mart10' data-lbvals=\"{&quot;lbc&quot;:&quot;evo_organizer_lb&quot;,&quot;lbac&quot;:&quot;lb_max&quot;,&quot;preload_temp_key&quot;:&quot;preload_taxlb&quot;,&quot;t&quot;:&quot;KSR - Korean Society of Radiology&quot;,&quot;ajax&quot;:&quot;yes&quot;,&quot;ajax_type&quot;:&quot;endpoint&quot;,&quot;ajax_action&quot;:&quot;eventon_get_tax_card_content&quot;,&quot;end&quot;:&quot;client&quot;,&quot;d&quot;:{&quot;eventid&quot;:19573,&quot;ri&quot;:0,&quot;term_id&quot;:676,&quot;tax&quot;:&quot;event_organizer&quot;,&quot;load_lbcontent&quot;:true}}\" >Learn More<i class='fa fa-chevron-right'><\/i><\/a><\/p><\/div><!-- evo_card_organizer--><\/div><\/div>\t<\/div><\/div><\/div><!-- row close --><div class='evocard_row bx2 bx'><div id='event_learnmore' class='evocard_box learnmore' data-c='' \n\t\t\t\t\tstyle=''><div class='evo_metarow_learnM evo_metarow_learnmore evorow'>\n\t\t\t\t\t\t\t<a class='evcal_evdata_row evo_clik_row ' href='https:\/\/www.kcr4u.org\/ ' target=\"_blank\">\n\t\t\t\t\t\t\t\t<span class='evcal_evdata_icons'><i class='fa fa-link'><\/i><\/span>\n\t\t\t\t\t\t\t\t<h3 class='evo_h3'>Mehr Infos \/ Anmeldung<\/h3>\n\t\t\t\t\t\t\t<\/a>\n\t\t\t\t\t\t\t<\/div><\/div><div id='event_addtocal' class='evocard_box addtocal' data-c='' \n\t\t\t\t\tstyle=''><div class='evo_metarow_ICS evorow evcal_evdata_row'>\n\t\t\t<span class='evcal_evdata_icons'><i class='fa fa-calendar-o'><\/i><\/span>\n\t\t\t<div class='evcal_evdata_cell'>\n\t\t\t\t<p><a href='https:\/\/sgr-ssr.ch\/fr\/export-events\/19573_0\/?key=cd75fe199f' rel='nofollow' class='evo_ics_nCal' title='Add to your calendar'>Calendar<\/a><a href='https:\/\/www.google.com\/calendar\/event?action=TEMPLATE&text=82nd%20Annual%20Meeting%20of%20the%20Korean%20Society%20of%20Radiology%20%28KCR%202026%29&dates=20260908T150000Z\/20260912T145959Z&ctz=Asia%2FSeoul&details=82nd%20Annual%20Meeting%20of%20the%20Korean%20Society%20of%20Radiology%20%28KCR%202026%29&location=' target='_blank' rel='nofollow' class='evo_ics_gCal' title='Add to google calendar'>GoogleCal<\/a><\/p>\t\n\t\t\t<\/div>\n\t\t<\/div><\/div><\/div><!-- row close --><button class='evo_card_row_end evcal_close' title='Close'><\/button><\/div><div class='clear end'><\/div><\/div><div id=\"event_19240_0\" class=\"eventon_list_event evo_eventtop scheduled  event clrW event_19240_0\" data-event_id=\"19240\" data-ri=\"0r\" data-time=\"1789509600-1789855199\" data-colr=\"#28b9da\" itemscope itemtype='http:\/\/schema.org\/Event'><div class=\"evo_event_schema\" style=\"display:none\" ><a itemprop='url'  href='https:\/\/sgr-ssr.ch\/fr\/events\/57-jahrestagung-der-deutschen-gesellschaft-fuer-medizinische-physik-dgmp-2026\/'><\/a><meta itemprop='image'  \/><meta itemprop='startDate' content=\"2026-9-16\" \/><meta itemprop='endDate' content=\"2026-9-19\" \/><meta itemprop='eventStatus' content=\"https:\/\/schema.org\/EventScheduled\" \/><meta itemprop='eventAttendanceMode'   itemscope itemtype=\"https:\/\/schema.org\/OfflineEventAttendanceMode\"\/><div style=\"display:none\" itemprop=\"location\" itemscope itemtype=\"http:\/\/schema.org\/VirtualLocation\"><\/div><script type=\"application\/ld+json\">{\"@context\": \"http:\/\/schema.org\",\"@type\": \"Event\",\n\t\t\t\t\"@id\": \"event_19240_0\",\n\t\t\t\t\"eventAttendanceMode\":\"https:\/\/schema.org\/OfflineEventAttendanceMode\",\n\t\t\t\t\"eventStatus\":\"https:\/\/schema.org\/EventScheduled\",\n\t\t\t\t\"name\": \"57. Jahrestagung der Deutschen Gesellschaft f\u00fcr Medizinische Physik  (DGMP 2026)\",\n\t\t\t\t\"url\": \"https:\/\/sgr-ssr.ch\/fr\/events\/57-jahrestagung-der-deutschen-gesellschaft-fuer-medizinische-physik-dgmp-2026\/\",\n\t\t\t\t\"startDate\": \"2026-9-16\",\n\t\t\t\t\"endDate\": \"2026-9-19\",\n\t\t\t\t\"image\":\"\", \n\t\t\t\t\"description\":\"<p>Medizinische Physik, Radiologie, Nuklearmedizin, Radioonkologie<\/p> <p><a href='mailto:andreh.munla-ali@conventus.de'>Kontakt<\/a><\/p> <p><a href='https:\/\/dgmp-kongress.de\/'>Webseite<\/a><\/p> \",\"location\":[{\"@type\":\"VirtualLocation\"}]}<\/script><\/div>\r\n\t\t\t\t<p class=\"desc_trig_outter\" style=\"\"><a data-gmap_status=\"null\" data-exlk=\"0\" style=\"background-color: #28b9da;\" id=\"evc_178950960019240\" href=\"#\" class=\"desc_trig mul_val evcal_list_a allday\" data-ux_val=\"1\" data-ux_val_mob=\"-\"  ><span class='evoet_c2 evoet_cx '><span class='evoet_dayblock evcal_cblock ' data-bgcolor='#28b9da' data-smon='September' data-syr='2026' data-bub=''><span class='evo_start  evofxdrc'><em class='day'>Mi<\/em><em class='date'>16<\/em><em class='month'>Sep<\/em><em class='time'>ganztags<\/em><\/span><span class='evo_end  evofxdrc'><em class='day'>Sa<\/em><em class='date'>19<\/em><\/span><\/span><\/span><span class='evoet_c3 evoet_cx evcal_desc hide_eventtopdata '><span class='evoet_title evcal_desc2 evcal_event_title ' itemprop='name'>57. Jahrestagung der Deutschen Gesellschaft f\u00fcr Medizinische Physik  (DGMP 2026)<\/span><\/span><span class='evoet_data' data-d=\"{&quot;loc.n&quot;:&quot;online&quot;,&quot;orgs&quot;:[],&quot;tags&quot;:[]}\" data-bgc=\"#28b9da\" data-bggrad=\"\" ><\/span><\/a><\/p><div class='event_description evcal_eventcard ' style=\"display:none\"><div class='evocard_row'><div id='event_eventdetails' class='evocard_box eventdetails' data-c='' \n\t\t\t\t\tstyle=''><div class=\"evo_metarow_details evorow evcal_evdata_row evcal_event_details\">\n    <div class=\"event_excerpt\" style=\"display:none\"><h3 class=\"padb5 evo_h3\">Veranstaltungsdetails<\/h3><p>Medizinische Physik, Radiologie, Nuklearmedizin, Radioonkologie\nKontakt\nWebseite<\/p><\/div><span class='evcal_evdata_icons'><i class='fa fa-align-justify'><\/i><\/span>    <div class=\"evcal_evdata_cell \">\n        <div class=\"eventon_full_description\">\n            <h3 class=\"padb5 evo_h3\"><span class='evcal_evdata_icons'><i class='fa fa-align-justify'><\/i><\/span>Veranstaltungsdetails<\/h3>\n            <div class=\"eventon_desc_in\" itemprop=\"description\">\n                <p>Medizinische Physik, Radiologie, Nuklearmedizin, Radioonkologie<\/p>\n<p><a href=\"mailto:andreh.munla-ali@conventus.de\">Kontakt<\/a><\/p>\n<p><a href=\"https:\/\/dgmp-kongress.de\/\">Webseite<\/a><\/p>\n            <\/div>\n            <div class='clear'><\/div>        <\/div>\n    <\/div>\n<\/div><\/div><\/div><!-- row close --><div class='evocard_row bx2 bx'><div id='event_time' class='evocard_box time' data-c='' \n\t\t\t\t\tstyle=''><div class='evo_metarow_time evorow evcal_evdata_row evcal_evrow_sm '>\n\t\t<span class='evcal_evdata_icons'><i class='fa fa-clock-o'><\/i><\/span>\n\t\t<div class='evcal_evdata_cell'>\t\t\t\t\t\t\t\n\t\t\t<h3 class='evo_h3'><span class='evcal_evdata_icons'><i class='fa fa-clock-o'><\/i><\/span>Zeit<\/h3><div><span class='evo_eventcard_time_t evogap5 evofxww'><span class=\"start\">16 September 2026<\/span>  - <span class=\"end\">19 September 2026<\/span> (ganztags)<\/span><span class='evo_tz marr5'>(GMT+02:00)<\/span><\/div>\n\t\t<\/div>\n\t<\/div><\/div><div id='event_location' class='evocard_box location' data-c='' \n\t\t\t\t\tstyle=''><div class='evcal_evdata_row evo_metarow_time_location evorow '>\n\t\t\n\t\t\t<span class='evcal_evdata_icons'><i class='fa fa-map-marker'><\/i><\/span>\n\t\t\t<div class='evcal_evdata_cell' data-loc_tax_id='138'><h3 class='evo_h3 evodfx'><span class='evcal_evdata_icons'><i class='fa fa-map-marker'><\/i><\/span>Ort<\/h3><p class='evo_location_name'>online<\/p><div class='padt10'><span class='evo_btn_arr evolb_trigger' data-lbvals=\"{&quot;lbdata&quot;:{&quot;class&quot;:&quot;evo_location_lb_138&quot;,&quot;additional_class&quot;:&quot;lb_max&quot;,&quot;title&quot;:&quot;online&quot;},&quot;adata&quot;:{&quot;a&quot;:&quot;eventon_get_tax_card_content&quot;,&quot;end&quot;:&quot;client&quot;,&quot;data&quot;:{&quot;lang&quot;:&quot;L1&quot;,&quot;term_id&quot;:138,&quot;tax&quot;:&quot;event_location&quot;,&quot;load_lbcontent&quot;:true}},&quot;uid&quot;:&quot;eventon_get_tax_card_content&quot;}\" >Other Events<i class='fa fa-chevron-right' aria-hidden='true'><\/i><\/span><\/div><\/div>\n\t\t\n\t<\/div><\/div><\/div><!-- row close --><div class='evocard_row bx2 bx'><div id='event_learnmore' class='evocard_box learnmore' data-c='' \n\t\t\t\t\tstyle=''><div class='evo_metarow_learnM evo_metarow_learnmore evorow'>\n\t\t\t\t\t\t\t<a class='evcal_evdata_row evo_clik_row ' href='https:\/\/dgmp-kongress.de\/' target=\"_blank\">\n\t\t\t\t\t\t\t\t<span class='evcal_evdata_icons'><i class='fa fa-link'><\/i><\/span>\n\t\t\t\t\t\t\t\t<h3 class='evo_h3'>Mehr Infos \/ Anmeldung<\/h3>\n\t\t\t\t\t\t\t<\/a>\n\t\t\t\t\t\t\t<\/div><\/div><div id='event_addtocal' class='evocard_box addtocal' data-c='' \n\t\t\t\t\tstyle=''><div class='evo_metarow_ICS evorow evcal_evdata_row'>\n\t\t\t<span class='evcal_evdata_icons'><i class='fa fa-calendar-o'><\/i><\/span>\n\t\t\t<div class='evcal_evdata_cell'>\n\t\t\t\t<p><a href='https:\/\/sgr-ssr.ch\/fr\/export-events\/19240_0\/?key=cd75fe199f' rel='nofollow' class='evo_ics_nCal' title='Add to your calendar'>Calendar<\/a><a href='https:\/\/www.google.com\/calendar\/event?action=TEMPLATE&text=57.%20Jahrestagung%20der%20Deutschen%20Gesellschaft%20f%C3%BCr%20Medizinische%20Physik%20%20%28DGMP%202026%29&dates=20260915T220000Z\/20260919T215959Z&ctz=Europe%2FVienna&details=57.%20Jahrestagung%20der%20Deutschen%20Gesellschaft%20f%C3%BCr%20Medizinische%20Physik%20%20%28DGMP%202026%29&location=online' target='_blank' rel='nofollow' class='evo_ics_gCal' title='Add to google calendar'>GoogleCal<\/a><\/p>\t\n\t\t\t<\/div>\n\t\t<\/div><\/div><\/div><!-- row close --><button class='evo_card_row_end evcal_close' title='Close'><\/button><\/div><div class='clear end'><\/div><\/div><div id=\"event_19217_0\" class=\"eventon_list_event evo_eventtop scheduled  event clrW event_19217_0\" data-event_id=\"19217\" data-ri=\"0r\" data-time=\"1789596000-1789855199\" data-colr=\"#28b9da\" itemscope itemtype='http:\/\/schema.org\/Event'><div class=\"evo_event_schema\" style=\"display:none\" ><a itemprop='url'  href='https:\/\/sgr-ssr.ch\/fr\/events\/senologie-2026-40-jahrestagung-der-oesterreichischen-gesellschaft-fuer-senologie-oegs\/'><\/a><meta itemprop='image'  \/><meta itemprop='startDate' content=\"2026-9-17\" \/><meta itemprop='endDate' content=\"2026-9-19\" \/><meta itemprop='eventStatus' content=\"https:\/\/schema.org\/EventScheduled\" \/><meta itemprop='eventAttendanceMode'   itemscope itemtype=\"https:\/\/schema.org\/OfflineEventAttendanceMode\"\/><div style=\"display:none\" itemprop=\"location\" itemscope itemtype=\"http:\/\/schema.org\/Place\"><span itemprop=\"name\">congress | graz<\/span><span itemprop=\"address\" itemscope itemtype=\"http:\/\/schema.org\/PostalAddress\"><item itemprop=\"streetAddress\">Albrechtgasse 1, 8010 Graz<\/item><\/span><\/div><div itemprop=\"organizer\" itemscope=\"\" itemtype=\"http:\/\/schema.org\/Organization\"><meta itemprop=\"name\" content=\"\u00d6sterreichische Gesellschaft f\u00fcr Senologie\">\n\t\t\t\t    \t<\/div><div itemprop=\"performer\" itemscope=\"\" itemtype=\"http:\/\/schema.org\/Person\"><meta itemprop=\"name\" content=\"\u00d6sterreichische Gesellschaft f\u00fcr Senologie\"><\/div><script type=\"application\/ld+json\">{\"@context\": \"http:\/\/schema.org\",\"@type\": \"Event\",\n\t\t\t\t\"@id\": \"event_19217_0\",\n\t\t\t\t\"eventAttendanceMode\":\"https:\/\/schema.org\/OfflineEventAttendanceMode\",\n\t\t\t\t\"eventStatus\":\"https:\/\/schema.org\/EventScheduled\",\n\t\t\t\t\"name\": \"SENOLOGIE 2026 - 40. Jahrestagung der \u00d6sterreichischen Gesellschaft f\u00fcr Senologie (\u00d6GS)\",\n\t\t\t\t\"url\": \"https:\/\/sgr-ssr.ch\/fr\/events\/senologie-2026-40-jahrestagung-der-oesterreichischen-gesellschaft-fuer-senologie-oegs\/\",\n\t\t\t\t\"startDate\": \"2026-9-17\",\n\t\t\t\t\"endDate\": \"2026-9-19\",\n\t\t\t\t\"image\":\"\", \n\t\t\t\t\"description\":\"<p>SENOLOGIE 2026<br \/> 40. Jahrestagung der \u00d6sterreichischen Gesellschaft f\u00fcr Senologie (\u00d6GS)<\/p> <p style='font-weight: 400;'>Bitte finden Sie alle Infos zur Tagung auf der <a href='https:\/\/senologie.at\/'>Kongresswebseite.<\/a><\/p> <p>Kongresspr\u00e4sidenten:<\/p> <p>Univ.-Prof. Dr. Michael Fuchsj\u00e4ger<br \/> Leiter: Klinische Abteilung f\u00fcr Allgemeine Radiologische Diagnostik<br \/> Vorstand: Universit\u00e4tsklinik f\u00fcr Radiologie, Medizinische Universit\u00e4t Graz<br \/> Vice President: European Society of Breast Imaging<\/p> <p>Termin und Ort:<br \/> 17.-19. September 2026<br \/> Congress Graz, Albrechtgasse 1, 8010 Graz<\/p> <p><a href='mailto:maw@media.co.at'>Kontakt<\/a><br \/> Frau Iris Bobal<\/p> \",\"location\":[{\"@type\":\"Place\",\"name\":\"congress | graz\",\"address\":{\"@type\": \"PostalAddress\",\"streetAddress\":\"Albrechtgasse 1, 8010 Graz\"}}],\"organizer\":[{\"@type\":\"Organization\",\"name\":\"\u00d6sterreichische Gesellschaft f\u00fcr Senologie\"}]}<\/script><\/div>\r\n\t\t\t\t<p class=\"desc_trig_outter\" style=\"\"><a data-gmap_status=\"null\" data-exlk=\"0\" style=\"background-color: #28b9da;\" id=\"evc_178959600019217\" href=\"#\" class=\"desc_trig mul_val evcal_list_a allday\" data-ux_val=\"1\" data-ux_val_mob=\"-\"  ><span class='evoet_c2 evoet_cx '><span class='evoet_dayblock evcal_cblock ' data-bgcolor='#28b9da' data-smon='September' data-syr='2026' data-bub=''><span class='evo_start  evofxdrc'><em class='day'>Do<\/em><em class='date'>17<\/em><em class='month'>Sep<\/em><em class='time'>ganztags<\/em><\/span><span class='evo_end  evofxdrc'><em class='day'>Sa<\/em><em class='date'>19<\/em><\/span><\/span><\/span><span class='evoet_c3 evoet_cx evcal_desc hide_eventtopdata '><span class='evoet_title evcal_desc2 evcal_event_title ' itemprop='name'>SENOLOGIE 2026 - 40. Jahrestagung der \u00d6sterreichischen Gesellschaft f\u00fcr Senologie (\u00d6GS)<\/span><span class='event_location_attrs'  data-location_address=\"Albrechtgasse 1, 8010 Graz\" data-location_type=\"address\" data-location_name=\"congress | graz\" data-location_url=\"https:\/\/sgr-ssr.ch\/fr\/event-location\/congress-graz\/\" data-location_status=\"true\" data-locid=\"128\"><\/span><\/span><span class='evoet_data' data-d=\"{&quot;loc.n&quot;:&quot;congress | graz&quot;,&quot;orgs&quot;:{&quot;379&quot;:&quot;\\u00d6sterreichische Gesellschaft f\\u00fcr Senologie&quot;},&quot;tags&quot;:[]}\" data-bgc=\"#28b9da\" data-bggrad=\"\" ><\/span><\/a><\/p><div class='event_description evcal_eventcard ' style=\"display:none\"><div class='evocard_row'><div id='event_eventdetails' class='evocard_box eventdetails' data-c='' \n\t\t\t\t\tstyle=''><div class=\"evo_metarow_details evorow evcal_evdata_row evcal_event_details\">\n    <div class=\"event_excerpt\" style=\"display:none\"><h3 class=\"padb5 evo_h3\">Veranstaltungsdetails<\/h3><p>SENOLOGIE 2026\n40. Jahrestagung der \u00d6sterreichischen Gesellschaft f\u00fcr Senologie (\u00d6GS)\nBitte finden Sie alle Infos zur Tagung auf der Kongresswebseite.\nKongresspr\u00e4sidenten:\nUniv.-Prof. Dr. Michael Fuchsj\u00e4ger\nLeiter: Klinische Abteilung f\u00fcr Allgemeine<\/p><\/div><span class='evcal_evdata_icons'><i class='fa fa-align-justify'><\/i><\/span>    <div class=\"evcal_evdata_cell shorter_desc\">\n        <div class=\"eventon_full_description\">\n            <h3 class=\"padb5 evo_h3\"><span class='evcal_evdata_icons'><i class='fa fa-align-justify'><\/i><\/span>Veranstaltungsdetails<\/h3>\n            <div class=\"eventon_desc_in\" itemprop=\"description\">\n                <p>SENOLOGIE 2026<br \/>\n40. Jahrestagung der \u00d6sterreichischen Gesellschaft f\u00fcr Senologie (\u00d6GS)<\/p>\n<p style=\"font-weight: 400;\">Bitte finden Sie alle Infos zur Tagung auf der <a href=\"https:\/\/senologie.at\/\">Kongresswebseite.<\/a><\/p>\n<p>Kongresspr\u00e4sidenten:<\/p>\n<p>Univ.-Prof. Dr. Michael Fuchsj\u00e4ger<br \/>\nLeiter: Klinische Abteilung f\u00fcr Allgemeine Radiologische Diagnostik<br \/>\nVorstand: Universit\u00e4tsklinik f\u00fcr Radiologie, Medizinische Universit\u00e4t Graz<br \/>\nVice President: European Society of Breast Imaging<\/p>\n<p>Termin und Ort:<br \/>\n17.-19. September 2026<br \/>\nCongress Graz, Albrechtgasse 1, 8010 Graz<\/p>\n<p><a href=\"mailto:maw@media.co.at\">Kontakt<\/a><br \/>\nFrau Iris Bobal<\/p>\n            <\/div>\n            <p class='eventon_shad_p' style='padding:5px 0 0; margin:0'><button class='evcal_btn evo_btn_secondary evobtn_details_show_more' content='less'><span class='ev_more_text' data-txt='weniger'>mehr<\/span><span class='ev_more_arrow ard'><\/span><\/button><\/p><div class='clear'><\/div>        <\/div>\n    <\/div>\n<\/div><\/div><\/div><!-- row close --><div class='evocard_row bx2 bx'><div id='event_time' class='evocard_box time' data-c='' \n\t\t\t\t\tstyle=''><div class='evo_metarow_time evorow evcal_evdata_row evcal_evrow_sm '>\n\t\t<span class='evcal_evdata_icons'><i class='fa fa-clock-o'><\/i><\/span>\n\t\t<div class='evcal_evdata_cell'>\t\t\t\t\t\t\t\n\t\t\t<h3 class='evo_h3'><span class='evcal_evdata_icons'><i class='fa fa-clock-o'><\/i><\/span>Zeit<\/h3><div><span class='evo_eventcard_time_t evogap5 evofxww'><span class=\"start\">17 September 2026<\/span>  - <span class=\"end\">19 September 2026<\/span> (ganztags)<\/span><span class='evo_tz marr5'>(GMT+02:00)<\/span><\/div>\n\t\t<\/div>\n\t<\/div><\/div><div id='event_location' class='evocard_box location' data-c='' \n\t\t\t\t\tstyle=''><div class='evcal_evdata_row evo_metarow_time_location evorow '>\n\t\t\n\t\t\t<span class='evcal_evdata_icons'><i class='fa fa-map-marker'><\/i><\/span>\n\t\t\t<div class='evcal_evdata_cell' data-loc_tax_id='128'><h3 class='evo_h3 evodfx'><span class='evcal_evdata_icons'><i class='fa fa-map-marker'><\/i><\/span>Ort<\/h3><p class='evo_location_name'>congress | graz<\/p><p class='evo_location_address evodfxi evogap10'>Albrechtgasse 1, 8010 Graz<\/p><div class='padt10'><span class='evo_btn_arr evolb_trigger' data-lbvals=\"{&quot;lbdata&quot;:{&quot;class&quot;:&quot;evo_location_lb_128&quot;,&quot;additional_class&quot;:&quot;lb_max&quot;,&quot;title&quot;:&quot;congress | graz&quot;},&quot;adata&quot;:{&quot;a&quot;:&quot;eventon_get_tax_card_content&quot;,&quot;end&quot;:&quot;client&quot;,&quot;data&quot;:{&quot;lang&quot;:&quot;L1&quot;,&quot;term_id&quot;:128,&quot;tax&quot;:&quot;event_location&quot;,&quot;load_lbcontent&quot;:true}},&quot;uid&quot;:&quot;eventon_get_tax_card_content&quot;}\" >Other Events<i class='fa fa-chevron-right' aria-hidden='true'><\/i><\/span><\/div><\/div>\n\t\t\n\t<\/div><\/div><\/div><!-- row close --><div class='evocard_row'><div id='event_organizer' class='evocard_box organizer' data-c='' \n\t\t\t\t\tstyle=''><div class='evo_metarow_organizer evorow evcal_evdata_row evcal_evrow_sm '>\n\t\t<span class='evcal_evdata_icons'><i class='fa fa-headphones'><\/i><\/span>\n\t\t<div class='evcal_evdata_cell'>\t\t\t\t\t\t\t\n\t\t\t<h3 class='evo_h3'>Veranstalter<\/h3><div class='evo_evdata_cell_content evodfx evofx_ww evofx_dr_r evogap15'><div class='evo_card_organizer evofx_1'><h4 class='evo_org_name evo_h4 marb5 evottui evocl1i evopadb10i'><span class='evo_card_organizer_name_t marb5'><a  href='https:\/\/sgr-ssr.ch\/fr\/event-organizer\/oesterreichische-gesellschaft-fuer-senologie\/' class='evocl1i'>\u00d6sterreichische Gesellschaft f\u00fcr Senologie<\/a><\/span><\/h4><p class='evo_card_organizer_more evomart10i'><a class='evolb_trigger evo_btn_arr mart10' data-lbvals=\"{&quot;lbc&quot;:&quot;evo_organizer_lb&quot;,&quot;lbac&quot;:&quot;lb_max&quot;,&quot;preload_temp_key&quot;:&quot;preload_taxlb&quot;,&quot;t&quot;:&quot;\\u00d6sterreichische Gesellschaft f\\u00fcr Senologie&quot;,&quot;ajax&quot;:&quot;yes&quot;,&quot;ajax_type&quot;:&quot;endpoint&quot;,&quot;ajax_action&quot;:&quot;eventon_get_tax_card_content&quot;,&quot;end&quot;:&quot;client&quot;,&quot;d&quot;:{&quot;eventid&quot;:19217,&quot;ri&quot;:0,&quot;term_id&quot;:379,&quot;tax&quot;:&quot;event_organizer&quot;,&quot;load_lbcontent&quot;:true}}\" >Learn More<i class='fa fa-chevron-right'><\/i><\/a><\/p><\/div><!-- evo_card_organizer--><\/div><\/div>\t<\/div><\/div><\/div><!-- row close --><div class='evocard_row bx2 bx'><div id='event_learnmore' class='evocard_box learnmore' data-c='' \n\t\t\t\t\tstyle=''><div class='evo_metarow_learnM evo_metarow_learnmore evorow'>\n\t\t\t\t\t\t\t<a class='evcal_evdata_row evo_clik_row ' href='https:\/\/senologie.at\/login-de\/' target=\"_blank\">\n\t\t\t\t\t\t\t\t<span class='evcal_evdata_icons'><i class='fa fa-link'><\/i><\/span>\n\t\t\t\t\t\t\t\t<h3 class='evo_h3'>Mehr Infos \/ Anmeldung<\/h3>\n\t\t\t\t\t\t\t<\/a>\n\t\t\t\t\t\t\t<\/div><\/div><div id='event_addtocal' class='evocard_box addtocal' data-c='' \n\t\t\t\t\tstyle=''><div class='evo_metarow_ICS evorow evcal_evdata_row'>\n\t\t\t<span class='evcal_evdata_icons'><i class='fa fa-calendar-o'><\/i><\/span>\n\t\t\t<div class='evcal_evdata_cell'>\n\t\t\t\t<p><a href='https:\/\/sgr-ssr.ch\/fr\/export-events\/19217_0\/?key=cd75fe199f' rel='nofollow' class='evo_ics_nCal' title='Add to your calendar'>Calendar<\/a><a href='https:\/\/www.google.com\/calendar\/event?action=TEMPLATE&text=SENOLOGIE%202026%20-%2040.%20Jahrestagung%20der%20%C3%96sterreichischen%20Gesellschaft%20f%C3%BCr%20Senologie%20%28%C3%96GS%29&dates=20260916T220000Z\/20260919T215959Z&ctz=Europe%2FBerlin&details=SENOLOGIE%202026%20-%2040.%20Jahrestagung%20der%20%C3%96sterreichischen%20Gesellschaft%20f%C3%BCr%20Senologie%20%28%C3%96GS%29&location=congress%20%7C%20graz%20Albrechtgasse%201%2C%208010%20Graz' target='_blank' rel='nofollow' class='evo_ics_gCal' title='Add to google calendar'>GoogleCal<\/a><\/p>\t\n\t\t\t<\/div>\n\t\t<\/div><\/div><\/div><!-- row close --><div class='evocard_row'><div id='event_getdirection' class='evocard_box getdirection' data-c='' \n\t\t\t\t\tstyle=''><div class='evo_metarow_getDr evorow evcal_evdata_row evcal_evrow_sm getdirections'>\n\t\t<form action='https:\/\/maps.google.com\/maps' method='get' target='_blank'>\n\t\t\t<input type='hidden' name='daddr' value=\"Albrechtgasse 1, 8010 Graz\"\/> \n\t\t\t<div class='evo_get_direction_content evo_fx_dr_r evogap10'>\n\t\t\t\t<span class='evogetdir_header evodfx evofxdrr evofxaic evogap10'>\n\t\t\t\t\t<i class='mainicon fa fa-road evofz24i'><\/i> \n\t\t\t\t\t<h3 class='evo_h3 evopad0i' style='padding-bottom:5px;'>Get Directions<\/h3>\n\t\t\t\t<\/span>\n\t\t\t\t<span class='evogetdir_field evodfx evofx_1_1 evow100p'>\t\n\t\t\t\t\t<label for='69f31a606fab4' class='evo_aria_ready sr-only'>Address - SENOLOGIE 2026 - 40. Jahrestagung der \u00d6sterreichischen Gesellschaft f\u00fcr Senologie (\u00d6GS) []<\/label>\t\t\t\t\n\t\t\t\t\t<input id='69f31a606fab4' class='evo_aria_ready_match evoInput2 evobr10 evow100p evopad10 evoff_2 evofz14i evobrdB1 evoboxbb' type='text' name='saddr' placeholder='Ihre Adresse' value='' style='' aria-label='Address - SENOLOGIE 2026 - 40. Jahrestagung der \u00d6sterreichischen Gesellschaft f\u00fcr Senologie (\u00d6GS) []' \/>\n\t\t\t\t<\/span>\n\t\t\t\t<div class='evodfx evofxdrr evofxaic evogap10'>\n\t\t\t\t\t<i class='fa fa-location-dot'><\/i>\n\t\t\t\t\t<div class='evoposr evofx_1 evoh100p'><label for='69f31a606fab4' class='evo_aria_ready sr-only'>Destination Address - SENOLOGIE 2026 - 40. Jahrestagung der \u00d6sterreichischen Gesellschaft f\u00fcr Senologie (\u00d6GS) []<\/label>\t\t\n\t\t\t\t\t\t<input id='69f31a606fab4' class='evo_aria_ready_match evoInput2 evobr10 evow100p evopad5-10 evoff_2 evofz14i evobrdB1 evoop5 evoboxbb evoh100p' type='text' style='' readonly value='Albrechtgasse 1, 8010 Graz' aria-label='Destination Address - SENOLOGIE 2026 - 40. Jahrestagung der \u00d6sterreichischen Gesellschaft f\u00fcr Senologie (\u00d6GS) []'\/><button class='evo_copy_address evobuttonA evocurp evohoop7 evoposa evopad5' style='right: 3px; top: 4px; background-color: #fff;' data-txt='Albrechtgasse 1, 8010 Graz' data-t='Address copied to clipboard!'><i class='far fa-copy evofz16i' title='Copy Destination Address!'><\/i><\/button>\n\t\t\t\t\t<\/div>\n\t\t\t\t\t<button type='submit' class='evo_get_direction_button evcal_btn dfx evofxaic evocurp evohoop7' title='Hier klicken f\u00fcr Wegbeschreibung' style='    padding: 10px 15px !important;'><i class='fa fa-chevron-right'><\/i> <\/button>\n\t\t\t\t<\/div>\n\t\t\t<\/div>\n\t\t<\/form>\n\t<\/div><\/div><\/div><!-- row close --><button class='evo_card_row_end evcal_close' title='Close'><\/button><\/div><div class='clear end'><\/div><\/div><div id=\"event_19613_0\" class=\"eventon_list_event evo_eventtop scheduled  event clrW event_19613_0\" data-event_id=\"19613\" data-ri=\"0r\" data-time=\"1789596000-1789855199\" data-colr=\"#4bb5d8\" itemscope itemtype='http:\/\/schema.org\/Event'><div class=\"evo_event_schema\" style=\"display:none\" ><a itemprop='url'  href='https:\/\/sgr-ssr.ch\/fr\/events\/r3-imaging-2026\/'><\/a><meta itemprop='image'  \/><meta itemprop='startDate' content=\"2026-9-17\" \/><meta itemprop='endDate' content=\"2026-9-19\" \/><meta itemprop='eventStatus' content=\"https:\/\/schema.org\/EventScheduled\" \/><meta itemprop='eventAttendanceMode'   itemscope itemtype=\"https:\/\/schema.org\/OfflineEventAttendanceMode\"\/><div style=\"display:none\" itemprop=\"location\" itemscope itemtype=\"http:\/\/schema.org\/VirtualLocation\"><\/div><div style=\"display:none\" itemprop=\"location\" itemscope itemtype=\"http:\/\/schema.org\/Place\"><span itemprop=\"name\">Bodenseeforum Konstanz<\/span><span itemprop=\"address\" itemscope itemtype=\"http:\/\/schema.org\/PostalAddress\"><item itemprop=\"streetAddress\">Reichenaustra\u00dfe 21<\/item><\/span><\/div><div itemprop=\"organizer\" itemscope=\"\" itemtype=\"http:\/\/schema.org\/Organization\"><meta itemprop=\"name\" content=\"R3 Imaging\">\n\t\t\t\t    \t<\/div><div itemprop=\"performer\" itemscope=\"\" itemtype=\"http:\/\/schema.org\/Person\"><meta itemprop=\"name\" content=\"R3 Imaging\"><\/div><script type=\"application\/ld+json\">{\"@context\": \"http:\/\/schema.org\",\"@type\": \"Event\",\n\t\t\t\t\"@id\": \"event_19613_0\",\n\t\t\t\t\"eventAttendanceMode\":\"https:\/\/schema.org\/OfflineEventAttendanceMode\",\n\t\t\t\t\"eventStatus\":\"https:\/\/schema.org\/EventScheduled\",\n\t\t\t\t\"name\": \"R3 Imaging 2026\",\n\t\t\t\t\"url\": \"https:\/\/sgr-ssr.ch\/fr\/events\/r3-imaging-2026\/\",\n\t\t\t\t\"startDate\": \"2026-9-17\",\n\t\t\t\t\"endDate\": \"2026-9-19\",\n\t\t\t\t\"image\":\"\", \n\t\t\t\t\"description\":\"<p>R3 steht f\u00fcr einen kompakten \u00dcberblick \u00fcber die aktuellen Entwicklungen des Fachgebiets Radiologie, beleuchtet Innovationen und Herausforderungen, vereint etablierte Expertinnen und Experten mit Nachwuchstalenten und schafft so ein Forum f\u00fcr den deutschsprachigen Austausch im Dreil\u00e4ndereck.<\/p> <p><a href='mailto:office@r3-imaging.org' target='_blank' rel='noopener noreferrer'>Kontakt<\/a><\/p> <p><a href='https:\/\/www.r3-imaging.org\/' target='_blank' rel='noopener noreferrer'>Website<\/a><\/p> \",\"location\":[{\"@type\":\"VirtualLocation\"},{\"@type\":\"Place\",\"name\":\"Bodenseeforum Konstanz\",\"address\":{\"@type\": \"PostalAddress\",\"streetAddress\":\"Reichenaustra\u00dfe 21\"}}],\"organizer\":[{\"@type\":\"Organization\",\"name\":\"R3 Imaging\"}]}<\/script><\/div>\r\n\t\t\t\t<p class=\"desc_trig_outter\" style=\"\"><a data-gmap_status=\"null\" data-exlk=\"0\" style=\"background-color: #4bb5d8;\" id=\"evc_178959600019613\" href=\"#\" class=\"desc_trig mul_val evcal_list_a allday\" data-ux_val=\"1\" data-ux_val_mob=\"-\"  ><span class='evoet_c2 evoet_cx '><span class='evoet_dayblock evcal_cblock ' data-bgcolor='#4bb5d8' data-smon='September' data-syr='2026' data-bub=''><span class='evo_start  evofxdrc'><em class='day'>Do<\/em><em class='date'>17<\/em><em class='month'>Sep<\/em><em class='time'>ganztags<\/em><\/span><span class='evo_end  evofxdrc'><em class='day'>Sa<\/em><em class='date'>19<\/em><\/span><\/span><\/span><span class='evoet_c3 evoet_cx evcal_desc hide_eventtopdata '><span class='evoet_title evcal_desc2 evcal_event_title ' itemprop='name'>R3 Imaging 2026<\/span><span class='event_location_attrs'  data-location_address=\"Reichenaustra\u00dfe 21\" data-location_type=\"address\" data-location_name=\"Bodenseeforum Konstanz\" data-location_url=\"https:\/\/sgr-ssr.ch\/fr\/event-location\/bodenseeforum-konstanz\/\" data-location_status=\"true\" data-locid=\"328\"><\/span><\/span><span class='evoet_data' data-d=\"{&quot;loc.n&quot;:&quot;Bodenseeforum Konstanz&quot;,&quot;orgs&quot;:{&quot;518&quot;:&quot;R3 Imaging&quot;},&quot;tags&quot;:[]}\" data-bgc=\"#4bb5d8\" data-bggrad=\"\" ><\/span><\/a><\/p><div class='event_description evcal_eventcard ' style=\"display:none\"><div class='evocard_row'><div id='event_eventdetails' class='evocard_box eventdetails' data-c='' \n\t\t\t\t\tstyle=''><div class=\"evo_metarow_details evorow evcal_evdata_row evcal_event_details\">\n    <div class=\"event_excerpt\" style=\"display:none\"><h3 class=\"padb5 evo_h3\">Veranstaltungsdetails<\/h3><p>R3 steht f\u00fcr einen kompakten \u00dcberblick \u00fcber die aktuellen Entwicklungen des Fachgebiets Radiologie, beleuchtet Innovationen und Herausforderungen, vereint etablierte Expertinnen und Experten mit Nachwuchstalenten und schafft so ein Forum f\u00fcr<\/p><\/div><span class='evcal_evdata_icons'><i class='fa fa-align-justify'><\/i><\/span>    <div class=\"evcal_evdata_cell \">\n        <div class=\"eventon_full_description\">\n            <h3 class=\"padb5 evo_h3\"><span class='evcal_evdata_icons'><i class='fa fa-align-justify'><\/i><\/span>Veranstaltungsdetails<\/h3>\n            <div class=\"eventon_desc_in\" itemprop=\"description\">\n                <p>R3 steht f\u00fcr einen kompakten \u00dcberblick \u00fcber die aktuellen Entwicklungen des Fachgebiets Radiologie, beleuchtet Innovationen und Herausforderungen, vereint etablierte Expertinnen und Experten mit Nachwuchstalenten und schafft so ein Forum f\u00fcr den deutschsprachigen Austausch im Dreil\u00e4ndereck.<\/p>\n<p><a href=\"mailto:office@r3-imaging.org\" target=\"_blank\" rel=\"noopener noreferrer\">Kontakt<\/a><\/p>\n<p><a href=\"https:\/\/www.r3-imaging.org\/\" target=\"_blank\" rel=\"noopener noreferrer\">Website<\/a><\/p>\n            <\/div>\n            <div class='clear'><\/div>        <\/div>\n    <\/div>\n<\/div><\/div><\/div><!-- row close --><div class='evocard_row bx2 bx'><div id='event_time' class='evocard_box time' data-c='' \n\t\t\t\t\tstyle=''><div class='evo_metarow_time evorow evcal_evdata_row evcal_evrow_sm '>\n\t\t<span class='evcal_evdata_icons'><i class='fa fa-clock-o'><\/i><\/span>\n\t\t<div class='evcal_evdata_cell'>\t\t\t\t\t\t\t\n\t\t\t<h3 class='evo_h3'><span class='evcal_evdata_icons'><i class='fa fa-clock-o'><\/i><\/span>Zeit<\/h3><div><span class='evo_eventcard_time_t evogap5 evofxww'><span class=\"start\">17 September 2026<\/span>  - <span class=\"end\">19 September 2026<\/span> (ganztags)<\/span><span class='evo_tz marr5'>(GMT+02:00)<\/span><\/div>\n\t\t<\/div>\n\t<\/div><\/div><div id='event_location' class='evocard_box location' data-c='' \n\t\t\t\t\tstyle=''><div class='evcal_evdata_row evo_metarow_time_location evorow '>\n\t\t\n\t\t\t<span class='evcal_evdata_icons'><i class='fa fa-map-marker'><\/i><\/span>\n\t\t\t<div class='evcal_evdata_cell' data-loc_tax_id='328'><h3 class='evo_h3 evodfx'><span class='evcal_evdata_icons'><i class='fa fa-map-marker'><\/i><\/span>Ort<\/h3><p class='evo_location_name'>Bodenseeforum Konstanz<\/p><div class='padt10'><span class='evo_btn_arr evolb_trigger' data-lbvals=\"{&quot;lbdata&quot;:{&quot;class&quot;:&quot;evo_location_lb_328&quot;,&quot;additional_class&quot;:&quot;lb_max&quot;,&quot;title&quot;:&quot;Bodenseeforum Konstanz&quot;},&quot;adata&quot;:{&quot;a&quot;:&quot;eventon_get_tax_card_content&quot;,&quot;end&quot;:&quot;client&quot;,&quot;data&quot;:{&quot;lang&quot;:&quot;L1&quot;,&quot;term_id&quot;:328,&quot;tax&quot;:&quot;event_location&quot;,&quot;load_lbcontent&quot;:true}},&quot;uid&quot;:&quot;eventon_get_tax_card_content&quot;}\" >Other Events<i class='fa fa-chevron-right' aria-hidden='true'><\/i><\/span><\/div><\/div>\n\t\t\n\t<\/div><\/div><\/div><!-- row close --><div class='evocard_row'><div id='event_organizer' class='evocard_box organizer' data-c='' \n\t\t\t\t\tstyle=''><div class='evo_metarow_organizer evorow evcal_evdata_row evcal_evrow_sm '>\n\t\t<span class='evcal_evdata_icons'><i class='fa fa-headphones'><\/i><\/span>\n\t\t<div class='evcal_evdata_cell'>\t\t\t\t\t\t\t\n\t\t\t<h3 class='evo_h3'>Veranstalter<\/h3><div class='evo_evdata_cell_content evodfx evofx_ww evofx_dr_r evogap15'><div class='evo_card_organizer evofx_1'><h4 class='evo_org_name evo_h4 marb5 evottui evocl1i evopadb10i'><span class='evo_card_organizer_name_t marb5'><a  href='https:\/\/sgr-ssr.ch\/fr\/event-organizer\/r3-imaging\/' class='evocl1i'>R3 Imaging<\/a><\/span><\/h4><p class='evo_card_organizer_more evomart10i'><a class='evolb_trigger evo_btn_arr mart10' data-lbvals=\"{&quot;lbc&quot;:&quot;evo_organizer_lb&quot;,&quot;lbac&quot;:&quot;lb_max&quot;,&quot;preload_temp_key&quot;:&quot;preload_taxlb&quot;,&quot;t&quot;:&quot;R3 Imaging&quot;,&quot;ajax&quot;:&quot;yes&quot;,&quot;ajax_type&quot;:&quot;endpoint&quot;,&quot;ajax_action&quot;:&quot;eventon_get_tax_card_content&quot;,&quot;end&quot;:&quot;client&quot;,&quot;d&quot;:{&quot;eventid&quot;:19613,&quot;ri&quot;:0,&quot;term_id&quot;:518,&quot;tax&quot;:&quot;event_organizer&quot;,&quot;load_lbcontent&quot;:true}}\" >Learn More<i class='fa fa-chevron-right'><\/i><\/a><\/p><\/div><!-- evo_card_organizer--><\/div><\/div>\t<\/div><\/div><\/div><!-- row close --><div class='evocard_row bx2 bx'><div id='event_learnmore' class='evocard_box learnmore' data-c='' \n\t\t\t\t\tstyle=''><div class='evo_metarow_learnM evo_metarow_learnmore evorow'>\n\t\t\t\t\t\t\t<a class='evcal_evdata_row evo_clik_row ' href='https:\/\/www.r3-imaging.org\/' target=\"_blank\">\n\t\t\t\t\t\t\t\t<span class='evcal_evdata_icons'><i class='fa fa-link'><\/i><\/span>\n\t\t\t\t\t\t\t\t<h3 class='evo_h3'>Mehr Infos \/ Anmeldung<\/h3>\n\t\t\t\t\t\t\t<\/a>\n\t\t\t\t\t\t\t<\/div><\/div><div id='event_addtocal' class='evocard_box addtocal' data-c='' \n\t\t\t\t\tstyle=''><div class='evo_metarow_ICS evorow evcal_evdata_row'>\n\t\t\t<span class='evcal_evdata_icons'><i class='fa fa-calendar-o'><\/i><\/span>\n\t\t\t<div class='evcal_evdata_cell'>\n\t\t\t\t<p><a href='https:\/\/sgr-ssr.ch\/fr\/export-events\/19613_0\/?key=cd75fe199f' rel='nofollow' class='evo_ics_nCal' title='Add to your calendar'>Calendar<\/a><a href='https:\/\/www.google.com\/calendar\/event?action=TEMPLATE&text=R3%20Imaging%202026&dates=20260916T220000Z\/20260919T215959Z&ctz=Europe%2FRome&details=R3%20Imaging%202026&location=Bodenseeforum%20Konstanz%20Reichenaustra%C3%9Fe%2021' target='_blank' rel='nofollow' class='evo_ics_gCal' title='Add to google calendar'>GoogleCal<\/a><\/p>\t\n\t\t\t<\/div>\n\t\t<\/div><\/div><\/div><!-- row close --><div class='evocard_row'><div id='event_getdirection' class='evocard_box getdirection' data-c='' \n\t\t\t\t\tstyle=''><div class='evo_metarow_getDr evorow evcal_evdata_row evcal_evrow_sm getdirections'>\n\t\t<form action='https:\/\/maps.google.com\/maps' method='get' target='_blank'>\n\t\t\t<input type='hidden' name='daddr' value=\"Reichenaustra\u00dfe 21\"\/> \n\t\t\t<div class='evo_get_direction_content evo_fx_dr_r evogap10'>\n\t\t\t\t<span class='evogetdir_header evodfx evofxdrr evofxaic evogap10'>\n\t\t\t\t\t<i class='mainicon fa fa-road evofz24i'><\/i> \n\t\t\t\t\t<h3 class='evo_h3 evopad0i' style='padding-bottom:5px;'>Get Directions<\/h3>\n\t\t\t\t<\/span>\n\t\t\t\t<span class='evogetdir_field evodfx evofx_1_1 evow100p'>\t\n\t\t\t\t\t<label for='69f31a607251c' class='evo_aria_ready sr-only'>Address - R3 Imaging 2026 []<\/label>\t\t\t\t\n\t\t\t\t\t<input id='69f31a607251c' class='evo_aria_ready_match evoInput2 evobr10 evow100p evopad10 evoff_2 evofz14i evobrdB1 evoboxbb' type='text' name='saddr' placeholder='Ihre Adresse' value='' style='' aria-label='Address - R3 Imaging 2026 []' \/>\n\t\t\t\t<\/span>\n\t\t\t\t<div class='evodfx evofxdrr evofxaic evogap10'>\n\t\t\t\t\t<i class='fa fa-location-dot'><\/i>\n\t\t\t\t\t<div class='evoposr evofx_1 evoh100p'><label for='69f31a607251c' class='evo_aria_ready sr-only'>Destination Address - R3 Imaging 2026 []<\/label>\t\t\n\t\t\t\t\t\t<input id='69f31a607251c' class='evo_aria_ready_match evoInput2 evobr10 evow100p evopad5-10 evoff_2 evofz14i evobrdB1 evoop5 evoboxbb evoh100p' type='text' style='' readonly value='Reichenaustra\u00dfe 21' aria-label='Destination Address - R3 Imaging 2026 []'\/><button class='evo_copy_address evobuttonA evocurp evohoop7 evoposa evopad5' style='right: 3px; top: 4px; background-color: #fff;' data-txt='Reichenaustra\u00dfe 21' data-t='Address copied to clipboard!'><i class='far fa-copy evofz16i' title='Copy Destination Address!'><\/i><\/button>\n\t\t\t\t\t<\/div>\n\t\t\t\t\t<button type='submit' class='evo_get_direction_button evcal_btn dfx evofxaic evocurp evohoop7' title='Hier klicken f\u00fcr Wegbeschreibung' style='    padding: 10px 15px !important;'><i class='fa fa-chevron-right'><\/i> <\/button>\n\t\t\t\t<\/div>\n\t\t\t<\/div>\n\t\t<\/form>\n\t<\/div><\/div><\/div><!-- row close --><button class='evo_card_row_end evcal_close' title='Close'><\/button><\/div><div class='clear end'><\/div><\/div><div id=\"event_19259_0\" class=\"eventon_list_event evo_eventtop scheduled  event clrD event_19259_0\" data-event_id=\"19259\" data-ri=\"0r\" data-time=\"1789646400-1789658100\" data-colr=\"#004961\" itemscope itemtype='http:\/\/schema.org\/Event'><div class=\"evo_event_schema\" style=\"display:none\" ><a itemprop='url'  href='https:\/\/sgr-ssr.ch\/fr\/events\/roentgenfocus-2026\/'><\/a><meta itemprop='image'  \/><meta itemprop='startDate' content=\"2026-9-17T14:00+0:00\" \/><meta itemprop='endDate' content=\"2026-9-17T17:15+0:00\" \/><meta itemprop='eventStatus' content=\"https:\/\/schema.org\/EventScheduled\" \/><meta itemprop='eventAttendanceMode'   itemscope itemtype=\"https:\/\/schema.org\/OnlineEventAttendanceMode\"\/><div itemprop=\"organizer\" itemscope=\"\" itemtype=\"http:\/\/schema.org\/Organization\"><meta itemprop=\"name\" content=\"Dr. med. Katharina Bider\">\n\t\t\t\t    \t<meta itemprop=\"url\" content=\"https:\/\/www.imamed.ch\/\"><\/div><div itemprop=\"performer\" itemscope=\"\" itemtype=\"http:\/\/schema.org\/Person\"><meta itemprop=\"name\" content=\"Dr. med. Katharina Bider\"><\/div><script type=\"application\/ld+json\">{\"@context\": \"http:\/\/schema.org\",\"@type\": \"Event\",\n\t\t\t\t\"@id\": \"event_19259_0\",\n\t\t\t\t\"eventAttendanceMode\":\"https:\/\/schema.org\/OnlineEventAttendanceMode\",\n\t\t\t\t\"eventStatus\":\"https:\/\/schema.org\/EventScheduled\",\n\t\t\t\t\"name\": \"R\u00f6ntgenFocus 2026\",\n\t\t\t\t\"url\": \"https:\/\/sgr-ssr.ch\/fr\/events\/roentgenfocus-2026\/\",\n\t\t\t\t\"startDate\": \"2026-9-17T14:00+0:00\",\n\t\t\t\t\"endDate\": \"2026-9-17T17:15+0:00\",\n\t\t\t\t\"image\":\"\", \n\t\t\t\t\"description\":\"<p><a href='https:\/\/sgr-ssr.ch\/wp-content\/uploads\/2026\/02\/2026_015_Programm-R\u00f6ntgenFocus-2026.pdf'>Programm<\/a><\/p> \",\"organizer\":[{\"@type\":\"Organization\",\"name\":\"Dr. med. Katharina Bider\",\"url\":\"https:\/\/www.imamed.ch\/\"}]}<\/script><\/div>\r\n\t\t\t\t<p class=\"desc_trig_outter\" style=\"\"><a data-gmap_status=\"null\" data-exlk=\"0\" style=\"background-color: #004961;\" id=\"evc_178964640019259\" href=\"#\" class=\"desc_trig sin_val evcal_list_a\" data-ux_val=\"1\" data-ux_val_mob=\"-\"  ><span class='evoet_c2 evoet_cx '><span class='evoet_dayblock evcal_cblock ' data-bgcolor='#004961' data-smon='September' data-syr='2026' data-bub=''><span class='evo_start  evofxdrc'><em class='day'>Do<\/em><em class='date'>17<\/em><em class='month'>Sep<\/em><em class='time'>14 h 00 min<\/em><\/span><span class='evo_end only_time evofxdrc'><em class='time'>17 h 15 min<\/em><\/span><\/span><\/span><span class='evoet_c3 evoet_cx evcal_desc hide_eventtopdata '><span class='evoet_title evcal_desc2 evcal_event_title ' itemprop='name'>R\u00f6ntgenFocus 2026<\/span><span class='evoet_cy evoet_subtitle evo_below_title' ><span class='evcal_event_subtitle ' >4 Credits<\/span><\/span><\/span><span class='evoet_data' data-d=\"{&quot;loc.n&quot;:&quot;&quot;,&quot;orgs&quot;:{&quot;579&quot;:&quot;Dr. med. Katharina Bider&quot;},&quot;tags&quot;:{&quot;vir&quot;:&quot;Virtual Event&quot;}}\" data-bgc=\"#004961\" data-bggrad=\"\" ><\/span><\/a><\/p><div class='event_description evcal_eventcard ' style=\"display:none\"><div class='evocard_row'><div id='event_eventdetails' class='evocard_box eventdetails' data-c='' \n\t\t\t\t\tstyle=''><div class=\"evo_metarow_details evorow evcal_evdata_row evcal_event_details\">\n    <div class=\"event_excerpt\" style=\"display:none\"><h3 class=\"padb5 evo_h3\">Veranstaltungsdetails<\/h3><p>Programm<\/p><\/div><span class='evcal_evdata_icons'><i class='fa fa-align-justify'><\/i><\/span>    <div class=\"evcal_evdata_cell \">\n        <div class=\"eventon_full_description\">\n            <h3 class=\"padb5 evo_h3\"><span class='evcal_evdata_icons'><i class='fa fa-align-justify'><\/i><\/span>Veranstaltungsdetails<\/h3>\n            <div class=\"eventon_desc_in\" itemprop=\"description\">\n                <p><a href=\"https:\/\/sgr-ssr.ch\/wp-content\/uploads\/2026\/02\/2026_015_Programm-R\u00f6ntgenFocus-2026.pdf\">Programm<\/a><\/p>\n            <\/div>\n            <div class='clear'><\/div>        <\/div>\n    <\/div>\n<\/div><\/div><\/div><!-- row close --><div class='evocard_row'><div id='event_time' class='evocard_box time' data-c='' \n\t\t\t\t\tstyle=''><div class='evo_metarow_time evorow evcal_evdata_row evcal_evrow_sm '>\n\t\t<span class='evcal_evdata_icons'><i class='fa fa-clock-o'><\/i><\/span>\n\t\t<div class='evcal_evdata_cell'>\t\t\t\t\t\t\t\n\t\t\t<h3 class='evo_h3'><span class='evcal_evdata_icons'><i class='fa fa-clock-o'><\/i><\/span>Zeit<\/h3><div><span class='evo_eventcard_time_t evogap5 evofxww'><span class=\"start\">17 September 2026<\/span> <span class=\"stime\">14 h 00 min<\/span> - <span class=\"etime\">17 h 15 min<\/span><\/span><span class='evo_tz marr5'>(GMT+02:00)<\/span><\/div>\n\t\t<\/div>\n\t<\/div><\/div><\/div><!-- row close --><div class='evocard_row'><div id='event_organizer' class='evocard_box organizer' data-c='' \n\t\t\t\t\tstyle=''><div class='evo_metarow_organizer evorow evcal_evdata_row evcal_evrow_sm '>\n\t\t<span class='evcal_evdata_icons'><i class='fa fa-headphones'><\/i><\/span>\n\t\t<div class='evcal_evdata_cell'>\t\t\t\t\t\t\t\n\t\t\t<h3 class='evo_h3'>Veranstalter<\/h3><div class='evo_evdata_cell_content evodfx evofx_ww evofx_dr_r evogap15'><div class='evo_card_organizer evofx_1'><h4 class='evo_org_name evo_h4 marb5 evottui evocl1i evopadb10i'><span class='evo_card_organizer_name_t marb5'><a  href='https:\/\/www.imamed.ch\/' class='evocl1i'>Dr. med. Katharina Bider<\/a><\/span><\/h4><div class='evo_org_details'>imamed...<button class='evo_organizer_more_trig evonobtn2 evobutton evoff_2 evobgclg30 evoHbgclg50 evoop7 evohoop10 evotrans evobr5 evomarl5 evofz12' style='    padding: 2px 5px;font-size: 11px;'>Read More.<\/button><\/div><div class='evo_org_details_full evodni'>imamed<\/div><p class='evo_card_organizer_more evomart10i'><a class='evolb_trigger evo_btn_arr mart10' data-lbvals=\"{&quot;lbc&quot;:&quot;evo_organizer_lb&quot;,&quot;lbac&quot;:&quot;lb_max&quot;,&quot;preload_temp_key&quot;:&quot;preload_taxlb&quot;,&quot;t&quot;:&quot;Dr. med. Katharina Bider&quot;,&quot;ajax&quot;:&quot;yes&quot;,&quot;ajax_type&quot;:&quot;endpoint&quot;,&quot;ajax_action&quot;:&quot;eventon_get_tax_card_content&quot;,&quot;end&quot;:&quot;client&quot;,&quot;d&quot;:{&quot;eventid&quot;:19259,&quot;ri&quot;:0,&quot;term_id&quot;:579,&quot;tax&quot;:&quot;event_organizer&quot;,&quot;load_lbcontent&quot;:true}}\" >Learn More<i class='fa fa-chevron-right'><\/i><\/a><\/p><\/div><!-- evo_card_organizer--><\/div><\/div>\t<\/div><\/div><\/div><!-- row close --><div class='evocard_row bx2 bx'><div id='event_learnmore' class='evocard_box learnmore' data-c='' \n\t\t\t\t\tstyle=''><div class='evo_metarow_learnM evo_metarow_learnmore evorow'>\n\t\t\t\t\t\t\t<a class='evcal_evdata_row evo_clik_row ' href='https:\/\/www.imamed.ch\/' target=\"_blank\">\n\t\t\t\t\t\t\t\t<span class='evcal_evdata_icons'><i class='fa fa-link'><\/i><\/span>\n\t\t\t\t\t\t\t\t<h3 class='evo_h3'>Mehr Infos \/ Anmeldung<\/h3>\n\t\t\t\t\t\t\t<\/a>\n\t\t\t\t\t\t\t<\/div><\/div><div id='event_addtocal' class='evocard_box addtocal' data-c='' \n\t\t\t\t\tstyle=''><div class='evo_metarow_ICS evorow evcal_evdata_row'>\n\t\t\t<span class='evcal_evdata_icons'><i class='fa fa-calendar-o'><\/i><\/span>\n\t\t\t<div class='evcal_evdata_cell'>\n\t\t\t\t<p><a href='https:\/\/sgr-ssr.ch\/fr\/export-events\/19259_0\/?key=cd75fe199f' rel='nofollow' class='evo_ics_nCal' title='Add to your calendar'>Calendar<\/a><a href='https:\/\/www.google.com\/calendar\/event?action=TEMPLATE&text=R%C3%B6ntgenFocus%202026&dates=20260917T120000Z\/20260917T151500Z&ctz=Europe%2FVienna&details=R%C3%B6ntgenFocus%202026&location=' target='_blank' rel='nofollow' class='evo_ics_gCal' title='Add to google calendar'>GoogleCal<\/a><\/p>\t\n\t\t\t<\/div>\n\t\t<\/div><\/div><\/div><!-- row close --><button class='evo_card_row_end evcal_close' title='Close'><\/button><\/div><div class='clear end'><\/div><\/div><div id=\"event_19473_0\" class=\"eventon_list_event evo_eventtop scheduled  event clrD event_19473_0\" data-event_id=\"19473\" data-ri=\"0r\" data-time=\"1789660800-1789666200\" data-colr=\"#004961\" itemscope itemtype='http:\/\/schema.org\/Event'><div class=\"evo_event_schema\" style=\"display:none\" ><a itemprop='url'  href='https:\/\/sgr-ssr.ch\/fr\/events\/formation-continue-en-radioprotection-pour-les-medecins\/'><\/a><meta itemprop='image'  \/><meta itemprop='startDate' content=\"2026-9-17T18:00+0:00\" \/><meta itemprop='endDate' content=\"2026-9-17T19:30+0:00\" \/><meta itemprop='eventStatus' content=\"https:\/\/schema.org\/EventScheduled\" \/><meta itemprop='eventAttendanceMode'   itemscope itemtype=\"https:\/\/schema.org\/OnlineEventAttendanceMode\"\/><div itemprop=\"organizer\" itemscope=\"\" itemtype=\"http:\/\/schema.org\/Organization\"><meta itemprop=\"name\" content=\"CHUV\">\n\t\t\t\t    \t<\/div><div itemprop=\"performer\" itemscope=\"\" itemtype=\"http:\/\/schema.org\/Person\"><meta itemprop=\"name\" content=\"CHUV\"><\/div><script type=\"application\/ld+json\">{\"@context\": \"http:\/\/schema.org\",\"@type\": \"Event\",\n\t\t\t\t\"@id\": \"event_19473_0\",\n\t\t\t\t\"eventAttendanceMode\":\"https:\/\/schema.org\/OnlineEventAttendanceMode\",\n\t\t\t\t\"eventStatus\":\"https:\/\/schema.org\/EventScheduled\",\n\t\t\t\t\"name\": \"FORMATION CONTINUE EN RADIOPROTECTION POUR LES MEDECINS\",\n\t\t\t\t\"url\": \"https:\/\/sgr-ssr.ch\/fr\/events\/formation-continue-en-radioprotection-pour-les-medecins\/\",\n\t\t\t\t\"startDate\": \"2026-9-17T18:00+0:00\",\n\t\t\t\t\"endDate\": \"2026-9-17T19:30+0:00\",\n\t\t\t\t\"image\":\"\", \n\t\t\t\t\"description\":\"<p>L&rsquo;Institut de Radiophysique organise cette formation continue en radioprotection, visant \u00e0 assurer la conservation et l&rsquo;actualisation des comp\u00e9tences.<\/p> <p><strong>Contenu<\/strong><\/p> <ul> <li>Explication de la formation continue en radioprotection<\/li> <li>Exposition de la population en Suisse<\/li> <li>Usage des moyens de protection plomb\u00e9s pour le patient<\/li> <\/ul> <p>&nbsp;<\/p> <p><strong>Orateurs\u00a0:<br \/> <\/strong>Dre. Sc. Ana\u00efs Viry<br \/> Dr. Sc. Damien Racine<\/p> <p><a href='https:\/\/www.chuv.ch\/fr\/ira\/ira-home\/formation-en-radioprotection\/formations-continues\/pour-les-medecins-prescripteurs' target='_blank' rel='noopener noreferrer'>Inscription<\/a><\/p> \",\"organizer\":[{\"@type\":\"Organization\",\"name\":\"CHUV\"}]}<\/script><\/div>\r\n\t\t\t\t<p class=\"desc_trig_outter\" style=\"\"><a data-gmap_status=\"null\" data-exlk=\"0\" style=\"background-color: #004961;\" id=\"evc_178966080019473\" href=\"#\" class=\"desc_trig sin_val evcal_list_a\" data-ux_val=\"1\" data-ux_val_mob=\"-\"  ><span class='evoet_c2 evoet_cx '><span class='evoet_dayblock evcal_cblock ' data-bgcolor='#004961' data-smon='September' data-syr='2026' data-bub=''><span class='evo_start  evofxdrc'><em class='day'>Do<\/em><em class='date'>17<\/em><em class='month'>Sep<\/em><em class='time'>18 h 00 min<\/em><\/span><span class='evo_end only_time evofxdrc'><em class='time'>19 h 30 min<\/em><\/span><\/span><\/span><span class='evoet_c3 evoet_cx evcal_desc hide_eventtopdata '><span class='evoet_title evcal_desc2 evcal_event_title ' itemprop='name'>FORMATION CONTINUE EN RADIOPROTECTION POUR LES MEDECINS<\/span><span class='evoet_cy evoet_subtitle evo_below_title' ><span class='evcal_event_subtitle ' >2 Credits<\/span><\/span><\/span><span class='evoet_data' data-d=\"{&quot;loc.n&quot;:&quot;&quot;,&quot;orgs&quot;:{&quot;665&quot;:&quot;CHUV&quot;},&quot;tags&quot;:{&quot;vir&quot;:&quot;Virtual Event&quot;}}\" data-bgc=\"#004961\" data-bggrad=\"\" ><\/span><\/a><\/p><div class='event_description evcal_eventcard ' style=\"display:none\"><div class='evocard_row'><div id='event_eventdetails' class='evocard_box eventdetails' data-c='' \n\t\t\t\t\tstyle=''><div class=\"evo_metarow_details evorow evcal_evdata_row evcal_event_details\">\n    <div class=\"event_excerpt\" style=\"display:none\"><h3 class=\"padb5 evo_h3\">Veranstaltungsdetails<\/h3><p>L&rsquo;Institut de Radiophysique organise cette formation continue en radioprotection, visant \u00e0 assurer la conservation et l&rsquo;actualisation des comp\u00e9tences.\nContenu\n\nExplication de la formation continue en radioprotection\nExposition de la population en Suisse\nUsage des<\/p><\/div><span class='evcal_evdata_icons'><i class='fa fa-align-justify'><\/i><\/span>    <div class=\"evcal_evdata_cell shorter_desc\">\n        <div class=\"eventon_full_description\">\n            <h3 class=\"padb5 evo_h3\"><span class='evcal_evdata_icons'><i class='fa fa-align-justify'><\/i><\/span>Veranstaltungsdetails<\/h3>\n            <div class=\"eventon_desc_in\" itemprop=\"description\">\n                <p>L&rsquo;Institut de Radiophysique organise cette formation continue en radioprotection, visant \u00e0 assurer la conservation et l&rsquo;actualisation des comp\u00e9tences.<\/p>\n<p><strong>Contenu<\/strong><\/p>\n<ul>\n<li>Explication de la formation continue en radioprotection<\/li>\n<li>Exposition de la population en Suisse<\/li>\n<li>Usage des moyens de protection plomb\u00e9s pour le patient<\/li>\n<\/ul>\n<p>&nbsp;<\/p>\n<p><strong>Orateurs\u00a0:<br \/>\n<\/strong>Dre. Sc. Ana\u00efs Viry<br \/>\nDr. Sc. Damien Racine<\/p>\n<p><a href=\"https:\/\/www.chuv.ch\/fr\/ira\/ira-home\/formation-en-radioprotection\/formations-continues\/pour-les-medecins-prescripteurs\" target=\"_blank\" rel=\"noopener noreferrer\">Inscription<\/a><\/p>\n            <\/div>\n            <p class='eventon_shad_p' style='padding:5px 0 0; margin:0'><button class='evcal_btn evo_btn_secondary evobtn_details_show_more' content='less'><span class='ev_more_text' data-txt='weniger'>mehr<\/span><span class='ev_more_arrow ard'><\/span><\/button><\/p><div class='clear'><\/div>        <\/div>\n    <\/div>\n<\/div><\/div><\/div><!-- row close --><div class='evocard_row'><div id='event_time' class='evocard_box time' data-c='' \n\t\t\t\t\tstyle=''><div class='evo_metarow_time evorow evcal_evdata_row evcal_evrow_sm '>\n\t\t<span class='evcal_evdata_icons'><i class='fa fa-clock-o'><\/i><\/span>\n\t\t<div class='evcal_evdata_cell'>\t\t\t\t\t\t\t\n\t\t\t<h3 class='evo_h3'><span class='evcal_evdata_icons'><i class='fa fa-clock-o'><\/i><\/span>Zeit<\/h3><div><span class='evo_eventcard_time_t evogap5 evofxww'><span class=\"start\">17 September 2026<\/span> <span class=\"stime\">18 h 00 min<\/span> - <span class=\"etime\">19 h 30 min<\/span><\/span><span class='evo_tz marr5'>(GMT+02:00)<\/span><\/div>\n\t\t<\/div>\n\t<\/div><\/div><\/div><!-- row close --><div class='evocard_row'><div id='event_organizer' class='evocard_box organizer' data-c='' \n\t\t\t\t\tstyle=''><div class='evo_metarow_organizer evorow evcal_evdata_row evcal_evrow_sm '>\n\t\t<span class='evcal_evdata_icons'><i class='fa fa-headphones'><\/i><\/span>\n\t\t<div class='evcal_evdata_cell'>\t\t\t\t\t\t\t\n\t\t\t<h3 class='evo_h3'>Veranstalter<\/h3><div class='evo_evdata_cell_content evodfx evofx_ww evofx_dr_r evogap15'><div class='evo_card_organizer evofx_1'><h4 class='evo_org_name evo_h4 marb5 evottui evocl1i evopadb10i'><span class='evo_card_organizer_name_t marb5'><a  href='https:\/\/sgr-ssr.ch\/fr\/event-organizer\/chuv\/' class='evocl1i'>CHUV<\/a><\/span><\/h4><p class='evo_card_organizer_more evomart10i'><a class='evolb_trigger evo_btn_arr mart10' data-lbvals=\"{&quot;lbc&quot;:&quot;evo_organizer_lb&quot;,&quot;lbac&quot;:&quot;lb_max&quot;,&quot;preload_temp_key&quot;:&quot;preload_taxlb&quot;,&quot;t&quot;:&quot;CHUV&quot;,&quot;ajax&quot;:&quot;yes&quot;,&quot;ajax_type&quot;:&quot;endpoint&quot;,&quot;ajax_action&quot;:&quot;eventon_get_tax_card_content&quot;,&quot;end&quot;:&quot;client&quot;,&quot;d&quot;:{&quot;eventid&quot;:19473,&quot;ri&quot;:0,&quot;term_id&quot;:665,&quot;tax&quot;:&quot;event_organizer&quot;,&quot;load_lbcontent&quot;:true}}\" >Learn More<i class='fa fa-chevron-right'><\/i><\/a><\/p><\/div><!-- evo_card_organizer--><\/div><\/div>\t<\/div><\/div><\/div><!-- row close --><div class='evocard_row bx2 bx'><div id='event_learnmore' class='evocard_box learnmore' data-c='' \n\t\t\t\t\tstyle=''><div class='evo_metarow_learnM evo_metarow_learnmore evorow'>\n\t\t\t\t\t\t\t<a class='evcal_evdata_row evo_clik_row ' href='https:\/\/www.chuv.ch\/fr\/ira\/ira-home\/formation-en-radioprotection\/formations-continues\/pour-les-medecins-prescripteurs' target=\"_blank\">\n\t\t\t\t\t\t\t\t<span class='evcal_evdata_icons'><i class='fa fa-link'><\/i><\/span>\n\t\t\t\t\t\t\t\t<h3 class='evo_h3'>Mehr Infos \/ Anmeldung<\/h3>\n\t\t\t\t\t\t\t<\/a>\n\t\t\t\t\t\t\t<\/div><\/div><div id='event_addtocal' class='evocard_box addtocal' data-c='' \n\t\t\t\t\tstyle=''><div class='evo_metarow_ICS evorow evcal_evdata_row'>\n\t\t\t<span class='evcal_evdata_icons'><i class='fa fa-calendar-o'><\/i><\/span>\n\t\t\t<div class='evcal_evdata_cell'>\n\t\t\t\t<p><a href='https:\/\/sgr-ssr.ch\/fr\/export-events\/19473_0\/?key=cd75fe199f' rel='nofollow' class='evo_ics_nCal' title='Add to your calendar'>Calendar<\/a><a href='https:\/\/www.google.com\/calendar\/event?action=TEMPLATE&text=FORMATION%20CONTINUE%20EN%20RADIOPROTECTION%20POUR%20LES%20MEDECINS&dates=20260917T160000Z\/20260917T173000Z&ctz=Europe%2FVienna&details=FORMATION%20CONTINUE%20EN%20RADIOPROTECTION%20POUR%20LES%20MEDECINS&location=' target='_blank' rel='nofollow' class='evo_ics_gCal' title='Add to google calendar'>GoogleCal<\/a><\/p>\t\n\t\t\t<\/div>\n\t\t<\/div><\/div><\/div><!-- row close --><button class='evo_card_row_end evcal_close' title='Close'><\/button><\/div><div class='clear end'><\/div><\/div><div id=\"event_19472_0\" class=\"eventon_list_event evo_eventtop scheduled  event clrW event_19472_0\" data-event_id=\"19472\" data-ri=\"0r\" data-time=\"1790114400-1790459999\" data-colr=\"#4bb5d8\" itemscope itemtype='http:\/\/schema.org\/Event'><div class=\"evo_event_schema\" style=\"display:none\" ><a itemprop='url'  href='https:\/\/sgr-ssr.ch\/fr\/events\/70-oesterreichischer-hno-kongress-2026\/'><\/a><meta itemprop='image'  \/><meta itemprop='startDate' content=\"2026-9-23\" \/><meta itemprop='endDate' content=\"2026-9-26\" \/><meta itemprop='eventStatus' content=\"https:\/\/schema.org\/EventScheduled\" \/><meta itemprop='eventAttendanceMode'   itemscope itemtype=\"https:\/\/schema.org\/OfflineEventAttendanceMode\"\/><div itemprop=\"organizer\" itemscope=\"\" itemtype=\"http:\/\/schema.org\/Organization\"><meta itemprop=\"name\" content=\"\u00d6sterreichische Gesellschaft f\u00fcr Hals-, Nasen- und Ohrenheilkunde, Kopf- und Halschirurgie\">\n\t\t\t\t    \t<meta itemprop=\"url\" content=\"https:\/\/www.hno.at\/\"><\/div><div itemprop=\"performer\" itemscope=\"\" itemtype=\"http:\/\/schema.org\/Person\"><meta itemprop=\"name\" content=\"\u00d6sterreichische Gesellschaft f\u00fcr Hals-, Nasen- und Ohrenheilkunde, Kopf- und Halschirurgie\"><\/div><script type=\"application\/ld+json\">{\"@context\": \"http:\/\/schema.org\",\"@type\": \"Event\",\n\t\t\t\t\"@id\": \"event_19472_0\",\n\t\t\t\t\"eventAttendanceMode\":\"https:\/\/schema.org\/OfflineEventAttendanceMode\",\n\t\t\t\t\"eventStatus\":\"https:\/\/schema.org\/EventScheduled\",\n\t\t\t\t\"name\": \"70. \u00d6sterreichischer HNO-Kongress 2026\",\n\t\t\t\t\"url\": \"https:\/\/sgr-ssr.ch\/fr\/events\/70-oesterreichischer-hno-kongress-2026\/\",\n\t\t\t\t\"startDate\": \"2026-9-23\",\n\t\t\t\t\"endDate\": \"2026-9-26\",\n\t\t\t\t\"image\":\"\", \n\t\t\t\t\"description\":\"<p>Tagung 70. \u00d6sterreichischer HNO-Kongress 2026\u00a0\u201eNext Generation; Verstehen. Verbinden. Ver\u00e4ndern.\u201c<\/p> <p><a href='mailto:hno@mondial-congress.com' target='_blank' rel='noopener noreferrer'>contact<\/a><\/p> <p><a href='https:\/\/www.hno.at\/hno-kongress-2026\/' target='_blank' rel='noopener noreferrer'>website<\/a><\/p> \",\"organizer\":[{\"@type\":\"Organization\",\"name\":\"\u00d6sterreichische Gesellschaft f\u00fcr Hals-, Nasen- und Ohrenheilkunde, Kopf- und Halschirurgie\",\"url\":\"https:\/\/www.hno.at\/\"}]}<\/script><\/div>\r\n\t\t\t\t<p class=\"desc_trig_outter\" style=\"\"><a data-gmap_status=\"null\" data-exlk=\"0\" style=\"background-color: #4bb5d8;\" id=\"evc_179011440019472\" href=\"#\" class=\"desc_trig mul_val evcal_list_a allday\" data-ux_val=\"1\" data-ux_val_mob=\"-\"  ><span class='evoet_c2 evoet_cx '><span class='evoet_dayblock evcal_cblock ' data-bgcolor='#4bb5d8' data-smon='September' data-syr='2026' data-bub=''><span class='evo_start  evofxdrc'><em class='day'>Mi<\/em><em class='date'>23<\/em><em class='month'>Sep<\/em><em class='time'>ganztags<\/em><\/span><span class='evo_end  evofxdrc'><em class='day'>Sa<\/em><em class='date'>26<\/em><\/span><\/span><\/span><span class='evoet_c3 evoet_cx evcal_desc hide_eventtopdata '><span class='evoet_title evcal_desc2 evcal_event_title ' itemprop='name'>70. \u00d6sterreichischer HNO-Kongress 2026<\/span><\/span><span class='evoet_data' data-d=\"{&quot;loc.n&quot;:&quot;Salzburg Congress&quot;,&quot;orgs&quot;:{&quot;575&quot;:&quot;\\u00d6sterreichische Gesellschaft f\\u00fcr Hals-, Nasen- und Ohrenheilkunde, Kopf- und Halschirurgie&quot;},&quot;tags&quot;:[]}\" data-bgc=\"#4bb5d8\" data-bggrad=\"\" ><\/span><\/a><\/p><div class='event_description evcal_eventcard ' style=\"display:none\"><div class='evocard_row'><div id='event_eventdetails' class='evocard_box eventdetails' data-c='' \n\t\t\t\t\tstyle=''><div class=\"evo_metarow_details evorow evcal_evdata_row evcal_event_details\">\n    <div class=\"event_excerpt\" style=\"display:none\"><h3 class=\"padb5 evo_h3\">Veranstaltungsdetails<\/h3><p>Tagung 70. \u00d6sterreichischer HNO-Kongress 2026\u00a0\u201eNext Generation; Verstehen. Verbinden. Ver\u00e4ndern.\u201c\ncontact\nwebsite<\/p><\/div><span class='evcal_evdata_icons'><i class='fa fa-align-justify'><\/i><\/span>    <div class=\"evcal_evdata_cell \">\n        <div class=\"eventon_full_description\">\n            <h3 class=\"padb5 evo_h3\"><span class='evcal_evdata_icons'><i class='fa fa-align-justify'><\/i><\/span>Veranstaltungsdetails<\/h3>\n            <div class=\"eventon_desc_in\" itemprop=\"description\">\n                <p>Tagung 70. \u00d6sterreichischer HNO-Kongress 2026\u00a0\u201eNext Generation; Verstehen. Verbinden. Ver\u00e4ndern.\u201c<\/p>\n<p><a href=\"mailto:hno@mondial-congress.com\" target=\"_blank\" rel=\"noopener noreferrer\">contact<\/a><\/p>\n<p><a href=\"https:\/\/www.hno.at\/hno-kongress-2026\/\" target=\"_blank\" rel=\"noopener noreferrer\">website<\/a><\/p>\n            <\/div>\n            <div class='clear'><\/div>        <\/div>\n    <\/div>\n<\/div><\/div><\/div><!-- row close --><div class='evocard_row bx2 bx'><div id='event_time' class='evocard_box time' data-c='' \n\t\t\t\t\tstyle=''><div class='evo_metarow_time evorow evcal_evdata_row evcal_evrow_sm '>\n\t\t<span class='evcal_evdata_icons'><i class='fa fa-clock-o'><\/i><\/span>\n\t\t<div class='evcal_evdata_cell'>\t\t\t\t\t\t\t\n\t\t\t<h3 class='evo_h3'><span class='evcal_evdata_icons'><i class='fa fa-clock-o'><\/i><\/span>Zeit<\/h3><div><span class='evo_eventcard_time_t evogap5 evofxww'><span class=\"start\">23 September 2026<\/span>  - <span class=\"end\">26 September 2026<\/span> (ganztags)<\/span><span class='evo_tz marr5'>(GMT+02:00)<\/span><\/div>\n\t\t<\/div>\n\t<\/div><\/div><div id='event_location' class='evocard_box location' data-c='' \n\t\t\t\t\tstyle=''><div class='evcal_evdata_row evo_metarow_time_location evorow '>\n\t\t\n\t\t\t<span class='evcal_evdata_icons'><i class='fa fa-map-marker'><\/i><\/span>\n\t\t\t<div class='evcal_evdata_cell' data-loc_tax_id='115'><h3 class='evo_h3 evodfx'><span class='evcal_evdata_icons'><i class='fa fa-map-marker'><\/i><\/span>Ort<\/h3><p class='evo_location_name'>Salzburg Congress<\/p><div class='padt10'><span class='evo_btn_arr evolb_trigger' data-lbvals=\"{&quot;lbdata&quot;:{&quot;class&quot;:&quot;evo_location_lb_115&quot;,&quot;additional_class&quot;:&quot;lb_max&quot;,&quot;title&quot;:&quot;Salzburg Congress&quot;},&quot;adata&quot;:{&quot;a&quot;:&quot;eventon_get_tax_card_content&quot;,&quot;end&quot;:&quot;client&quot;,&quot;data&quot;:{&quot;lang&quot;:&quot;L1&quot;,&quot;term_id&quot;:115,&quot;tax&quot;:&quot;event_location&quot;,&quot;load_lbcontent&quot;:true}},&quot;uid&quot;:&quot;eventon_get_tax_card_content&quot;}\" >Other Events<i class='fa fa-chevron-right' aria-hidden='true'><\/i><\/span><\/div><\/div>\n\t\t\n\t<\/div><\/div><\/div><!-- row close --><div class='evocard_row'><div id='event_organizer' class='evocard_box organizer' data-c='' \n\t\t\t\t\tstyle=''><div class='evo_metarow_organizer evorow evcal_evdata_row evcal_evrow_sm '>\n\t\t<span class='evcal_evdata_icons'><i class='fa fa-headphones'><\/i><\/span>\n\t\t<div class='evcal_evdata_cell'>\t\t\t\t\t\t\t\n\t\t\t<h3 class='evo_h3'>Veranstalter<\/h3><div class='evo_evdata_cell_content evodfx evofx_ww evofx_dr_r evogap15'><div class='evo_card_organizer evofx_1'><h4 class='evo_org_name evo_h4 marb5 evottui evocl1i evopadb10i'><span class='evo_card_organizer_name_t marb5'><a  href='https:\/\/www.hno.at\/' class='evocl1i'>\u00d6sterreichische Gesellschaft f\u00fcr Hals-, Nasen- und Ohrenheilkunde, Kopf- und Halschirurgie<\/a><\/span><\/h4><p class='evo_card_organizer_more evomart10i'><a class='evolb_trigger evo_btn_arr mart10' data-lbvals=\"{&quot;lbc&quot;:&quot;evo_organizer_lb&quot;,&quot;lbac&quot;:&quot;lb_max&quot;,&quot;preload_temp_key&quot;:&quot;preload_taxlb&quot;,&quot;t&quot;:&quot;\\u00d6sterreichische Gesellschaft f\\u00fcr Hals-, Nasen- und Ohrenheilkunde, Kopf- und Halschirurgie&quot;,&quot;ajax&quot;:&quot;yes&quot;,&quot;ajax_type&quot;:&quot;endpoint&quot;,&quot;ajax_action&quot;:&quot;eventon_get_tax_card_content&quot;,&quot;end&quot;:&quot;client&quot;,&quot;d&quot;:{&quot;eventid&quot;:19472,&quot;ri&quot;:0,&quot;term_id&quot;:575,&quot;tax&quot;:&quot;event_organizer&quot;,&quot;load_lbcontent&quot;:true}}\" >Learn More<i class='fa fa-chevron-right'><\/i><\/a><\/p><\/div><!-- evo_card_organizer--><\/div><\/div>\t<\/div><\/div><\/div><!-- row close --><div class='evocard_row bx2 bx'><div id='event_learnmore' class='evocard_box learnmore' data-c='' \n\t\t\t\t\tstyle=''><div class='evo_metarow_learnM evo_metarow_learnmore evorow'>\n\t\t\t\t\t\t\t<a class='evcal_evdata_row evo_clik_row ' href='https:\/\/www.hno.at\/hno-kongress-2026\/' target=\"_blank\">\n\t\t\t\t\t\t\t\t<span class='evcal_evdata_icons'><i class='fa fa-link'><\/i><\/span>\n\t\t\t\t\t\t\t\t<h3 class='evo_h3'>Mehr Infos \/ Anmeldung<\/h3>\n\t\t\t\t\t\t\t<\/a>\n\t\t\t\t\t\t\t<\/div><\/div><div id='event_addtocal' class='evocard_box addtocal' data-c='' \n\t\t\t\t\tstyle=''><div class='evo_metarow_ICS evorow evcal_evdata_row'>\n\t\t\t<span class='evcal_evdata_icons'><i class='fa fa-calendar-o'><\/i><\/span>\n\t\t\t<div class='evcal_evdata_cell'>\n\t\t\t\t<p><a href='https:\/\/sgr-ssr.ch\/fr\/export-events\/19472_0\/?key=cd75fe199f' rel='nofollow' class='evo_ics_nCal' title='Add to your calendar'>Calendar<\/a><a href='https:\/\/www.google.com\/calendar\/event?action=TEMPLATE&text=70.%20%C3%96sterreichischer%20HNO-Kongress%202026&dates=20260922T220000Z\/20260926T215959Z&ctz=Europe%2FVienna&details=70.%20%C3%96sterreichischer%20HNO-Kongress%202026&location=Salzburg%20Congress' target='_blank' rel='nofollow' class='evo_ics_gCal' title='Add to google calendar'>GoogleCal<\/a><\/p>\t\n\t\t\t<\/div>\n\t\t<\/div><\/div><\/div><!-- row close --><button class='evo_card_row_end evcal_close' title='Close'><\/button><\/div><div class='clear end'><\/div><\/div><div id=\"event_19492_0\" class=\"eventon_list_event evo_eventtop scheduled  event clrD event_19492_0\" data-event_id=\"19492\" data-ri=\"0r\" data-time=\"1790287200-1790459999\" data-colr=\"#004961\" itemscope itemtype='http:\/\/schema.org\/Event'><div class=\"evo_event_schema\" style=\"display:none\" ><a itemprop='url'  href='https:\/\/sgr-ssr.ch\/fr\/events\/seminaire-resonance-affidea-suisse-2026-7eme-edition\/'><\/a><meta itemprop='image'  \/><meta itemprop='startDate' content=\"2026-9-25\" \/><meta itemprop='endDate' content=\"2026-9-26\" \/><meta itemprop='eventStatus' content=\"https:\/\/schema.org\/EventScheduled\" \/><meta itemprop='eventAttendanceMode'   itemscope itemtype=\"https:\/\/schema.org\/OfflineEventAttendanceMode\"\/><div itemprop=\"organizer\" itemscope=\"\" itemtype=\"http:\/\/schema.org\/Organization\"><meta itemprop=\"name\" content=\"Affidea\">\n\t\t\t\t    \t<\/div><div itemprop=\"performer\" itemscope=\"\" itemtype=\"http:\/\/schema.org\/Person\"><meta itemprop=\"name\" content=\"Affidea\"><\/div><script type=\"application\/ld+json\">{\"@context\": \"http:\/\/schema.org\",\"@type\": \"Event\",\n\t\t\t\t\"@id\": \"event_19492_0\",\n\t\t\t\t\"eventAttendanceMode\":\"https:\/\/schema.org\/OfflineEventAttendanceMode\",\n\t\t\t\t\"eventStatus\":\"https:\/\/schema.org\/EventScheduled\",\n\t\t\t\t\"name\": \"S\u00e9minaire R\u00e9sonance Affidea-Suisse 2026 - 7\u00e8me \u00e9dition - Pieds et Cheville\",\n\t\t\t\t\"url\": \"https:\/\/sgr-ssr.ch\/fr\/events\/seminaire-resonance-affidea-suisse-2026-7eme-edition\/\",\n\t\t\t\t\"startDate\": \"2026-9-25\",\n\t\t\t\t\"endDate\": \"2026-9-26\",\n\t\t\t\t\"image\":\"\", \n\t\t\t\t\"description\":\"<h1><strong>S\u00e9minaire R\u00e9sonance Affidea-Suisse 2026<\/strong><\/h1> <h2><strong><em>Congr\u00e8s m\u00e9dical sur l&rsquo;imagerie ost\u00e9oarticulaire \u2013 Gen\u00e8ve<\/em><\/strong><\/h2> <h2>Nouveaut\u00e9 : un format r\u00e9solument pratique avec ateliers \u00e9chographie et IRM<\/h2> <p>Ce 7\u1d49 s\u00e9minaire sera consacr\u00e9\u00a0<strong>au<\/strong>\u00a0<strong>pied et \u00e0 la cheville<\/strong>, un des motifs de consultation les plus fr\u00e9quents en pathologie ost\u00e9oarticulaire et qui requiert des connaissances sp\u00e9cifiques.<\/p> <p>Con\u00e7u comme un rendez-vous multidisciplinaire r\u00e9unissant l\u2019ensemble des sp\u00e9cialistes utilisant l\u2019imagerie ost\u00e9oarticulaire, il vise \u00e0 offrir aux participants, toutes sp\u00e9cialit\u00e9s confondues,\u00a0<strong>les moyens d\u2019interpr\u00e9ter les examens d\u2019imagerie et d\u2019apprendre ou de se perfectionner dans la r\u00e9alisation des \u00e9chographies musculosquelettiques.<\/strong><\/p> <p>Gr\u00e2ce \u00e0 une approche associant th\u00e9orie et pratique, ce congr\u00e8s permettra d\u2019acqu\u00e9rir des comp\u00e9tences approfondies pour optimiser la prise en charge diagnostique et th\u00e9rapeutique des pathologies du pied et de la cheville.<\/p> <p>&nbsp;<\/p> <h2><strong>L\u2019organisation du s\u00e9minaire reposera sur deux formats d\u2019intervention compl\u00e9mentaires :<\/strong><\/h2> <p><strong>Expos\u00e9s au pupitre<\/strong>\u00a0apportant un \u00e9clairage th\u00e9orique structur\u00e9 sur les pathologies du pied et de la cheville avec mod\u00e9ration conjointe par des cliniciens, des chirurgiens et des radiologues<\/p> <p><strong>Ateliers : \u201cDe l\u2019anatomie \u00e0 la pratique\u201d en 3 \u00e9tapes<\/strong><\/p> <p>1.\u00a0\u00a0\u00a0\u00a0\u00a0 Introduction des principales pathologies, illustr\u00e9es par des cas cliniques.<\/p> <p>2.\u00a0\u00a0\u00a0\u00a0\u00a0 D\u00e9monstrations pratiques sur \u00e9chographe, avec projection simultan\u00e9e de sch\u00e9mas anatomiques et pr\u00e9sentation de cas.<\/p> <p>3.\u00a0\u00a0\u00a0\u00a0\u00a0 Choix entre deux activit\u00e9s pratiques simultan\u00e9es :<\/p> <ul> <li>Prise en main de la sonde d\u2019\u00e9chographie, sous supervision experte.<\/li> <li>Lecture et interpr\u00e9tation de dossiers IRM, \u00e9galement supervis\u00e9e.<\/li> <\/ul> <p>\u27a1\ufe0f\u00a0<em>Les participants s\u00e9lectionneront l\u2019une de ces deux options lors de l\u2019inscription.<\/em><\/p> <p>Le format interactif de ce s\u00e9minaire favorisera l\u2019acquisition de comp\u00e9tences pratiques essentielles en IRM et en \u00e9chographie, dans une atmosph\u00e8re \u00e0 la fois professionnelle et conviviale.<\/p> <p>&nbsp;<\/p> <p>Pr Jean-Denis Laredo<\/p> <p>Universit\u00e9 Paris-Cit\u00e9<\/p> <p><a href='https:\/\/sgr-ssr.ch\/wp-content\/uploads\/2026\/04\/2026-32_Programme-R7-Pied-Cheville-VF.pdf' target='_blank' rel='noopener noreferrer'>Programme<\/a><\/p> <p><a href='https:\/\/affidea.ch\/fr\/resonance-affidea-suisse-2026\/' target='_blank' rel='noopener noreferrer'>Site Web<\/a><\/p> \",\"organizer\":[{\"@type\":\"Organization\",\"name\":\"Affidea\"}]}<\/script><\/div>\r\n\t\t\t\t<p class=\"desc_trig_outter\" style=\"\"><a data-gmap_status=\"null\" data-exlk=\"0\" style=\"background-color: #004961;\" id=\"evc_179028720019492\" href=\"#\" class=\"desc_trig mul_val evcal_list_a allday\" data-ux_val=\"1\" data-ux_val_mob=\"-\"  ><span class='evoet_c2 evoet_cx '><span class='evoet_dayblock evcal_cblock ' data-bgcolor='#004961' data-smon='September' data-syr='2026' data-bub=''><span class='evo_start  evofxdrc'><em class='day'>Fr<\/em><em class='date'>25<\/em><em class='month'>Sep<\/em><em class='time'>ganztags<\/em><\/span><span class='evo_end  evofxdrc'><em class='day'>Sa<\/em><em class='date'>26<\/em><\/span><\/span><\/span><span class='evoet_c3 evoet_cx evcal_desc hide_eventtopdata '><span class='evoet_title evcal_desc2 evcal_event_title ' itemprop='name'>S\u00e9minaire R\u00e9sonance Affidea-Suisse 2026 - 7\u00e8me \u00e9dition - Pieds et Cheville<\/span><span class='evoet_cy evoet_subtitle evo_below_title' ><span class='evcal_event_subtitle ' >12 Credits<\/span><\/span><\/span><span class='evoet_data' data-d=\"{&quot;loc.n&quot;:&quot;H\\u00f4tel Intercontental&quot;,&quot;orgs&quot;:{&quot;673&quot;:&quot;Affidea&quot;},&quot;tags&quot;:[]}\" data-bgc=\"#004961\" data-bggrad=\"\" ><\/span><\/a><\/p><div class='event_description evcal_eventcard ' style=\"display:none\"><div class='evocard_row'><div id='event_eventdetails' class='evocard_box eventdetails' data-c='' \n\t\t\t\t\tstyle=''><div class=\"evo_metarow_details evorow evcal_evdata_row evcal_event_details\">\n    <div class=\"event_excerpt\" style=\"display:none\"><h3 class=\"padb5 evo_h3\">Veranstaltungsdetails<\/h3><p>S\u00e9minaire R\u00e9sonance Affidea-Suisse 2026\nCongr\u00e8s m\u00e9dical sur l&rsquo;imagerie ost\u00e9oarticulaire \u2013 Gen\u00e8ve\nNouveaut\u00e9 : un format r\u00e9solument pratique avec ateliers \u00e9chographie et IRM\nCe 7\u1d49 s\u00e9minaire sera consacr\u00e9\u00a0au\u00a0pied et \u00e0 la cheville, un des<\/p><\/div><span class='evcal_evdata_icons'><i class='fa fa-align-justify'><\/i><\/span>    <div class=\"evcal_evdata_cell shorter_desc\">\n        <div class=\"eventon_full_description\">\n            <h3 class=\"padb5 evo_h3\"><span class='evcal_evdata_icons'><i class='fa fa-align-justify'><\/i><\/span>Veranstaltungsdetails<\/h3>\n            <div class=\"eventon_desc_in\" itemprop=\"description\">\n                <h1><strong>S\u00e9minaire R\u00e9sonance Affidea-Suisse 2026<\/strong><\/h1>\n<h2><strong><em>Congr\u00e8s m\u00e9dical sur l&rsquo;imagerie ost\u00e9oarticulaire \u2013 Gen\u00e8ve<\/em><\/strong><\/h2>\n<h2>Nouveaut\u00e9 : un format r\u00e9solument pratique avec ateliers \u00e9chographie et IRM<\/h2>\n<p>Ce 7\u1d49 s\u00e9minaire sera consacr\u00e9\u00a0<strong>au<\/strong>\u00a0<strong>pied et \u00e0 la cheville<\/strong>, un des motifs de consultation les plus fr\u00e9quents en pathologie ost\u00e9oarticulaire et qui requiert des connaissances sp\u00e9cifiques.<\/p>\n<p>Con\u00e7u comme un rendez-vous multidisciplinaire r\u00e9unissant l\u2019ensemble des sp\u00e9cialistes utilisant l\u2019imagerie ost\u00e9oarticulaire, il vise \u00e0 offrir aux participants, toutes sp\u00e9cialit\u00e9s confondues,\u00a0<strong>les moyens d\u2019interpr\u00e9ter les examens d\u2019imagerie et d\u2019apprendre ou de se perfectionner dans la r\u00e9alisation des \u00e9chographies musculosquelettiques.<\/strong><\/p>\n<p>Gr\u00e2ce \u00e0 une approche associant th\u00e9orie et pratique, ce congr\u00e8s permettra d\u2019acqu\u00e9rir des comp\u00e9tences approfondies pour optimiser la prise en charge diagnostique et th\u00e9rapeutique des pathologies du pied et de la cheville.<\/p>\n<p>&nbsp;<\/p>\n<h2><strong>L\u2019organisation du s\u00e9minaire reposera sur deux formats d\u2019intervention compl\u00e9mentaires :<\/strong><\/h2>\n<p><strong>Expos\u00e9s au pupitre<\/strong>\u00a0apportant un \u00e9clairage th\u00e9orique structur\u00e9 sur les pathologies du pied et de la cheville avec mod\u00e9ration conjointe par des cliniciens, des chirurgiens et des radiologues<\/p>\n<p><strong>Ateliers : \u201cDe l\u2019anatomie \u00e0 la pratique\u201d en 3 \u00e9tapes<\/strong><\/p>\n<p>1.\u00a0\u00a0\u00a0\u00a0\u00a0 Introduction des principales pathologies, illustr\u00e9es par des cas cliniques.<\/p>\n<p>2.\u00a0\u00a0\u00a0\u00a0\u00a0 D\u00e9monstrations pratiques sur \u00e9chographe, avec projection simultan\u00e9e de sch\u00e9mas anatomiques et pr\u00e9sentation de cas.<\/p>\n<p>3.\u00a0\u00a0\u00a0\u00a0\u00a0 Choix entre deux activit\u00e9s pratiques simultan\u00e9es :<\/p>\n<ul>\n<li>Prise en main de la sonde d\u2019\u00e9chographie, sous supervision experte.<\/li>\n<li>Lecture et interpr\u00e9tation de dossiers IRM, \u00e9galement supervis\u00e9e.<\/li>\n<\/ul>\n<p>\u27a1\ufe0f\u00a0<em>Les participants s\u00e9lectionneront l\u2019une de ces deux options lors de l\u2019inscription.<\/em><\/p>\n<p>Le format interactif de ce s\u00e9minaire favorisera l\u2019acquisition de comp\u00e9tences pratiques essentielles en IRM et en \u00e9chographie, dans une atmosph\u00e8re \u00e0 la fois professionnelle et conviviale.<\/p>\n<p>&nbsp;<\/p>\n<p>Pr Jean-Denis Laredo<\/p>\n<p>Universit\u00e9 Paris-Cit\u00e9<\/p>\n<p><a href=\"https:\/\/sgr-ssr.ch\/wp-content\/uploads\/2026\/04\/2026-32_Programme-R7-Pied-Cheville-VF.pdf\" target=\"_blank\" rel=\"noopener noreferrer\">Programme<\/a><\/p>\n<p><a href=\"https:\/\/affidea.ch\/fr\/resonance-affidea-suisse-2026\/\" target=\"_blank\" rel=\"noopener noreferrer\">Site Web<\/a><\/p>\n            <\/div>\n            <p class='eventon_shad_p' style='padding:5px 0 0; margin:0'><button class='evcal_btn evo_btn_secondary evobtn_details_show_more' content='less'><span class='ev_more_text' data-txt='weniger'>mehr<\/span><span class='ev_more_arrow ard'><\/span><\/button><\/p><div class='clear'><\/div>        <\/div>\n    <\/div>\n<\/div><\/div><\/div><!-- row close --><div class='evocard_row bx2 bx'><div id='event_time' class='evocard_box time' data-c='' \n\t\t\t\t\tstyle=''><div class='evo_metarow_time evorow evcal_evdata_row evcal_evrow_sm '>\n\t\t<span class='evcal_evdata_icons'><i class='fa fa-clock-o'><\/i><\/span>\n\t\t<div class='evcal_evdata_cell'>\t\t\t\t\t\t\t\n\t\t\t<h3 class='evo_h3'><span class='evcal_evdata_icons'><i class='fa fa-clock-o'><\/i><\/span>Zeit<\/h3><div><span class='evo_eventcard_time_t evogap5 evofxww'><span class=\"start\">25 September 2026<\/span>  - <span class=\"end\">26 September 2026<\/span> (ganztags)<\/span><span class='evo_tz marr5'>(GMT+02:00)<\/span><\/div>\n\t\t<\/div>\n\t<\/div><\/div><div id='event_location' class='evocard_box location' data-c='' \n\t\t\t\t\tstyle=''><div class='evcal_evdata_row evo_metarow_time_location evorow '>\n\t\t\n\t\t\t<span class='evcal_evdata_icons'><i class='fa fa-map-marker'><\/i><\/span>\n\t\t\t<div class='evcal_evdata_cell' data-loc_tax_id='479'><h3 class='evo_h3 evodfx'><span class='evcal_evdata_icons'><i class='fa fa-map-marker'><\/i><\/span>Ort<\/h3><p class='evo_location_name'>H\u00f4tel Intercontental<\/p><div class='padt10'><span class='evo_btn_arr evolb_trigger' data-lbvals=\"{&quot;lbdata&quot;:{&quot;class&quot;:&quot;evo_location_lb_479&quot;,&quot;additional_class&quot;:&quot;lb_max&quot;,&quot;title&quot;:&quot;H\\u00f4tel Intercontental&quot;},&quot;adata&quot;:{&quot;a&quot;:&quot;eventon_get_tax_card_content&quot;,&quot;end&quot;:&quot;client&quot;,&quot;data&quot;:{&quot;lang&quot;:&quot;L1&quot;,&quot;term_id&quot;:479,&quot;tax&quot;:&quot;event_location&quot;,&quot;load_lbcontent&quot;:true}},&quot;uid&quot;:&quot;eventon_get_tax_card_content&quot;}\" >Other Events<i class='fa fa-chevron-right' aria-hidden='true'><\/i><\/span><\/div><\/div>\n\t\t\n\t<\/div><\/div><\/div><!-- row close --><div class='evocard_row'><div id='event_organizer' class='evocard_box organizer' data-c='' \n\t\t\t\t\tstyle=''><div class='evo_metarow_organizer evorow evcal_evdata_row evcal_evrow_sm '>\n\t\t<span class='evcal_evdata_icons'><i class='fa fa-headphones'><\/i><\/span>\n\t\t<div class='evcal_evdata_cell'>\t\t\t\t\t\t\t\n\t\t\t<h3 class='evo_h3'>Veranstalter<\/h3><div class='evo_evdata_cell_content evodfx evofx_ww evofx_dr_r evogap15'><div class='evo_card_organizer evofx_1'><h4 class='evo_org_name evo_h4 marb5 evottui evocl1i evopadb10i'><span class='evo_card_organizer_name_t marb5'><a  href='https:\/\/sgr-ssr.ch\/fr\/event-organizer\/affidea\/' class='evocl1i'>Affidea<\/a><\/span><\/h4><p class='evo_card_organizer_more evomart10i'><a class='evolb_trigger evo_btn_arr mart10' data-lbvals=\"{&quot;lbc&quot;:&quot;evo_organizer_lb&quot;,&quot;lbac&quot;:&quot;lb_max&quot;,&quot;preload_temp_key&quot;:&quot;preload_taxlb&quot;,&quot;t&quot;:&quot;Affidea&quot;,&quot;ajax&quot;:&quot;yes&quot;,&quot;ajax_type&quot;:&quot;endpoint&quot;,&quot;ajax_action&quot;:&quot;eventon_get_tax_card_content&quot;,&quot;end&quot;:&quot;client&quot;,&quot;d&quot;:{&quot;eventid&quot;:19492,&quot;ri&quot;:0,&quot;term_id&quot;:673,&quot;tax&quot;:&quot;event_organizer&quot;,&quot;load_lbcontent&quot;:true}}\" >Learn More<i class='fa fa-chevron-right'><\/i><\/a><\/p><\/div><!-- evo_card_organizer--><\/div><\/div>\t<\/div><\/div><\/div><!-- row close --><div class='evocard_row bx2 bx'><div id='event_learnmore' class='evocard_box learnmore' data-c='' \n\t\t\t\t\tstyle=''><div class='evo_metarow_learnM evo_metarow_learnmore evorow'>\n\t\t\t\t\t\t\t<a class='evcal_evdata_row evo_clik_row ' href='https:\/\/affidea.ch\/fr\/resonance-affidea-suisse-2026\/' target=\"_blank\">\n\t\t\t\t\t\t\t\t<span class='evcal_evdata_icons'><i class='fa fa-link'><\/i><\/span>\n\t\t\t\t\t\t\t\t<h3 class='evo_h3'>Mehr Infos \/ Anmeldung<\/h3>\n\t\t\t\t\t\t\t<\/a>\n\t\t\t\t\t\t\t<\/div><\/div><div id='event_addtocal' class='evocard_box addtocal' data-c='' \n\t\t\t\t\tstyle=''><div class='evo_metarow_ICS evorow evcal_evdata_row'>\n\t\t\t<span class='evcal_evdata_icons'><i class='fa fa-calendar-o'><\/i><\/span>\n\t\t\t<div class='evcal_evdata_cell'>\n\t\t\t\t<p><a href='https:\/\/sgr-ssr.ch\/fr\/export-events\/19492_0\/?key=cd75fe199f' rel='nofollow' class='evo_ics_nCal' title='Add to your calendar'>Calendar<\/a><a href='https:\/\/www.google.com\/calendar\/event?action=TEMPLATE&text=S%C3%A9minaire%20R%C3%A9sonance%20Affidea-Suisse%202026%20-%207%C3%A8me%20%C3%A9dition%20-%20Pieds%20et%20Cheville&dates=20260924T220000Z\/20260926T215959Z&ctz=Europe%2FVienna&details=S%C3%A9minaire%20R%C3%A9sonance%20Affidea-Suisse%202026%20-%207%C3%A8me%20%C3%A9dition%20-%20Pieds%20et%20Cheville&location=H%C3%B4tel%20Intercontental' target='_blank' rel='nofollow' class='evo_ics_gCal' title='Add to google calendar'>GoogleCal<\/a><\/p>\t\n\t\t\t<\/div>\n\t\t<\/div><\/div><\/div><!-- row close --><button class='evo_card_row_end evcal_close' title='Close'><\/button><\/div><div class='clear end'><\/div><\/div><\/div><div class='evcal_month_line' data-d='eml_10_2026' data-su='1790805600'><p>Oktober<\/p><\/div><div class='sep_month_events ' data-d='eml_10_2026' data-range='1790805600_1793487599'><div id=\"event_18957_0\" class=\"eventon_list_event evo_eventtop scheduled  event clrW event_18957_0\" data-event_id=\"18957\" data-ri=\"0r\" data-time=\"1769900400-1801436399\" data-colr=\"#4bb5d8\" itemscope itemtype='http:\/\/schema.org\/Event'><div class=\"evo_event_schema\" style=\"display:none\" ><a itemprop='url'  href='https:\/\/sgr-ssr.ch\/fr\/events\/cas-in-artificial-intelligence-in-medical-imaging-der-universitaet-bern\/'><\/a><meta itemprop='image'  \/><meta itemprop='startDate' content=\"2026-2-1\" \/><meta itemprop='endDate' content=\"2027-1-31\" \/><meta itemprop='eventStatus' content=\"https:\/\/schema.org\/EventScheduled\" \/><meta itemprop='eventAttendanceMode'   itemscope itemtype=\"https:\/\/schema.org\/OfflineEventAttendanceMode\"\/><script type=\"application\/ld+json\">{\"@context\": \"http:\/\/schema.org\",\"@type\": \"Event\",\n\t\t\t\t\"@id\": \"event_18957_0\",\n\t\t\t\t\"eventAttendanceMode\":\"https:\/\/schema.org\/OfflineEventAttendanceMode\",\n\t\t\t\t\"eventStatus\":\"https:\/\/schema.org\/EventScheduled\",\n\t\t\t\t\"name\": \"CAS in Artificial Intelligence in Medical Imaging der Universit\u00e4t Bern\",\n\t\t\t\t\"url\": \"https:\/\/sgr-ssr.ch\/fr\/events\/cas-in-artificial-intelligence-in-medical-imaging-der-universitaet-bern\/\",\n\t\t\t\t\"startDate\": \"2026-2-1\",\n\t\t\t\t\"endDate\": \"2027-1-31\",\n\t\t\t\t\"image\":\"\", \n\t\t\t\t\"description\":\"<p>Der CAS AIMI ist ein einj\u00e4hriges, berufsbegleitendes Programm f\u00fcr Fachpersonen aus unterschiedlichen Dom\u00e4nen der medizinischen Bildgebung. Teilnehmende werden dazu bef\u00e4higt, die Entwicklung, Anwendung und Evaluation von KI-Algorithmen in ihrem Klinikalltag zu begleiten. Das fundierte Wissen wird durch unsere Fakult\u00e4t bestehend aus Experten der Akademie, Klinik und Industrie vermittelt. Ein individuelles KI-Projekt erlaubt es, die erworbenen Kenntnisse direkt auf praxisnahe Fragestellungen zu \u00fcbertragen.<\/p> <p>Das Programm wird in englischer Sprache unterrichtet und deckt unter anderem folgende Themen ab:<\/p> <ul> <li>Entwicklung &amp; Validierung von KI<\/li> <li>KI-Applikationen im klinischen Alltag<\/li> <li>Umgang mit K\u00fcnstlicher Intelligenz<\/li> <li>Rechtliche und ethische Herausforderungen<\/li> <\/ul> <p>Die n\u00e4chste Durchf\u00fchrung des CAS AIMI ist f\u00fcr Februar 2026 vorgesehen. Die Anmeldefrist l\u00e4uft noch bis zum 15. Dezember 2025.<\/p> <p><a href='https:\/\/sgr-ssr.ch\/wp-content\/uploads\/2025\/11\/CAS-AIMI-Program-One-Pager.pdf' target='_blank' rel='noopener noreferrer'>Flyer<\/a><\/p> <p><a href='https:\/\/www.unibe.ch\/continuing_education_programs\/cas_in_artificial_intelligence_in_medical_imaging\/index_eng.html' target='_blank' rel='noopener noreferrer'>Webseite<\/a><\/p> <p><a href='mailto:school.sitem@unibe.ch'>Kontakt<\/a><\/p> \"}<\/script><\/div>\r\n\t\t\t\t<p class=\"desc_trig_outter\" style=\"\"><a data-gmap_status=\"null\" data-exlk=\"0\" style=\"background-color: #4bb5d8;\" id=\"evc_176990040018957\" href=\"#\" class=\"desc_trig mul_val evcal_list_a allday\" data-ux_val=\"1\" data-ux_val_mob=\"-\"  ><span class='evoet_c2 evoet_cx '><span class='evoet_dayblock evcal_cblock ' data-bgcolor='#4bb5d8' data-smon='Februar' data-syr='2026' data-bub=''><span class='evo_start  evofxdrc'><em class='day'>So<\/em><em class='date'>01<\/em><em class='month'>Feb<\/em><em class='time'>ganztags<\/em><\/span><span class='evo_end  evofxdrc'><em class='day'>So<\/em><em class='date'>31<\/em><em class='month'>Jan<\/em><\/span><\/span><\/span><span class='evoet_c3 evoet_cx evcal_desc hide_eventtopdata '><span class='evoet_title evcal_desc2 evcal_event_title ' itemprop='name'>CAS in Artificial Intelligence in Medical Imaging der Universit\u00e4t Bern<\/span><\/span><span class='evoet_data' data-d=\"{&quot;loc.n&quot;:&quot;&quot;,&quot;orgs&quot;:[],&quot;tags&quot;:[]}\" data-bgc=\"#4bb5d8\" data-bggrad=\"\" ><\/span><\/a><\/p><div class='event_description evcal_eventcard ' style=\"display:none\"><div class='evocard_row'><div id='event_eventdetails' class='evocard_box eventdetails' data-c='' \n\t\t\t\t\tstyle=''><div class=\"evo_metarow_details evorow evcal_evdata_row evcal_event_details\">\n    <div class=\"event_excerpt\" style=\"display:none\"><h3 class=\"padb5 evo_h3\">Veranstaltungsdetails<\/h3><p>Der CAS AIMI ist ein einj\u00e4hriges, berufsbegleitendes Programm f\u00fcr Fachpersonen aus unterschiedlichen Dom\u00e4nen der medizinischen Bildgebung. Teilnehmende werden dazu bef\u00e4higt, die Entwicklung, Anwendung und Evaluation von KI-Algorithmen in ihrem Klinikalltag<\/p><\/div><span class='evcal_evdata_icons'><i class='fa fa-align-justify'><\/i><\/span>    <div class=\"evcal_evdata_cell shorter_desc\">\n        <div class=\"eventon_full_description\">\n            <h3 class=\"padb5 evo_h3\"><span class='evcal_evdata_icons'><i class='fa fa-align-justify'><\/i><\/span>Veranstaltungsdetails<\/h3>\n            <div class=\"eventon_desc_in\" itemprop=\"description\">\n                <p>Der CAS AIMI ist ein einj\u00e4hriges, berufsbegleitendes Programm f\u00fcr Fachpersonen aus unterschiedlichen Dom\u00e4nen der medizinischen Bildgebung. Teilnehmende werden dazu bef\u00e4higt, die Entwicklung, Anwendung und Evaluation von KI-Algorithmen in ihrem Klinikalltag zu begleiten. Das fundierte Wissen wird durch unsere Fakult\u00e4t bestehend aus Experten der Akademie, Klinik und Industrie vermittelt. Ein individuelles KI-Projekt erlaubt es, die erworbenen Kenntnisse direkt auf praxisnahe Fragestellungen zu \u00fcbertragen.<\/p>\n<p>Das Programm wird in englischer Sprache unterrichtet und deckt unter anderem folgende Themen ab:<\/p>\n<ul>\n<li>Entwicklung &amp; Validierung von KI<\/li>\n<li>KI-Applikationen im klinischen Alltag<\/li>\n<li>Umgang mit K\u00fcnstlicher Intelligenz<\/li>\n<li>Rechtliche und ethische Herausforderungen<\/li>\n<\/ul>\n<p>Die n\u00e4chste Durchf\u00fchrung des CAS AIMI ist f\u00fcr Februar 2026 vorgesehen. Die Anmeldefrist l\u00e4uft noch bis zum 15. Dezember 2025.<\/p>\n<p><a href=\"https:\/\/sgr-ssr.ch\/wp-content\/uploads\/2025\/11\/CAS-AIMI-Program-One-Pager.pdf\" target=\"_blank\" rel=\"noopener noreferrer\">Flyer<\/a><\/p>\n<p><a href=\"https:\/\/www.unibe.ch\/continuing_education_programs\/cas_in_artificial_intelligence_in_medical_imaging\/index_eng.html\" target=\"_blank\" rel=\"noopener noreferrer\">Webseite<\/a><\/p>\n<p><a href=\"mailto:school.sitem@unibe.ch\">Kontakt<\/a><\/p>\n            <\/div>\n            <p class='eventon_shad_p' style='padding:5px 0 0; margin:0'><button class='evcal_btn evo_btn_secondary evobtn_details_show_more' content='less'><span class='ev_more_text' data-txt='weniger'>mehr<\/span><span class='ev_more_arrow ard'><\/span><\/button><\/p><div class='clear'><\/div>        <\/div>\n    <\/div>\n<\/div><\/div><\/div><!-- row close --><div class='evocard_row'><div id='event_time' class='evocard_box time' data-c='' \n\t\t\t\t\tstyle=''><div class='evo_metarow_time evorow evcal_evdata_row evcal_evrow_sm '>\n\t\t<span class='evcal_evdata_icons'><i class='fa fa-clock-o'><\/i><\/span>\n\t\t<div class='evcal_evdata_cell'>\t\t\t\t\t\t\t\n\t\t\t<h3 class='evo_h3'><span class='evcal_evdata_icons'><i class='fa fa-clock-o'><\/i><\/span>Zeit<\/h3><div><span class='evo_eventcard_time_t evogap5 evofxww'><span class='start'>1 Februar 2026<\/span> - <span class='end'>31 Januar 2027<\/span> (ganztags)<\/span><span class='evo_tz marr5'>(GMT+01:00)<\/span><\/div>\n\t\t<\/div>\n\t<\/div><\/div><\/div><!-- row close --><div class='evocard_row bx2 bx'><div id='event_learnmore' class='evocard_box learnmore' data-c='' \n\t\t\t\t\tstyle=''><div class='evo_metarow_learnM evo_metarow_learnmore evorow'>\n\t\t\t\t\t\t\t<a class='evcal_evdata_row evo_clik_row ' href='https:\/\/www.unibe.ch\/continuing_education_programs\/cas_in_artificial_intelligence_in_medical_imaging\/index_eng.html' target=\"_blank\">\n\t\t\t\t\t\t\t\t<span class='evcal_evdata_icons'><i class='fa fa-link'><\/i><\/span>\n\t\t\t\t\t\t\t\t<h3 class='evo_h3'>Mehr Infos \/ Anmeldung<\/h3>\n\t\t\t\t\t\t\t<\/a>\n\t\t\t\t\t\t\t<\/div><\/div><div id='event_addtocal' class='evocard_box addtocal' data-c='' \n\t\t\t\t\tstyle=''><div class='evo_metarow_ICS evorow evcal_evdata_row'>\n\t\t\t<span class='evcal_evdata_icons'><i class='fa fa-calendar-o'><\/i><\/span>\n\t\t\t<div class='evcal_evdata_cell'>\n\t\t\t\t<p><a href='https:\/\/sgr-ssr.ch\/fr\/export-events\/18957_0\/?key=cd75fe199f' rel='nofollow' class='evo_ics_nCal' title='Add to your calendar'>Calendar<\/a><a href='https:\/\/www.google.com\/calendar\/event?action=TEMPLATE&text=CAS%20in%20Artificial%20Intelligence%20in%20Medical%20Imaging%20der%20Universit%C3%A4t%20Bern&dates=20260131T230000Z\/20270131T225959Z&ctz=Europe%2FVienna&details=CAS%20in%20Artificial%20Intelligence%20in%20Medical%20Imaging%20der%20Universit%C3%A4t%20Bern&location=' target='_blank' rel='nofollow' class='evo_ics_gCal' title='Add to google calendar'>GoogleCal<\/a><\/p>\t\n\t\t\t<\/div>\n\t\t<\/div><\/div><\/div><!-- row close --><button class='evo_card_row_end evcal_close' title='Close'><\/button><\/div><div class='clear end'><\/div><\/div><div id=\"event_19475_0\" class=\"eventon_list_event evo_eventtop scheduled  event clrD event_19475_0\" data-event_id=\"19475\" data-ri=\"0r\" data-time=\"1790874000-1790881200\" data-colr=\"#004961\" itemscope itemtype='http:\/\/schema.org\/Event'><div class=\"evo_event_schema\" style=\"display:none\" ><a itemprop='url'  href='https:\/\/sgr-ssr.ch\/fr\/events\/formation-continue-en-radioprotection-pour-les-medecins-exploitant-des-installations-de-radiographie-en-cabinet-medical_2\/'><\/a><meta itemprop='image'  \/><meta itemprop='startDate' content=\"2026-10-1T19:00+0:00\" \/><meta itemprop='endDate' content=\"2026-10-1T21:00+0:00\" \/><meta itemprop='eventStatus' content=\"https:\/\/schema.org\/EventScheduled\" \/><meta itemprop='eventAttendanceMode'   itemscope itemtype=\"https:\/\/schema.org\/OnlineEventAttendanceMode\"\/><div itemprop=\"organizer\" itemscope=\"\" itemtype=\"http:\/\/schema.org\/Organization\"><meta itemprop=\"name\" content=\"CHUV\">\n\t\t\t\t    \t<\/div><div itemprop=\"performer\" itemscope=\"\" itemtype=\"http:\/\/schema.org\/Person\"><meta itemprop=\"name\" content=\"CHUV\"><\/div><script type=\"application\/ld+json\">{\"@context\": \"http:\/\/schema.org\",\"@type\": \"Event\",\n\t\t\t\t\"@id\": \"event_19475_0\",\n\t\t\t\t\"eventAttendanceMode\":\"https:\/\/schema.org\/OnlineEventAttendanceMode\",\n\t\t\t\t\"eventStatus\":\"https:\/\/schema.org\/EventScheduled\",\n\t\t\t\t\"name\": \"FORMATION CONTINUE EN RADIOPROTECTION POUR LES MEDECINS EXPLOITANT DES INSTALLATIONS DE RADIOGRAPHIE EN CABINET MEDICAL_2\",\n\t\t\t\t\"url\": \"https:\/\/sgr-ssr.ch\/fr\/events\/formation-continue-en-radioprotection-pour-les-medecins-exploitant-des-installations-de-radiographie-en-cabinet-medical_2\/\",\n\t\t\t\t\"startDate\": \"2026-10-1T19:00+0:00\",\n\t\t\t\t\"endDate\": \"2026-10-1T21:00+0:00\",\n\t\t\t\t\"image\":\"\", \n\t\t\t\t\"description\":\"<p>L&rsquo;Institut de Radiophysique organise cette formation continue en radioprotection, visant \u00e0 assurer la conservation et l&rsquo;actualisation des comp\u00e9tences.<\/p> <p><strong>Contenu<\/strong><\/p> <ul> <li>19h00 \u2013 20h00\u00a0: Sensibilisation et communication du risque radiologique (Pr Fran\u00e7ois Bochud, Damien Racine, Ana\u00efs Viry)<\/li> <li>20h00 \u2013 20h30\u00a0: Plan de radioprotection et blindage des salles de radiographie (Nicolas Cherbuin)<\/li> <li>20h30 \u2013 21h00\u00a0: Prise en charge des accidents d\u2019irradiation (Nicolas Cherbuin)<\/li> <\/ul> <p>Le contenu est le m\u00eame pour chaque session en 2026.<\/p> <p><strong>Public cible<\/strong><\/p> <p>Radiologues<br \/> M\u00e9decins sp\u00e9cialistes au b\u00e9n\u00e9fice des formations MA6 ou MA8 selon Ordonnance sur les formations en radioprotection<br \/> M\u00e9decins sp\u00e9cialistes exploitant une installation de radiographie.<\/p> <p><strong>Informations pratiques<\/strong><\/p> <p>Dur\u00e9e : 2 heures (2 UE)<br \/> Horaire : de 19h00 \u00e0 21h00<br \/> Lieu et dates\u00a0:\u00a0 05\/05\/2026\u00a0: En visioconf\u00e9rence<br \/> 01\/10\/2026\u00a0: En visioconf\u00e9rence<\/p> <p><a href='https:\/\/www.chuv.ch\/fr\/ira\/ira-home\/formation-en-radioprotection\/formations-continues\/radiographie-en-cabinet-medical' target='_blank' rel='noopener noreferrer'>Inscription<\/a><\/p> \",\"organizer\":[{\"@type\":\"Organization\",\"name\":\"CHUV\"}]}<\/script><\/div>\r\n\t\t\t\t<p class=\"desc_trig_outter\" style=\"\"><a data-gmap_status=\"null\" data-exlk=\"0\" style=\"background-color: #004961;\" id=\"evc_179087400019475\" href=\"#\" class=\"desc_trig sin_val evcal_list_a\" data-ux_val=\"1\" data-ux_val_mob=\"-\"  ><span class='evoet_c2 evoet_cx '><span class='evoet_dayblock evcal_cblock ' data-bgcolor='#004961' data-smon='Oktober' data-syr='2026' data-bub=''><span class='evo_start  evofxdrc'><em class='day'>Do<\/em><em class='date'>01<\/em><em class='month'>Okt<\/em><em class='time'>19 h 00 min<\/em><\/span><span class='evo_end only_time evofxdrc'><em class='time'>21 h 00 min<\/em><\/span><\/span><\/span><span class='evoet_c3 evoet_cx evcal_desc hide_eventtopdata '><span class='evoet_title evcal_desc2 evcal_event_title ' itemprop='name'>FORMATION CONTINUE EN RADIOPROTECTION POUR LES MEDECINS EXPLOITANT DES INSTALLATIONS DE RADIOGRAPHIE EN CABINET MEDICAL_2<\/span><span class='evoet_cy evoet_subtitle evo_below_title' ><span class='evcal_event_subtitle ' >2 Credits<\/span><\/span><\/span><span class='evoet_data' data-d=\"{&quot;loc.n&quot;:&quot;&quot;,&quot;orgs&quot;:{&quot;665&quot;:&quot;CHUV&quot;},&quot;tags&quot;:{&quot;vir&quot;:&quot;Virtual Event&quot;}}\" data-bgc=\"#004961\" data-bggrad=\"\" ><\/span><\/a><\/p><div class='event_description evcal_eventcard ' style=\"display:none\"><div class='evocard_row'><div id='event_eventdetails' class='evocard_box eventdetails' data-c='' \n\t\t\t\t\tstyle=''><div class=\"evo_metarow_details evorow evcal_evdata_row evcal_event_details\">\n    <div class=\"event_excerpt\" style=\"display:none\"><h3 class=\"padb5 evo_h3\">Veranstaltungsdetails<\/h3><p>L&rsquo;Institut de Radiophysique organise cette formation continue en radioprotection, visant \u00e0 assurer la conservation et l&rsquo;actualisation des comp\u00e9tences.\nContenu\n\n19h00 \u2013 20h00\u00a0: Sensibilisation et communication du risque radiologique (Pr Fran\u00e7ois Bochud, Damien<\/p><\/div><span class='evcal_evdata_icons'><i class='fa fa-align-justify'><\/i><\/span>    <div class=\"evcal_evdata_cell shorter_desc\">\n        <div class=\"eventon_full_description\">\n            <h3 class=\"padb5 evo_h3\"><span class='evcal_evdata_icons'><i class='fa fa-align-justify'><\/i><\/span>Veranstaltungsdetails<\/h3>\n            <div class=\"eventon_desc_in\" itemprop=\"description\">\n                <p>L&rsquo;Institut de Radiophysique organise cette formation continue en radioprotection, visant \u00e0 assurer la conservation et l&rsquo;actualisation des comp\u00e9tences.<\/p>\n<p><strong>Contenu<\/strong><\/p>\n<ul>\n<li>19h00 \u2013 20h00\u00a0: Sensibilisation et communication du risque radiologique (Pr Fran\u00e7ois Bochud, Damien Racine, Ana\u00efs Viry)<\/li>\n<li>20h00 \u2013 20h30\u00a0: Plan de radioprotection et blindage des salles de radiographie (Nicolas Cherbuin)<\/li>\n<li>20h30 \u2013 21h00\u00a0: Prise en charge des accidents d\u2019irradiation (Nicolas Cherbuin)<\/li>\n<\/ul>\n<p>Le contenu est le m\u00eame pour chaque session en 2026.<\/p>\n<p><strong>Public cible<\/strong><\/p>\n<p>Radiologues<br \/>\nM\u00e9decins sp\u00e9cialistes au b\u00e9n\u00e9fice des formations MA6 ou MA8 selon Ordonnance sur les formations en radioprotection<br \/>\nM\u00e9decins sp\u00e9cialistes exploitant une installation de radiographie.<\/p>\n<p><strong>Informations pratiques<\/strong><\/p>\n<p>Dur\u00e9e : 2 heures (2 UE)<br \/>\nHoraire : de 19h00 \u00e0 21h00<br \/>\nLieu et dates\u00a0:\u00a0 05\/05\/2026\u00a0: En visioconf\u00e9rence<br \/>\n01\/10\/2026\u00a0: En visioconf\u00e9rence<\/p>\n<p><a href=\"https:\/\/www.chuv.ch\/fr\/ira\/ira-home\/formation-en-radioprotection\/formations-continues\/radiographie-en-cabinet-medical\" target=\"_blank\" rel=\"noopener noreferrer\">Inscription<\/a><\/p>\n            <\/div>\n            <p class='eventon_shad_p' style='padding:5px 0 0; margin:0'><button class='evcal_btn evo_btn_secondary evobtn_details_show_more' content='less'><span class='ev_more_text' data-txt='weniger'>mehr<\/span><span class='ev_more_arrow ard'><\/span><\/button><\/p><div class='clear'><\/div>        <\/div>\n    <\/div>\n<\/div><\/div><\/div><!-- row close --><div class='evocard_row'><div id='event_time' class='evocard_box time' data-c='' \n\t\t\t\t\tstyle=''><div class='evo_metarow_time evorow evcal_evdata_row evcal_evrow_sm '>\n\t\t<span class='evcal_evdata_icons'><i class='fa fa-clock-o'><\/i><\/span>\n\t\t<div class='evcal_evdata_cell'>\t\t\t\t\t\t\t\n\t\t\t<h3 class='evo_h3'><span class='evcal_evdata_icons'><i class='fa fa-clock-o'><\/i><\/span>Zeit<\/h3><div><span class='evo_eventcard_time_t evogap5 evofxww'><span class=\"start\">1 Oktober 2026<\/span> <span class=\"stime\">19 h 00 min<\/span> - <span class=\"etime\">21 h 00 min<\/span><\/span><span class='evo_tz marr5'>(GMT+02:00)<\/span><\/div>\n\t\t<\/div>\n\t<\/div><\/div><\/div><!-- row close --><div class='evocard_row'><div id='event_organizer' class='evocard_box organizer' data-c='' \n\t\t\t\t\tstyle=''><div class='evo_metarow_organizer evorow evcal_evdata_row evcal_evrow_sm '>\n\t\t<span class='evcal_evdata_icons'><i class='fa fa-headphones'><\/i><\/span>\n\t\t<div class='evcal_evdata_cell'>\t\t\t\t\t\t\t\n\t\t\t<h3 class='evo_h3'>Veranstalter<\/h3><div class='evo_evdata_cell_content evodfx evofx_ww evofx_dr_r evogap15'><div class='evo_card_organizer evofx_1'><h4 class='evo_org_name evo_h4 marb5 evottui evocl1i evopadb10i'><span class='evo_card_organizer_name_t marb5'><a  href='https:\/\/sgr-ssr.ch\/fr\/event-organizer\/chuv\/' class='evocl1i'>CHUV<\/a><\/span><\/h4><p class='evo_card_organizer_more evomart10i'><a class='evolb_trigger evo_btn_arr mart10' data-lbvals=\"{&quot;lbc&quot;:&quot;evo_organizer_lb&quot;,&quot;lbac&quot;:&quot;lb_max&quot;,&quot;preload_temp_key&quot;:&quot;preload_taxlb&quot;,&quot;t&quot;:&quot;CHUV&quot;,&quot;ajax&quot;:&quot;yes&quot;,&quot;ajax_type&quot;:&quot;endpoint&quot;,&quot;ajax_action&quot;:&quot;eventon_get_tax_card_content&quot;,&quot;end&quot;:&quot;client&quot;,&quot;d&quot;:{&quot;eventid&quot;:19475,&quot;ri&quot;:0,&quot;term_id&quot;:665,&quot;tax&quot;:&quot;event_organizer&quot;,&quot;load_lbcontent&quot;:true}}\" >Learn More<i class='fa fa-chevron-right'><\/i><\/a><\/p><\/div><!-- evo_card_organizer--><\/div><\/div>\t<\/div><\/div><\/div><!-- row close --><div class='evocard_row bx2 bx'><div id='event_learnmore' class='evocard_box learnmore' data-c='' \n\t\t\t\t\tstyle=''><div class='evo_metarow_learnM evo_metarow_learnmore evorow'>\n\t\t\t\t\t\t\t<a class='evcal_evdata_row evo_clik_row ' href='https:\/\/www.chuv.ch\/fr\/ira\/ira-home\/formation-en-radioprotection\/formations-continues\/radiographie-en-cabinet-medical ' target=\"_blank\">\n\t\t\t\t\t\t\t\t<span class='evcal_evdata_icons'><i class='fa fa-link'><\/i><\/span>\n\t\t\t\t\t\t\t\t<h3 class='evo_h3'>Mehr Infos \/ Anmeldung<\/h3>\n\t\t\t\t\t\t\t<\/a>\n\t\t\t\t\t\t\t<\/div><\/div><div id='event_addtocal' class='evocard_box addtocal' data-c='' \n\t\t\t\t\tstyle=''><div class='evo_metarow_ICS evorow evcal_evdata_row'>\n\t\t\t<span class='evcal_evdata_icons'><i class='fa fa-calendar-o'><\/i><\/span>\n\t\t\t<div class='evcal_evdata_cell'>\n\t\t\t\t<p><a href='https:\/\/sgr-ssr.ch\/fr\/export-events\/19475_0\/?key=cd75fe199f' rel='nofollow' class='evo_ics_nCal' title='Add to your calendar'>Calendar<\/a><a href='https:\/\/www.google.com\/calendar\/event?action=TEMPLATE&text=FORMATION%20CONTINUE%20EN%20RADIOPROTECTION%20POUR%20LES%20MEDECINS%20EXPLOITANT%20DES%20INSTALLATIONS%20DE%20RADIOGRAPHIE%20EN%20CABINET%20MEDICAL_2&dates=20261001T170000Z\/20261001T190000Z&ctz=Europe%2FVienna&details=FORMATION%20CONTINUE%20EN%20RADIOPROTECTION%20POUR%20LES%20MEDECINS%20EXPLOITANT%20DES%20INSTALLATIONS%20DE%20RADIOGRAPHIE%20EN%20CABINET%20MEDICAL_2&location=' target='_blank' rel='nofollow' class='evo_ics_gCal' title='Add to google calendar'>GoogleCal<\/a><\/p>\t\n\t\t\t<\/div>\n\t\t<\/div><\/div><\/div><!-- row close --><button class='evo_card_row_end evcal_close' title='Close'><\/button><\/div><div class='clear end'><\/div><\/div><div id=\"event_19083_0\" class=\"eventon_list_event evo_eventtop scheduled  event clrW event_19083_0\" data-event_id=\"19083\" data-ri=\"0r\" data-time=\"1791064800-1791323999\" data-colr=\"#4bb5d8\" itemscope itemtype='http:\/\/schema.org\/Event'><div class=\"evo_event_schema\" style=\"display:none\" ><a itemprop='url'  href='https:\/\/sgr-ssr.ch\/fr\/events\/37th-annual-meeting-of-the-european-society-for-hyperthermic-oncology\/'><\/a><meta itemprop='image'  \/><meta itemprop='startDate' content=\"2026-10-4\" \/><meta itemprop='endDate' content=\"2026-10-6\" \/><meta itemprop='eventStatus' content=\"https:\/\/schema.org\/EventScheduled\" \/><meta itemprop='eventAttendanceMode'   itemscope itemtype=\"https:\/\/schema.org\/OfflineEventAttendanceMode\"\/><div itemprop=\"organizer\" itemscope=\"\" itemtype=\"http:\/\/schema.org\/Organization\"><meta itemprop=\"name\" content=\"Conventus Congressmanagement\">\n\t\t\t\t    \t<meta itemprop=\"url\" content=\"www.conventus.de\"><\/div><div itemprop=\"performer\" itemscope=\"\" itemtype=\"http:\/\/schema.org\/Person\"><meta itemprop=\"name\" content=\"Conventus Congressmanagement\"><\/div><script type=\"application\/ld+json\">{\"@context\": \"http:\/\/schema.org\",\"@type\": \"Event\",\n\t\t\t\t\"@id\": \"event_19083_0\",\n\t\t\t\t\"eventAttendanceMode\":\"https:\/\/schema.org\/OfflineEventAttendanceMode\",\n\t\t\t\t\"eventStatus\":\"https:\/\/schema.org\/EventScheduled\",\n\t\t\t\t\"name\": \"37th Annual Meeting of the European Society for Hyperthermic Oncology\",\n\t\t\t\t\"url\": \"https:\/\/sgr-ssr.ch\/fr\/events\/37th-annual-meeting-of-the-european-society-for-hyperthermic-oncology\/\",\n\t\t\t\t\"startDate\": \"2026-10-4\",\n\t\t\t\t\"endDate\": \"2026-10-6\",\n\t\t\t\t\"image\":\"\", \n\t\t\t\t\"description\":\"<p>37th Annual Meeting of the European Society for Hyperthermic Oncolog<\/p> <p><a href='https:\/\/esho-congress.eu\/' target='_blank' rel='noopener noreferrer'>Website<\/a><br \/> <a href='mailto:andreh.munla-ali@conventus.de'>Contact<\/a><\/p> \",\"organizer\":[{\"@type\":\"Organization\",\"name\":\"Conventus Congressmanagement\",\"url\":\"www.conventus.de\"}]}<\/script><\/div>\r\n\t\t\t\t<p class=\"desc_trig_outter\" style=\"\"><a data-gmtrig=\"1\" data-exlk=\"0\" style=\"background-color: #4bb5d8;\" id=\"evc_179106480019083\" href=\"#\" class=\"desc_trig mul_val evcal_list_a allday\" data-ux_val=\"1\" data-ux_val_mob=\"-\"  ><span class='evoet_c2 evoet_cx '><span class='evoet_dayblock evcal_cblock ' data-bgcolor='#4bb5d8' data-smon='Oktober' data-syr='2026' data-bub=''><span class='evo_start  evofxdrc'><em class='day'>So<\/em><em class='date'>04<\/em><em class='month'>Okt<\/em><em class='time'>ganztags<\/em><\/span><span class='evo_end  evofxdrc'><em class='day'>Di<\/em><em class='date'>06<\/em><\/span><\/span><\/span><span class='evoet_c3 evoet_cx evcal_desc hide_eventtopdata '><span class='evoet_title evcal_desc2 evcal_event_title ' itemprop='name'>37th Annual Meeting of the European Society for Hyperthermic Oncology<\/span><\/span><span class='evoet_data' data-d=\"{&quot;loc.n&quot;:&quot;Friedrich-Alexander-Universit\\u00e4t Erlangen-N\\u00fcrnberg&quot;,&quot;orgs&quot;:{&quot;386&quot;:&quot;Conventus Congressmanagement&quot;},&quot;tags&quot;:[]}\" data-bgc=\"#4bb5d8\" data-bggrad=\"\" ><\/span><\/a><\/p><div class='event_description evcal_eventcard ' style=\"display:none\"><div class='evocard_row'><div id='event_eventdetails' class='evocard_box eventdetails' data-c='' \n\t\t\t\t\tstyle=''><div class=\"evo_metarow_details evorow evcal_evdata_row evcal_event_details\">\n    <div class=\"event_excerpt\" style=\"display:none\"><h3 class=\"padb5 evo_h3\">Veranstaltungsdetails<\/h3><p>37th Annual Meeting of the European Society for Hyperthermic Oncolog\nWebsite\nContact<\/p><\/div><span class='evcal_evdata_icons'><i class='fa fa-align-justify'><\/i><\/span>    <div class=\"evcal_evdata_cell \">\n        <div class=\"eventon_full_description\">\n            <h3 class=\"padb5 evo_h3\"><span class='evcal_evdata_icons'><i class='fa fa-align-justify'><\/i><\/span>Veranstaltungsdetails<\/h3>\n            <div class=\"eventon_desc_in\" itemprop=\"description\">\n                <p>37th Annual Meeting of the European Society for Hyperthermic Oncolog<\/p>\n<p><a href=\"https:\/\/esho-congress.eu\/\" target=\"_blank\" rel=\"noopener noreferrer\">Website<\/a><br \/>\n<a href=\"mailto:andreh.munla-ali@conventus.de\">Contact<\/a><\/p>\n            <\/div>\n            <div class='clear'><\/div>        <\/div>\n    <\/div>\n<\/div><\/div><\/div><!-- row close --><div class='evocard_row bx2 bx'><div id='event_time' class='evocard_box time' data-c='' \n\t\t\t\t\tstyle=''><div class='evo_metarow_time evorow evcal_evdata_row evcal_evrow_sm '>\n\t\t<span class='evcal_evdata_icons'><i class='fa fa-clock-o'><\/i><\/span>\n\t\t<div class='evcal_evdata_cell'>\t\t\t\t\t\t\t\n\t\t\t<h3 class='evo_h3'><span class='evcal_evdata_icons'><i class='fa fa-clock-o'><\/i><\/span>Zeit<\/h3><div><span class='evo_eventcard_time_t evogap5 evofxww'><span class=\"start\">4 Oktober 2026<\/span>  - <span class=\"end\">6 Oktober 2026<\/span> (ganztags)<\/span><span class='evo_tz marr5'>(GMT+02:00)<\/span><\/div>\n\t\t<\/div>\n\t<\/div><\/div><div id='event_location' class='evocard_box location' data-c='' \n\t\t\t\t\tstyle=''><div class='evcal_evdata_row evo_metarow_time_location evorow '>\n\t\t\n\t\t\t<span class='evcal_evdata_icons'><i class='fa fa-map-marker'><\/i><\/span>\n\t\t\t<div class='evcal_evdata_cell' data-loc_tax_id='647'><h3 class='evo_h3 evodfx'><span class='evcal_evdata_icons'><i class='fa fa-map-marker'><\/i><\/span>Ort<\/h3><p class='evo_location_name'>Friedrich-Alexander-Universit\u00e4t Erlangen-N\u00fcrnberg<\/p><div class='padt10'><span class='evo_btn_arr evolb_trigger' data-lbvals=\"{&quot;lbdata&quot;:{&quot;class&quot;:&quot;evo_location_lb_647&quot;,&quot;additional_class&quot;:&quot;lb_max&quot;,&quot;title&quot;:&quot;Friedrich-Alexander-Universit\\u00e4t Erlangen-N\\u00fcrnberg&quot;},&quot;adata&quot;:{&quot;a&quot;:&quot;eventon_get_tax_card_content&quot;,&quot;end&quot;:&quot;client&quot;,&quot;data&quot;:{&quot;lang&quot;:&quot;L1&quot;,&quot;term_id&quot;:647,&quot;tax&quot;:&quot;event_location&quot;,&quot;load_lbcontent&quot;:true}},&quot;uid&quot;:&quot;eventon_get_tax_card_content&quot;}\" >Other Events<i class='fa fa-chevron-right' aria-hidden='true'><\/i><\/span><\/div><\/div>\n\t\t\n\t<\/div><\/div><\/div><!-- row close --><div class='evocard_row'><div id='event_organizer' class='evocard_box organizer' data-c='' \n\t\t\t\t\tstyle=''><div class='evo_metarow_organizer evorow evcal_evdata_row evcal_evrow_sm '>\n\t\t<span class='evcal_evdata_icons'><i class='fa fa-headphones'><\/i><\/span>\n\t\t<div class='evcal_evdata_cell'>\t\t\t\t\t\t\t\n\t\t\t<h3 class='evo_h3'>Veranstalter<\/h3><div class='evo_evdata_cell_content evodfx evofx_ww evofx_dr_r evogap15'><div class='evo_card_organizer evofx_1'><h4 class='evo_org_name evo_h4 marb5 evottui evocl1i evopadb10i'><span class='evo_card_organizer_name_t marb5'><a  href='https:\/\/www.conventus.de' class='evocl1i'>Conventus Congressmanagement<\/a><\/span><\/h4><p class='evo_card_organizer_more evomart10i'><a class='evolb_trigger evo_btn_arr mart10' data-lbvals=\"{&quot;lbc&quot;:&quot;evo_organizer_lb&quot;,&quot;lbac&quot;:&quot;lb_max&quot;,&quot;preload_temp_key&quot;:&quot;preload_taxlb&quot;,&quot;t&quot;:&quot;Conventus Congressmanagement&quot;,&quot;ajax&quot;:&quot;yes&quot;,&quot;ajax_type&quot;:&quot;endpoint&quot;,&quot;ajax_action&quot;:&quot;eventon_get_tax_card_content&quot;,&quot;end&quot;:&quot;client&quot;,&quot;d&quot;:{&quot;eventid&quot;:19083,&quot;ri&quot;:0,&quot;term_id&quot;:386,&quot;tax&quot;:&quot;event_organizer&quot;,&quot;load_lbcontent&quot;:true}}\" >Learn More<i class='fa fa-chevron-right'><\/i><\/a><\/p><\/div><!-- evo_card_organizer--><\/div><\/div>\t<\/div><\/div><\/div><!-- row close --><div class='evocard_row bx2 bx'><div id='event_learnmore' class='evocard_box learnmore' data-c='' \n\t\t\t\t\tstyle=''><div class='evo_metarow_learnM evo_metarow_learnmore evorow'>\n\t\t\t\t\t\t\t<a class='evcal_evdata_row evo_clik_row ' href='https:\/\/esho-congress.eu\/' target=\"_blank\">\n\t\t\t\t\t\t\t\t<span class='evcal_evdata_icons'><i class='fa fa-link'><\/i><\/span>\n\t\t\t\t\t\t\t\t<h3 class='evo_h3'>Mehr Infos \/ Anmeldung<\/h3>\n\t\t\t\t\t\t\t<\/a>\n\t\t\t\t\t\t\t<\/div><\/div><div id='event_addtocal' class='evocard_box addtocal' data-c='' \n\t\t\t\t\tstyle=''><div class='evo_metarow_ICS evorow evcal_evdata_row'>\n\t\t\t<span class='evcal_evdata_icons'><i class='fa fa-calendar-o'><\/i><\/span>\n\t\t\t<div class='evcal_evdata_cell'>\n\t\t\t\t<p><a href='https:\/\/sgr-ssr.ch\/fr\/export-events\/19083_0\/?key=cd75fe199f' rel='nofollow' class='evo_ics_nCal' title='Add to your calendar'>Calendar<\/a><a href='https:\/\/www.google.com\/calendar\/event?action=TEMPLATE&text=37th%20Annual%20Meeting%20of%20the%20European%20Society%20for%20Hyperthermic%20Oncology&dates=20261003T220000Z\/20261006T215959Z&ctz=Europe%2FVienna&details=37th%20Annual%20Meeting%20of%20the%20European%20Society%20for%20Hyperthermic%20Oncology&location=Friedrich-Alexander-Universit%C3%A4t%20Erlangen-N%C3%BCrnberg' target='_blank' rel='nofollow' class='evo_ics_gCal' title='Add to google calendar'>GoogleCal<\/a><\/p>\t\n\t\t\t<\/div>\n\t\t<\/div><\/div><\/div><!-- row close --><button class='evo_card_row_end evcal_close' title='Close'><\/button><\/div><div class='clear end'><\/div><\/div><div id=\"event_19329_0\" class=\"eventon_list_event evo_eventtop scheduled  event clrD event_19329_0\" data-event_id=\"19329\" data-ri=\"0r\" data-time=\"1791302400-1791307800\" data-colr=\"#004961\" itemscope itemtype='http:\/\/schema.org\/Event'><div class=\"evo_event_schema\" style=\"display:none\" ><a itemprop='url'  href='https:\/\/sgr-ssr.ch\/fr\/events\/formation-continue-en-radioprotection-pour-les-radiologues-presentiel\/'><\/a><meta itemprop='image'  \/><meta itemprop='startDate' content=\"2026-10-6T18:00+0:00\" \/><meta itemprop='endDate' content=\"2026-10-6T19:30+0:00\" \/><meta itemprop='eventStatus' content=\"https:\/\/schema.org\/EventScheduled\" \/><meta itemprop='eventAttendanceMode'   itemscope itemtype=\"https:\/\/schema.org\/OfflineEventAttendanceMode\"\/><div style=\"display:none\" itemprop=\"location\" itemscope itemtype=\"http:\/\/schema.org\/Place\"><span itemprop=\"name\">CHUV<\/span><span itemprop=\"address\" itemscope itemtype=\"http:\/\/schema.org\/PostalAddress\"><item itemprop=\"streetAddress\">Lausanne\/CH<\/item><\/span><\/div><div itemprop=\"organizer\" itemscope=\"\" itemtype=\"http:\/\/schema.org\/Organization\"><meta itemprop=\"name\" content=\"CHUV\">\n\t\t\t\t    \t<\/div><div itemprop=\"performer\" itemscope=\"\" itemtype=\"http:\/\/schema.org\/Person\"><meta itemprop=\"name\" content=\"CHUV\"><\/div><script type=\"application\/ld+json\">{\"@context\": \"http:\/\/schema.org\",\"@type\": \"Event\",\n\t\t\t\t\"@id\": \"event_19329_0\",\n\t\t\t\t\"eventAttendanceMode\":\"https:\/\/schema.org\/OfflineEventAttendanceMode\",\n\t\t\t\t\"eventStatus\":\"https:\/\/schema.org\/EventScheduled\",\n\t\t\t\t\"name\": \"FORMATION CONTINUE EN RADIOPROTECTION POUR LES RADIOLOGUES - pr\u00e9sentiel\",\n\t\t\t\t\"url\": \"https:\/\/sgr-ssr.ch\/fr\/events\/formation-continue-en-radioprotection-pour-les-radiologues-presentiel\/\",\n\t\t\t\t\"startDate\": \"2026-10-6T18:00+0:00\",\n\t\t\t\t\"endDate\": \"2026-10-6T19:30+0:00\",\n\t\t\t\t\"image\":\"\", \n\t\t\t\t\"description\":\"<p>L&rsquo;Institut de Radiophysique organise cette formation continue en radioprotection, visant \u00e0 assurer la conservation et l&rsquo;actualisation des comp\u00e9tences.<\/p> <p>Scanner cardiaque : technique d\u2019acquisition, qualit\u00e9 d\u2019image, dose et applications cliniques (Dr Ana\u00efs Viry et Dr Guillaume Fahrni)<\/p> <p>Le contenu est le m\u00eame pour chaque session en 2026.<\/p> <p>Lieu et dates\u00a0:\u00a0 07\/05\/2026\u00a0: En visio<\/p> <p>06\/10\/2026\u00a0: En pr\u00e9sentiel CHUV<\/p> <p><a href='https:\/\/www.chuv.ch\/fr\/ira\/ira-home\/formation-en-radioprotection\/formations-continues\/pour-les-medecins-radiologues' target='_blank' rel='noopener noreferrer'>site web<\/a><\/p> <p>&nbsp;<\/p> \",\"location\":[{\"@type\":\"Place\",\"name\":\"CHUV\",\"address\":{\"@type\": \"PostalAddress\",\"streetAddress\":\"Lausanne\/CH\"}}],\"organizer\":[{\"@type\":\"Organization\",\"name\":\"CHUV\"}]}<\/script><\/div>\r\n\t\t\t\t<p class=\"desc_trig_outter\" style=\"\"><a data-gmtrig=\"1\" data-exlk=\"0\" style=\"background-color: #004961;\" id=\"evc_179130240019329\" href=\"#\" class=\"desc_trig sin_val evcal_list_a\" data-ux_val=\"1\" data-ux_val_mob=\"-\"  ><span class='evoet_c2 evoet_cx '><span class='evoet_dayblock evcal_cblock ' data-bgcolor='#004961' data-smon='Oktober' data-syr='2026' data-bub=''><span class='evo_start  evofxdrc'><em class='day'>Di<\/em><em class='date'>06<\/em><em class='month'>Okt<\/em><em class='time'>18 h 00 min<\/em><\/span><span class='evo_end only_time evofxdrc'><em class='time'>19 h 30 min<\/em><\/span><\/span><\/span><span class='evoet_c3 evoet_cx evcal_desc hide_eventtopdata '><span class='evoet_title evcal_desc2 evcal_event_title ' itemprop='name'>FORMATION CONTINUE EN RADIOPROTECTION POUR LES RADIOLOGUES - pr\u00e9sentiel<\/span><span class='event_location_attrs'  data-location_address=\"Lausanne\/CH\" data-location_type=\"address\" data-location_name=\"CHUV\" data-location_url=\"https:\/\/sgr-ssr.ch\/fr\/event-location\/chuv\/\" data-location_status=\"true\" data-locid=\"202\"><\/span><span class='evoet_cy evoet_subtitle evo_below_title' ><span class='evcal_event_subtitle ' >1 Credit<\/span><\/span><\/span><span class='evoet_data' data-d=\"{&quot;loc.n&quot;:&quot;CHUV&quot;,&quot;orgs&quot;:{&quot;665&quot;:&quot;CHUV&quot;},&quot;tags&quot;:[]}\" data-bgc=\"#004961\" data-bggrad=\"\" ><\/span><\/a><\/p><div class='event_description evcal_eventcard ' style=\"display:none\"><div class='evocard_row'><div id='event_eventdetails' class='evocard_box eventdetails' data-c='' \n\t\t\t\t\tstyle=''><div class=\"evo_metarow_details evorow evcal_evdata_row evcal_event_details\">\n    <div class=\"event_excerpt\" style=\"display:none\"><h3 class=\"padb5 evo_h3\">Veranstaltungsdetails<\/h3><p>L&rsquo;Institut de Radiophysique organise cette formation continue en radioprotection, visant \u00e0 assurer la conservation et l&rsquo;actualisation des comp\u00e9tences.\nScanner cardiaque : technique d\u2019acquisition, qualit\u00e9 d\u2019image, dose et applications cliniques (Dr Ana\u00efs<\/p><\/div><span class='evcal_evdata_icons'><i class='fa fa-align-justify'><\/i><\/span>    <div class=\"evcal_evdata_cell shorter_desc\">\n        <div class=\"eventon_full_description\">\n            <h3 class=\"padb5 evo_h3\"><span class='evcal_evdata_icons'><i class='fa fa-align-justify'><\/i><\/span>Veranstaltungsdetails<\/h3>\n            <div class=\"eventon_desc_in\" itemprop=\"description\">\n                <p>L&rsquo;Institut de Radiophysique organise cette formation continue en radioprotection, visant \u00e0 assurer la conservation et l&rsquo;actualisation des comp\u00e9tences.<\/p>\n<p>Scanner cardiaque : technique d\u2019acquisition, qualit\u00e9 d\u2019image, dose et applications cliniques (Dr Ana\u00efs Viry et Dr Guillaume Fahrni)<\/p>\n<p>Le contenu est le m\u00eame pour chaque session en 2026.<\/p>\n<p>Lieu et dates\u00a0:\u00a0 07\/05\/2026\u00a0: En visio<\/p>\n<p>06\/10\/2026\u00a0: En pr\u00e9sentiel CHUV<\/p>\n<p><a href=\"https:\/\/www.chuv.ch\/fr\/ira\/ira-home\/formation-en-radioprotection\/formations-continues\/pour-les-medecins-radiologues\" target=\"_blank\" rel=\"noopener noreferrer\">site web<\/a><\/p>\n<p>&nbsp;<\/p>\n            <\/div>\n            <p class='eventon_shad_p' style='padding:5px 0 0; margin:0'><button class='evcal_btn evo_btn_secondary evobtn_details_show_more' content='less'><span class='ev_more_text' data-txt='weniger'>mehr<\/span><span class='ev_more_arrow ard'><\/span><\/button><\/p><div class='clear'><\/div>        <\/div>\n    <\/div>\n<\/div><\/div><\/div><!-- row close --><div class='evocard_row bx2 bx'><div id='event_time' class='evocard_box time' data-c='' \n\t\t\t\t\tstyle=''><div class='evo_metarow_time evorow evcal_evdata_row evcal_evrow_sm '>\n\t\t<span class='evcal_evdata_icons'><i class='fa fa-clock-o'><\/i><\/span>\n\t\t<div class='evcal_evdata_cell'>\t\t\t\t\t\t\t\n\t\t\t<h3 class='evo_h3'><span class='evcal_evdata_icons'><i class='fa fa-clock-o'><\/i><\/span>Zeit<\/h3><div><span class='evo_eventcard_time_t evogap5 evofxww'><span class=\"start\">6 Oktober 2026<\/span> <span class=\"stime\">18 h 00 min<\/span> - <span class=\"etime\">19 h 30 min<\/span><\/span><span class='evo_tz marr5'>(GMT+02:00)<\/span><\/div>\n\t\t<\/div>\n\t<\/div><\/div><div id='event_location' class='evocard_box location' data-c='' \n\t\t\t\t\tstyle=''><div class='evcal_evdata_row evo_metarow_time_location evorow '>\n\t\t\n\t\t\t<span class='evcal_evdata_icons'><i class='fa fa-map-marker'><\/i><\/span>\n\t\t\t<div class='evcal_evdata_cell' data-loc_tax_id='202'><h3 class='evo_h3 evodfx'><span class='evcal_evdata_icons'><i class='fa fa-map-marker'><\/i><\/span>Ort<\/h3><p class='evo_location_name'>CHUV<\/p><p class='evo_location_address evodfxi evogap10'>Lausanne\/CH<\/p><div class='padt10'><span class='evo_btn_arr evolb_trigger' data-lbvals=\"{&quot;lbdata&quot;:{&quot;class&quot;:&quot;evo_location_lb_202&quot;,&quot;additional_class&quot;:&quot;lb_max&quot;,&quot;title&quot;:&quot;CHUV&quot;},&quot;adata&quot;:{&quot;a&quot;:&quot;eventon_get_tax_card_content&quot;,&quot;end&quot;:&quot;client&quot;,&quot;data&quot;:{&quot;lang&quot;:&quot;L1&quot;,&quot;term_id&quot;:202,&quot;tax&quot;:&quot;event_location&quot;,&quot;load_lbcontent&quot;:true}},&quot;uid&quot;:&quot;eventon_get_tax_card_content&quot;}\" >Other Events<i class='fa fa-chevron-right' aria-hidden='true'><\/i><\/span><\/div><\/div>\n\t\t\n\t<\/div><\/div><\/div><!-- row close --><div class='evocard_row'><div id='event_organizer' class='evocard_box organizer' data-c='' \n\t\t\t\t\tstyle=''><div class='evo_metarow_organizer evorow evcal_evdata_row evcal_evrow_sm '>\n\t\t<span class='evcal_evdata_icons'><i class='fa fa-headphones'><\/i><\/span>\n\t\t<div class='evcal_evdata_cell'>\t\t\t\t\t\t\t\n\t\t\t<h3 class='evo_h3'>Veranstalter<\/h3><div class='evo_evdata_cell_content evodfx evofx_ww evofx_dr_r evogap15'><div class='evo_card_organizer evofx_1'><h4 class='evo_org_name evo_h4 marb5 evottui evocl1i evopadb10i'><span class='evo_card_organizer_name_t marb5'><a  href='https:\/\/sgr-ssr.ch\/fr\/event-organizer\/chuv\/' class='evocl1i'>CHUV<\/a><\/span><\/h4><p class='evo_card_organizer_more evomart10i'><a class='evolb_trigger evo_btn_arr mart10' data-lbvals=\"{&quot;lbc&quot;:&quot;evo_organizer_lb&quot;,&quot;lbac&quot;:&quot;lb_max&quot;,&quot;preload_temp_key&quot;:&quot;preload_taxlb&quot;,&quot;t&quot;:&quot;CHUV&quot;,&quot;ajax&quot;:&quot;yes&quot;,&quot;ajax_type&quot;:&quot;endpoint&quot;,&quot;ajax_action&quot;:&quot;eventon_get_tax_card_content&quot;,&quot;end&quot;:&quot;client&quot;,&quot;d&quot;:{&quot;eventid&quot;:19329,&quot;ri&quot;:0,&quot;term_id&quot;:665,&quot;tax&quot;:&quot;event_organizer&quot;,&quot;load_lbcontent&quot;:true}}\" >Learn More<i class='fa fa-chevron-right'><\/i><\/a><\/p><\/div><!-- evo_card_organizer--><\/div><\/div>\t<\/div><\/div><\/div><!-- row close --><div class='evocard_row bx2 bx'><div id='event_learnmore' class='evocard_box learnmore' data-c='' \n\t\t\t\t\tstyle=''><div class='evo_metarow_learnM evo_metarow_learnmore evorow'>\n\t\t\t\t\t\t\t<a class='evcal_evdata_row evo_clik_row ' href='https:\/\/www.chuv.ch\/fr\/ira\/ira-home\/formation-en-radioprotection\/formations-continues\/pour-les-medecins-radiologues' target=\"_blank\">\n\t\t\t\t\t\t\t\t<span class='evcal_evdata_icons'><i class='fa fa-link'><\/i><\/span>\n\t\t\t\t\t\t\t\t<h3 class='evo_h3'>Mehr Infos \/ Anmeldung<\/h3>\n\t\t\t\t\t\t\t<\/a>\n\t\t\t\t\t\t\t<\/div><\/div><div id='event_addtocal' class='evocard_box addtocal' data-c='' \n\t\t\t\t\tstyle=''><div class='evo_metarow_ICS evorow evcal_evdata_row'>\n\t\t\t<span class='evcal_evdata_icons'><i class='fa fa-calendar-o'><\/i><\/span>\n\t\t\t<div class='evcal_evdata_cell'>\n\t\t\t\t<p><a href='https:\/\/sgr-ssr.ch\/fr\/export-events\/19329_0\/?key=cd75fe199f' rel='nofollow' class='evo_ics_nCal' title='Add to your calendar'>Calendar<\/a><a href='https:\/\/www.google.com\/calendar\/event?action=TEMPLATE&text=FORMATION%20CONTINUE%20EN%20RADIOPROTECTION%20POUR%20LES%20RADIOLOGUES%20-%20pr%C3%A9sentiel&dates=20261006T160000Z\/20261006T173000Z&ctz=Europe%2FVienna&details=FORMATION%20CONTINUE%20EN%20RADIOPROTECTION%20POUR%20LES%20RADIOLOGUES%20-%20pr%C3%A9sentiel&location=CHUV%20Lausanne%2FCH' target='_blank' rel='nofollow' class='evo_ics_gCal' title='Add to google calendar'>GoogleCal<\/a><\/p>\t\n\t\t\t<\/div>\n\t\t<\/div><\/div><\/div><!-- row close --><div class='evocard_row'><div id='event_getdirection' class='evocard_box getdirection' data-c='' \n\t\t\t\t\tstyle=''><div class='evo_metarow_getDr evorow evcal_evdata_row evcal_evrow_sm getdirections'>\n\t\t<form action='https:\/\/maps.google.com\/maps' method='get' target='_blank'>\n\t\t\t<input type='hidden' name='daddr' value=\"Lausanne\/CH\"\/> \n\t\t\t<div class='evo_get_direction_content evo_fx_dr_r evogap10'>\n\t\t\t\t<span class='evogetdir_header evodfx evofxdrr evofxaic evogap10'>\n\t\t\t\t\t<i class='mainicon fa fa-road evofz24i'><\/i> \n\t\t\t\t\t<h3 class='evo_h3 evopad0i' style='padding-bottom:5px;'>Get Directions<\/h3>\n\t\t\t\t<\/span>\n\t\t\t\t<span class='evogetdir_field evodfx evofx_1_1 evow100p'>\t\n\t\t\t\t\t<label for='69f31a6084c8f' class='evo_aria_ready sr-only'>Address - FORMATION CONTINUE EN RADIOPROTECTION POUR LES RADIOLOGUES - pr\u00e9sentiel []<\/label>\t\t\t\t\n\t\t\t\t\t<input id='69f31a6084c8f' class='evo_aria_ready_match evoInput2 evobr10 evow100p evopad10 evoff_2 evofz14i evobrdB1 evoboxbb' type='text' name='saddr' placeholder='Ihre Adresse' value='' style='' aria-label='Address - FORMATION CONTINUE EN RADIOPROTECTION POUR LES RADIOLOGUES - pr\u00e9sentiel []' \/>\n\t\t\t\t<\/span>\n\t\t\t\t<div class='evodfx evofxdrr evofxaic evogap10'>\n\t\t\t\t\t<i class='fa fa-location-dot'><\/i>\n\t\t\t\t\t<div class='evoposr evofx_1 evoh100p'><label for='69f31a6084c8f' class='evo_aria_ready sr-only'>Destination Address - FORMATION CONTINUE EN RADIOPROTECTION POUR LES RADIOLOGUES - pr\u00e9sentiel []<\/label>\t\t\n\t\t\t\t\t\t<input id='69f31a6084c8f' class='evo_aria_ready_match evoInput2 evobr10 evow100p evopad5-10 evoff_2 evofz14i evobrdB1 evoop5 evoboxbb evoh100p' type='text' style='' readonly value='Lausanne\/CH' aria-label='Destination Address - FORMATION CONTINUE EN RADIOPROTECTION POUR LES RADIOLOGUES - pr\u00e9sentiel []'\/><button class='evo_copy_address evobuttonA evocurp evohoop7 evoposa evopad5' style='right: 3px; top: 4px; background-color: #fff;' data-txt='Lausanne\/CH' data-t='Address copied to clipboard!'><i class='far fa-copy evofz16i' title='Copy Destination Address!'><\/i><\/button>\n\t\t\t\t\t<\/div>\n\t\t\t\t\t<button type='submit' class='evo_get_direction_button evcal_btn dfx evofxaic evocurp evohoop7' title='Hier klicken f\u00fcr Wegbeschreibung' style='    padding: 10px 15px !important;'><i class='fa fa-chevron-right'><\/i> <\/button>\n\t\t\t\t<\/div>\n\t\t\t<\/div>\n\t\t<\/form>\n\t<\/div><\/div><\/div><!-- row close --><button class='evo_card_row_end evcal_close' title='Close'><\/button><\/div><div class='clear end'><\/div><\/div><div id=\"event_19172_0\" class=\"eventon_list_event evo_eventtop scheduled  event clrW event_19172_0\" data-event_id=\"19172\" data-ri=\"0r\" data-time=\"1791410400-1791583199\" data-colr=\"#4bb5d8\" itemscope itemtype='http:\/\/schema.org\/Event'><div class=\"evo_event_schema\" style=\"display:none\" ><a itemprop='url'  href='https:\/\/sgr-ssr.ch\/fr\/events\/15th-interventional-mri-symposium\/'><\/a><meta itemprop='image'  \/><meta itemprop='startDate' content=\"2026-10-8\" \/><meta itemprop='endDate' content=\"2026-10-9\" \/><meta itemprop='eventStatus' content=\"https:\/\/schema.org\/EventScheduled\" \/><meta itemprop='eventAttendanceMode'   itemscope itemtype=\"https:\/\/schema.org\/OfflineEventAttendanceMode\"\/><div style=\"display:none\" itemprop=\"location\" itemscope itemtype=\"http:\/\/schema.org\/Place\"><span itemprop=\"name\">Liberty Hotel<\/span><span itemprop=\"address\" itemscope itemtype=\"http:\/\/schema.org\/PostalAddress\"><item itemprop=\"streetAddress\">Boston, USA<\/item><\/span><\/div><div itemprop=\"organizer\" itemscope=\"\" itemtype=\"http:\/\/schema.org\/Organization\"><meta itemprop=\"name\" content=\"Interventional MRI Symposium\">\n\t\t\t\t    \t<\/div><div itemprop=\"performer\" itemscope=\"\" itemtype=\"http:\/\/schema.org\/Person\"><meta itemprop=\"name\" content=\"Interventional MRI Symposium\"><\/div><script type=\"application\/ld+json\">{\"@context\": \"http:\/\/schema.org\",\"@type\": \"Event\",\n\t\t\t\t\"@id\": \"event_19172_0\",\n\t\t\t\t\"eventAttendanceMode\":\"https:\/\/schema.org\/OfflineEventAttendanceMode\",\n\t\t\t\t\"eventStatus\":\"https:\/\/schema.org\/EventScheduled\",\n\t\t\t\t\"name\": \"15th Interventional MRI Symposium\",\n\t\t\t\t\"url\": \"https:\/\/sgr-ssr.ch\/fr\/events\/15th-interventional-mri-symposium\/\",\n\t\t\t\t\"startDate\": \"2026-10-8\",\n\t\t\t\t\"endDate\": \"2026-10-9\",\n\t\t\t\t\"image\":\"\", \n\t\t\t\t\"description\":\"<p>Weltweites Forum zur Pr\u00e4sentation neuester Ergebnisse auf dem Gebiet der Interventionellen MRT<\/p> <p><a href='https:\/\/imri2026.org\/' target='_blank' rel='noopener noreferrer'>Programme<\/a><\/p> <p><a href='mailto:kahn@medizin.uni-leipzig.de'>Contact<\/a><\/p> \",\"location\":[{\"@type\":\"Place\",\"name\":\"Liberty Hotel\",\"address\":{\"@type\": \"PostalAddress\",\"streetAddress\":\"Boston, USA\"}}],\"organizer\":[{\"@type\":\"Organization\",\"name\":\"Interventional MRI Symposium\"}]}<\/script><\/div>\r\n\t\t\t\t<p class=\"desc_trig_outter\" style=\"\"><a data-gmtrig=\"1\" data-exlk=\"0\" style=\"background-color: #4bb5d8;\" id=\"evc_179141040019172\" href=\"#\" class=\"desc_trig mul_val evcal_list_a allday\" data-ux_val=\"1\" data-ux_val_mob=\"-\"  ><span class='evoet_c2 evoet_cx '><span class='evoet_dayblock evcal_cblock ' data-bgcolor='#4bb5d8' data-smon='Oktober' data-syr='2026' data-bub=''><span class='evo_start  evofxdrc'><em class='day'>Do<\/em><em class='date'>08<\/em><em class='month'>Okt<\/em><em class='time'>ganztags<\/em><\/span><span class='evo_end  evofxdrc'><em class='day'>Fr<\/em><em class='date'>09<\/em><\/span><\/span><\/span><span class='evoet_c3 evoet_cx evcal_desc hide_eventtopdata '><span class='evoet_title evcal_desc2 evcal_event_title ' itemprop='name'>15th Interventional MRI Symposium<\/span><span class='event_location_attrs'  data-location_address=\"Boston, USA\" data-location_type=\"address\" data-location_name=\"Liberty Hotel\" data-location_url=\"https:\/\/sgr-ssr.ch\/fr\/event-location\/liberty-hotel\/\" data-location_status=\"true\" data-locid=\"649\"><\/span><\/span><span class='evoet_data' data-d=\"{&quot;loc.n&quot;:&quot;Liberty Hotel&quot;,&quot;orgs&quot;:{&quot;650&quot;:&quot;Interventional MRI Symposium&quot;},&quot;tags&quot;:[]}\" data-bgc=\"#4bb5d8\" data-bggrad=\"\" ><\/span><\/a><\/p><div class='event_description evcal_eventcard ' style=\"display:none\"><div class='evocard_row'><div id='event_eventdetails' class='evocard_box eventdetails' data-c='' \n\t\t\t\t\tstyle=''><div class=\"evo_metarow_details evorow evcal_evdata_row evcal_event_details\">\n    <div class=\"event_excerpt\" style=\"display:none\"><h3 class=\"padb5 evo_h3\">Veranstaltungsdetails<\/h3><p>Weltweites Forum zur Pr\u00e4sentation neuester Ergebnisse auf dem Gebiet der Interventionellen MRT\nProgramme\nContact<\/p><\/div><span class='evcal_evdata_icons'><i class='fa fa-align-justify'><\/i><\/span>    <div class=\"evcal_evdata_cell \">\n        <div class=\"eventon_full_description\">\n            <h3 class=\"padb5 evo_h3\"><span class='evcal_evdata_icons'><i class='fa fa-align-justify'><\/i><\/span>Veranstaltungsdetails<\/h3>\n            <div class=\"eventon_desc_in\" itemprop=\"description\">\n                <p>Weltweites Forum zur Pr\u00e4sentation neuester Ergebnisse auf dem Gebiet der Interventionellen MRT<\/p>\n<p><a href=\"https:\/\/imri2026.org\/\" target=\"_blank\" rel=\"noopener noreferrer\">Programme<\/a><\/p>\n<p><a href=\"mailto:kahn@medizin.uni-leipzig.de\">Contact<\/a><\/p>\n            <\/div>\n            <div class='clear'><\/div>        <\/div>\n    <\/div>\n<\/div><\/div><\/div><!-- row close --><div class='evocard_row bx2 bx'><div id='event_time' class='evocard_box time' data-c='' \n\t\t\t\t\tstyle=''><div class='evo_metarow_time evorow evcal_evdata_row evcal_evrow_sm '>\n\t\t<span class='evcal_evdata_icons'><i class='fa fa-clock-o'><\/i><\/span>\n\t\t<div class='evcal_evdata_cell'>\t\t\t\t\t\t\t\n\t\t\t<h3 class='evo_h3'><span class='evcal_evdata_icons'><i class='fa fa-clock-o'><\/i><\/span>Zeit<\/h3><div><span class='evo_eventcard_time_t evogap5 evofxww'><span class=\"start\">8 Oktober 2026<\/span>  - <span class=\"end\">9 Oktober 2026<\/span> (ganztags)<\/span><span class='evo_tz marr5'>(GMT+02:00)<\/span><\/div>\n\t\t<\/div>\n\t<\/div><\/div><div id='event_location' class='evocard_box location' data-c='' \n\t\t\t\t\tstyle=''><div class='evcal_evdata_row evo_metarow_time_location evorow '>\n\t\t\n\t\t\t<span class='evcal_evdata_icons'><i class='fa fa-map-marker'><\/i><\/span>\n\t\t\t<div class='evcal_evdata_cell' data-loc_tax_id='649'><h3 class='evo_h3 evodfx'><span class='evcal_evdata_icons'><i class='fa fa-map-marker'><\/i><\/span>Ort<\/h3><p class='evo_location_name'>Liberty Hotel<\/p><p class='evo_location_address evodfxi evogap10'>Boston, USA<\/p><div class='padt10'><span class='evo_btn_arr evolb_trigger' data-lbvals=\"{&quot;lbdata&quot;:{&quot;class&quot;:&quot;evo_location_lb_649&quot;,&quot;additional_class&quot;:&quot;lb_max&quot;,&quot;title&quot;:&quot;Liberty Hotel&quot;},&quot;adata&quot;:{&quot;a&quot;:&quot;eventon_get_tax_card_content&quot;,&quot;end&quot;:&quot;client&quot;,&quot;data&quot;:{&quot;lang&quot;:&quot;L1&quot;,&quot;term_id&quot;:649,&quot;tax&quot;:&quot;event_location&quot;,&quot;load_lbcontent&quot;:true}},&quot;uid&quot;:&quot;eventon_get_tax_card_content&quot;}\" >Other Events<i class='fa fa-chevron-right' aria-hidden='true'><\/i><\/span><\/div><\/div>\n\t\t\n\t<\/div><\/div><\/div><!-- row close --><div class='evocard_row'><div id='event_organizer' class='evocard_box organizer' data-c='' \n\t\t\t\t\tstyle=''><div class='evo_metarow_organizer evorow evcal_evdata_row evcal_evrow_sm '>\n\t\t<span class='evcal_evdata_icons'><i class='fa fa-headphones'><\/i><\/span>\n\t\t<div class='evcal_evdata_cell'>\t\t\t\t\t\t\t\n\t\t\t<h3 class='evo_h3'>Veranstalter<\/h3><div class='evo_evdata_cell_content evodfx evofx_ww evofx_dr_r evogap15'><div class='evo_card_organizer evofx_1'><h4 class='evo_org_name evo_h4 marb5 evottui evocl1i evopadb10i'><span class='evo_card_organizer_name_t marb5'><a  href='https:\/\/sgr-ssr.ch\/fr\/event-organizer\/interventional-mri-symposium\/' class='evocl1i'>Interventional MRI Symposium<\/a><\/span><\/h4><p class='evo_card_organizer_more evomart10i'><a class='evolb_trigger evo_btn_arr mart10' data-lbvals=\"{&quot;lbc&quot;:&quot;evo_organizer_lb&quot;,&quot;lbac&quot;:&quot;lb_max&quot;,&quot;preload_temp_key&quot;:&quot;preload_taxlb&quot;,&quot;t&quot;:&quot;Interventional MRI Symposium&quot;,&quot;ajax&quot;:&quot;yes&quot;,&quot;ajax_type&quot;:&quot;endpoint&quot;,&quot;ajax_action&quot;:&quot;eventon_get_tax_card_content&quot;,&quot;end&quot;:&quot;client&quot;,&quot;d&quot;:{&quot;eventid&quot;:19172,&quot;ri&quot;:0,&quot;term_id&quot;:650,&quot;tax&quot;:&quot;event_organizer&quot;,&quot;load_lbcontent&quot;:true}}\" >Learn More<i class='fa fa-chevron-right'><\/i><\/a><\/p><\/div><!-- evo_card_organizer--><\/div><\/div>\t<\/div><\/div><\/div><!-- row close --><div class='evocard_row bx2 bx'><div id='event_learnmore' class='evocard_box learnmore' data-c='' \n\t\t\t\t\tstyle=''><div class='evo_metarow_learnM evo_metarow_learnmore evorow'>\n\t\t\t\t\t\t\t<a class='evcal_evdata_row evo_clik_row ' href='https:\/\/imri2026.org\/' target=\"_blank\">\n\t\t\t\t\t\t\t\t<span class='evcal_evdata_icons'><i class='fa fa-link'><\/i><\/span>\n\t\t\t\t\t\t\t\t<h3 class='evo_h3'>Mehr Infos \/ Anmeldung<\/h3>\n\t\t\t\t\t\t\t<\/a>\n\t\t\t\t\t\t\t<\/div><\/div><div id='event_addtocal' class='evocard_box addtocal' data-c='' \n\t\t\t\t\tstyle=''><div class='evo_metarow_ICS evorow evcal_evdata_row'>\n\t\t\t<span class='evcal_evdata_icons'><i class='fa fa-calendar-o'><\/i><\/span>\n\t\t\t<div class='evcal_evdata_cell'>\n\t\t\t\t<p><a href='https:\/\/sgr-ssr.ch\/fr\/export-events\/19172_0\/?key=cd75fe199f' rel='nofollow' class='evo_ics_nCal' title='Add to your calendar'>Calendar<\/a><a href='https:\/\/www.google.com\/calendar\/event?action=TEMPLATE&text=15th%20Interventional%20MRI%20Symposium&dates=20261007T220000Z\/20261009T215959Z&ctz=Europe%2FVienna&details=15th%20Interventional%20MRI%20Symposium&location=Liberty%20Hotel%20Boston%2C%20USA' target='_blank' rel='nofollow' class='evo_ics_gCal' title='Add to google calendar'>GoogleCal<\/a><\/p>\t\n\t\t\t<\/div>\n\t\t<\/div><\/div><\/div><!-- row close --><div class='evocard_row'><div id='event_getdirection' class='evocard_box getdirection' data-c='' \n\t\t\t\t\tstyle=''><div class='evo_metarow_getDr evorow evcal_evdata_row evcal_evrow_sm getdirections'>\n\t\t<form action='https:\/\/maps.google.com\/maps' method='get' target='_blank'>\n\t\t\t<input type='hidden' name='daddr' value=\"Boston, USA\"\/> \n\t\t\t<div class='evo_get_direction_content evo_fx_dr_r evogap10'>\n\t\t\t\t<span class='evogetdir_header evodfx evofxdrr evofxaic evogap10'>\n\t\t\t\t\t<i class='mainicon fa fa-road evofz24i'><\/i> \n\t\t\t\t\t<h3 class='evo_h3 evopad0i' style='padding-bottom:5px;'>Get Directions<\/h3>\n\t\t\t\t<\/span>\n\t\t\t\t<span class='evogetdir_field evodfx evofx_1_1 evow100p'>\t\n\t\t\t\t\t<label for='69f31a6086f6c' class='evo_aria_ready sr-only'>Address - 15th Interventional MRI Symposium []<\/label>\t\t\t\t\n\t\t\t\t\t<input id='69f31a6086f6c' class='evo_aria_ready_match evoInput2 evobr10 evow100p evopad10 evoff_2 evofz14i evobrdB1 evoboxbb' type='text' name='saddr' placeholder='Ihre Adresse' value='' style='' aria-label='Address - 15th Interventional MRI Symposium []' \/>\n\t\t\t\t<\/span>\n\t\t\t\t<div class='evodfx evofxdrr evofxaic evogap10'>\n\t\t\t\t\t<i class='fa fa-location-dot'><\/i>\n\t\t\t\t\t<div class='evoposr evofx_1 evoh100p'><label for='69f31a6086f6c' class='evo_aria_ready sr-only'>Destination Address - 15th Interventional MRI Symposium []<\/label>\t\t\n\t\t\t\t\t\t<input id='69f31a6086f6c' class='evo_aria_ready_match evoInput2 evobr10 evow100p evopad5-10 evoff_2 evofz14i evobrdB1 evoop5 evoboxbb evoh100p' type='text' style='' readonly value='Boston, USA' aria-label='Destination Address - 15th Interventional MRI Symposium []'\/><button class='evo_copy_address evobuttonA evocurp evohoop7 evoposa evopad5' style='right: 3px; top: 4px; background-color: #fff;' data-txt='Boston, USA' data-t='Address copied to clipboard!'><i class='far fa-copy evofz16i' title='Copy Destination Address!'><\/i><\/button>\n\t\t\t\t\t<\/div>\n\t\t\t\t\t<button type='submit' class='evo_get_direction_button evcal_btn dfx evofxaic evocurp evohoop7' title='Hier klicken f\u00fcr Wegbeschreibung' style='    padding: 10px 15px !important;'><i class='fa fa-chevron-right'><\/i> <\/button>\n\t\t\t\t<\/div>\n\t\t\t<\/div>\n\t\t<\/form>\n\t<\/div><\/div><\/div><!-- row close --><button class='evo_card_row_end evcal_close' title='Close'><\/button><\/div><div class='clear end'><\/div><\/div><div id=\"event_19094_0\" class=\"eventon_list_event evo_eventtop scheduled  event clrW event_19094_0\" data-event_id=\"19094\" data-ri=\"0r\" data-time=\"1792101600-1792274399\" data-colr=\"#4bb5d8\" itemscope itemtype='http:\/\/schema.org\/Event'><div class=\"evo_event_schema\" style=\"display:none\" ><a itemprop='url'  href='https:\/\/sgr-ssr.ch\/fr\/events\/43-jahrestagung-2026-der-oesterreichischen-gesellschaft-fuer-radioonkologie-radiobiologie-und-medizinische-radiophysik-oegro\/'><\/a><meta itemprop='image'  \/><meta itemprop='startDate' content=\"2026-10-16\" \/><meta itemprop='endDate' content=\"2026-10-17\" \/><meta itemprop='eventStatus' content=\"https:\/\/schema.org\/EventScheduled\" \/><meta itemprop='eventAttendanceMode'   itemscope itemtype=\"https:\/\/schema.org\/OfflineEventAttendanceMode\"\/><div style=\"display:none\" itemprop=\"location\" itemscope itemtype=\"http:\/\/schema.org\/VirtualLocation\"><\/div><div style=\"display:none\" itemprop=\"location\" itemscope itemtype=\"http:\/\/schema.org\/Place\"><span itemprop=\"name\">Congress Center Baden<\/span><span itemprop=\"address\" itemscope itemtype=\"http:\/\/schema.org\/PostalAddress\"><item itemprop=\"streetAddress\">Kaiser Franz-Ring 1<\/item><\/span><\/div><div itemprop=\"organizer\" itemscope=\"\" itemtype=\"http:\/\/schema.org\/Organization\"><meta itemprop=\"name\" content=\"\u00d6sterreichische Gesellschaft f\u00fcr Radioonkologie, Radiobiologie und Medizinische Radiophysik (\u00d6GRO)\">\n\t\t\t\t    \t<meta itemprop=\"url\" content=\"https:\/\/eur05.safelinks.protection.outlook.com\/?url=httpwww.oegro-jahrestagung.at&data=0502772b906f66604102137208dd6b8820c274db0ebba2c64d6a8733c8974e9e322500638784954589551610UnknownTWFpbGZsb3d8eyJFbXB0eU1hcGkiOnRydWUsIlYiOiIwLjAuMDAwMCIsIlAiOiJXaW4zMiIsIkFOIjoiTWFpbCIsIldUIjoyfQ0&sdata=m1JEpOIXJtSayxQdVPEKw0ZLzDh27wNvXN03ICdHSoI&reserved=0\"><\/div><div itemprop=\"performer\" itemscope=\"\" itemtype=\"http:\/\/schema.org\/Person\"><meta itemprop=\"name\" content=\"\u00d6sterreichische Gesellschaft f\u00fcr Radioonkologie, Radiobiologie und Medizinische Radiophysik (\u00d6GRO)\"><\/div><script type=\"application\/ld+json\">{\"@context\": \"http:\/\/schema.org\",\"@type\": \"Event\",\n\t\t\t\t\"@id\": \"event_19094_0\",\n\t\t\t\t\"eventAttendanceMode\":\"https:\/\/schema.org\/OfflineEventAttendanceMode\",\n\t\t\t\t\"eventStatus\":\"https:\/\/schema.org\/EventScheduled\",\n\t\t\t\t\"name\": \"43. Jahrestagung 2026 der \u00d6sterreichischen Gesellschaft f\u00fcr Radioonkologie, Radiobiologie und Medizinische Radiophysik (\u00d6GRO)\",\n\t\t\t\t\"url\": \"https:\/\/sgr-ssr.ch\/fr\/events\/43-jahrestagung-2026-der-oesterreichischen-gesellschaft-fuer-radioonkologie-radiobiologie-und-medizinische-radiophysik-oegro\/\",\n\t\t\t\t\"startDate\": \"2026-10-16\",\n\t\t\t\t\"endDate\": \"2026-10-17\",\n\t\t\t\t\"image\":\"\", \n\t\t\t\t\"description\":\"<p>43. Jahrestagung 2026 der \u00d6sterreichischen Gesellschaft f\u00fcr\u00a0Radioonkologie, Radiobiologie und Medizinische Radiophysik (\u00d6GRO)<\/p> <p>Veranstalter:\u00a0\u00a0 \u00d6sterreichische Gesellschaft f\u00fcr Radioonkologie, Radiobiologie und Medizinische Radiophysik (\u00d6GRO); Pr\u00e4sidentin: Prim. Univ. Prof. Dr. Ute Ganswindt<\/p> <p>Wissenschaftliche Leitung:<br \/> Tagungspr\u00e4sident*in<br \/> Prim. Dr. Andrea Reim<br \/> Klinik Donaustadt, Zentrum f\u00fcr Radioonkologie und Strahlentherapie, Wien<\/p> <p>Prof. Dr. Eugen Hug<br \/> EBG MedAustron GmbH, Wiener Neustadt<\/p> <p>Tagungssekret\u00e4r*in:<br \/> Dr. Claudia Steffal HCM, EMBA<br \/> EBG MedAustron GmbH, Wiener Neustadt<\/p> <p>Termin und Ort: 16.-17. Oktober 2026, Congress Center Baden, Kaiser Franz Ring 1, 2500 Baden<\/p> <p><a href='https:\/\/www.oegro-jahrestagung.at\/' target='_blank' rel='noopener noreferrer'>Website<\/a><br \/> <a href='mailto:oegro.jahrestagung@media.co.at'>Contact<\/a><\/p> \",\"location\":[{\"@type\":\"VirtualLocation\"},{\"@type\":\"Place\",\"name\":\"Congress Center Baden\",\"address\":{\"@type\": \"PostalAddress\",\"streetAddress\":\"Kaiser Franz-Ring 1\"}}],\"organizer\":[{\"@type\":\"Organization\",\"name\":\"\u00d6sterreichische Gesellschaft f\u00fcr Radioonkologie, Radiobiologie und Medizinische Radiophysik (\u00d6GRO)\",\"url\":\"https:\/\/eur05.safelinks.protection.outlook.com\/?url=httpwww.oegro-jahrestagung.at&data=0502772b906f66604102137208dd6b8820c274db0ebba2c64d6a8733c8974e9e322500638784954589551610UnknownTWFpbGZsb3d8eyJFbXB0eU1hcGkiOnRydWUsIlYiOiIwLjAuMDAwMCIsIlAiOiJXaW4zMiIsIkFOIjoiTWFpbCIsIldUIjoyfQ0&sdata=m1JEpOIXJtSayxQdVPEKw0ZLzDh27wNvXN03ICdHSoI&reserved=0\"}]}<\/script><\/div>\r\n\t\t\t\t<p class=\"desc_trig_outter\" style=\"\"><a data-gmtrig=\"1\" data-exlk=\"0\" style=\"background-color: #4bb5d8;\" id=\"evc_179210160019094\" href=\"#\" class=\"desc_trig mul_val evcal_list_a allday\" data-ux_val=\"1\" data-ux_val_mob=\"-\"  ><span class='evoet_c2 evoet_cx '><span class='evoet_dayblock evcal_cblock ' data-bgcolor='#4bb5d8' data-smon='Oktober' data-syr='2026' data-bub=''><span class='evo_start  evofxdrc'><em class='day'>Fr<\/em><em class='date'>16<\/em><em class='month'>Okt<\/em><em class='time'>ganztags<\/em><\/span><span class='evo_end  evofxdrc'><em class='day'>Sa<\/em><em class='date'>17<\/em><\/span><\/span><\/span><span class='evoet_c3 evoet_cx evcal_desc hide_eventtopdata '><span class='evoet_title evcal_desc2 evcal_event_title ' itemprop='name'>43. Jahrestagung 2026 der \u00d6sterreichischen Gesellschaft f\u00fcr Radioonkologie, Radiobiologie und Medizinische Radiophysik (\u00d6GRO)<\/span><span class='event_location_attrs'  data-location_address=\"Kaiser Franz-Ring 1\" data-location_type=\"address\" data-location_name=\"Congress Center Baden\" data-location_url=\"https:\/\/sgr-ssr.ch\/fr\/event-location\/congress-center-baden\/\" data-location_status=\"true\" data-locid=\"430\"><\/span><\/span><span class='evoet_data' data-d=\"{&quot;loc.n&quot;:&quot;Congress Center Baden&quot;,&quot;orgs&quot;:{&quot;583&quot;:&quot;\\u00d6sterreichische Gesellschaft f\\u00fcr Radioonkologie, Radiobiologie und Medizinische Radiophysik (\\u00d6GRO)&quot;},&quot;tags&quot;:[]}\" data-bgc=\"#4bb5d8\" data-bggrad=\"\" ><\/span><\/a><\/p><div class='event_description evcal_eventcard ' style=\"display:none\"><div class='evocard_row'><div id='event_eventdetails' class='evocard_box eventdetails' data-c='' \n\t\t\t\t\tstyle=''><div class=\"evo_metarow_details evorow evcal_evdata_row evcal_event_details\">\n    <div class=\"event_excerpt\" style=\"display:none\"><h3 class=\"padb5 evo_h3\">Veranstaltungsdetails<\/h3><p>43. Jahrestagung 2026 der \u00d6sterreichischen Gesellschaft f\u00fcr\u00a0Radioonkologie, Radiobiologie und Medizinische Radiophysik (\u00d6GRO)\nVeranstalter:\u00a0\u00a0 \u00d6sterreichische Gesellschaft f\u00fcr Radioonkologie, Radiobiologie und Medizinische Radiophysik (\u00d6GRO); Pr\u00e4sidentin: Prim. Univ. Prof. Dr. Ute Ganswindt\nWissenschaftliche Leitung:\nTagungspr\u00e4sident*in<\/p><\/div><span class='evcal_evdata_icons'><i class='fa fa-align-justify'><\/i><\/span>    <div class=\"evcal_evdata_cell shorter_desc\">\n        <div class=\"eventon_full_description\">\n            <h3 class=\"padb5 evo_h3\"><span class='evcal_evdata_icons'><i class='fa fa-align-justify'><\/i><\/span>Veranstaltungsdetails<\/h3>\n            <div class=\"eventon_desc_in\" itemprop=\"description\">\n                <p>43. Jahrestagung 2026 der \u00d6sterreichischen Gesellschaft f\u00fcr\u00a0Radioonkologie, Radiobiologie und Medizinische Radiophysik (\u00d6GRO)<\/p>\n<p>Veranstalter:\u00a0\u00a0 \u00d6sterreichische Gesellschaft f\u00fcr Radioonkologie, Radiobiologie und Medizinische Radiophysik (\u00d6GRO); Pr\u00e4sidentin: Prim. Univ. Prof. Dr. Ute Ganswindt<\/p>\n<p>Wissenschaftliche Leitung:<br \/>\nTagungspr\u00e4sident*in<br \/>\nPrim. Dr. Andrea Reim<br \/>\nKlinik Donaustadt, Zentrum f\u00fcr Radioonkologie und Strahlentherapie, Wien<\/p>\n<p>Prof. Dr. Eugen Hug<br \/>\nEBG MedAustron GmbH, Wiener Neustadt<\/p>\n<p>Tagungssekret\u00e4r*in:<br \/>\nDr. Claudia Steffal HCM, EMBA<br \/>\nEBG MedAustron GmbH, Wiener Neustadt<\/p>\n<p>Termin und Ort: 16.-17. Oktober 2026, Congress Center Baden, Kaiser Franz Ring 1, 2500 Baden<\/p>\n<p><a href=\"https:\/\/www.oegro-jahrestagung.at\/\" target=\"_blank\" rel=\"noopener noreferrer\">Website<\/a><br \/>\n<a href=\"mailto:oegro.jahrestagung@media.co.at\">Contact<\/a><\/p>\n            <\/div>\n            <p class='eventon_shad_p' style='padding:5px 0 0; margin:0'><button class='evcal_btn evo_btn_secondary evobtn_details_show_more' content='less'><span class='ev_more_text' data-txt='weniger'>mehr<\/span><span class='ev_more_arrow ard'><\/span><\/button><\/p><div class='clear'><\/div>        <\/div>\n    <\/div>\n<\/div><\/div><\/div><!-- row close --><div class='evocard_row bx2 bx'><div id='event_time' class='evocard_box time' data-c='' \n\t\t\t\t\tstyle=''><div class='evo_metarow_time evorow evcal_evdata_row evcal_evrow_sm '>\n\t\t<span class='evcal_evdata_icons'><i class='fa fa-clock-o'><\/i><\/span>\n\t\t<div class='evcal_evdata_cell'>\t\t\t\t\t\t\t\n\t\t\t<h3 class='evo_h3'><span class='evcal_evdata_icons'><i class='fa fa-clock-o'><\/i><\/span>Zeit<\/h3><div><span class='evo_eventcard_time_t evogap5 evofxww'><span class=\"start\">16 Oktober 2026<\/span>  - <span class=\"end\">17 Oktober 2026<\/span> (ganztags)<\/span><span class='evo_tz marr5'>(GMT+02:00)<\/span><\/div>\n\t\t<\/div>\n\t<\/div><\/div><div id='event_location' class='evocard_box location' data-c='' \n\t\t\t\t\tstyle=''><div class='evcal_evdata_row evo_metarow_time_location evorow '>\n\t\t\n\t\t\t<span class='evcal_evdata_icons'><i class='fa fa-map-marker'><\/i><\/span>\n\t\t\t<div class='evcal_evdata_cell' data-loc_tax_id='430'><h3 class='evo_h3 evodfx'><span class='evcal_evdata_icons'><i class='fa fa-map-marker'><\/i><\/span>Ort<\/h3><p class='evo_location_name'>Congress Center Baden<\/p><div class='padt10'><span class='evo_btn_arr evolb_trigger' data-lbvals=\"{&quot;lbdata&quot;:{&quot;class&quot;:&quot;evo_location_lb_430&quot;,&quot;additional_class&quot;:&quot;lb_max&quot;,&quot;title&quot;:&quot;Congress Center Baden&quot;},&quot;adata&quot;:{&quot;a&quot;:&quot;eventon_get_tax_card_content&quot;,&quot;end&quot;:&quot;client&quot;,&quot;data&quot;:{&quot;lang&quot;:&quot;L1&quot;,&quot;term_id&quot;:430,&quot;tax&quot;:&quot;event_location&quot;,&quot;load_lbcontent&quot;:true}},&quot;uid&quot;:&quot;eventon_get_tax_card_content&quot;}\" >Other Events<i class='fa fa-chevron-right' aria-hidden='true'><\/i><\/span><\/div><\/div>\n\t\t\n\t<\/div><\/div><\/div><!-- row close --><div class='evocard_row'><div id='event_organizer' class='evocard_box organizer' data-c='' \n\t\t\t\t\tstyle=''><div class='evo_metarow_organizer evorow evcal_evdata_row evcal_evrow_sm '>\n\t\t<span class='evcal_evdata_icons'><i class='fa fa-headphones'><\/i><\/span>\n\t\t<div class='evcal_evdata_cell'>\t\t\t\t\t\t\t\n\t\t\t<h3 class='evo_h3'>Veranstalter<\/h3><div class='evo_evdata_cell_content evodfx evofx_ww evofx_dr_r evogap15'><div class='evo_card_organizer evofx_1'><h4 class='evo_org_name evo_h4 marb5 evottui evocl1i evopadb10i'><span class='evo_card_organizer_name_t marb5'><a  href='https:\/\/eur05.safelinks.protection.outlook.com\/?url=httpwww.oegro-jahrestagung.at&data=0502772b906f66604102137208dd6b8820c274db0ebba2c64d6a8733c8974e9e322500638784954589551610UnknownTWFpbGZsb3d8eyJFbXB0eU1hcGkiOnRydWUsIlYiOiIwLjAuMDAwMCIsIlAiOiJXaW4zMiIsIkFOIjoiTWFpbCIsIldUIjoyfQ0&sdata=m1JEpOIXJtSayxQdVPEKw0ZLzDh27wNvXN03ICdHSoI&reserved=0' class='evocl1i'>\u00d6sterreichische Gesellschaft f\u00fcr Radioonkologie, Radiobiologie und Medizinische Radiophysik (\u00d6GRO)<\/a><\/span><\/h4><p class='evo_card_organizer_more evomart10i'><a class='evolb_trigger evo_btn_arr mart10' data-lbvals=\"{&quot;lbc&quot;:&quot;evo_organizer_lb&quot;,&quot;lbac&quot;:&quot;lb_max&quot;,&quot;preload_temp_key&quot;:&quot;preload_taxlb&quot;,&quot;t&quot;:&quot;\\u00d6sterreichische Gesellschaft f\\u00fcr Radioonkologie, Radiobiologie und Medizinische Radiophysik (\\u00d6GRO)&quot;,&quot;ajax&quot;:&quot;yes&quot;,&quot;ajax_type&quot;:&quot;endpoint&quot;,&quot;ajax_action&quot;:&quot;eventon_get_tax_card_content&quot;,&quot;end&quot;:&quot;client&quot;,&quot;d&quot;:{&quot;eventid&quot;:19094,&quot;ri&quot;:0,&quot;term_id&quot;:583,&quot;tax&quot;:&quot;event_organizer&quot;,&quot;load_lbcontent&quot;:true}}\" >Learn More<i class='fa fa-chevron-right'><\/i><\/a><\/p><\/div><!-- evo_card_organizer--><\/div><\/div>\t<\/div><\/div><\/div><!-- row close --><div class='evocard_row bx2 bx'><div id='event_learnmore' class='evocard_box learnmore' data-c='' \n\t\t\t\t\tstyle=''><div class='evo_metarow_learnM evo_metarow_learnmore evorow'>\n\t\t\t\t\t\t\t<a class='evcal_evdata_row evo_clik_row ' href='https:\/\/www.oegro-jahrestagung.at\/' target=\"_blank\">\n\t\t\t\t\t\t\t\t<span class='evcal_evdata_icons'><i class='fa fa-link'><\/i><\/span>\n\t\t\t\t\t\t\t\t<h3 class='evo_h3'>Mehr Infos \/ Anmeldung<\/h3>\n\t\t\t\t\t\t\t<\/a>\n\t\t\t\t\t\t\t<\/div><\/div><div id='event_addtocal' class='evocard_box addtocal' data-c='' \n\t\t\t\t\tstyle=''><div class='evo_metarow_ICS evorow evcal_evdata_row'>\n\t\t\t<span class='evcal_evdata_icons'><i class='fa fa-calendar-o'><\/i><\/span>\n\t\t\t<div class='evcal_evdata_cell'>\n\t\t\t\t<p><a href='https:\/\/sgr-ssr.ch\/fr\/export-events\/19094_0\/?key=cd75fe199f' rel='nofollow' class='evo_ics_nCal' title='Add to your calendar'>Calendar<\/a><a href='https:\/\/www.google.com\/calendar\/event?action=TEMPLATE&text=43.%20Jahrestagung%202026%20der%20%C3%96sterreichischen%20Gesellschaft%20f%C3%BCr%20Radioonkologie%2C%20Radiobiologie%20und%20Medizinische%20Radiophysik%20%28%C3%96GRO%29&dates=20261015T220000Z\/20261017T215959Z&ctz=Europe%2FVienna&details=43.%20Jahrestagung%202026%20der%20%C3%96sterreichischen%20Gesellschaft%20f%C3%BCr%20Radioonkologie%2C%20Radiobiologie%20und%20Medizinische%20Radiophysik%20%28%C3%96GRO%29&location=Congress%20Center%20Baden%20Kaiser%20Franz-Ring%201' target='_blank' rel='nofollow' class='evo_ics_gCal' title='Add to google calendar'>GoogleCal<\/a><\/p>\t\n\t\t\t<\/div>\n\t\t<\/div><\/div><\/div><!-- row close --><div class='evocard_row'><div id='event_getdirection' class='evocard_box getdirection' data-c='' \n\t\t\t\t\tstyle=''><div class='evo_metarow_getDr evorow evcal_evdata_row evcal_evrow_sm getdirections'>\n\t\t<form action='https:\/\/maps.google.com\/maps' method='get' target='_blank'>\n\t\t\t<input type='hidden' name='daddr' value=\"Kaiser Franz-Ring 1\"\/> \n\t\t\t<div class='evo_get_direction_content evo_fx_dr_r evogap10'>\n\t\t\t\t<span class='evogetdir_header evodfx evofxdrr evofxaic evogap10'>\n\t\t\t\t\t<i class='mainicon fa fa-road evofz24i'><\/i> \n\t\t\t\t\t<h3 class='evo_h3 evopad0i' style='padding-bottom:5px;'>Get Directions<\/h3>\n\t\t\t\t<\/span>\n\t\t\t\t<span class='evogetdir_field evodfx evofx_1_1 evow100p'>\t\n\t\t\t\t\t<label for='69f31a608a034' class='evo_aria_ready sr-only'>Address - 43. Jahrestagung 2026 der \u00d6sterreichischen Gesellschaft f\u00fcr Radioonkologie, Radiobiologie und Medizinische Radiophysik (\u00d6GRO) []<\/label>\t\t\t\t\n\t\t\t\t\t<input id='69f31a608a034' class='evo_aria_ready_match evoInput2 evobr10 evow100p evopad10 evoff_2 evofz14i evobrdB1 evoboxbb' type='text' name='saddr' placeholder='Ihre Adresse' value='' style='' aria-label='Address - 43. Jahrestagung 2026 der \u00d6sterreichischen Gesellschaft f\u00fcr Radioonkologie, Radiobiologie und Medizinische Radiophysik (\u00d6GRO) []' \/>\n\t\t\t\t<\/span>\n\t\t\t\t<div class='evodfx evofxdrr evofxaic evogap10'>\n\t\t\t\t\t<i class='fa fa-location-dot'><\/i>\n\t\t\t\t\t<div class='evoposr evofx_1 evoh100p'><label for='69f31a608a034' class='evo_aria_ready sr-only'>Destination Address - 43. Jahrestagung 2026 der \u00d6sterreichischen Gesellschaft f\u00fcr Radioonkologie, Radiobiologie und Medizinische Radiophysik (\u00d6GRO) []<\/label>\t\t\n\t\t\t\t\t\t<input id='69f31a608a034' class='evo_aria_ready_match evoInput2 evobr10 evow100p evopad5-10 evoff_2 evofz14i evobrdB1 evoop5 evoboxbb evoh100p' type='text' style='' readonly value='Kaiser Franz-Ring 1' aria-label='Destination Address - 43. Jahrestagung 2026 der \u00d6sterreichischen Gesellschaft f\u00fcr Radioonkologie, Radiobiologie und Medizinische Radiophysik (\u00d6GRO) []'\/><button class='evo_copy_address evobuttonA evocurp evohoop7 evoposa evopad5' style='right: 3px; top: 4px; background-color: #fff;' data-txt='Kaiser Franz-Ring 1' data-t='Address copied to clipboard!'><i class='far fa-copy evofz16i' title='Copy Destination Address!'><\/i><\/button>\n\t\t\t\t\t<\/div>\n\t\t\t\t\t<button type='submit' class='evo_get_direction_button evcal_btn dfx evofxaic evocurp evohoop7' title='Hier klicken f\u00fcr Wegbeschreibung' style='    padding: 10px 15px !important;'><i class='fa fa-chevron-right'><\/i> <\/button>\n\t\t\t\t<\/div>\n\t\t\t<\/div>\n\t\t<\/form>\n\t<\/div><\/div><\/div><!-- row close --><button class='evo_card_row_end evcal_close' title='Close'><\/button><\/div><div class='clear end'><\/div><\/div><div id=\"event_19220_0\" class=\"eventon_list_event evo_eventtop scheduled  event clrW event_19220_0\" data-event_id=\"19220\" data-ri=\"0r\" data-time=\"1792620000-1792879199\" data-colr=\"#4bb5d8\" itemscope itemtype='http:\/\/schema.org\/Event'><div class=\"evo_event_schema\" style=\"display:none\" ><a itemprop='url'  href='https:\/\/sgr-ssr.ch\/fr\/events\/escr-annual-scientific-meeting-2026\/'><\/a><meta itemprop='image'  \/><meta itemprop='startDate' content=\"2026-10-22\" \/><meta itemprop='endDate' content=\"2026-10-24\" \/><meta itemprop='eventStatus' content=\"https:\/\/schema.org\/EventScheduled\" \/><meta itemprop='eventAttendanceMode'   itemscope itemtype=\"https:\/\/schema.org\/OfflineEventAttendanceMode\"\/><div style=\"display:none\" itemprop=\"location\" itemscope itemtype=\"http:\/\/schema.org\/Place\"><span itemprop=\"name\">Do Doelen Rotterdam<\/span><span itemprop=\"address\" itemscope itemtype=\"http:\/\/schema.org\/PostalAddress\"><item itemprop=\"streetAddress\">Kruisplein 40, Rotterdam<\/item><\/span><\/div><div itemprop=\"organizer\" itemscope=\"\" itemtype=\"http:\/\/schema.org\/Organization\"><meta itemprop=\"name\" content=\"ESCR Office\">\n\t\t\t\t    \t<\/div><div itemprop=\"performer\" itemscope=\"\" itemtype=\"http:\/\/schema.org\/Person\"><meta itemprop=\"name\" content=\"ESCR Office\"><\/div><script type=\"application\/ld+json\">{\"@context\": \"http:\/\/schema.org\",\"@type\": \"Event\",\n\t\t\t\t\"@id\": \"event_19220_0\",\n\t\t\t\t\"eventAttendanceMode\":\"https:\/\/schema.org\/OfflineEventAttendanceMode\",\n\t\t\t\t\"eventStatus\":\"https:\/\/schema.org\/EventScheduled\",\n\t\t\t\t\"name\": \"ESCR Annual Scientific Meeting 2026\",\n\t\t\t\t\"url\": \"https:\/\/sgr-ssr.ch\/fr\/events\/escr-annual-scientific-meeting-2026\/\",\n\t\t\t\t\"startDate\": \"2026-10-22\",\n\t\t\t\t\"endDate\": \"2026-10-24\",\n\t\t\t\t\"image\":\"\", \n\t\t\t\t\"description\":\"<p>We are delighted to invite you to join the European Society of Cardiovascular Radiology (ESCR) Annual Meeting, taking place in the vibrant city of Rotterdam, The Netherlands, in October 2026.<\/p> <p>Under this year\u2019s inspiring motto, \u201cConnect to impact,\u201d we aim to connect ideas, disciplines, and people, to impact the cardiovascular imaging field. As cardiovascular radiology continues to evolve at remarkable speed, our shared strength lies in bridging gaps: between innovation and clinical practice, between established knowledge and emerging evidence, and between colleagues from all corners of Europe and beyond. A focus in the program will be on exploring how cardiovascular radiology can impact patient diagnosis and treatment.<\/p> <p>Rotterdam, known for its modern architecture, bold spirit, and world-class innovation, provides the perfect backdrop for a meeting dedicated to building stronger links within our community. Join us for cutting-edge scientific sessions, hands-on workshops, interactive discussions, and plenty of opportunities to network and forge new professional connections.<\/p> <p>We look forward to welcoming you to ESCR 2026 \u2014 where together, we build connections that impact the future of cardiovascular radiology.<\/p> <p>Contact: <a href='office@escr.org'>ESCR Office<\/a><br \/> <a href='https:\/\/www.escr.org\/congress-2026\/'>Website<\/a><\/p> \",\"location\":[{\"@type\":\"Place\",\"name\":\"Do Doelen Rotterdam\",\"address\":{\"@type\": \"PostalAddress\",\"streetAddress\":\"Kruisplein 40, Rotterdam\"}}],\"organizer\":[{\"@type\":\"Organization\",\"name\":\"ESCR Office\"}]}<\/script><\/div>\r\n\t\t\t\t<p class=\"desc_trig_outter\" style=\"\"><a data-gmtrig=\"1\" data-exlk=\"0\" style=\"background-color: #4bb5d8;\" id=\"evc_179262000019220\" href=\"#\" class=\"desc_trig mul_val evcal_list_a allday\" data-ux_val=\"1\" data-ux_val_mob=\"-\"  ><span class='evoet_c2 evoet_cx '><span class='evoet_dayblock evcal_cblock ' data-bgcolor='#4bb5d8' data-smon='Oktober' data-syr='2026' data-bub=''><span class='evo_start  evofxdrc'><em class='day'>Do<\/em><em class='date'>22<\/em><em class='month'>Okt<\/em><em class='time'>ganztags<\/em><\/span><span class='evo_end  evofxdrc'><em class='day'>Sa<\/em><em class='date'>24<\/em><\/span><\/span><\/span><span class='evoet_c3 evoet_cx evcal_desc hide_eventtopdata '><span class='evoet_title evcal_desc2 evcal_event_title ' itemprop='name'>ESCR Annual Scientific Meeting 2026<\/span><span class='event_location_attrs'  data-location_address=\"Kruisplein 40, Rotterdam\" data-location_type=\"address\" data-location_name=\"Do Doelen Rotterdam\" data-location_url=\"https:\/\/sgr-ssr.ch\/fr\/event-location\/do-doelen-rotterdam\/\" data-location_status=\"true\" data-locid=\"656\"><\/span><\/span><span class='evoet_data' data-d=\"{&quot;loc.n&quot;:&quot;Do Doelen Rotterdam&quot;,&quot;orgs&quot;:{&quot;291&quot;:&quot;ESCR Office&quot;},&quot;tags&quot;:[]}\" data-bgc=\"#4bb5d8\" data-bggrad=\"\" ><\/span><\/a><\/p><div class='event_description evcal_eventcard ' style=\"display:none\"><div class='evocard_row'><div id='event_eventdetails' class='evocard_box eventdetails' data-c='' \n\t\t\t\t\tstyle=''><div class=\"evo_metarow_details evorow evcal_evdata_row evcal_event_details\">\n    <div class=\"event_excerpt\" style=\"display:none\"><h3 class=\"padb5 evo_h3\">Veranstaltungsdetails<\/h3><p>We are delighted to invite you to join the European Society of Cardiovascular Radiology (ESCR) Annual Meeting, taking place in the vibrant city of Rotterdam, The Netherlands, in October 2026.\nUnder<\/p><\/div><span class='evcal_evdata_icons'><i class='fa fa-align-justify'><\/i><\/span>    <div class=\"evcal_evdata_cell shorter_desc\">\n        <div class=\"eventon_full_description\">\n            <h3 class=\"padb5 evo_h3\"><span class='evcal_evdata_icons'><i class='fa fa-align-justify'><\/i><\/span>Veranstaltungsdetails<\/h3>\n            <div class=\"eventon_desc_in\" itemprop=\"description\">\n                <p>We are delighted to invite you to join the European Society of Cardiovascular Radiology (ESCR) Annual Meeting, taking place in the vibrant city of Rotterdam, The Netherlands, in October 2026.<\/p>\n<p>Under this year\u2019s inspiring motto, \u201cConnect to impact,\u201d we aim to connect ideas, disciplines, and people, to impact the cardiovascular imaging field. As cardiovascular radiology continues to evolve at remarkable speed, our shared strength lies in bridging gaps: between innovation and clinical practice, between established knowledge and emerging evidence, and between colleagues from all corners of Europe and beyond. A focus in the program will be on exploring how cardiovascular radiology can impact patient diagnosis and treatment.<\/p>\n<p>Rotterdam, known for its modern architecture, bold spirit, and world-class innovation, provides the perfect backdrop for a meeting dedicated to building stronger links within our community. Join us for cutting-edge scientific sessions, hands-on workshops, interactive discussions, and plenty of opportunities to network and forge new professional connections.<\/p>\n<p>We look forward to welcoming you to ESCR 2026 \u2014 where together, we build connections that impact the future of cardiovascular radiology.<\/p>\n<p>Contact: <a href=\"office@escr.org\">ESCR Office<\/a><br \/>\n<a href=\"https:\/\/www.escr.org\/congress-2026\/\">Website<\/a><\/p>\n            <\/div>\n            <p class='eventon_shad_p' style='padding:5px 0 0; margin:0'><button class='evcal_btn evo_btn_secondary evobtn_details_show_more' content='less'><span class='ev_more_text' data-txt='weniger'>mehr<\/span><span class='ev_more_arrow ard'><\/span><\/button><\/p><div class='clear'><\/div>        <\/div>\n    <\/div>\n<\/div><\/div><\/div><!-- row close --><div class='evocard_row bx2 bx'><div id='event_time' class='evocard_box time' data-c='' \n\t\t\t\t\tstyle=''><div class='evo_metarow_time evorow evcal_evdata_row evcal_evrow_sm '>\n\t\t<span class='evcal_evdata_icons'><i class='fa fa-clock-o'><\/i><\/span>\n\t\t<div class='evcal_evdata_cell'>\t\t\t\t\t\t\t\n\t\t\t<h3 class='evo_h3'><span class='evcal_evdata_icons'><i class='fa fa-clock-o'><\/i><\/span>Zeit<\/h3><div><span class='evo_eventcard_time_t evogap5 evofxww'><span class=\"start\">22 Oktober 2026<\/span>  - <span class=\"end\">24 Oktober 2026<\/span> (ganztags)<\/span><span class='evo_tz marr5'>(GMT+02:00)<\/span><\/div>\n\t\t<\/div>\n\t<\/div><\/div><div id='event_location' class='evocard_box location' data-c='' \n\t\t\t\t\tstyle=''><div class='evcal_evdata_row evo_metarow_time_location evorow '>\n\t\t\n\t\t\t<span class='evcal_evdata_icons'><i class='fa fa-map-marker'><\/i><\/span>\n\t\t\t<div class='evcal_evdata_cell' data-loc_tax_id='656'><h3 class='evo_h3 evodfx'><span class='evcal_evdata_icons'><i class='fa fa-map-marker'><\/i><\/span>Ort<\/h3><p class='evo_location_name'>Do Doelen Rotterdam<\/p><p class='evo_location_address evodfxi evogap10'>Kruisplein 40, Rotterdam<\/p><div class='padt10'><span class='evo_btn_arr evolb_trigger' data-lbvals=\"{&quot;lbdata&quot;:{&quot;class&quot;:&quot;evo_location_lb_656&quot;,&quot;additional_class&quot;:&quot;lb_max&quot;,&quot;title&quot;:&quot;Do Doelen Rotterdam&quot;},&quot;adata&quot;:{&quot;a&quot;:&quot;eventon_get_tax_card_content&quot;,&quot;end&quot;:&quot;client&quot;,&quot;data&quot;:{&quot;lang&quot;:&quot;L1&quot;,&quot;term_id&quot;:656,&quot;tax&quot;:&quot;event_location&quot;,&quot;load_lbcontent&quot;:true}},&quot;uid&quot;:&quot;eventon_get_tax_card_content&quot;}\" >Other Events<i class='fa fa-chevron-right' aria-hidden='true'><\/i><\/span><\/div><\/div>\n\t\t\n\t<\/div><\/div><\/div><!-- row close --><div class='evocard_row'><div id='event_organizer' class='evocard_box organizer' data-c='' \n\t\t\t\t\tstyle=''><div class='evo_metarow_organizer evorow evcal_evdata_row evcal_evrow_sm '>\n\t\t<span class='evcal_evdata_icons'><i class='fa fa-headphones'><\/i><\/span>\n\t\t<div class='evcal_evdata_cell'>\t\t\t\t\t\t\t\n\t\t\t<h3 class='evo_h3'>Veranstalter<\/h3><div class='evo_evdata_cell_content evodfx evofx_ww evofx_dr_r evogap15'><div class='evo_card_organizer evofx_1'><h4 class='evo_org_name evo_h4 marb5 evottui evocl1i evopadb10i'><span class='evo_card_organizer_name_t marb5'><a  href='https:\/\/sgr-ssr.ch\/fr\/event-organizer\/escr-office\/' class='evocl1i'>ESCR Office<\/a><\/span><\/h4><p class='evo_card_organizer_more evomart10i'><a class='evolb_trigger evo_btn_arr mart10' data-lbvals=\"{&quot;lbc&quot;:&quot;evo_organizer_lb&quot;,&quot;lbac&quot;:&quot;lb_max&quot;,&quot;preload_temp_key&quot;:&quot;preload_taxlb&quot;,&quot;t&quot;:&quot;ESCR Office&quot;,&quot;ajax&quot;:&quot;yes&quot;,&quot;ajax_type&quot;:&quot;endpoint&quot;,&quot;ajax_action&quot;:&quot;eventon_get_tax_card_content&quot;,&quot;end&quot;:&quot;client&quot;,&quot;d&quot;:{&quot;eventid&quot;:19220,&quot;ri&quot;:0,&quot;term_id&quot;:291,&quot;tax&quot;:&quot;event_organizer&quot;,&quot;load_lbcontent&quot;:true}}\" >Learn More<i class='fa fa-chevron-right'><\/i><\/a><\/p><\/div><!-- evo_card_organizer--><\/div><\/div>\t<\/div><\/div><\/div><!-- row close --><div class='evocard_row bx2 bx'><div id='event_learnmore' class='evocard_box learnmore' data-c='' \n\t\t\t\t\tstyle=''><div class='evo_metarow_learnM evo_metarow_learnmore evorow'>\n\t\t\t\t\t\t\t<a class='evcal_evdata_row evo_clik_row ' href='https:\/\/www.escr.org\/congress-2026\/' target=\"_blank\">\n\t\t\t\t\t\t\t\t<span class='evcal_evdata_icons'><i class='fa fa-link'><\/i><\/span>\n\t\t\t\t\t\t\t\t<h3 class='evo_h3'>Mehr Infos \/ Anmeldung<\/h3>\n\t\t\t\t\t\t\t<\/a>\n\t\t\t\t\t\t\t<\/div><\/div><div id='event_addtocal' class='evocard_box addtocal' data-c='' \n\t\t\t\t\tstyle=''><div class='evo_metarow_ICS evorow evcal_evdata_row'>\n\t\t\t<span class='evcal_evdata_icons'><i class='fa fa-calendar-o'><\/i><\/span>\n\t\t\t<div class='evcal_evdata_cell'>\n\t\t\t\t<p><a href='https:\/\/sgr-ssr.ch\/fr\/export-events\/19220_0\/?key=cd75fe199f' rel='nofollow' class='evo_ics_nCal' title='Add to your calendar'>Calendar<\/a><a href='https:\/\/www.google.com\/calendar\/event?action=TEMPLATE&text=ESCR%20Annual%20Scientific%20Meeting%202026&dates=20261021T220000Z\/20261024T215959Z&ctz=Europe%2FVienna&details=ESCR%20Annual%20Scientific%20Meeting%202026&location=Do%20Doelen%20Rotterdam%20Kruisplein%2040%2C%20Rotterdam' target='_blank' rel='nofollow' class='evo_ics_gCal' title='Add to google calendar'>GoogleCal<\/a><\/p>\t\n\t\t\t<\/div>\n\t\t<\/div><\/div><\/div><!-- row close --><div class='evocard_row'><div id='event_getdirection' class='evocard_box getdirection' data-c='' \n\t\t\t\t\tstyle=''><div class='evo_metarow_getDr evorow evcal_evdata_row evcal_evrow_sm getdirections'>\n\t\t<form action='https:\/\/maps.google.com\/maps' method='get' target='_blank'>\n\t\t\t<input type='hidden' name='daddr' value=\"Kruisplein 40, Rotterdam\"\/> \n\t\t\t<div class='evo_get_direction_content evo_fx_dr_r evogap10'>\n\t\t\t\t<span class='evogetdir_header evodfx evofxdrr evofxaic evogap10'>\n\t\t\t\t\t<i class='mainicon fa fa-road evofz24i'><\/i> \n\t\t\t\t\t<h3 class='evo_h3 evopad0i' style='padding-bottom:5px;'>Get Directions<\/h3>\n\t\t\t\t<\/span>\n\t\t\t\t<span class='evogetdir_field evodfx evofx_1_1 evow100p'>\t\n\t\t\t\t\t<label for='69f31a608db7a' class='evo_aria_ready sr-only'>Address - ESCR Annual Scientific Meeting 2026 []<\/label>\t\t\t\t\n\t\t\t\t\t<input id='69f31a608db7a' class='evo_aria_ready_match evoInput2 evobr10 evow100p evopad10 evoff_2 evofz14i evobrdB1 evoboxbb' type='text' name='saddr' placeholder='Ihre Adresse' value='' style='' aria-label='Address - ESCR Annual Scientific Meeting 2026 []' \/>\n\t\t\t\t<\/span>\n\t\t\t\t<div class='evodfx evofxdrr evofxaic evogap10'>\n\t\t\t\t\t<i class='fa fa-location-dot'><\/i>\n\t\t\t\t\t<div class='evoposr evofx_1 evoh100p'><label for='69f31a608db7a' class='evo_aria_ready sr-only'>Destination Address - ESCR Annual Scientific Meeting 2026 []<\/label>\t\t\n\t\t\t\t\t\t<input id='69f31a608db7a' class='evo_aria_ready_match evoInput2 evobr10 evow100p evopad5-10 evoff_2 evofz14i evobrdB1 evoop5 evoboxbb evoh100p' type='text' style='' readonly value='Kruisplein 40, Rotterdam' aria-label='Destination Address - ESCR Annual Scientific Meeting 2026 []'\/><button class='evo_copy_address evobuttonA evocurp evohoop7 evoposa evopad5' style='right: 3px; top: 4px; background-color: #fff;' data-txt='Kruisplein 40, Rotterdam' data-t='Address copied to clipboard!'><i class='far fa-copy evofz16i' title='Copy Destination Address!'><\/i><\/button>\n\t\t\t\t\t<\/div>\n\t\t\t\t\t<button type='submit' class='evo_get_direction_button evcal_btn dfx evofxaic evocurp evohoop7' title='Hier klicken f\u00fcr Wegbeschreibung' style='    padding: 10px 15px !important;'><i class='fa fa-chevron-right'><\/i> <\/button>\n\t\t\t\t<\/div>\n\t\t\t<\/div>\n\t\t<\/form>\n\t<\/div><\/div><\/div><!-- row close --><button class='evo_card_row_end evcal_close' title='Close'><\/button><\/div><div class='clear end'><\/div><\/div><div id=\"event_19326_0\" class=\"eventon_list_event evo_eventtop scheduled  event clrW event_19326_0\" data-event_id=\"19326\" data-ri=\"0r\" data-time=\"1792706400-1792792799\" data-colr=\"#4bb5d8\" itemscope itemtype='http:\/\/schema.org\/Event'><div class=\"evo_event_schema\" style=\"display:none\" ><a itemprop='url'  href='https:\/\/sgr-ssr.ch\/fr\/events\/17-kinder-haut-tag\/'><\/a><meta itemprop='image'  \/><meta itemprop='startDate' content=\"2026-10-23\" \/><meta itemprop='endDate' content=\"2026-10-23\" \/><meta itemprop='eventStatus' content=\"https:\/\/schema.org\/EventScheduled\" \/><meta itemprop='eventAttendanceMode'   itemscope itemtype=\"https:\/\/schema.org\/OfflineEventAttendanceMode\"\/><div style=\"display:none\" itemprop=\"location\" itemscope itemtype=\"http:\/\/schema.org\/Place\"><span itemprop=\"name\">Wien \u2013 Gesellschaft der \u00c4rzte, Billrothhaus<\/span><span itemprop=\"address\" itemscope itemtype=\"http:\/\/schema.org\/PostalAddress\"><item itemprop=\"streetAddress\">Frankgasse 8<\/item><\/span><\/div><div itemprop=\"organizer\" itemscope=\"\" itemtype=\"http:\/\/schema.org\/Organization\"><meta itemprop=\"name\" content=\"\u00c4rztezentrale med.info\">\n\t\t\t\t    \t<\/div><div itemprop=\"performer\" itemscope=\"\" itemtype=\"http:\/\/schema.org\/Person\"><meta itemprop=\"name\" content=\"\u00c4rztezentrale med.info\"><\/div><script type=\"application\/ld+json\">{\"@context\": \"http:\/\/schema.org\",\"@type\": \"Event\",\n\t\t\t\t\"@id\": \"event_19326_0\",\n\t\t\t\t\"eventAttendanceMode\":\"https:\/\/schema.org\/OfflineEventAttendanceMode\",\n\t\t\t\t\"eventStatus\":\"https:\/\/schema.org\/EventScheduled\",\n\t\t\t\t\"name\": \"17. Kinder-Haut-Tag\",\n\t\t\t\t\"url\": \"https:\/\/sgr-ssr.ch\/fr\/events\/17-kinder-haut-tag\/\",\n\t\t\t\t\"startDate\": \"2026-10-23\",\n\t\t\t\t\"endDate\": \"2026-10-23\",\n\t\t\t\t\"image\":\"\", \n\t\t\t\t\"description\":\"<p>Arbeitsgruppe P\u00e4diatrische Dermatologie der \u00d6sterr. Ges. f\u00fcr Dermatologie und Venerologie<\/p> <p>Location: Billrothhaus &#8211; Gesellschaft der \u00c4rzte<\/p> <p>Strasse: Frankgasse 8<\/p> <p>PLZ: 1090, Wien<br \/> Datum von\/am: 2026-10-23<br \/> Datum bis: 2026-10-23<\/p> <p><a href='mailto:azmedinfo@media.co.at'>Kontakt<\/a><\/p> <p><a href='https:\/\/www.kinder-haut-tag.at\/web\/' target='_blank' rel='noopener noreferrer'>Webseite<\/a><\/p> \",\"location\":[{\"@type\":\"Place\",\"name\":\"Wien \u2013 Gesellschaft der \u00c4rzte, Billrothhaus\",\"address\":{\"@type\": \"PostalAddress\",\"streetAddress\":\"Frankgasse 8\"}}],\"organizer\":[{\"@type\":\"Organization\",\"name\":\"\u00c4rztezentrale med.info\"}]}<\/script><\/div>\r\n\t\t\t\t<p class=\"desc_trig_outter\" style=\"\"><a data-gmap_status=\"null\" data-exlk=\"0\" style=\"background-color: #4bb5d8;\" id=\"evc_179270640019326\" href=\"#\" class=\"desc_trig sin_val evcal_list_a allday\" data-ux_val=\"1\" data-ux_val_mob=\"-\"  ><span class='evoet_c2 evoet_cx '><span class='evoet_dayblock evcal_cblock ' data-bgcolor='#4bb5d8' data-smon='Oktober' data-syr='2026' data-bub=''><span class='evo_start  evofxdrc'><em class='day'>Fr<\/em><em class='date'>23<\/em><em class='month'>Okt<\/em><em class='time'>ganztags<\/em><\/span><\/span><\/span><span class='evoet_c3 evoet_cx evcal_desc hide_eventtopdata '><span class='evoet_title evcal_desc2 evcal_event_title ' itemprop='name'>17. Kinder-Haut-Tag<\/span><span class='event_location_attrs'  data-location_address=\"Frankgasse 8\" data-location_type=\"address\" data-location_name=\"Wien \u2013 Gesellschaft der \u00c4rzte, Billrothhaus\" data-location_url=\"https:\/\/sgr-ssr.ch\/fr\/event-location\/wien-gesellschaft-der-aerzte-billrothhaus\/\" data-location_status=\"true\" data-locid=\"465\"><\/span><\/span><span class='evoet_data' data-d=\"{&quot;loc.n&quot;:&quot;Wien \\u2013 Gesellschaft der \\u00c4rzte, Billrothhaus&quot;,&quot;orgs&quot;:{&quot;434&quot;:&quot;\\u00c4rztezentrale med.info&quot;},&quot;tags&quot;:[]}\" data-bgc=\"#4bb5d8\" data-bggrad=\"\" ><\/span><\/a><\/p><div class='event_description evcal_eventcard ' style=\"display:none\"><div class='evocard_row'><div id='event_eventdetails' class='evocard_box eventdetails' data-c='' \n\t\t\t\t\tstyle=''><div class=\"evo_metarow_details evorow evcal_evdata_row evcal_event_details\">\n    <div class=\"event_excerpt\" style=\"display:none\"><h3 class=\"padb5 evo_h3\">Veranstaltungsdetails<\/h3><p>Arbeitsgruppe P\u00e4diatrische Dermatologie der \u00d6sterr. Ges. f\u00fcr Dermatologie und Venerologie\nLocation: Billrothhaus &#8211; Gesellschaft der \u00c4rzte\nStrasse: Frankgasse 8\nPLZ: 1090, Wien\nDatum von\/am: 2026-10-23\nDatum bis: 2026-10-23\nKontakt\nWebseite<\/p><\/div><span class='evcal_evdata_icons'><i class='fa fa-align-justify'><\/i><\/span>    <div class=\"evcal_evdata_cell \">\n        <div class=\"eventon_full_description\">\n            <h3 class=\"padb5 evo_h3\"><span class='evcal_evdata_icons'><i class='fa fa-align-justify'><\/i><\/span>Veranstaltungsdetails<\/h3>\n            <div class=\"eventon_desc_in\" itemprop=\"description\">\n                <p>Arbeitsgruppe P\u00e4diatrische Dermatologie der \u00d6sterr. Ges. f\u00fcr Dermatologie und Venerologie<\/p>\n<p>Location: Billrothhaus &#8211; Gesellschaft der \u00c4rzte<\/p>\n<p>Strasse: Frankgasse 8<\/p>\n<p>PLZ: 1090, Wien<br \/>\nDatum von\/am: 2026-10-23<br \/>\nDatum bis: 2026-10-23<\/p>\n<p><a href=\"mailto:azmedinfo@media.co.at\">Kontakt<\/a><\/p>\n<p><a href=\"https:\/\/www.kinder-haut-tag.at\/web\/\" target=\"_blank\" rel=\"noopener noreferrer\">Webseite<\/a><\/p>\n            <\/div>\n            <div class='clear'><\/div>        <\/div>\n    <\/div>\n<\/div><\/div><\/div><!-- row close --><div class='evocard_row bx2 bx'><div id='event_time' class='evocard_box time' data-c='' \n\t\t\t\t\tstyle=''><div class='evo_metarow_time evorow evcal_evdata_row evcal_evrow_sm '>\n\t\t<span class='evcal_evdata_icons'><i class='fa fa-clock-o'><\/i><\/span>\n\t\t<div class='evcal_evdata_cell'>\t\t\t\t\t\t\t\n\t\t\t<h3 class='evo_h3'><span class='evcal_evdata_icons'><i class='fa fa-clock-o'><\/i><\/span>Zeit<\/h3><div><span class='evo_eventcard_time_t evogap5 evofxww'><span class=\"start\">23 Oktober 2026<\/span> ganztags<\/span><span class='evo_tz marr5'>(GMT+02:00)<\/span><\/div>\n\t\t<\/div>\n\t<\/div><\/div><div id='event_location' class='evocard_box location' data-c='' \n\t\t\t\t\tstyle=''><div class='evcal_evdata_row evo_metarow_time_location evorow '>\n\t\t\n\t\t\t<span class='evcal_evdata_icons'><i class='fa fa-map-marker'><\/i><\/span>\n\t\t\t<div class='evcal_evdata_cell' data-loc_tax_id='465'><h3 class='evo_h3 evodfx'><span class='evcal_evdata_icons'><i class='fa fa-map-marker'><\/i><\/span>Ort<\/h3><p class='evo_location_name'>Wien \u2013 Gesellschaft der \u00c4rzte, Billrothhaus<\/p><p class='evo_location_address evodfxi evogap10'>Frankgasse 8<\/p><div class='padt10'><span class='evo_btn_arr evolb_trigger' data-lbvals=\"{&quot;lbdata&quot;:{&quot;class&quot;:&quot;evo_location_lb_465&quot;,&quot;additional_class&quot;:&quot;lb_max&quot;,&quot;title&quot;:&quot;Wien \\u2013 Gesellschaft der \\u00c4rzte, Billrothhaus&quot;},&quot;adata&quot;:{&quot;a&quot;:&quot;eventon_get_tax_card_content&quot;,&quot;end&quot;:&quot;client&quot;,&quot;data&quot;:{&quot;lang&quot;:&quot;L1&quot;,&quot;term_id&quot;:465,&quot;tax&quot;:&quot;event_location&quot;,&quot;load_lbcontent&quot;:true}},&quot;uid&quot;:&quot;eventon_get_tax_card_content&quot;}\" >Other Events<i class='fa fa-chevron-right' aria-hidden='true'><\/i><\/span><\/div><\/div>\n\t\t\n\t<\/div><\/div><\/div><!-- row close --><div class='evocard_row'><div id='event_organizer' class='evocard_box organizer' data-c='' \n\t\t\t\t\tstyle=''><div class='evo_metarow_organizer evorow evcal_evdata_row evcal_evrow_sm '>\n\t\t<span class='evcal_evdata_icons'><i class='fa fa-headphones'><\/i><\/span>\n\t\t<div class='evcal_evdata_cell'>\t\t\t\t\t\t\t\n\t\t\t<h3 class='evo_h3'>Veranstalter<\/h3><div class='evo_evdata_cell_content evodfx evofx_ww evofx_dr_r evogap15'><div class='evo_card_organizer evofx_1'><h4 class='evo_org_name evo_h4 marb5 evottui evocl1i evopadb10i'><span class='evo_card_organizer_name_t marb5'><a  href='https:\/\/sgr-ssr.ch\/fr\/event-organizer\/aerztezentrale-med-info\/' class='evocl1i'>\u00c4rztezentrale med.info<\/a><\/span><\/h4><p class='evo_card_organizer_more evomart10i'><a class='evolb_trigger evo_btn_arr mart10' data-lbvals=\"{&quot;lbc&quot;:&quot;evo_organizer_lb&quot;,&quot;lbac&quot;:&quot;lb_max&quot;,&quot;preload_temp_key&quot;:&quot;preload_taxlb&quot;,&quot;t&quot;:&quot;\\u00c4rztezentrale med.info&quot;,&quot;ajax&quot;:&quot;yes&quot;,&quot;ajax_type&quot;:&quot;endpoint&quot;,&quot;ajax_action&quot;:&quot;eventon_get_tax_card_content&quot;,&quot;end&quot;:&quot;client&quot;,&quot;d&quot;:{&quot;eventid&quot;:19326,&quot;ri&quot;:0,&quot;term_id&quot;:434,&quot;tax&quot;:&quot;event_organizer&quot;,&quot;load_lbcontent&quot;:true}}\" >Learn More<i class='fa fa-chevron-right'><\/i><\/a><\/p><\/div><!-- evo_card_organizer--><\/div><\/div>\t<\/div><\/div><\/div><!-- row close --><div class='evocard_row bx2 bx'><div id='event_learnmore' class='evocard_box learnmore' data-c='' \n\t\t\t\t\tstyle=''><div class='evo_metarow_learnM evo_metarow_learnmore evorow'>\n\t\t\t\t\t\t\t<a class='evcal_evdata_row evo_clik_row ' href='https:\/\/www.kinder-haut-tag.at\/web\/' target=\"_blank\">\n\t\t\t\t\t\t\t\t<span class='evcal_evdata_icons'><i class='fa fa-link'><\/i><\/span>\n\t\t\t\t\t\t\t\t<h3 class='evo_h3'>Mehr Infos \/ Anmeldung<\/h3>\n\t\t\t\t\t\t\t<\/a>\n\t\t\t\t\t\t\t<\/div><\/div><div id='event_addtocal' class='evocard_box addtocal' data-c='' \n\t\t\t\t\tstyle=''><div class='evo_metarow_ICS evorow evcal_evdata_row'>\n\t\t\t<span class='evcal_evdata_icons'><i class='fa fa-calendar-o'><\/i><\/span>\n\t\t\t<div class='evcal_evdata_cell'>\n\t\t\t\t<p><a href='https:\/\/sgr-ssr.ch\/fr\/export-events\/19326_0\/?key=cd75fe199f' rel='nofollow' class='evo_ics_nCal' title='Add to your calendar'>Calendar<\/a><a href='https:\/\/www.google.com\/calendar\/event?action=TEMPLATE&text=17.%20Kinder-Haut-Tag&dates=20261022T220000Z\/20261023T215959Z&ctz=Europe%2FVienna&details=17.%20Kinder-Haut-Tag&location=Wien%20%E2%80%93%20Gesellschaft%20der%20%C3%84rzte%2C%20Billrothhaus%20Frankgasse%208' target='_blank' rel='nofollow' class='evo_ics_gCal' title='Add to google calendar'>GoogleCal<\/a><\/p>\t\n\t\t\t<\/div>\n\t\t<\/div><\/div><\/div><!-- row close --><div class='evocard_row'><div id='event_getdirection' class='evocard_box getdirection' data-c='' \n\t\t\t\t\tstyle=''><div class='evo_metarow_getDr evorow evcal_evdata_row evcal_evrow_sm getdirections'>\n\t\t<form action='https:\/\/maps.google.com\/maps' method='get' target='_blank'>\n\t\t\t<input type='hidden' name='daddr' value=\"Frankgasse 8\"\/> \n\t\t\t<div class='evo_get_direction_content evo_fx_dr_r evogap10'>\n\t\t\t\t<span class='evogetdir_header evodfx evofxdrr evofxaic evogap10'>\n\t\t\t\t\t<i class='mainicon fa fa-road evofz24i'><\/i> \n\t\t\t\t\t<h3 class='evo_h3 evopad0i' style='padding-bottom:5px;'>Get Directions<\/h3>\n\t\t\t\t<\/span>\n\t\t\t\t<span class='evogetdir_field evodfx evofx_1_1 evow100p'>\t\n\t\t\t\t\t<label for='69f31a6090c00' class='evo_aria_ready sr-only'>Address - 17. Kinder-Haut-Tag []<\/label>\t\t\t\t\n\t\t\t\t\t<input id='69f31a6090c00' class='evo_aria_ready_match evoInput2 evobr10 evow100p evopad10 evoff_2 evofz14i evobrdB1 evoboxbb' type='text' name='saddr' placeholder='Ihre Adresse' value='' style='' aria-label='Address - 17. Kinder-Haut-Tag []' \/>\n\t\t\t\t<\/span>\n\t\t\t\t<div class='evodfx evofxdrr evofxaic evogap10'>\n\t\t\t\t\t<i class='fa fa-location-dot'><\/i>\n\t\t\t\t\t<div class='evoposr evofx_1 evoh100p'><label for='69f31a6090c00' class='evo_aria_ready sr-only'>Destination Address - 17. Kinder-Haut-Tag []<\/label>\t\t\n\t\t\t\t\t\t<input id='69f31a6090c00' class='evo_aria_ready_match evoInput2 evobr10 evow100p evopad5-10 evoff_2 evofz14i evobrdB1 evoop5 evoboxbb evoh100p' type='text' style='' readonly value='Frankgasse 8' aria-label='Destination Address - 17. Kinder-Haut-Tag []'\/><button class='evo_copy_address evobuttonA evocurp evohoop7 evoposa evopad5' style='right: 3px; top: 4px; background-color: #fff;' data-txt='Frankgasse 8' data-t='Address copied to clipboard!'><i class='far fa-copy evofz16i' title='Copy Destination Address!'><\/i><\/button>\n\t\t\t\t\t<\/div>\n\t\t\t\t\t<button type='submit' class='evo_get_direction_button evcal_btn dfx evofxaic evocurp evohoop7' title='Hier klicken f\u00fcr Wegbeschreibung' style='    padding: 10px 15px !important;'><i class='fa fa-chevron-right'><\/i> <\/button>\n\t\t\t\t<\/div>\n\t\t\t<\/div>\n\t\t<\/form>\n\t<\/div><\/div><\/div><!-- row close --><button class='evo_card_row_end evcal_close' title='Close'><\/button><\/div><div class='clear end'><\/div><\/div><div id=\"event_19477_0\" class=\"eventon_list_event evo_eventtop scheduled  event clrD event_19477_0\" data-event_id=\"19477\" data-ri=\"0r\" data-time=\"1793122200-1793127600\" data-colr=\"#004961\" itemscope itemtype='http:\/\/schema.org\/Event'><div class=\"evo_event_schema\" style=\"display:none\" ><a itemprop='url'  href='https:\/\/sgr-ssr.ch\/fr\/events\/formation-continue-en-radioprotection-pour-les-medecins-utilisant-la-scopie_2\/'><\/a><meta itemprop='image'  \/><meta itemprop='startDate' content=\"2026-10-27T18:30+0:00\" \/><meta itemprop='endDate' content=\"2026-10-27T20:00+0:00\" \/><meta itemprop='eventStatus' content=\"https:\/\/schema.org\/EventScheduled\" \/><meta itemprop='eventAttendanceMode'   itemscope itemtype=\"https:\/\/schema.org\/OnlineEventAttendanceMode\"\/><div itemprop=\"organizer\" itemscope=\"\" itemtype=\"http:\/\/schema.org\/Organization\"><meta itemprop=\"name\" content=\"CHUV\">\n\t\t\t\t    \t<\/div><div itemprop=\"performer\" itemscope=\"\" itemtype=\"http:\/\/schema.org\/Person\"><meta itemprop=\"name\" content=\"CHUV\"><\/div><script type=\"application\/ld+json\">{\"@context\": \"http:\/\/schema.org\",\"@type\": \"Event\",\n\t\t\t\t\"@id\": \"event_19477_0\",\n\t\t\t\t\"eventAttendanceMode\":\"https:\/\/schema.org\/OnlineEventAttendanceMode\",\n\t\t\t\t\"eventStatus\":\"https:\/\/schema.org\/EventScheduled\",\n\t\t\t\t\"name\": \"FORMATION CONTINUE EN RADIOPROTECTION POUR LES MEDECINS UTILISANT LA SCOPIE_2\",\n\t\t\t\t\"url\": \"https:\/\/sgr-ssr.ch\/fr\/events\/formation-continue-en-radioprotection-pour-les-medecins-utilisant-la-scopie_2\/\",\n\t\t\t\t\"startDate\": \"2026-10-27T18:30+0:00\",\n\t\t\t\t\"endDate\": \"2026-10-27T20:00+0:00\",\n\t\t\t\t\"image\":\"\", \n\t\t\t\t\"description\":\"<p>L&rsquo;Institut de Radiophysique organise cette formation continue en radioprotection, visant \u00e0 assurer la conservation et l&rsquo;actualisation des comp\u00e9tences.<\/p> <p><strong>Contenu<\/strong><\/p> <ul> <li>18h30 \u2013 19h00\u00a0: R\u00f4le du TRM au bloc op\u00e9ratoire (Julien Caldas)<\/li> <li>19h00 \u2013 19h30\u00a0: R\u00f4le du Physicien (Marie Nowak, Ana\u00efs Viry)<\/li> <li>19h30 \u2013 20h00\u00a0: Formation initiale en radioprotection (Nicolas Cherbuin)<\/li> <\/ul> <p>Le contenu est le m\u00eame pour chaque session en 2026.<\/p> <p><strong>Public cible<\/strong><\/p> <p>Radiologues<br \/> M\u00e9decins sp\u00e9cialistes au b\u00e9n\u00e9fice des formations MA5 selon Ordonnance sur les formations en radioprotection<br \/> M\u00e9decins sp\u00e9cialistes exploitant une installation de radioscopie.<\/p> <p><strong>Informations pratiques<\/strong><\/p> <p>Dur\u00e9e : 1h30 heures (2 UE)<br \/> Horaire : de 18h30 \u00e0 20h00<br \/> Lieu et dates\u00a0:\u00a0 21\/05\/2026\u00a0: En visioconf\u00e9rence<br \/> 27\/10\/2026\u00a0: En visioconf\u00e9rence<\/p> <p><a href='https:\/\/www.chuv.ch\/it\/ira\/ira-home\/formation-en-radioprotection\/formations-continues\/pour-les-medecins-utilisant-la-fluoroscopie' target='_blank' rel='noopener noreferrer'>Inscription<\/a><\/p> \",\"organizer\":[{\"@type\":\"Organization\",\"name\":\"CHUV\"}]}<\/script><\/div>\r\n\t\t\t\t<p class=\"desc_trig_outter\" style=\"\"><a data-gmap_status=\"null\" data-exlk=\"0\" style=\"background-color: #004961;\" id=\"evc_179312220019477\" href=\"#\" class=\"desc_trig sin_val evcal_list_a\" data-ux_val=\"1\" data-ux_val_mob=\"-\"  ><span class='evoet_c2 evoet_cx '><span class='evoet_dayblock evcal_cblock ' data-bgcolor='#004961' data-smon='Oktober' data-syr='2026' data-bub=''><span class='evo_start  evofxdrc'><em class='day'>Di<\/em><em class='date'>27<\/em><em class='month'>Okt<\/em><em class='time'>18 h 30 min<\/em><\/span><span class='evo_end only_time evofxdrc'><em class='time'>20 h 00 min<\/em><\/span><\/span><\/span><span class='evoet_c3 evoet_cx evcal_desc hide_eventtopdata '><span class='evoet_title evcal_desc2 evcal_event_title ' itemprop='name'>FORMATION CONTINUE EN RADIOPROTECTION POUR LES MEDECINS UTILISANT LA SCOPIE_2<\/span><span class='evoet_cy evoet_subtitle evo_below_title' ><span class='evcal_event_subtitle ' >2 Credits<\/span><\/span><\/span><span class='evoet_data' data-d=\"{&quot;loc.n&quot;:&quot;&quot;,&quot;orgs&quot;:{&quot;665&quot;:&quot;CHUV&quot;},&quot;tags&quot;:{&quot;vir&quot;:&quot;Virtual Event&quot;}}\" data-bgc=\"#004961\" data-bggrad=\"\" ><\/span><\/a><\/p><div class='event_description evcal_eventcard ' style=\"display:none\"><div class='evocard_row'><div id='event_eventdetails' class='evocard_box eventdetails' data-c='' \n\t\t\t\t\tstyle=''><div class=\"evo_metarow_details evorow evcal_evdata_row evcal_event_details\">\n    <div class=\"event_excerpt\" style=\"display:none\"><h3 class=\"padb5 evo_h3\">Veranstaltungsdetails<\/h3><p>L&rsquo;Institut de Radiophysique organise cette formation continue en radioprotection, visant \u00e0 assurer la conservation et l&rsquo;actualisation des comp\u00e9tences.\nContenu\n\n18h30 \u2013 19h00\u00a0: R\u00f4le du TRM au bloc op\u00e9ratoire (Julien Caldas)\n19h00 \u2013 19h30\u00a0:<\/p><\/div><span class='evcal_evdata_icons'><i class='fa fa-align-justify'><\/i><\/span>    <div class=\"evcal_evdata_cell shorter_desc\">\n        <div class=\"eventon_full_description\">\n            <h3 class=\"padb5 evo_h3\"><span class='evcal_evdata_icons'><i class='fa fa-align-justify'><\/i><\/span>Veranstaltungsdetails<\/h3>\n            <div class=\"eventon_desc_in\" itemprop=\"description\">\n                <p>L&rsquo;Institut de Radiophysique organise cette formation continue en radioprotection, visant \u00e0 assurer la conservation et l&rsquo;actualisation des comp\u00e9tences.<\/p>\n<p><strong>Contenu<\/strong><\/p>\n<ul>\n<li>18h30 \u2013 19h00\u00a0: R\u00f4le du TRM au bloc op\u00e9ratoire (Julien Caldas)<\/li>\n<li>19h00 \u2013 19h30\u00a0: R\u00f4le du Physicien (Marie Nowak, Ana\u00efs Viry)<\/li>\n<li>19h30 \u2013 20h00\u00a0: Formation initiale en radioprotection (Nicolas Cherbuin)<\/li>\n<\/ul>\n<p>Le contenu est le m\u00eame pour chaque session en 2026.<\/p>\n<p><strong>Public cible<\/strong><\/p>\n<p>Radiologues<br \/>\nM\u00e9decins sp\u00e9cialistes au b\u00e9n\u00e9fice des formations MA5 selon Ordonnance sur les formations en radioprotection<br \/>\nM\u00e9decins sp\u00e9cialistes exploitant une installation de radioscopie.<\/p>\n<p><strong>Informations pratiques<\/strong><\/p>\n<p>Dur\u00e9e : 1h30 heures (2 UE)<br \/>\nHoraire : de 18h30 \u00e0 20h00<br \/>\nLieu et dates\u00a0:\u00a0 21\/05\/2026\u00a0: En visioconf\u00e9rence<br \/>\n27\/10\/2026\u00a0: En visioconf\u00e9rence<\/p>\n<p><a href=\"https:\/\/www.chuv.ch\/it\/ira\/ira-home\/formation-en-radioprotection\/formations-continues\/pour-les-medecins-utilisant-la-fluoroscopie\" target=\"_blank\" rel=\"noopener noreferrer\">Inscription<\/a><\/p>\n            <\/div>\n            <p class='eventon_shad_p' style='padding:5px 0 0; margin:0'><button class='evcal_btn evo_btn_secondary evobtn_details_show_more' content='less'><span class='ev_more_text' data-txt='weniger'>mehr<\/span><span class='ev_more_arrow ard'><\/span><\/button><\/p><div class='clear'><\/div>        <\/div>\n    <\/div>\n<\/div><\/div><\/div><!-- row close --><div class='evocard_row'><div id='event_time' class='evocard_box time' data-c='' \n\t\t\t\t\tstyle=''><div class='evo_metarow_time evorow evcal_evdata_row evcal_evrow_sm '>\n\t\t<span class='evcal_evdata_icons'><i class='fa fa-clock-o'><\/i><\/span>\n\t\t<div class='evcal_evdata_cell'>\t\t\t\t\t\t\t\n\t\t\t<h3 class='evo_h3'><span class='evcal_evdata_icons'><i class='fa fa-clock-o'><\/i><\/span>Zeit<\/h3><div><span class='evo_eventcard_time_t evogap5 evofxww'><span class=\"start\">27 Oktober 2026<\/span> <span class=\"stime\">18 h 30 min<\/span> - <span class=\"etime\">20 h 00 min<\/span><\/span><span class='evo_tz marr5'>(GMT+01:00)<\/span><\/div>\n\t\t<\/div>\n\t<\/div><\/div><\/div><!-- row close --><div class='evocard_row'><div id='event_organizer' class='evocard_box organizer' data-c='' \n\t\t\t\t\tstyle=''><div class='evo_metarow_organizer evorow evcal_evdata_row evcal_evrow_sm '>\n\t\t<span class='evcal_evdata_icons'><i class='fa fa-headphones'><\/i><\/span>\n\t\t<div class='evcal_evdata_cell'>\t\t\t\t\t\t\t\n\t\t\t<h3 class='evo_h3'>Veranstalter<\/h3><div class='evo_evdata_cell_content evodfx evofx_ww evofx_dr_r evogap15'><div class='evo_card_organizer evofx_1'><h4 class='evo_org_name evo_h4 marb5 evottui evocl1i evopadb10i'><span class='evo_card_organizer_name_t marb5'><a  href='https:\/\/sgr-ssr.ch\/fr\/event-organizer\/chuv\/' class='evocl1i'>CHUV<\/a><\/span><\/h4><p class='evo_card_organizer_more evomart10i'><a class='evolb_trigger evo_btn_arr mart10' data-lbvals=\"{&quot;lbc&quot;:&quot;evo_organizer_lb&quot;,&quot;lbac&quot;:&quot;lb_max&quot;,&quot;preload_temp_key&quot;:&quot;preload_taxlb&quot;,&quot;t&quot;:&quot;CHUV&quot;,&quot;ajax&quot;:&quot;yes&quot;,&quot;ajax_type&quot;:&quot;endpoint&quot;,&quot;ajax_action&quot;:&quot;eventon_get_tax_card_content&quot;,&quot;end&quot;:&quot;client&quot;,&quot;d&quot;:{&quot;eventid&quot;:19477,&quot;ri&quot;:0,&quot;term_id&quot;:665,&quot;tax&quot;:&quot;event_organizer&quot;,&quot;load_lbcontent&quot;:true}}\" >Learn More<i class='fa fa-chevron-right'><\/i><\/a><\/p><\/div><!-- evo_card_organizer--><\/div><\/div>\t<\/div><\/div><\/div><!-- row close --><div class='evocard_row bx2 bx'><div id='event_learnmore' class='evocard_box learnmore' data-c='' \n\t\t\t\t\tstyle=''><div class='evo_metarow_learnM evo_metarow_learnmore evorow'>\n\t\t\t\t\t\t\t<a class='evcal_evdata_row evo_clik_row ' href='https:\/\/www.chuv.ch\/it\/ira\/ira-home\/formation-en-radioprotection\/formations-continues\/pour-les-medecins-utilisant-la-fluoroscopie' target=\"_blank\">\n\t\t\t\t\t\t\t\t<span class='evcal_evdata_icons'><i class='fa fa-link'><\/i><\/span>\n\t\t\t\t\t\t\t\t<h3 class='evo_h3'>Mehr Infos \/ Anmeldung<\/h3>\n\t\t\t\t\t\t\t<\/a>\n\t\t\t\t\t\t\t<\/div><\/div><div id='event_addtocal' class='evocard_box addtocal' data-c='' \n\t\t\t\t\tstyle=''><div class='evo_metarow_ICS evorow evcal_evdata_row'>\n\t\t\t<span class='evcal_evdata_icons'><i class='fa fa-calendar-o'><\/i><\/span>\n\t\t\t<div class='evcal_evdata_cell'>\n\t\t\t\t<p><a href='https:\/\/sgr-ssr.ch\/fr\/export-events\/19477_0\/?key=cd75fe199f' rel='nofollow' class='evo_ics_nCal' title='Add to your calendar'>Calendar<\/a><a href='https:\/\/www.google.com\/calendar\/event?action=TEMPLATE&text=FORMATION%20CONTINUE%20EN%20RADIOPROTECTION%20POUR%20LES%20MEDECINS%20UTILISANT%20LA%20SCOPIE_2&dates=20261027T173000Z\/20261027T190000Z&ctz=Europe%2FVienna&details=FORMATION%20CONTINUE%20EN%20RADIOPROTECTION%20POUR%20LES%20MEDECINS%20UTILISANT%20LA%20SCOPIE_2&location=' target='_blank' rel='nofollow' class='evo_ics_gCal' title='Add to google calendar'>GoogleCal<\/a><\/p>\t\n\t\t\t<\/div>\n\t\t<\/div><\/div><\/div><!-- row close --><button class='evo_card_row_end evcal_close' title='Close'><\/button><\/div><div class='clear end'><\/div><\/div><div id=\"event_19325_0\" class=\"eventon_list_event evo_eventtop scheduled  event clrW event_19325_0\" data-event_id=\"19325\" data-ri=\"0r\" data-time=\"1793228400-1793401199\" data-colr=\"#4bb5d8\" itemscope itemtype='http:\/\/schema.org\/Event'><div class=\"evo_event_schema\" style=\"display:none\" ><a itemprop='url'  href='https:\/\/sgr-ssr.ch\/fr\/events\/the-esoi-touchdown-2026\/'><\/a><meta itemprop='image'  \/><meta itemprop='startDate' content=\"2026-10-29\" \/><meta itemprop='endDate' content=\"2026-10-30\" \/><meta itemprop='eventStatus' content=\"https:\/\/schema.org\/EventScheduled\" \/><meta itemprop='eventAttendanceMode'   itemscope itemtype=\"https:\/\/schema.org\/OfflineEventAttendanceMode\"\/><div style=\"display:none\" itemprop=\"location\" itemscope itemtype=\"http:\/\/schema.org\/Place\"><span itemprop=\"name\">DKFZ Heidelberg<\/span><span itemprop=\"address\" itemscope itemtype=\"http:\/\/schema.org\/PostalAddress\"><item itemprop=\"streetAddress\">Im Neuenheimer Feld 280, 69120 Heidelberg Germany<\/item><\/span><\/div><div itemprop=\"organizer\" itemscope=\"\" itemtype=\"http:\/\/schema.org\/Organization\"><meta itemprop=\"name\" content=\"ESOI office\">\n\t\t\t\t    \t<\/div><div itemprop=\"performer\" itemscope=\"\" itemtype=\"http:\/\/schema.org\/Person\"><meta itemprop=\"name\" content=\"ESOI office\"><\/div><script type=\"application\/ld+json\">{\"@context\": \"http:\/\/schema.org\",\"@type\": \"Event\",\n\t\t\t\t\"@id\": \"event_19325_0\",\n\t\t\t\t\"eventAttendanceMode\":\"https:\/\/schema.org\/OfflineEventAttendanceMode\",\n\t\t\t\t\"eventStatus\":\"https:\/\/schema.org\/EventScheduled\",\n\t\t\t\t\"name\": \"The ESOI Touchdown 2026\",\n\t\t\t\t\"url\": \"https:\/\/sgr-ssr.ch\/fr\/events\/the-esoi-touchdown-2026\/\",\n\t\t\t\t\"startDate\": \"2026-10-29\",\n\t\t\t\t\"endDate\": \"2026-10-30\",\n\t\t\t\t\"image\":\"\", \n\t\t\t\t\"description\":\"<p>The ESOI Touchdown 2026 in Heidelberg will feature a comprehensive scientific programme highlighting the latest advancements in oncologic imaging. Designed to foster meaningful dialogue among radiologists, clinicians, researchers, and industry partners, the meeting underscores the value of multidisciplinary collaboration. In line with ESOI\u2019s mission, it offers a dynamic platform for education, innovation, and professional development in a collegial and engaging environment.<\/p> <p><strong>Congress Venue<\/strong><\/p> <p><strong>DKFZ Heidelberg<br \/> <\/strong>Im Neuenheimer Feld 280<br \/> 69120 Heidelberg<br \/> Germany<\/p> <p><strong>Date<br \/> <\/strong>October 29-31, 2026<\/p> <p><a href='mailto:office@esoi-society.org'>Contact<\/a><\/p> <p><a href='https:\/\/www.esoi-society.org\/events\/' target='_blank' rel='noopener noreferrer'>Website<\/a><\/p> <p><a href='https:\/\/sgr-ssr.ch\/wp-content\/uploads\/2026\/03\/ESOI-26_Promotion-Flyer.pdf' target='_blank' rel='noopener noreferrer'>Programm\u00a0<\/a><\/p> \",\"location\":[{\"@type\":\"Place\",\"name\":\"DKFZ Heidelberg\",\"address\":{\"@type\": \"PostalAddress\",\"streetAddress\":\"Im Neuenheimer Feld 280, 69120 Heidelberg Germany\"}}],\"organizer\":[{\"@type\":\"Organization\",\"name\":\"ESOI office\"}]}<\/script><\/div>\r\n\t\t\t\t<p class=\"desc_trig_outter\" style=\"\"><a data-gmtrig=\"1\" data-exlk=\"0\" style=\"background-color: #4bb5d8;\" id=\"evc_179322840019325\" href=\"#\" class=\"desc_trig mul_val evcal_list_a allday\" data-ux_val=\"1\" data-ux_val_mob=\"-\"  ><span class='evoet_c2 evoet_cx '><span class='evoet_dayblock evcal_cblock ' data-bgcolor='#4bb5d8' data-smon='Oktober' data-syr='2026' data-bub=''><span class='evo_start  evofxdrc'><em class='day'>Do<\/em><em class='date'>29<\/em><em class='month'>Okt<\/em><em class='time'>ganztags<\/em><\/span><span class='evo_end  evofxdrc'><em class='day'>Fr<\/em><em class='date'>30<\/em><\/span><\/span><\/span><span class='evoet_c3 evoet_cx evcal_desc hide_eventtopdata '><span class='evoet_title evcal_desc2 evcal_event_title ' itemprop='name'>The ESOI Touchdown 2026<\/span><span class='event_location_attrs'  data-location_address=\"Im Neuenheimer Feld 280, 69120 Heidelberg Germany\" data-location_type=\"address\" data-location_name=\"DKFZ Heidelberg\" data-location_url=\"https:\/\/sgr-ssr.ch\/fr\/event-location\/dkfz-heidelberg\/\" data-location_status=\"true\" data-locid=\"662\"><\/span><\/span><span class='evoet_data' data-d=\"{&quot;loc.n&quot;:&quot;DKFZ Heidelberg&quot;,&quot;orgs&quot;:{&quot;663&quot;:&quot;ESOI office&quot;},&quot;tags&quot;:[]}\" data-bgc=\"#4bb5d8\" data-bggrad=\"\" ><\/span><\/a><\/p><div class='event_description evcal_eventcard ' style=\"display:none\"><div class='evocard_row'><div id='event_eventdetails' class='evocard_box eventdetails' data-c='' \n\t\t\t\t\tstyle=''><div class=\"evo_metarow_details evorow evcal_evdata_row evcal_event_details\">\n    <div class=\"event_excerpt\" style=\"display:none\"><h3 class=\"padb5 evo_h3\">Veranstaltungsdetails<\/h3><p>The ESOI Touchdown 2026 in Heidelberg will feature a comprehensive scientific programme highlighting the latest advancements in oncologic imaging. Designed to foster meaningful dialogue among radiologists, clinicians, researchers, and industry<\/p><\/div><span class='evcal_evdata_icons'><i class='fa fa-align-justify'><\/i><\/span>    <div class=\"evcal_evdata_cell shorter_desc\">\n        <div class=\"eventon_full_description\">\n            <h3 class=\"padb5 evo_h3\"><span class='evcal_evdata_icons'><i class='fa fa-align-justify'><\/i><\/span>Veranstaltungsdetails<\/h3>\n            <div class=\"eventon_desc_in\" itemprop=\"description\">\n                <p>The ESOI Touchdown 2026 in Heidelberg will feature a comprehensive scientific programme highlighting the latest advancements in oncologic imaging. Designed to foster meaningful dialogue among radiologists, clinicians, researchers, and industry partners, the meeting underscores the value of multidisciplinary collaboration. In line with ESOI\u2019s mission, it offers a dynamic platform for education, innovation, and professional development in a collegial and engaging environment.<\/p>\n<p><strong>Congress Venue<\/strong><\/p>\n<p><strong>DKFZ Heidelberg<br \/>\n<\/strong>Im Neuenheimer Feld 280<br \/>\n69120 Heidelberg<br \/>\nGermany<\/p>\n<p><strong>Date<br \/>\n<\/strong>October 29-31, 2026<\/p>\n<p><a href=\"mailto:office@esoi-society.org\">Contact<\/a><\/p>\n<p><a href=\"https:\/\/www.esoi-society.org\/events\/\" target=\"_blank\" rel=\"noopener noreferrer\">Website<\/a><\/p>\n<p><a href=\"https:\/\/sgr-ssr.ch\/wp-content\/uploads\/2026\/03\/ESOI-26_Promotion-Flyer.pdf\" target=\"_blank\" rel=\"noopener noreferrer\">Programm\u00a0<\/a><\/p>\n            <\/div>\n            <p class='eventon_shad_p' style='padding:5px 0 0; margin:0'><button class='evcal_btn evo_btn_secondary evobtn_details_show_more' content='less'><span class='ev_more_text' data-txt='weniger'>mehr<\/span><span class='ev_more_arrow ard'><\/span><\/button><\/p><div class='clear'><\/div>        <\/div>\n    <\/div>\n<\/div><\/div><\/div><!-- row close --><div class='evocard_row bx2 bx'><div id='event_time' class='evocard_box time' data-c='' \n\t\t\t\t\tstyle=''><div class='evo_metarow_time evorow evcal_evdata_row evcal_evrow_sm '>\n\t\t<span class='evcal_evdata_icons'><i class='fa fa-clock-o'><\/i><\/span>\n\t\t<div class='evcal_evdata_cell'>\t\t\t\t\t\t\t\n\t\t\t<h3 class='evo_h3'><span class='evcal_evdata_icons'><i class='fa fa-clock-o'><\/i><\/span>Zeit<\/h3><div><span class='evo_eventcard_time_t evogap5 evofxww'><span class=\"start\">29 Oktober 2026<\/span>  - <span class=\"end\">30 Oktober 2026<\/span> (ganztags)<\/span><span class='evo_tz marr5'>(GMT+01:00)<\/span><\/div>\n\t\t<\/div>\n\t<\/div><\/div><div id='event_location' class='evocard_box location' data-c='' \n\t\t\t\t\tstyle=''><div class='evcal_evdata_row evo_metarow_time_location evorow '>\n\t\t\n\t\t\t<span class='evcal_evdata_icons'><i class='fa fa-map-marker'><\/i><\/span>\n\t\t\t<div class='evcal_evdata_cell' data-loc_tax_id='662'><h3 class='evo_h3 evodfx'><span class='evcal_evdata_icons'><i class='fa fa-map-marker'><\/i><\/span>Ort<\/h3><p class='evo_location_name'>DKFZ Heidelberg<\/p><p class='evo_location_address evodfxi evogap10'>Im Neuenheimer Feld 280, 69120 Heidelberg Germany<\/p><div class='padt10'><span class='evo_btn_arr evolb_trigger' data-lbvals=\"{&quot;lbdata&quot;:{&quot;class&quot;:&quot;evo_location_lb_662&quot;,&quot;additional_class&quot;:&quot;lb_max&quot;,&quot;title&quot;:&quot;DKFZ Heidelberg&quot;},&quot;adata&quot;:{&quot;a&quot;:&quot;eventon_get_tax_card_content&quot;,&quot;end&quot;:&quot;client&quot;,&quot;data&quot;:{&quot;lang&quot;:&quot;L1&quot;,&quot;term_id&quot;:662,&quot;tax&quot;:&quot;event_location&quot;,&quot;load_lbcontent&quot;:true}},&quot;uid&quot;:&quot;eventon_get_tax_card_content&quot;}\" >Other Events<i class='fa fa-chevron-right' aria-hidden='true'><\/i><\/span><\/div><\/div>\n\t\t\n\t<\/div><\/div><\/div><!-- row close --><div class='evocard_row'><div id='event_organizer' class='evocard_box organizer' data-c='' \n\t\t\t\t\tstyle=''><div class='evo_metarow_organizer evorow evcal_evdata_row evcal_evrow_sm '>\n\t\t<span class='evcal_evdata_icons'><i class='fa fa-headphones'><\/i><\/span>\n\t\t<div class='evcal_evdata_cell'>\t\t\t\t\t\t\t\n\t\t\t<h3 class='evo_h3'>Veranstalter<\/h3><div class='evo_evdata_cell_content evodfx evofx_ww evofx_dr_r evogap15'><div class='evo_card_organizer evofx_1'><h4 class='evo_org_name evo_h4 marb5 evottui evocl1i evopadb10i'><span class='evo_card_organizer_name_t marb5'><a  href='https:\/\/sgr-ssr.ch\/fr\/event-organizer\/esoi-office\/' class='evocl1i'>ESOI office<\/a><\/span><\/h4><p class='evo_card_organizer_more evomart10i'><a class='evolb_trigger evo_btn_arr mart10' data-lbvals=\"{&quot;lbc&quot;:&quot;evo_organizer_lb&quot;,&quot;lbac&quot;:&quot;lb_max&quot;,&quot;preload_temp_key&quot;:&quot;preload_taxlb&quot;,&quot;t&quot;:&quot;ESOI office&quot;,&quot;ajax&quot;:&quot;yes&quot;,&quot;ajax_type&quot;:&quot;endpoint&quot;,&quot;ajax_action&quot;:&quot;eventon_get_tax_card_content&quot;,&quot;end&quot;:&quot;client&quot;,&quot;d&quot;:{&quot;eventid&quot;:19325,&quot;ri&quot;:0,&quot;term_id&quot;:663,&quot;tax&quot;:&quot;event_organizer&quot;,&quot;load_lbcontent&quot;:true}}\" >Learn More<i class='fa fa-chevron-right'><\/i><\/a><\/p><\/div><!-- evo_card_organizer--><\/div><\/div>\t<\/div><\/div><\/div><!-- row close --><div class='evocard_row bx2 bx'><div id='event_learnmore' class='evocard_box learnmore' data-c='' \n\t\t\t\t\tstyle=''><div class='evo_metarow_learnM evo_metarow_learnmore evorow'>\n\t\t\t\t\t\t\t<a class='evcal_evdata_row evo_clik_row ' href='https:\/\/www.esoi-society.org\/events\/' target=\"_blank\">\n\t\t\t\t\t\t\t\t<span class='evcal_evdata_icons'><i class='fa fa-link'><\/i><\/span>\n\t\t\t\t\t\t\t\t<h3 class='evo_h3'>Mehr Infos \/ Anmeldung<\/h3>\n\t\t\t\t\t\t\t<\/a>\n\t\t\t\t\t\t\t<\/div><\/div><div id='event_addtocal' class='evocard_box addtocal' data-c='' \n\t\t\t\t\tstyle=''><div class='evo_metarow_ICS evorow evcal_evdata_row'>\n\t\t\t<span class='evcal_evdata_icons'><i class='fa fa-calendar-o'><\/i><\/span>\n\t\t\t<div class='evcal_evdata_cell'>\n\t\t\t\t<p><a href='https:\/\/sgr-ssr.ch\/fr\/export-events\/19325_0\/?key=cd75fe199f' rel='nofollow' class='evo_ics_nCal' title='Add to your calendar'>Calendar<\/a><a href='https:\/\/www.google.com\/calendar\/event?action=TEMPLATE&text=The%20ESOI%20Touchdown%202026&dates=20261028T230000Z\/20261030T225959Z&ctz=Europe%2FVienna&details=The%20ESOI%20Touchdown%202026&location=DKFZ%20Heidelberg%20Im%20Neuenheimer%20Feld%20280%2C%2069120%20Heidelberg%20Germany' target='_blank' rel='nofollow' class='evo_ics_gCal' title='Add to google calendar'>GoogleCal<\/a><\/p>\t\n\t\t\t<\/div>\n\t\t<\/div><\/div><\/div><!-- row close --><div class='evocard_row'><div id='event_getdirection' class='evocard_box getdirection' data-c='' \n\t\t\t\t\tstyle=''><div class='evo_metarow_getDr evorow evcal_evdata_row evcal_evrow_sm getdirections'>\n\t\t<form action='https:\/\/maps.google.com\/maps' method='get' target='_blank'>\n\t\t\t<input type='hidden' name='daddr' value=\"Im Neuenheimer Feld 280, 69120 Heidelberg Germany\"\/> \n\t\t\t<div class='evo_get_direction_content evo_fx_dr_r evogap10'>\n\t\t\t\t<span class='evogetdir_header evodfx evofxdrr evofxaic evogap10'>\n\t\t\t\t\t<i class='mainicon fa fa-road evofz24i'><\/i> \n\t\t\t\t\t<h3 class='evo_h3 evopad0i' style='padding-bottom:5px;'>Get Directions<\/h3>\n\t\t\t\t<\/span>\n\t\t\t\t<span class='evogetdir_field evodfx evofx_1_1 evow100p'>\t\n\t\t\t\t\t<label for='69f31a6095c25' class='evo_aria_ready sr-only'>Address - The ESOI Touchdown 2026 []<\/label>\t\t\t\t\n\t\t\t\t\t<input id='69f31a6095c25' class='evo_aria_ready_match evoInput2 evobr10 evow100p evopad10 evoff_2 evofz14i evobrdB1 evoboxbb' type='text' name='saddr' placeholder='Ihre Adresse' value='' style='' aria-label='Address - The ESOI Touchdown 2026 []' \/>\n\t\t\t\t<\/span>\n\t\t\t\t<div class='evodfx evofxdrr evofxaic evogap10'>\n\t\t\t\t\t<i class='fa fa-location-dot'><\/i>\n\t\t\t\t\t<div class='evoposr evofx_1 evoh100p'><label for='69f31a6095c25' class='evo_aria_ready sr-only'>Destination Address - The ESOI Touchdown 2026 []<\/label>\t\t\n\t\t\t\t\t\t<input id='69f31a6095c25' class='evo_aria_ready_match evoInput2 evobr10 evow100p evopad5-10 evoff_2 evofz14i evobrdB1 evoop5 evoboxbb evoh100p' type='text' style='' readonly value='Im Neuenheimer Feld 280, 69120 Heidelberg Germany' aria-label='Destination Address - The ESOI Touchdown 2026 []'\/><button class='evo_copy_address evobuttonA evocurp evohoop7 evoposa evopad5' style='right: 3px; top: 4px; background-color: #fff;' data-txt='Im Neuenheimer Feld 280, 69120 Heidelberg Germany' data-t='Address copied to clipboard!'><i class='far fa-copy evofz16i' title='Copy Destination Address!'><\/i><\/button>\n\t\t\t\t\t<\/div>\n\t\t\t\t\t<button type='submit' class='evo_get_direction_button evcal_btn dfx evofxaic evocurp evohoop7' title='Hier klicken f\u00fcr Wegbeschreibung' style='    padding: 10px 15px !important;'><i class='fa fa-chevron-right'><\/i> <\/button>\n\t\t\t\t<\/div>\n\t\t\t<\/div>\n\t\t<\/form>\n\t<\/div><\/div><\/div><!-- row close --><button class='evo_card_row_end evcal_close' title='Close'><\/button><\/div><div class='clear end'><\/div><\/div><div id=\"event_19215_0\" class=\"eventon_list_event evo_eventtop scheduled  event clrW event_19215_0\" data-event_id=\"19215\" data-ri=\"0r\" data-time=\"1793228400-1793487599\" data-colr=\"#4bb5d8\" itemscope itemtype='http:\/\/schema.org\/Event'><div class=\"evo_event_schema\" style=\"display:none\" ><a itemprop='url'  href='https:\/\/sgr-ssr.ch\/fr\/events\/sued-und-mitteldeutscher-roentgenkongress\/'><\/a><meta itemprop='image'  \/><meta itemprop='startDate' content=\"2026-10-29\" \/><meta itemprop='endDate' content=\"2026-10-31\" \/><meta itemprop='eventStatus' content=\"https:\/\/schema.org\/EventScheduled\" \/><meta itemprop='eventAttendanceMode'   itemscope itemtype=\"https:\/\/schema.org\/OfflineEventAttendanceMode\"\/><div style=\"display:none\" itemprop=\"location\" itemscope itemtype=\"http:\/\/schema.org\/Place\"><span itemprop=\"name\">Freiheitshalle Hof<\/span><span itemprop=\"address\" itemscope itemtype=\"http:\/\/schema.org\/PostalAddress\"><item itemprop=\"streetAddress\">Kumbacherstr. 4, 95030 Hof<\/item><\/span><\/div><div itemprop=\"organizer\" itemscope=\"\" itemtype=\"http:\/\/schema.org\/Organization\"><meta itemprop=\"name\" content=\"S\u00fcd- und Mitteldeutscher R\u00f6ntgenkongress\">\n\t\t\t\t    \t<\/div><div itemprop=\"performer\" itemscope=\"\" itemtype=\"http:\/\/schema.org\/Person\"><meta itemprop=\"name\" content=\"S\u00fcd- und Mitteldeutscher R\u00f6ntgenkongress\"><\/div><script type=\"application\/ld+json\">{\"@context\": \"http:\/\/schema.org\",\"@type\": \"Event\",\n\t\t\t\t\"@id\": \"event_19215_0\",\n\t\t\t\t\"eventAttendanceMode\":\"https:\/\/schema.org\/OfflineEventAttendanceMode\",\n\t\t\t\t\"eventStatus\":\"https:\/\/schema.org\/EventScheduled\",\n\t\t\t\t\"name\": \"S\u00fcd- und Mitteldeutscher R\u00f6ntgenkongress\",\n\t\t\t\t\"url\": \"https:\/\/sgr-ssr.ch\/fr\/events\/sued-und-mitteldeutscher-roentgenkongress\/\",\n\t\t\t\t\"startDate\": \"2026-10-29\",\n\t\t\t\t\"endDate\": \"2026-10-31\",\n\t\t\t\t\"image\":\"\", \n\t\t\t\t\"description\":\"<p>S\u00fcd- und Mitteldeutscher R\u00f6ntgenkongress<br \/> Gemeinsame Jahrestagung der Bayerischen R\u00f6ntgengesellschaft e.V., S\u00e4chsischen Radiologischen Gesellschaft e.V. und Th\u00fcringischen Gesellschaft f\u00fcr Radiologie und Nuklearmedizin e.V.<\/p> <p>Tagungsleitung<br \/> Prof. Dr. med. Martin Freesmeyer<br \/> Chefarzt der Klinik f\u00fcr Nuklearmedizin am Universit\u00e4tsklinikum Jena<\/p> <p>Dr. med. Holger G\u00f6\u00dfmann<br \/> Stellvertretender Direktor der Klinik und Poliklinik f\u00fcr Diagnostische und Interventionelle Radiologie am Universit\u00e4tsklinikum Leipzig<\/p> <p>Prof. Dr. med. Boris Radeleff<br \/> Chefarzt der Diagnostischen und Interventionellen Radiologie im Sana Klinikum Hof<\/p> <p>Freiheitshalle Hof<br \/> Kulmbacher Str. 4<br \/> 95030 &#8211; Hof<\/p> <p><a href='https:\/\/roentgenkongress-sued-mitte.de\/'>Webseite<\/a><\/p> <p><a href='mailto:roentgenkongress-sued-mitte@conventus.de'>Kontakt<\/a><\/p> \",\"location\":[{\"@type\":\"Place\",\"name\":\"Freiheitshalle Hof\",\"address\":{\"@type\": \"PostalAddress\",\"streetAddress\":\"Kumbacherstr. 4, 95030 Hof\"}}],\"organizer\":[{\"@type\":\"Organization\",\"name\":\"S\u00fcd- und Mitteldeutscher R\u00f6ntgenkongress\"}]}<\/script><\/div>\r\n\t\t\t\t<p class=\"desc_trig_outter\" style=\"\"><a data-gmtrig=\"1\" data-exlk=\"0\" style=\"background-color: #4bb5d8;\" id=\"evc_179322840019215\" href=\"#\" class=\"desc_trig mul_val evcal_list_a allday\" data-ux_val=\"1\" data-ux_val_mob=\"-\"  ><span class='evoet_c2 evoet_cx '><span class='evoet_dayblock evcal_cblock ' data-bgcolor='#4bb5d8' data-smon='Oktober' data-syr='2026' data-bub=''><span class='evo_start  evofxdrc'><em class='day'>Do<\/em><em class='date'>29<\/em><em class='month'>Okt<\/em><em class='time'>ganztags<\/em><\/span><span class='evo_end  evofxdrc'><em class='day'>Sa<\/em><em class='date'>31<\/em><\/span><\/span><\/span><span class='evoet_c3 evoet_cx evcal_desc hide_eventtopdata '><span class='evoet_title evcal_desc2 evcal_event_title ' itemprop='name'>S\u00fcd- und Mitteldeutscher R\u00f6ntgenkongress<\/span><span class='event_location_attrs'  data-location_address=\"Kumbacherstr. 4, 95030 Hof\" data-location_type=\"address\" data-location_name=\"Freiheitshalle Hof\" data-location_url=\"https:\/\/sgr-ssr.ch\/fr\/event-location\/freiheitshalle-hof\/\" data-location_status=\"true\" data-locid=\"652\"><\/span><\/span><span class='evoet_data' data-d=\"{&quot;loc.n&quot;:&quot;Freiheitshalle Hof&quot;,&quot;orgs&quot;:{&quot;653&quot;:&quot;S\\u00fcd- und Mitteldeutscher R\\u00f6ntgenkongress&quot;},&quot;tags&quot;:[]}\" data-bgc=\"#4bb5d8\" data-bggrad=\"\" ><\/span><\/a><\/p><div class='event_description evcal_eventcard ' style=\"display:none\"><div class='evocard_row'><div id='event_eventdetails' class='evocard_box eventdetails' data-c='' \n\t\t\t\t\tstyle=''><div class=\"evo_metarow_details evorow evcal_evdata_row evcal_event_details\">\n    <div class=\"event_excerpt\" style=\"display:none\"><h3 class=\"padb5 evo_h3\">Veranstaltungsdetails<\/h3><p>S\u00fcd- und Mitteldeutscher R\u00f6ntgenkongress\nGemeinsame Jahrestagung der Bayerischen R\u00f6ntgengesellschaft e.V., S\u00e4chsischen Radiologischen Gesellschaft e.V. und Th\u00fcringischen Gesellschaft f\u00fcr Radiologie und Nuklearmedizin e.V.\nTagungsleitung\nProf. Dr. med. Martin Freesmeyer\nChefarzt der Klinik<\/p><\/div><span class='evcal_evdata_icons'><i class='fa fa-align-justify'><\/i><\/span>    <div class=\"evcal_evdata_cell shorter_desc\">\n        <div class=\"eventon_full_description\">\n            <h3 class=\"padb5 evo_h3\"><span class='evcal_evdata_icons'><i class='fa fa-align-justify'><\/i><\/span>Veranstaltungsdetails<\/h3>\n            <div class=\"eventon_desc_in\" itemprop=\"description\">\n                <p>S\u00fcd- und Mitteldeutscher R\u00f6ntgenkongress<br \/>\nGemeinsame Jahrestagung der Bayerischen R\u00f6ntgengesellschaft e.V., S\u00e4chsischen Radiologischen Gesellschaft e.V. und Th\u00fcringischen Gesellschaft f\u00fcr Radiologie und Nuklearmedizin e.V.<\/p>\n<p>Tagungsleitung<br \/>\nProf. Dr. med. Martin Freesmeyer<br \/>\nChefarzt der Klinik f\u00fcr Nuklearmedizin am Universit\u00e4tsklinikum Jena<\/p>\n<p>Dr. med. Holger G\u00f6\u00dfmann<br \/>\nStellvertretender Direktor der Klinik und Poliklinik f\u00fcr Diagnostische und Interventionelle Radiologie am Universit\u00e4tsklinikum Leipzig<\/p>\n<p>Prof. Dr. med. Boris Radeleff<br \/>\nChefarzt der Diagnostischen und Interventionellen Radiologie im Sana Klinikum Hof<\/p>\n<p>Freiheitshalle Hof<br \/>\nKulmbacher Str. 4<br \/>\n95030 &#8211; Hof<\/p>\n<p><a href=\"https:\/\/roentgenkongress-sued-mitte.de\/\">Webseite<\/a><\/p>\n<p><a href=\"mailto:roentgenkongress-sued-mitte@conventus.de\">Kontakt<\/a><\/p>\n            <\/div>\n            <p class='eventon_shad_p' style='padding:5px 0 0; margin:0'><button class='evcal_btn evo_btn_secondary evobtn_details_show_more' content='less'><span class='ev_more_text' data-txt='weniger'>mehr<\/span><span class='ev_more_arrow ard'><\/span><\/button><\/p><div class='clear'><\/div>        <\/div>\n    <\/div>\n<\/div><\/div><\/div><!-- row close --><div class='evocard_row bx2 bx'><div id='event_time' class='evocard_box time' data-c='' \n\t\t\t\t\tstyle=''><div class='evo_metarow_time evorow evcal_evdata_row evcal_evrow_sm '>\n\t\t<span class='evcal_evdata_icons'><i class='fa fa-clock-o'><\/i><\/span>\n\t\t<div class='evcal_evdata_cell'>\t\t\t\t\t\t\t\n\t\t\t<h3 class='evo_h3'><span class='evcal_evdata_icons'><i class='fa fa-clock-o'><\/i><\/span>Zeit<\/h3><div><span class='evo_eventcard_time_t evogap5 evofxww'><span class=\"start\">29 Oktober 2026<\/span>  - <span class=\"end\">31 Oktober 2026<\/span> (ganztags)<\/span><span class='evo_tz marr5'>(GMT+01:00)<\/span><\/div>\n\t\t<\/div>\n\t<\/div><\/div><div id='event_location' class='evocard_box location' data-c='' \n\t\t\t\t\tstyle=''><div class='evcal_evdata_row evo_metarow_time_location evorow '>\n\t\t\n\t\t\t<span class='evcal_evdata_icons'><i class='fa fa-map-marker'><\/i><\/span>\n\t\t\t<div class='evcal_evdata_cell' data-loc_tax_id='652'><h3 class='evo_h3 evodfx'><span class='evcal_evdata_icons'><i class='fa fa-map-marker'><\/i><\/span>Ort<\/h3><p class='evo_location_name'>Freiheitshalle Hof<\/p><p class='evo_location_address evodfxi evogap10'>Kumbacherstr. 4, 95030 Hof<\/p><div class='padt10'><span class='evo_btn_arr evolb_trigger' data-lbvals=\"{&quot;lbdata&quot;:{&quot;class&quot;:&quot;evo_location_lb_652&quot;,&quot;additional_class&quot;:&quot;lb_max&quot;,&quot;title&quot;:&quot;Freiheitshalle Hof&quot;},&quot;adata&quot;:{&quot;a&quot;:&quot;eventon_get_tax_card_content&quot;,&quot;end&quot;:&quot;client&quot;,&quot;data&quot;:{&quot;lang&quot;:&quot;L1&quot;,&quot;term_id&quot;:652,&quot;tax&quot;:&quot;event_location&quot;,&quot;load_lbcontent&quot;:true}},&quot;uid&quot;:&quot;eventon_get_tax_card_content&quot;}\" >Other Events<i class='fa fa-chevron-right' aria-hidden='true'><\/i><\/span><\/div><\/div>\n\t\t\n\t<\/div><\/div><\/div><!-- row close --><div class='evocard_row'><div id='event_organizer' class='evocard_box organizer' data-c='' \n\t\t\t\t\tstyle=''><div class='evo_metarow_organizer evorow evcal_evdata_row evcal_evrow_sm '>\n\t\t<span class='evcal_evdata_icons'><i class='fa fa-headphones'><\/i><\/span>\n\t\t<div class='evcal_evdata_cell'>\t\t\t\t\t\t\t\n\t\t\t<h3 class='evo_h3'>Veranstalter<\/h3><div class='evo_evdata_cell_content evodfx evofx_ww evofx_dr_r evogap15'><div class='evo_card_organizer evofx_1'><h4 class='evo_org_name evo_h4 marb5 evottui evocl1i evopadb10i'><span class='evo_card_organizer_name_t marb5'><a  href='https:\/\/sgr-ssr.ch\/fr\/event-organizer\/sued-und-mitteldeutscher-roentgenkongress\/' class='evocl1i'>S\u00fcd- und Mitteldeutscher R\u00f6ntgenkongress<\/a><\/span><\/h4><p class='evo_card_organizer_more evomart10i'><a class='evolb_trigger evo_btn_arr mart10' data-lbvals=\"{&quot;lbc&quot;:&quot;evo_organizer_lb&quot;,&quot;lbac&quot;:&quot;lb_max&quot;,&quot;preload_temp_key&quot;:&quot;preload_taxlb&quot;,&quot;t&quot;:&quot;S\\u00fcd- und Mitteldeutscher R\\u00f6ntgenkongress&quot;,&quot;ajax&quot;:&quot;yes&quot;,&quot;ajax_type&quot;:&quot;endpoint&quot;,&quot;ajax_action&quot;:&quot;eventon_get_tax_card_content&quot;,&quot;end&quot;:&quot;client&quot;,&quot;d&quot;:{&quot;eventid&quot;:19215,&quot;ri&quot;:0,&quot;term_id&quot;:653,&quot;tax&quot;:&quot;event_organizer&quot;,&quot;load_lbcontent&quot;:true}}\" >Learn More<i class='fa fa-chevron-right'><\/i><\/a><\/p><\/div><!-- evo_card_organizer--><\/div><\/div>\t<\/div><\/div><\/div><!-- row close --><div class='evocard_row bx2 bx'><div id='event_learnmore' class='evocard_box learnmore' data-c='' \n\t\t\t\t\tstyle=''><div class='evo_metarow_learnM evo_metarow_learnmore evorow'>\n\t\t\t\t\t\t\t<a class='evcal_evdata_row evo_clik_row ' href='https:\/\/roentgenkongress-sued-mitte.de\/' target=\"_blank\">\n\t\t\t\t\t\t\t\t<span class='evcal_evdata_icons'><i class='fa fa-link'><\/i><\/span>\n\t\t\t\t\t\t\t\t<h3 class='evo_h3'>Mehr Infos \/ Anmeldung<\/h3>\n\t\t\t\t\t\t\t<\/a>\n\t\t\t\t\t\t\t<\/div><\/div><div id='event_addtocal' class='evocard_box addtocal' data-c='' \n\t\t\t\t\tstyle=''><div class='evo_metarow_ICS evorow evcal_evdata_row'>\n\t\t\t<span class='evcal_evdata_icons'><i class='fa fa-calendar-o'><\/i><\/span>\n\t\t\t<div class='evcal_evdata_cell'>\n\t\t\t\t<p><a href='https:\/\/sgr-ssr.ch\/fr\/export-events\/19215_0\/?key=cd75fe199f' rel='nofollow' class='evo_ics_nCal' title='Add to your calendar'>Calendar<\/a><a href='https:\/\/www.google.com\/calendar\/event?action=TEMPLATE&text=S%C3%BCd-%20und%20Mitteldeutscher%20R%C3%B6ntgenkongress&dates=20261028T230000Z\/20261031T225959Z&ctz=Europe%2FVienna&details=S%C3%BCd-%20und%20Mitteldeutscher%20R%C3%B6ntgenkongress&location=Freiheitshalle%20Hof%20Kumbacherstr.%204%2C%2095030%20Hof' target='_blank' rel='nofollow' class='evo_ics_gCal' title='Add to google calendar'>GoogleCal<\/a><\/p>\t\n\t\t\t<\/div>\n\t\t<\/div><\/div><\/div><!-- row close --><div class='evocard_row'><div id='event_getdirection' class='evocard_box getdirection' data-c='' \n\t\t\t\t\tstyle=''><div class='evo_metarow_getDr evorow evcal_evdata_row evcal_evrow_sm getdirections'>\n\t\t<form action='https:\/\/maps.google.com\/maps' method='get' target='_blank'>\n\t\t\t<input type='hidden' name='daddr' value=\"Kumbacherstr. 4, 95030 Hof\"\/> \n\t\t\t<div class='evo_get_direction_content evo_fx_dr_r evogap10'>\n\t\t\t\t<span class='evogetdir_header evodfx evofxdrr evofxaic evogap10'>\n\t\t\t\t\t<i class='mainicon fa fa-road evofz24i'><\/i> \n\t\t\t\t\t<h3 class='evo_h3 evopad0i' style='padding-bottom:5px;'>Get Directions<\/h3>\n\t\t\t\t<\/span>\n\t\t\t\t<span class='evogetdir_field evodfx evofx_1_1 evow100p'>\t\n\t\t\t\t\t<label for='69f31a6099f47' class='evo_aria_ready sr-only'>Address - S\u00fcd- und Mitteldeutscher R\u00f6ntgenkongress []<\/label>\t\t\t\t\n\t\t\t\t\t<input id='69f31a6099f47' class='evo_aria_ready_match evoInput2 evobr10 evow100p evopad10 evoff_2 evofz14i evobrdB1 evoboxbb' type='text' name='saddr' placeholder='Ihre Adresse' value='' style='' aria-label='Address - S\u00fcd- und Mitteldeutscher R\u00f6ntgenkongress []' \/>\n\t\t\t\t<\/span>\n\t\t\t\t<div class='evodfx evofxdrr evofxaic evogap10'>\n\t\t\t\t\t<i class='fa fa-location-dot'><\/i>\n\t\t\t\t\t<div class='evoposr evofx_1 evoh100p'><label for='69f31a6099f47' class='evo_aria_ready sr-only'>Destination Address - S\u00fcd- und Mitteldeutscher R\u00f6ntgenkongress []<\/label>\t\t\n\t\t\t\t\t\t<input id='69f31a6099f47' class='evo_aria_ready_match evoInput2 evobr10 evow100p evopad5-10 evoff_2 evofz14i evobrdB1 evoop5 evoboxbb evoh100p' type='text' style='' readonly value='Kumbacherstr. 4, 95030 Hof' aria-label='Destination Address - S\u00fcd- und Mitteldeutscher R\u00f6ntgenkongress []'\/><button class='evo_copy_address evobuttonA evocurp evohoop7 evoposa evopad5' style='right: 3px; top: 4px; background-color: #fff;' data-txt='Kumbacherstr. 4, 95030 Hof' data-t='Address copied to clipboard!'><i class='far fa-copy evofz16i' title='Copy Destination Address!'><\/i><\/button>\n\t\t\t\t\t<\/div>\n\t\t\t\t\t<button type='submit' class='evo_get_direction_button evcal_btn dfx evofxaic evocurp evohoop7' title='Hier klicken f\u00fcr Wegbeschreibung' style='    padding: 10px 15px !important;'><i class='fa fa-chevron-right'><\/i> <\/button>\n\t\t\t\t<\/div>\n\t\t\t<\/div>\n\t\t<\/form>\n\t<\/div><\/div><\/div><!-- row close --><button class='evo_card_row_end evcal_close' title='Close'><\/button><\/div><div class='clear end'><\/div><\/div><\/div><div class='evcal_month_line' data-d='eml_11_2026' data-su='1793487600'><p>November<\/p><\/div><div class='sep_month_events ' data-d='eml_11_2026' data-range='1793487600_1796079599'><div id=\"event_18957_0\" class=\"eventon_list_event evo_eventtop scheduled  event clrW event_18957_0\" data-event_id=\"18957\" data-ri=\"0r\" data-time=\"1769900400-1801436399\" data-colr=\"#4bb5d8\" itemscope itemtype='http:\/\/schema.org\/Event'><div class=\"evo_event_schema\" style=\"display:none\" ><a itemprop='url'  href='https:\/\/sgr-ssr.ch\/fr\/events\/cas-in-artificial-intelligence-in-medical-imaging-der-universitaet-bern\/'><\/a><meta itemprop='image'  \/><meta itemprop='startDate' content=\"2026-2-1\" \/><meta itemprop='endDate' content=\"2027-1-31\" \/><meta itemprop='eventStatus' content=\"https:\/\/schema.org\/EventScheduled\" \/><meta itemprop='eventAttendanceMode'   itemscope itemtype=\"https:\/\/schema.org\/OfflineEventAttendanceMode\"\/><script type=\"application\/ld+json\">{\"@context\": \"http:\/\/schema.org\",\"@type\": \"Event\",\n\t\t\t\t\"@id\": \"event_18957_0\",\n\t\t\t\t\"eventAttendanceMode\":\"https:\/\/schema.org\/OfflineEventAttendanceMode\",\n\t\t\t\t\"eventStatus\":\"https:\/\/schema.org\/EventScheduled\",\n\t\t\t\t\"name\": \"CAS in Artificial Intelligence in Medical Imaging der Universit\u00e4t Bern\",\n\t\t\t\t\"url\": \"https:\/\/sgr-ssr.ch\/fr\/events\/cas-in-artificial-intelligence-in-medical-imaging-der-universitaet-bern\/\",\n\t\t\t\t\"startDate\": \"2026-2-1\",\n\t\t\t\t\"endDate\": \"2027-1-31\",\n\t\t\t\t\"image\":\"\", \n\t\t\t\t\"description\":\"<p>Der CAS AIMI ist ein einj\u00e4hriges, berufsbegleitendes Programm f\u00fcr Fachpersonen aus unterschiedlichen Dom\u00e4nen der medizinischen Bildgebung. Teilnehmende werden dazu bef\u00e4higt, die Entwicklung, Anwendung und Evaluation von KI-Algorithmen in ihrem Klinikalltag zu begleiten. Das fundierte Wissen wird durch unsere Fakult\u00e4t bestehend aus Experten der Akademie, Klinik und Industrie vermittelt. Ein individuelles KI-Projekt erlaubt es, die erworbenen Kenntnisse direkt auf praxisnahe Fragestellungen zu \u00fcbertragen.<\/p> <p>Das Programm wird in englischer Sprache unterrichtet und deckt unter anderem folgende Themen ab:<\/p> <ul> <li>Entwicklung &amp; Validierung von KI<\/li> <li>KI-Applikationen im klinischen Alltag<\/li> <li>Umgang mit K\u00fcnstlicher Intelligenz<\/li> <li>Rechtliche und ethische Herausforderungen<\/li> <\/ul> <p>Die n\u00e4chste Durchf\u00fchrung des CAS AIMI ist f\u00fcr Februar 2026 vorgesehen. Die Anmeldefrist l\u00e4uft noch bis zum 15. Dezember 2025.<\/p> <p><a href='https:\/\/sgr-ssr.ch\/wp-content\/uploads\/2025\/11\/CAS-AIMI-Program-One-Pager.pdf' target='_blank' rel='noopener noreferrer'>Flyer<\/a><\/p> <p><a href='https:\/\/www.unibe.ch\/continuing_education_programs\/cas_in_artificial_intelligence_in_medical_imaging\/index_eng.html' target='_blank' rel='noopener noreferrer'>Webseite<\/a><\/p> <p><a href='mailto:school.sitem@unibe.ch'>Kontakt<\/a><\/p> \"}<\/script><\/div>\r\n\t\t\t\t<p class=\"desc_trig_outter\" style=\"\"><a data-gmap_status=\"null\" data-exlk=\"0\" style=\"background-color: #4bb5d8;\" id=\"evc_176990040018957\" href=\"#\" class=\"desc_trig mul_val evcal_list_a allday\" data-ux_val=\"1\" data-ux_val_mob=\"-\"  ><span class='evoet_c2 evoet_cx '><span class='evoet_dayblock evcal_cblock ' data-bgcolor='#4bb5d8' data-smon='Februar' data-syr='2026' data-bub=''><span class='evo_start  evofxdrc'><em class='day'>So<\/em><em class='date'>01<\/em><em class='month'>Feb<\/em><em class='time'>ganztags<\/em><\/span><span class='evo_end  evofxdrc'><em class='day'>So<\/em><em class='date'>31<\/em><em class='month'>Jan<\/em><\/span><\/span><\/span><span class='evoet_c3 evoet_cx evcal_desc hide_eventtopdata '><span class='evoet_title evcal_desc2 evcal_event_title ' itemprop='name'>CAS in Artificial Intelligence in Medical Imaging der Universit\u00e4t Bern<\/span><\/span><span class='evoet_data' data-d=\"{&quot;loc.n&quot;:&quot;&quot;,&quot;orgs&quot;:[],&quot;tags&quot;:[]}\" data-bgc=\"#4bb5d8\" data-bggrad=\"\" ><\/span><\/a><\/p><div class='event_description evcal_eventcard ' style=\"display:none\"><div class='evocard_row'><div id='event_eventdetails' class='evocard_box eventdetails' data-c='' \n\t\t\t\t\tstyle=''><div class=\"evo_metarow_details evorow evcal_evdata_row evcal_event_details\">\n    <div class=\"event_excerpt\" style=\"display:none\"><h3 class=\"padb5 evo_h3\">Veranstaltungsdetails<\/h3><p>Der CAS AIMI ist ein einj\u00e4hriges, berufsbegleitendes Programm f\u00fcr Fachpersonen aus unterschiedlichen Dom\u00e4nen der medizinischen Bildgebung. Teilnehmende werden dazu bef\u00e4higt, die Entwicklung, Anwendung und Evaluation von KI-Algorithmen in ihrem Klinikalltag<\/p><\/div><span class='evcal_evdata_icons'><i class='fa fa-align-justify'><\/i><\/span>    <div class=\"evcal_evdata_cell shorter_desc\">\n        <div class=\"eventon_full_description\">\n            <h3 class=\"padb5 evo_h3\"><span class='evcal_evdata_icons'><i class='fa fa-align-justify'><\/i><\/span>Veranstaltungsdetails<\/h3>\n            <div class=\"eventon_desc_in\" itemprop=\"description\">\n                <p>Der CAS AIMI ist ein einj\u00e4hriges, berufsbegleitendes Programm f\u00fcr Fachpersonen aus unterschiedlichen Dom\u00e4nen der medizinischen Bildgebung. Teilnehmende werden dazu bef\u00e4higt, die Entwicklung, Anwendung und Evaluation von KI-Algorithmen in ihrem Klinikalltag zu begleiten. Das fundierte Wissen wird durch unsere Fakult\u00e4t bestehend aus Experten der Akademie, Klinik und Industrie vermittelt. Ein individuelles KI-Projekt erlaubt es, die erworbenen Kenntnisse direkt auf praxisnahe Fragestellungen zu \u00fcbertragen.<\/p>\n<p>Das Programm wird in englischer Sprache unterrichtet und deckt unter anderem folgende Themen ab:<\/p>\n<ul>\n<li>Entwicklung &amp; Validierung von KI<\/li>\n<li>KI-Applikationen im klinischen Alltag<\/li>\n<li>Umgang mit K\u00fcnstlicher Intelligenz<\/li>\n<li>Rechtliche und ethische Herausforderungen<\/li>\n<\/ul>\n<p>Die n\u00e4chste Durchf\u00fchrung des CAS AIMI ist f\u00fcr Februar 2026 vorgesehen. Die Anmeldefrist l\u00e4uft noch bis zum 15. Dezember 2025.<\/p>\n<p><a href=\"https:\/\/sgr-ssr.ch\/wp-content\/uploads\/2025\/11\/CAS-AIMI-Program-One-Pager.pdf\" target=\"_blank\" rel=\"noopener noreferrer\">Flyer<\/a><\/p>\n<p><a href=\"https:\/\/www.unibe.ch\/continuing_education_programs\/cas_in_artificial_intelligence_in_medical_imaging\/index_eng.html\" target=\"_blank\" rel=\"noopener noreferrer\">Webseite<\/a><\/p>\n<p><a href=\"mailto:school.sitem@unibe.ch\">Kontakt<\/a><\/p>\n            <\/div>\n            <p class='eventon_shad_p' style='padding:5px 0 0; margin:0'><button class='evcal_btn evo_btn_secondary evobtn_details_show_more' content='less'><span class='ev_more_text' data-txt='weniger'>mehr<\/span><span class='ev_more_arrow ard'><\/span><\/button><\/p><div class='clear'><\/div>        <\/div>\n    <\/div>\n<\/div><\/div><\/div><!-- row close --><div class='evocard_row'><div id='event_time' class='evocard_box time' data-c='' \n\t\t\t\t\tstyle=''><div class='evo_metarow_time evorow evcal_evdata_row evcal_evrow_sm '>\n\t\t<span class='evcal_evdata_icons'><i class='fa fa-clock-o'><\/i><\/span>\n\t\t<div class='evcal_evdata_cell'>\t\t\t\t\t\t\t\n\t\t\t<h3 class='evo_h3'><span class='evcal_evdata_icons'><i class='fa fa-clock-o'><\/i><\/span>Zeit<\/h3><div><span class='evo_eventcard_time_t evogap5 evofxww'><span class='start'>1 Februar 2026<\/span> - <span class='end'>31 Januar 2027<\/span> (ganztags)<\/span><span class='evo_tz marr5'>(GMT+01:00)<\/span><\/div>\n\t\t<\/div>\n\t<\/div><\/div><\/div><!-- row close --><div class='evocard_row bx2 bx'><div id='event_learnmore' class='evocard_box learnmore' data-c='' \n\t\t\t\t\tstyle=''><div class='evo_metarow_learnM evo_metarow_learnmore evorow'>\n\t\t\t\t\t\t\t<a class='evcal_evdata_row evo_clik_row ' href='https:\/\/www.unibe.ch\/continuing_education_programs\/cas_in_artificial_intelligence_in_medical_imaging\/index_eng.html' target=\"_blank\">\n\t\t\t\t\t\t\t\t<span class='evcal_evdata_icons'><i class='fa fa-link'><\/i><\/span>\n\t\t\t\t\t\t\t\t<h3 class='evo_h3'>Mehr Infos \/ Anmeldung<\/h3>\n\t\t\t\t\t\t\t<\/a>\n\t\t\t\t\t\t\t<\/div><\/div><div id='event_addtocal' class='evocard_box addtocal' data-c='' \n\t\t\t\t\tstyle=''><div class='evo_metarow_ICS evorow evcal_evdata_row'>\n\t\t\t<span class='evcal_evdata_icons'><i class='fa fa-calendar-o'><\/i><\/span>\n\t\t\t<div class='evcal_evdata_cell'>\n\t\t\t\t<p><a href='https:\/\/sgr-ssr.ch\/fr\/export-events\/18957_0\/?key=cd75fe199f' rel='nofollow' class='evo_ics_nCal' title='Add to your calendar'>Calendar<\/a><a href='https:\/\/www.google.com\/calendar\/event?action=TEMPLATE&text=CAS%20in%20Artificial%20Intelligence%20in%20Medical%20Imaging%20der%20Universit%C3%A4t%20Bern&dates=20260131T230000Z\/20270131T225959Z&ctz=Europe%2FVienna&details=CAS%20in%20Artificial%20Intelligence%20in%20Medical%20Imaging%20der%20Universit%C3%A4t%20Bern&location=' target='_blank' rel='nofollow' class='evo_ics_gCal' title='Add to google calendar'>GoogleCal<\/a><\/p>\t\n\t\t\t<\/div>\n\t\t<\/div><\/div><\/div><!-- row close --><button class='evo_card_row_end evcal_close' title='Close'><\/button><\/div><div class='clear end'><\/div><\/div><div id=\"event_19248_0\" class=\"eventon_list_event evo_eventtop scheduled  event clrD event_19248_0\" data-event_id=\"19248\" data-ri=\"0r\" data-time=\"1794610800-1794697199\" data-colr=\"#004961\" itemscope itemtype='http:\/\/schema.org\/Event'><div class=\"evo_event_schema\" style=\"display:none\" ><a itemprop='url'  href='https:\/\/sgr-ssr.ch\/fr\/events\/hip-ultrasound-refresher-course-according-to-graf\/'><\/a><meta itemprop='image'  \/><meta itemprop='startDate' content=\"2026-11-14\" \/><meta itemprop='endDate' content=\"2026-11-14\" \/><meta itemprop='eventStatus' content=\"https:\/\/schema.org\/EventScheduled\" \/><meta itemprop='eventAttendanceMode'   itemscope itemtype=\"https:\/\/schema.org\/OfflineEventAttendanceMode\"\/><div style=\"display:none\" itemprop=\"location\" itemscope itemtype=\"http:\/\/schema.org\/Place\"><span itemprop=\"name\">Vortragssaal SRO<\/span><span itemprop=\"address\" itemscope itemtype=\"http:\/\/schema.org\/PostalAddress\"><item itemprop=\"streetAddress\">St. Urbanstrasse 67<\/item><\/span><\/div><div itemprop=\"organizer\" itemscope=\"\" itemtype=\"http:\/\/schema.org\/Organization\"><meta itemprop=\"name\" content=\"Spital Region Oberaargau\">\n\t\t\t\t    \t<\/div><div itemprop=\"performer\" itemscope=\"\" itemtype=\"http:\/\/schema.org\/Person\"><meta itemprop=\"name\" content=\"Spital Region Oberaargau\"><\/div><script type=\"application\/ld+json\">{\"@context\": \"http:\/\/schema.org\",\"@type\": \"Event\",\n\t\t\t\t\"@id\": \"event_19248_0\",\n\t\t\t\t\"eventAttendanceMode\":\"https:\/\/schema.org\/OfflineEventAttendanceMode\",\n\t\t\t\t\"eventStatus\":\"https:\/\/schema.org\/EventScheduled\",\n\t\t\t\t\"name\": \"Hip ultrasound refresher course according to Graf\",\n\t\t\t\t\"url\": \"https:\/\/sgr-ssr.ch\/fr\/events\/hip-ultrasound-refresher-course-according-to-graf\/\",\n\t\t\t\t\"startDate\": \"2026-11-14\",\n\t\t\t\t\"endDate\": \"2026-11-14\",\n\t\t\t\t\"image\":\"\", \n\t\t\t\t\"description\":\"<p><a href='mailto:v.vassen@sro.ch' target='_blank' rel='noopener noreferrer'>contact<\/a><\/p> <p><a href='https:\/\/sgr-ssr.ch\/wp-content\/uploads\/2026\/03\/Ausschreibung-H\u00fcft-US-Refresher-14.11.2026.pdf' target='_blank' rel='noopener noreferrer'>Programme<\/a><\/p> \",\"location\":[{\"@type\":\"Place\",\"name\":\"Vortragssaal SRO\",\"address\":{\"@type\": \"PostalAddress\",\"streetAddress\":\"St. Urbanstrasse 67\"}}],\"organizer\":[{\"@type\":\"Organization\",\"name\":\"Spital Region Oberaargau\"}]}<\/script><\/div>\r\n\t\t\t\t<p class=\"desc_trig_outter\" style=\"\"><a data-gmap_status=\"null\" data-exlk=\"0\" style=\"background-color: #004961;\" id=\"evc_179461080019248\" href=\"#\" class=\"desc_trig sin_val evcal_list_a allday\" data-ux_val=\"1\" data-ux_val_mob=\"-\"  ><span class='evoet_c2 evoet_cx '><span class='evoet_dayblock evcal_cblock ' data-bgcolor='#004961' data-smon='November' data-syr='2026' data-bub=''><span class='evo_start  evofxdrc'><em class='day'>Sa<\/em><em class='date'>14<\/em><em class='month'>Nov<\/em><em class='time'>ganztags<\/em><\/span><\/span><\/span><span class='evoet_c3 evoet_cx evcal_desc hide_eventtopdata '><span class='evoet_title evcal_desc2 evcal_event_title ' itemprop='name'>Hip ultrasound refresher course according to Graf<\/span><span class='event_location_attrs'  data-location_address=\"St. Urbanstrasse 67\" data-location_type=\"address\" data-location_name=\"Vortragssaal SRO\" data-location_url=\"https:\/\/sgr-ssr.ch\/fr\/event-location\/vortragssaal-sro\/\" data-location_status=\"true\" data-locid=\"452\"><\/span><span class='evoet_cy evoet_subtitle evo_below_title' ><span class='evcal_event_subtitle ' >7 Credits<\/span><\/span><\/span><span class='evoet_data' data-d=\"{&quot;loc.n&quot;:&quot;Vortragssaal SRO&quot;,&quot;orgs&quot;:{&quot;658&quot;:&quot;Spital Region Oberaargau&quot;},&quot;tags&quot;:[]}\" data-bgc=\"#004961\" data-bggrad=\"\" ><\/span><\/a><\/p><div class='event_description evcal_eventcard ' style=\"display:none\"><div class='evocard_row'><div id='event_eventdetails' class='evocard_box eventdetails' data-c='' \n\t\t\t\t\tstyle=''><div class=\"evo_metarow_details evorow evcal_evdata_row evcal_event_details\">\n    <div class=\"event_excerpt\" style=\"display:none\"><h3 class=\"padb5 evo_h3\">Veranstaltungsdetails<\/h3><p>contact\nProgramme<\/p><\/div><span class='evcal_evdata_icons'><i class='fa fa-align-justify'><\/i><\/span>    <div class=\"evcal_evdata_cell \">\n        <div class=\"eventon_full_description\">\n            <h3 class=\"padb5 evo_h3\"><span class='evcal_evdata_icons'><i class='fa fa-align-justify'><\/i><\/span>Veranstaltungsdetails<\/h3>\n            <div class=\"eventon_desc_in\" itemprop=\"description\">\n                <p><a href=\"mailto:v.vassen@sro.ch\" target=\"_blank\" rel=\"noopener noreferrer\">contact<\/a><\/p>\n<p><a href=\"https:\/\/sgr-ssr.ch\/wp-content\/uploads\/2026\/03\/Ausschreibung-H\u00fcft-US-Refresher-14.11.2026.pdf\" target=\"_blank\" rel=\"noopener noreferrer\">Programme<\/a><\/p>\n            <\/div>\n            <div class='clear'><\/div>        <\/div>\n    <\/div>\n<\/div><\/div><\/div><!-- row close --><div class='evocard_row bx2 bx'><div id='event_time' class='evocard_box time' data-c='' \n\t\t\t\t\tstyle=''><div class='evo_metarow_time evorow evcal_evdata_row evcal_evrow_sm '>\n\t\t<span class='evcal_evdata_icons'><i class='fa fa-clock-o'><\/i><\/span>\n\t\t<div class='evcal_evdata_cell'>\t\t\t\t\t\t\t\n\t\t\t<h3 class='evo_h3'><span class='evcal_evdata_icons'><i class='fa fa-clock-o'><\/i><\/span>Zeit<\/h3><div><span class='evo_eventcard_time_t evogap5 evofxww'><span class=\"start\">14 November 2026<\/span> ganztags<\/span><span class='evo_tz marr5'>(GMT+01:00)<\/span><\/div>\n\t\t<\/div>\n\t<\/div><\/div><div id='event_location' class='evocard_box location' data-c='' \n\t\t\t\t\tstyle=''><div class='evcal_evdata_row evo_metarow_time_location evorow '>\n\t\t\n\t\t\t<span class='evcal_evdata_icons'><i class='fa fa-map-marker'><\/i><\/span>\n\t\t\t<div class='evcal_evdata_cell' data-loc_tax_id='452'><h3 class='evo_h3 evodfx'><span class='evcal_evdata_icons'><i class='fa fa-map-marker'><\/i><\/span>Ort<\/h3><p class='evo_location_name'>Vortragssaal SRO<\/p><p class='evo_location_address evodfxi evogap10'>St. Urbanstrasse 67<\/p><div class='padt10'><span class='evo_btn_arr evolb_trigger' data-lbvals=\"{&quot;lbdata&quot;:{&quot;class&quot;:&quot;evo_location_lb_452&quot;,&quot;additional_class&quot;:&quot;lb_max&quot;,&quot;title&quot;:&quot;Vortragssaal SRO&quot;},&quot;adata&quot;:{&quot;a&quot;:&quot;eventon_get_tax_card_content&quot;,&quot;end&quot;:&quot;client&quot;,&quot;data&quot;:{&quot;lang&quot;:&quot;L1&quot;,&quot;term_id&quot;:452,&quot;tax&quot;:&quot;event_location&quot;,&quot;load_lbcontent&quot;:true}},&quot;uid&quot;:&quot;eventon_get_tax_card_content&quot;}\" >Other Events<i class='fa fa-chevron-right' aria-hidden='true'><\/i><\/span><\/div><\/div>\n\t\t\n\t<\/div><\/div><\/div><!-- row close --><div class='evocard_row'><div id='event_organizer' class='evocard_box organizer' data-c='' \n\t\t\t\t\tstyle=''><div class='evo_metarow_organizer evorow evcal_evdata_row evcal_evrow_sm '>\n\t\t<span class='evcal_evdata_icons'><i class='fa fa-headphones'><\/i><\/span>\n\t\t<div class='evcal_evdata_cell'>\t\t\t\t\t\t\t\n\t\t\t<h3 class='evo_h3'>Veranstalter<\/h3><div class='evo_evdata_cell_content evodfx evofx_ww evofx_dr_r evogap15'><div class='evo_card_organizer evofx_1'><h4 class='evo_org_name evo_h4 marb5 evottui evocl1i evopadb10i'><span class='evo_card_organizer_name_t marb5'><a  href='https:\/\/sgr-ssr.ch\/fr\/event-organizer\/spital-region-oberaargau\/' class='evocl1i'>Spital Region Oberaargau<\/a><\/span><\/h4><p class='evo_card_organizer_more evomart10i'><a class='evolb_trigger evo_btn_arr mart10' data-lbvals=\"{&quot;lbc&quot;:&quot;evo_organizer_lb&quot;,&quot;lbac&quot;:&quot;lb_max&quot;,&quot;preload_temp_key&quot;:&quot;preload_taxlb&quot;,&quot;t&quot;:&quot;Spital Region Oberaargau&quot;,&quot;ajax&quot;:&quot;yes&quot;,&quot;ajax_type&quot;:&quot;endpoint&quot;,&quot;ajax_action&quot;:&quot;eventon_get_tax_card_content&quot;,&quot;end&quot;:&quot;client&quot;,&quot;d&quot;:{&quot;eventid&quot;:19248,&quot;ri&quot;:0,&quot;term_id&quot;:658,&quot;tax&quot;:&quot;event_organizer&quot;,&quot;load_lbcontent&quot;:true}}\" >Learn More<i class='fa fa-chevron-right'><\/i><\/a><\/p><\/div><!-- evo_card_organizer--><\/div><\/div>\t<\/div><\/div><\/div><!-- row close --><div class='evocard_row bx2 bx'><div id='event_learnmore' class='evocard_box learnmore' data-c='' \n\t\t\t\t\tstyle=''><div class='evo_metarow_learnM evo_metarow_learnmore evorow'>\n\t\t\t\t\t\t\t<a class='evcal_evdata_row evo_clik_row ' href='https:\/\/sgr-ssr.ch\/wp-content\/uploads\/2026\/03\/Ausschreibung-H\u00fcft-US-Refresher-14.11.2026.pdf' target=\"_blank\">\n\t\t\t\t\t\t\t\t<span class='evcal_evdata_icons'><i class='fa fa-link'><\/i><\/span>\n\t\t\t\t\t\t\t\t<h3 class='evo_h3'>Mehr Infos \/ Anmeldung<\/h3>\n\t\t\t\t\t\t\t<\/a>\n\t\t\t\t\t\t\t<\/div><\/div><div id='event_addtocal' class='evocard_box addtocal' data-c='' \n\t\t\t\t\tstyle=''><div class='evo_metarow_ICS evorow evcal_evdata_row'>\n\t\t\t<span class='evcal_evdata_icons'><i class='fa fa-calendar-o'><\/i><\/span>\n\t\t\t<div class='evcal_evdata_cell'>\n\t\t\t\t<p><a href='https:\/\/sgr-ssr.ch\/fr\/export-events\/19248_0\/?key=cd75fe199f' rel='nofollow' class='evo_ics_nCal' title='Add to your calendar'>Calendar<\/a><a href='https:\/\/www.google.com\/calendar\/event?action=TEMPLATE&text=Hip%20ultrasound%20refresher%20course%20according%20to%20Graf&dates=20261113T230000Z\/20261114T225959Z&ctz=Europe%2FVienna&details=Hip%20ultrasound%20refresher%20course%20according%20to%20Graf&location=Vortragssaal%20SRO%20St.%20Urbanstrasse%2067' target='_blank' rel='nofollow' class='evo_ics_gCal' title='Add to google calendar'>GoogleCal<\/a><\/p>\t\n\t\t\t<\/div>\n\t\t<\/div><\/div><\/div><!-- row close --><div class='evocard_row'><div id='event_getdirection' class='evocard_box getdirection' data-c='' \n\t\t\t\t\tstyle=''><div class='evo_metarow_getDr evorow evcal_evdata_row evcal_evrow_sm getdirections'>\n\t\t<form action='https:\/\/maps.google.com\/maps' method='get' target='_blank'>\n\t\t\t<input type='hidden' name='daddr' value=\"St. Urbanstrasse 67\"\/> \n\t\t\t<div class='evo_get_direction_content evo_fx_dr_r evogap10'>\n\t\t\t\t<span class='evogetdir_header evodfx evofxdrr evofxaic evogap10'>\n\t\t\t\t\t<i class='mainicon fa fa-road evofz24i'><\/i> \n\t\t\t\t\t<h3 class='evo_h3 evopad0i' style='padding-bottom:5px;'>Get Directions<\/h3>\n\t\t\t\t<\/span>\n\t\t\t\t<span class='evogetdir_field evodfx evofx_1_1 evow100p'>\t\n\t\t\t\t\t<label for='69f31a609d97e' class='evo_aria_ready sr-only'>Address - Hip ultrasound refresher course according to Graf []<\/label>\t\t\t\t\n\t\t\t\t\t<input id='69f31a609d97e' class='evo_aria_ready_match evoInput2 evobr10 evow100p evopad10 evoff_2 evofz14i evobrdB1 evoboxbb' type='text' name='saddr' placeholder='Ihre Adresse' value='' style='' aria-label='Address - Hip ultrasound refresher course according to Graf []' \/>\n\t\t\t\t<\/span>\n\t\t\t\t<div class='evodfx evofxdrr evofxaic evogap10'>\n\t\t\t\t\t<i class='fa fa-location-dot'><\/i>\n\t\t\t\t\t<div class='evoposr evofx_1 evoh100p'><label for='69f31a609d97e' class='evo_aria_ready sr-only'>Destination Address - Hip ultrasound refresher course according to Graf []<\/label>\t\t\n\t\t\t\t\t\t<input id='69f31a609d97e' class='evo_aria_ready_match evoInput2 evobr10 evow100p evopad5-10 evoff_2 evofz14i evobrdB1 evoop5 evoboxbb evoh100p' type='text' style='' readonly value='St. Urbanstrasse 67' aria-label='Destination Address - Hip ultrasound refresher course according to Graf []'\/><button class='evo_copy_address evobuttonA evocurp evohoop7 evoposa evopad5' style='right: 3px; top: 4px; background-color: #fff;' data-txt='St. Urbanstrasse 67' data-t='Address copied to clipboard!'><i class='far fa-copy evofz16i' title='Copy Destination Address!'><\/i><\/button>\n\t\t\t\t\t<\/div>\n\t\t\t\t\t<button type='submit' class='evo_get_direction_button evcal_btn dfx evofxaic evocurp evohoop7' title='Hier klicken f\u00fcr Wegbeschreibung' style='    padding: 10px 15px !important;'><i class='fa fa-chevron-right'><\/i> <\/button>\n\t\t\t\t<\/div>\n\t\t\t<\/div>\n\t\t<\/form>\n\t<\/div><\/div><\/div><!-- row close --><button class='evo_card_row_end evcal_close' title='Close'><\/button><\/div><div class='clear end'><\/div><\/div><\/div><div class='evcal_month_line' data-d='eml_12_2026' data-su='1796079600'><p>Dezember<\/p><\/div><div class='sep_month_events ' data-d='eml_12_2026' data-range='1796079600_1798757999'><div id=\"event_18957_0\" class=\"eventon_list_event evo_eventtop scheduled  event clrW event_18957_0\" data-event_id=\"18957\" data-ri=\"0r\" data-time=\"1769900400-1801436399\" data-colr=\"#4bb5d8\" itemscope itemtype='http:\/\/schema.org\/Event'><div class=\"evo_event_schema\" style=\"display:none\" ><a itemprop='url'  href='https:\/\/sgr-ssr.ch\/fr\/events\/cas-in-artificial-intelligence-in-medical-imaging-der-universitaet-bern\/'><\/a><meta itemprop='image'  \/><meta itemprop='startDate' content=\"2026-2-1\" \/><meta itemprop='endDate' content=\"2027-1-31\" \/><meta itemprop='eventStatus' content=\"https:\/\/schema.org\/EventScheduled\" \/><meta itemprop='eventAttendanceMode'   itemscope itemtype=\"https:\/\/schema.org\/OfflineEventAttendanceMode\"\/><script type=\"application\/ld+json\">{\"@context\": \"http:\/\/schema.org\",\"@type\": \"Event\",\n\t\t\t\t\"@id\": \"event_18957_0\",\n\t\t\t\t\"eventAttendanceMode\":\"https:\/\/schema.org\/OfflineEventAttendanceMode\",\n\t\t\t\t\"eventStatus\":\"https:\/\/schema.org\/EventScheduled\",\n\t\t\t\t\"name\": \"CAS in Artificial Intelligence in Medical Imaging der Universit\u00e4t Bern\",\n\t\t\t\t\"url\": \"https:\/\/sgr-ssr.ch\/fr\/events\/cas-in-artificial-intelligence-in-medical-imaging-der-universitaet-bern\/\",\n\t\t\t\t\"startDate\": \"2026-2-1\",\n\t\t\t\t\"endDate\": \"2027-1-31\",\n\t\t\t\t\"image\":\"\", \n\t\t\t\t\"description\":\"<p>Der CAS AIMI ist ein einj\u00e4hriges, berufsbegleitendes Programm f\u00fcr Fachpersonen aus unterschiedlichen Dom\u00e4nen der medizinischen Bildgebung. Teilnehmende werden dazu bef\u00e4higt, die Entwicklung, Anwendung und Evaluation von KI-Algorithmen in ihrem Klinikalltag zu begleiten. Das fundierte Wissen wird durch unsere Fakult\u00e4t bestehend aus Experten der Akademie, Klinik und Industrie vermittelt. Ein individuelles KI-Projekt erlaubt es, die erworbenen Kenntnisse direkt auf praxisnahe Fragestellungen zu \u00fcbertragen.<\/p> <p>Das Programm wird in englischer Sprache unterrichtet und deckt unter anderem folgende Themen ab:<\/p> <ul> <li>Entwicklung &amp; Validierung von KI<\/li> <li>KI-Applikationen im klinischen Alltag<\/li> <li>Umgang mit K\u00fcnstlicher Intelligenz<\/li> <li>Rechtliche und ethische Herausforderungen<\/li> <\/ul> <p>Die n\u00e4chste Durchf\u00fchrung des CAS AIMI ist f\u00fcr Februar 2026 vorgesehen. Die Anmeldefrist l\u00e4uft noch bis zum 15. Dezember 2025.<\/p> <p><a href='https:\/\/sgr-ssr.ch\/wp-content\/uploads\/2025\/11\/CAS-AIMI-Program-One-Pager.pdf' target='_blank' rel='noopener noreferrer'>Flyer<\/a><\/p> <p><a href='https:\/\/www.unibe.ch\/continuing_education_programs\/cas_in_artificial_intelligence_in_medical_imaging\/index_eng.html' target='_blank' rel='noopener noreferrer'>Webseite<\/a><\/p> <p><a href='mailto:school.sitem@unibe.ch'>Kontakt<\/a><\/p> \"}<\/script><\/div>\r\n\t\t\t\t<p class=\"desc_trig_outter\" style=\"\"><a data-gmap_status=\"null\" data-exlk=\"0\" style=\"background-color: #4bb5d8;\" id=\"evc_176990040018957\" href=\"#\" class=\"desc_trig mul_val evcal_list_a allday\" data-ux_val=\"1\" data-ux_val_mob=\"-\"  ><span class='evoet_c2 evoet_cx '><span class='evoet_dayblock evcal_cblock ' data-bgcolor='#4bb5d8' data-smon='Februar' data-syr='2026' data-bub=''><span class='evo_start  evofxdrc'><em class='day'>So<\/em><em class='date'>01<\/em><em class='month'>Feb<\/em><em class='time'>ganztags<\/em><\/span><span class='evo_end  evofxdrc'><em class='day'>So<\/em><em class='date'>31<\/em><em class='month'>Jan<\/em><\/span><\/span><\/span><span class='evoet_c3 evoet_cx evcal_desc hide_eventtopdata '><span class='evoet_title evcal_desc2 evcal_event_title ' itemprop='name'>CAS in Artificial Intelligence in Medical Imaging der Universit\u00e4t Bern<\/span><\/span><span class='evoet_data' data-d=\"{&quot;loc.n&quot;:&quot;&quot;,&quot;orgs&quot;:[],&quot;tags&quot;:[]}\" data-bgc=\"#4bb5d8\" data-bggrad=\"\" ><\/span><\/a><\/p><div class='event_description evcal_eventcard ' style=\"display:none\"><div class='evocard_row'><div id='event_eventdetails' class='evocard_box eventdetails' data-c='' \n\t\t\t\t\tstyle=''><div class=\"evo_metarow_details evorow evcal_evdata_row evcal_event_details\">\n    <div class=\"event_excerpt\" style=\"display:none\"><h3 class=\"padb5 evo_h3\">Veranstaltungsdetails<\/h3><p>Der CAS AIMI ist ein einj\u00e4hriges, berufsbegleitendes Programm f\u00fcr Fachpersonen aus unterschiedlichen Dom\u00e4nen der medizinischen Bildgebung. Teilnehmende werden dazu bef\u00e4higt, die Entwicklung, Anwendung und Evaluation von KI-Algorithmen in ihrem Klinikalltag<\/p><\/div><span class='evcal_evdata_icons'><i class='fa fa-align-justify'><\/i><\/span>    <div class=\"evcal_evdata_cell shorter_desc\">\n        <div class=\"eventon_full_description\">\n            <h3 class=\"padb5 evo_h3\"><span class='evcal_evdata_icons'><i class='fa fa-align-justify'><\/i><\/span>Veranstaltungsdetails<\/h3>\n            <div class=\"eventon_desc_in\" itemprop=\"description\">\n                <p>Der CAS AIMI ist ein einj\u00e4hriges, berufsbegleitendes Programm f\u00fcr Fachpersonen aus unterschiedlichen Dom\u00e4nen der medizinischen Bildgebung. Teilnehmende werden dazu bef\u00e4higt, die Entwicklung, Anwendung und Evaluation von KI-Algorithmen in ihrem Klinikalltag zu begleiten. Das fundierte Wissen wird durch unsere Fakult\u00e4t bestehend aus Experten der Akademie, Klinik und Industrie vermittelt. Ein individuelles KI-Projekt erlaubt es, die erworbenen Kenntnisse direkt auf praxisnahe Fragestellungen zu \u00fcbertragen.<\/p>\n<p>Das Programm wird in englischer Sprache unterrichtet und deckt unter anderem folgende Themen ab:<\/p>\n<ul>\n<li>Entwicklung &amp; Validierung von KI<\/li>\n<li>KI-Applikationen im klinischen Alltag<\/li>\n<li>Umgang mit K\u00fcnstlicher Intelligenz<\/li>\n<li>Rechtliche und ethische Herausforderungen<\/li>\n<\/ul>\n<p>Die n\u00e4chste Durchf\u00fchrung des CAS AIMI ist f\u00fcr Februar 2026 vorgesehen. Die Anmeldefrist l\u00e4uft noch bis zum 15. Dezember 2025.<\/p>\n<p><a href=\"https:\/\/sgr-ssr.ch\/wp-content\/uploads\/2025\/11\/CAS-AIMI-Program-One-Pager.pdf\" target=\"_blank\" rel=\"noopener noreferrer\">Flyer<\/a><\/p>\n<p><a href=\"https:\/\/www.unibe.ch\/continuing_education_programs\/cas_in_artificial_intelligence_in_medical_imaging\/index_eng.html\" target=\"_blank\" rel=\"noopener noreferrer\">Webseite<\/a><\/p>\n<p><a href=\"mailto:school.sitem@unibe.ch\">Kontakt<\/a><\/p>\n            <\/div>\n            <p class='eventon_shad_p' style='padding:5px 0 0; margin:0'><button class='evcal_btn evo_btn_secondary evobtn_details_show_more' content='less'><span class='ev_more_text' data-txt='weniger'>mehr<\/span><span class='ev_more_arrow ard'><\/span><\/button><\/p><div class='clear'><\/div>        <\/div>\n    <\/div>\n<\/div><\/div><\/div><!-- row close --><div class='evocard_row'><div id='event_time' class='evocard_box time' data-c='' \n\t\t\t\t\tstyle=''><div class='evo_metarow_time evorow evcal_evdata_row evcal_evrow_sm '>\n\t\t<span class='evcal_evdata_icons'><i class='fa fa-clock-o'><\/i><\/span>\n\t\t<div class='evcal_evdata_cell'>\t\t\t\t\t\t\t\n\t\t\t<h3 class='evo_h3'><span class='evcal_evdata_icons'><i class='fa fa-clock-o'><\/i><\/span>Zeit<\/h3><div><span class='evo_eventcard_time_t evogap5 evofxww'><span class='start'>1 Februar 2026<\/span> - <span class='end'>31 Januar 2027<\/span> (ganztags)<\/span><span class='evo_tz marr5'>(GMT+01:00)<\/span><\/div>\n\t\t<\/div>\n\t<\/div><\/div><\/div><!-- row close --><div class='evocard_row bx2 bx'><div id='event_learnmore' class='evocard_box learnmore' data-c='' \n\t\t\t\t\tstyle=''><div class='evo_metarow_learnM evo_metarow_learnmore evorow'>\n\t\t\t\t\t\t\t<a class='evcal_evdata_row evo_clik_row ' href='https:\/\/www.unibe.ch\/continuing_education_programs\/cas_in_artificial_intelligence_in_medical_imaging\/index_eng.html' target=\"_blank\">\n\t\t\t\t\t\t\t\t<span class='evcal_evdata_icons'><i class='fa fa-link'><\/i><\/span>\n\t\t\t\t\t\t\t\t<h3 class='evo_h3'>Mehr Infos \/ Anmeldung<\/h3>\n\t\t\t\t\t\t\t<\/a>\n\t\t\t\t\t\t\t<\/div><\/div><div id='event_addtocal' class='evocard_box addtocal' data-c='' \n\t\t\t\t\tstyle=''><div class='evo_metarow_ICS evorow evcal_evdata_row'>\n\t\t\t<span class='evcal_evdata_icons'><i class='fa fa-calendar-o'><\/i><\/span>\n\t\t\t<div class='evcal_evdata_cell'>\n\t\t\t\t<p><a href='https:\/\/sgr-ssr.ch\/fr\/export-events\/18957_0\/?key=cd75fe199f' rel='nofollow' class='evo_ics_nCal' title='Add to your calendar'>Calendar<\/a><a href='https:\/\/www.google.com\/calendar\/event?action=TEMPLATE&text=CAS%20in%20Artificial%20Intelligence%20in%20Medical%20Imaging%20der%20Universit%C3%A4t%20Bern&dates=20260131T230000Z\/20270131T225959Z&ctz=Europe%2FVienna&details=CAS%20in%20Artificial%20Intelligence%20in%20Medical%20Imaging%20der%20Universit%C3%A4t%20Bern&location=' target='_blank' rel='nofollow' class='evo_ics_gCal' title='Add to google calendar'>GoogleCal<\/a><\/p>\t\n\t\t\t<\/div>\n\t\t<\/div><\/div><\/div><!-- row close --><button class='evo_card_row_end evcal_close' title='Close'><\/button><\/div><div class='clear end'><\/div><\/div><\/div><div class='evcal_month_line' data-d='eml_1_2027' data-su='1798758000'><p>Januar<\/p><\/div><div class='sep_month_events ' data-d='eml_1_2027' data-range='1798758000_1801436399'><div id=\"event_18957_0\" class=\"eventon_list_event evo_eventtop scheduled  event clrW event_18957_0\" data-event_id=\"18957\" data-ri=\"0r\" data-time=\"1769900400-1801436399\" data-colr=\"#4bb5d8\" itemscope itemtype='http:\/\/schema.org\/Event'><div class=\"evo_event_schema\" style=\"display:none\" ><a itemprop='url'  href='https:\/\/sgr-ssr.ch\/fr\/events\/cas-in-artificial-intelligence-in-medical-imaging-der-universitaet-bern\/'><\/a><meta itemprop='image'  \/><meta itemprop='startDate' content=\"2026-2-1\" \/><meta itemprop='endDate' content=\"2027-1-31\" \/><meta itemprop='eventStatus' content=\"https:\/\/schema.org\/EventScheduled\" \/><meta itemprop='eventAttendanceMode'   itemscope itemtype=\"https:\/\/schema.org\/OfflineEventAttendanceMode\"\/><script type=\"application\/ld+json\">{\"@context\": \"http:\/\/schema.org\",\"@type\": \"Event\",\n\t\t\t\t\"@id\": \"event_18957_0\",\n\t\t\t\t\"eventAttendanceMode\":\"https:\/\/schema.org\/OfflineEventAttendanceMode\",\n\t\t\t\t\"eventStatus\":\"https:\/\/schema.org\/EventScheduled\",\n\t\t\t\t\"name\": \"CAS in Artificial Intelligence in Medical Imaging der Universit\u00e4t Bern\",\n\t\t\t\t\"url\": \"https:\/\/sgr-ssr.ch\/fr\/events\/cas-in-artificial-intelligence-in-medical-imaging-der-universitaet-bern\/\",\n\t\t\t\t\"startDate\": \"2026-2-1\",\n\t\t\t\t\"endDate\": \"2027-1-31\",\n\t\t\t\t\"image\":\"\", \n\t\t\t\t\"description\":\"<p>Der CAS AIMI ist ein einj\u00e4hriges, berufsbegleitendes Programm f\u00fcr Fachpersonen aus unterschiedlichen Dom\u00e4nen der medizinischen Bildgebung. Teilnehmende werden dazu bef\u00e4higt, die Entwicklung, Anwendung und Evaluation von KI-Algorithmen in ihrem Klinikalltag zu begleiten. Das fundierte Wissen wird durch unsere Fakult\u00e4t bestehend aus Experten der Akademie, Klinik und Industrie vermittelt. Ein individuelles KI-Projekt erlaubt es, die erworbenen Kenntnisse direkt auf praxisnahe Fragestellungen zu \u00fcbertragen.<\/p> <p>Das Programm wird in englischer Sprache unterrichtet und deckt unter anderem folgende Themen ab:<\/p> <ul> <li>Entwicklung &amp; Validierung von KI<\/li> <li>KI-Applikationen im klinischen Alltag<\/li> <li>Umgang mit K\u00fcnstlicher Intelligenz<\/li> <li>Rechtliche und ethische Herausforderungen<\/li> <\/ul> <p>Die n\u00e4chste Durchf\u00fchrung des CAS AIMI ist f\u00fcr Februar 2026 vorgesehen. Die Anmeldefrist l\u00e4uft noch bis zum 15. Dezember 2025.<\/p> <p><a href='https:\/\/sgr-ssr.ch\/wp-content\/uploads\/2025\/11\/CAS-AIMI-Program-One-Pager.pdf' target='_blank' rel='noopener noreferrer'>Flyer<\/a><\/p> <p><a href='https:\/\/www.unibe.ch\/continuing_education_programs\/cas_in_artificial_intelligence_in_medical_imaging\/index_eng.html' target='_blank' rel='noopener noreferrer'>Webseite<\/a><\/p> <p><a href='mailto:school.sitem@unibe.ch'>Kontakt<\/a><\/p> \"}<\/script><\/div>\r\n\t\t\t\t<p class=\"desc_trig_outter\" style=\"\"><a data-gmap_status=\"null\" data-exlk=\"0\" style=\"background-color: #4bb5d8;\" id=\"evc_176990040018957\" href=\"#\" class=\"desc_trig mul_val evcal_list_a allday\" data-ux_val=\"1\" data-ux_val_mob=\"-\"  ><span class='evoet_c2 evoet_cx '><span class='evoet_dayblock evcal_cblock ' data-bgcolor='#4bb5d8' data-smon='Februar' data-syr='2026' data-bub=''><span class='evo_start  evofxdrc'><em class='day'>So<\/em><em class='date'>01<\/em><em class='month'>Feb<\/em><em class='time'>ganztags<\/em><\/span><span class='evo_end  evofxdrc'><em class='day'>So<\/em><em class='date'>31<\/em><em class='month'>Jan<\/em><\/span><\/span><\/span><span class='evoet_c3 evoet_cx evcal_desc hide_eventtopdata '><span class='evoet_title evcal_desc2 evcal_event_title ' itemprop='name'>CAS in Artificial Intelligence in Medical Imaging der Universit\u00e4t Bern<\/span><\/span><span class='evoet_data' data-d=\"{&quot;loc.n&quot;:&quot;&quot;,&quot;orgs&quot;:[],&quot;tags&quot;:[]}\" data-bgc=\"#4bb5d8\" data-bggrad=\"\" ><\/span><\/a><\/p><div class='event_description evcal_eventcard ' style=\"display:none\"><div class='evocard_row'><div id='event_eventdetails' class='evocard_box eventdetails' data-c='' \n\t\t\t\t\tstyle=''><div class=\"evo_metarow_details evorow evcal_evdata_row evcal_event_details\">\n    <div class=\"event_excerpt\" style=\"display:none\"><h3 class=\"padb5 evo_h3\">Veranstaltungsdetails<\/h3><p>Der CAS AIMI ist ein einj\u00e4hriges, berufsbegleitendes Programm f\u00fcr Fachpersonen aus unterschiedlichen Dom\u00e4nen der medizinischen Bildgebung. Teilnehmende werden dazu bef\u00e4higt, die Entwicklung, Anwendung und Evaluation von KI-Algorithmen in ihrem Klinikalltag<\/p><\/div><span class='evcal_evdata_icons'><i class='fa fa-align-justify'><\/i><\/span>    <div class=\"evcal_evdata_cell shorter_desc\">\n        <div class=\"eventon_full_description\">\n            <h3 class=\"padb5 evo_h3\"><span class='evcal_evdata_icons'><i class='fa fa-align-justify'><\/i><\/span>Veranstaltungsdetails<\/h3>\n            <div class=\"eventon_desc_in\" itemprop=\"description\">\n                <p>Der CAS AIMI ist ein einj\u00e4hriges, berufsbegleitendes Programm f\u00fcr Fachpersonen aus unterschiedlichen Dom\u00e4nen der medizinischen Bildgebung. Teilnehmende werden dazu bef\u00e4higt, die Entwicklung, Anwendung und Evaluation von KI-Algorithmen in ihrem Klinikalltag zu begleiten. Das fundierte Wissen wird durch unsere Fakult\u00e4t bestehend aus Experten der Akademie, Klinik und Industrie vermittelt. Ein individuelles KI-Projekt erlaubt es, die erworbenen Kenntnisse direkt auf praxisnahe Fragestellungen zu \u00fcbertragen.<\/p>\n<p>Das Programm wird in englischer Sprache unterrichtet und deckt unter anderem folgende Themen ab:<\/p>\n<ul>\n<li>Entwicklung &amp; Validierung von KI<\/li>\n<li>KI-Applikationen im klinischen Alltag<\/li>\n<li>Umgang mit K\u00fcnstlicher Intelligenz<\/li>\n<li>Rechtliche und ethische Herausforderungen<\/li>\n<\/ul>\n<p>Die n\u00e4chste Durchf\u00fchrung des CAS AIMI ist f\u00fcr Februar 2026 vorgesehen. Die Anmeldefrist l\u00e4uft noch bis zum 15. Dezember 2025.<\/p>\n<p><a href=\"https:\/\/sgr-ssr.ch\/wp-content\/uploads\/2025\/11\/CAS-AIMI-Program-One-Pager.pdf\" target=\"_blank\" rel=\"noopener noreferrer\">Flyer<\/a><\/p>\n<p><a href=\"https:\/\/www.unibe.ch\/continuing_education_programs\/cas_in_artificial_intelligence_in_medical_imaging\/index_eng.html\" target=\"_blank\" rel=\"noopener noreferrer\">Webseite<\/a><\/p>\n<p><a href=\"mailto:school.sitem@unibe.ch\">Kontakt<\/a><\/p>\n            <\/div>\n            <p class='eventon_shad_p' style='padding:5px 0 0; margin:0'><button class='evcal_btn evo_btn_secondary evobtn_details_show_more' content='less'><span class='ev_more_text' data-txt='weniger'>mehr<\/span><span class='ev_more_arrow ard'><\/span><\/button><\/p><div class='clear'><\/div>        <\/div>\n    <\/div>\n<\/div><\/div><\/div><!-- row close --><div class='evocard_row'><div id='event_time' class='evocard_box time' data-c='' \n\t\t\t\t\tstyle=''><div class='evo_metarow_time evorow evcal_evdata_row evcal_evrow_sm '>\n\t\t<span class='evcal_evdata_icons'><i class='fa fa-clock-o'><\/i><\/span>\n\t\t<div class='evcal_evdata_cell'>\t\t\t\t\t\t\t\n\t\t\t<h3 class='evo_h3'><span class='evcal_evdata_icons'><i class='fa fa-clock-o'><\/i><\/span>Zeit<\/h3><div><span class='evo_eventcard_time_t evogap5 evofxww'><span class='start'>1 Februar 2026<\/span> - <span class='end'>31 Januar 2027<\/span> (ganztags)<\/span><span class='evo_tz marr5'>(GMT+01:00)<\/span><\/div>\n\t\t<\/div>\n\t<\/div><\/div><\/div><!-- row close --><div class='evocard_row bx2 bx'><div id='event_learnmore' class='evocard_box learnmore' data-c='' \n\t\t\t\t\tstyle=''><div class='evo_metarow_learnM evo_metarow_learnmore evorow'>\n\t\t\t\t\t\t\t<a class='evcal_evdata_row evo_clik_row ' href='https:\/\/www.unibe.ch\/continuing_education_programs\/cas_in_artificial_intelligence_in_medical_imaging\/index_eng.html' target=\"_blank\">\n\t\t\t\t\t\t\t\t<span class='evcal_evdata_icons'><i class='fa fa-link'><\/i><\/span>\n\t\t\t\t\t\t\t\t<h3 class='evo_h3'>Mehr Infos \/ Anmeldung<\/h3>\n\t\t\t\t\t\t\t<\/a>\n\t\t\t\t\t\t\t<\/div><\/div><div id='event_addtocal' class='evocard_box addtocal' data-c='' \n\t\t\t\t\tstyle=''><div class='evo_metarow_ICS evorow evcal_evdata_row'>\n\t\t\t<span class='evcal_evdata_icons'><i class='fa fa-calendar-o'><\/i><\/span>\n\t\t\t<div class='evcal_evdata_cell'>\n\t\t\t\t<p><a href='https:\/\/sgr-ssr.ch\/fr\/export-events\/18957_0\/?key=cd75fe199f' rel='nofollow' class='evo_ics_nCal' title='Add to your calendar'>Calendar<\/a><a href='https:\/\/www.google.com\/calendar\/event?action=TEMPLATE&text=CAS%20in%20Artificial%20Intelligence%20in%20Medical%20Imaging%20der%20Universit%C3%A4t%20Bern&dates=20260131T230000Z\/20270131T225959Z&ctz=Europe%2FVienna&details=CAS%20in%20Artificial%20Intelligence%20in%20Medical%20Imaging%20der%20Universit%C3%A4t%20Bern&location=' target='_blank' rel='nofollow' class='evo_ics_gCal' title='Add to google calendar'>GoogleCal<\/a><\/p>\t\n\t\t\t<\/div>\n\t\t<\/div><\/div><\/div><!-- row close --><button class='evo_card_row_end evcal_close' title='Close'><\/button><\/div><div class='clear end'><\/div><\/div><\/div>\t\t\t<\/div>\r\n\t\t\t<\/div><!-- evo_events_list_box -->\t\r\n\t\t\t<div class='clear'><\/div>\r\n\t\t\t\t\t \t<div id='evcal_footer' class='evo_bottom' style='display:none'>\r\n\t\t \t\t<div class='evo_cal_data' data-sc=\"{&quot;accord&quot;:&quot;no&quot;,&quot;bottom_nav&quot;:&quot;no&quot;,&quot;cal_id&quot;:&quot;&quot;,&quot;cal_init_nonajax&quot;:&quot;no&quot;,&quot;calendar_type&quot;:&quot;list&quot;,&quot;currentuser&quot;:&quot;no&quot;,&quot;ep_fields&quot;:&quot;&quot;,&quot;etc_override&quot;:&quot;no&quot;,&quot;evc_open&quot;:&quot;no&quot;,&quot;event_count&quot;:0,&quot;event_location&quot;:&quot;all&quot;,&quot;event_order&quot;:&quot;ASC&quot;,&quot;event_organizer&quot;:&quot;all&quot;,&quot;event_parts&quot;:&quot;no&quot;,&quot;event_past_future&quot;:&quot;all&quot;,&quot;event_status&quot;:&quot;all&quot;,&quot;event_tag&quot;:&quot;all&quot;,&quot;event_type&quot;:&quot;all&quot;,&quot;event_type_2&quot;:&quot;all&quot;,&quot;event_users&quot;:&quot;all&quot;,&quot;event_virtual&quot;:&quot;all&quot;,&quot;eventtop_date_style&quot;:0,&quot;eventtop_style&quot;:&quot;2&quot;,&quot;exp_jumper&quot;:&quot;no&quot;,&quot;exp_so&quot;:&quot;no&quot;,&quot;filter_relationship&quot;:&quot;AND&quot;,&quot;filter_show_set_only&quot;:&quot;no&quot;,&quot;filter_style&quot;:&quot;default&quot;,&quot;filter_type&quot;:&quot;default&quot;,&quot;filters&quot;:&quot;yes&quot;,&quot;fixed_month&quot;:&quot;4&quot;,&quot;fixed_year&quot;:&quot;2026&quot;,&quot;focus_end_date_range&quot;:&quot;1806530399&quot;,&quot;focus_start_date_range&quot;:&quot;1774994400&quot;,&quot;ft_event_priority&quot;:&quot;no&quot;,&quot;hide_arrows&quot;:&quot;no&quot;,&quot;hide_cancels&quot;:&quot;no&quot;,&quot;hide_empty_months&quot;:&quot;yes&quot;,&quot;hide_end_time&quot;:&quot;no&quot;,&quot;hide_et_dn&quot;:&quot;no&quot;,&quot;hide_et_extra&quot;:&quot;no&quot;,&quot;hide_et_tags&quot;:&quot;no&quot;,&quot;hide_et_tl&quot;:&quot;no&quot;,&quot;hide_ft&quot;:&quot;no&quot;,&quot;hide_ft_img&quot;:&quot;no&quot;,&quot;hide_month_headers&quot;:&quot;no&quot;,&quot;hide_mult_occur&quot;:&quot;no&quot;,&quot;hide_past&quot;:&quot;no&quot;,&quot;hide_past_by&quot;:&quot;ee&quot;,&quot;hide_so&quot;:&quot;no&quot;,&quot;ics&quot;:&quot;no&quot;,&quot;jumper&quot;:&quot;no&quot;,&quot;jumper_count&quot;:5,&quot;jumper_offset&quot;:&quot;0&quot;,&quot;lang&quot;:&quot;L1&quot;,&quot;layout_changer&quot;:&quot;no&quot;,&quot;livenow_bar&quot;:&quot;yes&quot;,&quot;mapformat&quot;:&quot;roadmap&quot;,&quot;mapiconurl&quot;:&quot;&quot;,&quot;maps_load&quot;:&quot;yes&quot;,&quot;mapscroll&quot;:&quot;true&quot;,&quot;mapzoom&quot;:&quot;18&quot;,&quot;members_only&quot;:&quot;no&quot;,&quot;ml_priority&quot;:&quot;no&quot;,&quot;ml_toend&quot;:&quot;no&quot;,&quot;month_incre&quot;:0,&quot;number_of_months&quot;:&quot;12&quot;,&quot;only_ft&quot;:&quot;no&quot;,&quot;pec&quot;:&quot;&quot;,&quot;s&quot;:&quot;&quot;,&quot;search&quot;:&quot;&quot;,&quot;search_all&quot;:&quot;no&quot;,&quot;sep_month&quot;:&quot;yes&quot;,&quot;show_et_ft_img&quot;:&quot;no&quot;,&quot;show_limit&quot;:&quot;no&quot;,&quot;show_limit_ajax&quot;:&quot;no&quot;,&quot;show_limit_paged&quot;:1,&quot;show_limit_redir&quot;:&quot;&quot;,&quot;show_repeats&quot;:&quot;no&quot;,&quot;show_search&quot;:&quot;no&quot;,&quot;show_upcoming&quot;:0,&quot;show_year&quot;:&quot;no&quot;,&quot;social_share&quot;:&quot;no&quot;,&quot;sort_by&quot;:&quot;sort_date&quot;,&quot;tile_bg&quot;:0,&quot;tile_bg_size&quot;:&quot;full&quot;,&quot;tile_count&quot;:2,&quot;tile_height&quot;:0,&quot;tile_style&quot;:0,&quot;tiles&quot;:&quot;no&quot;,&quot;users&quot;:&quot;all&quot;,&quot;ux_val&quot;:&quot;0&quot;,&quot;view_switcher&quot;:&quot;no&quot;,&quot;wpml_l1&quot;:&quot;&quot;,&quot;wpml_l2&quot;:&quot;&quot;,&quot;wpml_l3&quot;:&quot;&quot;,&quot;x_ids&quot;:&quot;&quot;,&quot;yl_priority&quot;:&quot;no&quot;,&quot;yl_toend&quot;:&quot;no&quot;,&quot;fixed_day&quot;:&quot;30&quot;,&quot;_cver&quot;:&quot;5.0.6&quot;}\" data-filter_data=\"[]\" data-nav_data=\"{&quot;month_title&quot;:&quot;&lt;p id=&#039;evcal_cur&#039; class=&#039;evo_month_title padr10&#039;&gt; April, 2026&lt;\\\/p&gt;&quot;,&quot;arrows&quot;:&quot;&lt;p class=&#039;evo_arrows&#039;&gt;\\r\\n\\t\\t\\t\\t\\t&lt;button id=&#039;evcal_prev&#039; class=&#039;evcal_arrows evcal_btn_prev evodfx evofx_jc_c evofx_ai_c&#039; aria-label=&#039;Previous Month&#039;&gt;&lt;i class=&#039;fa fa-chevron-left&#039; aria-hidden=&#039;true&#039;&gt;&lt;\\\/i&gt;&lt;\\\/button&gt;\\r\\n\\t\\t\\t\\t\\t&lt;button id=&#039;evcal_next&#039; class=&#039;evcal_arrows evo_arrow_next evcal_btn_next evodfx evofx_jc_c evofx_ai_c&#039; aria-label=&#039;Next Month&#039;&gt;&lt;i class=&#039;fa fa-chevron-right&#039; aria-hidden=&#039;true&#039;&gt;&lt;\\\/i&gt;&lt;\\\/button&gt;\\r\\n\\t\\t\\t\\t\\t&lt;\\\/p&gt;&quot;}\" data-od=\"{&quot;lang_no_events&quot;:&quot;No Events&quot;,&quot;cal_tz_offset&quot;:120,&quot;cal_tz&quot;:&quot;Europe\\\/Vienna&quot;}\" ><\/div>\r\n\t\t \t\t<div class='evo_cal_events' data-events=\"\"><\/div>\r\n\t\t \t<\/div>\r\n\t\t\t\t\r\n\t\t\t\r\n\t\t\t\t\t\t<\/div><!-- EventON End -->\r\n\t\t\t<\/div>\n<p><script>jQuery(document).ready(function(){jQuery(\"#evcal-year-container\").hide(),jQuery(\"#evcal-months-button\").click(function(){jQuery(\"#evcal-months-button\").addClass(\"ev-active\"),jQuery(\"#evcal-months-container\").show(),jQuery(\"#evcal-year-button\").removeClass(\"ev-active\"),jQuery(\"#evcal-year-container\").hide()}),jQuery(\"#evcal-year-button\").click(function(){jQuery(\"#evcal-year-button\").addClass(\"ev-active\"),jQuery(\"#evcal-year-container\").show(),jQuery(\"#evcal-months-button\").removeClass(\"ev-active\"),jQuery(\"#evcal-months-container\").hide()}),jQuery(\".ev-clear\").click(function(){jQuery(\".evo_search_results\").hide(),jQuery(\".evosr_search_box input\").val(\"\")}),jQuery(\".evo_do_search\").click(function(){jQuery(\".evo_search_results\").show()}),jQuery(\".evosr_search_box input\").keypress(function(e){\"13\"==(e.keyCode?e.keyCode:e.which)&&(jQuery(\".evo_search_results\").show(),console.log('You pressed a \"enter\" key in textbox'))})});<\/script>[\/et_pb_code][\/et_pb_column][\/et_pb_row][\/et_pb_section]<\/p>\n","protected":false},"excerpt":{"rendered":"<p>[et_pb_section fb_built=&nbsp;&raquo;1&Prime; admin_label=&nbsp;&raquo;section&nbsp;&raquo; _builder_version=&nbsp;&raquo;3.22&Prime;][et_pb_row column_structure=&nbsp;&raquo;1_4,3_4&Prime; admin_label=&nbsp;&raquo;row&nbsp;&raquo; _builder_version=&nbsp;&raquo;3.25&Prime; background_size=&nbsp;&raquo;initial&nbsp;&raquo; background_position=&nbsp;&raquo;top_left&nbsp;&raquo; background_repeat=&nbsp;&raquo;repeat&nbsp;&raquo;][et_pb_column type=&nbsp;&raquo;1_4&Prime; _builder_version=&nbsp;&raquo;3.25&Prime; custom_padding=&nbsp;&raquo;|||&nbsp;&raquo; custom_padding__hover=&nbsp;&raquo;|||&nbsp;&raquo;][et_pb_sidebar area=&nbsp;&raquo;et_pb_widget_area_7&Prime; admin_label=&nbsp;&raquo;Sidebar&nbsp;&raquo; _builder_version=&nbsp;&raquo;4.4.8&Prime; remove_border=&nbsp;&raquo;off&nbsp;&raquo;][\/et_pb_sidebar][\/et_pb_column][et_pb_column type=&nbsp;&raquo;3_4&Prime; _builder_version=&nbsp;&raquo;3.25&Prime; custom_padding=&nbsp;&raquo;|||&nbsp;&raquo; custom_padding__hover=&nbsp;&raquo;|||&nbsp;&raquo;][\/et_pb_column][\/et_pb_row][et_pb_row _builder_version=&nbsp;&raquo;4.4.8&Prime;][et_pb_column _builder_version=&nbsp;&raquo;4.4.8&Prime; type=&nbsp;&raquo;4_4&Prime;][et_pb_code admin_label=&nbsp;&raquo;Code&nbsp;&raquo; _builder_version=&nbsp;&raquo;4.4.8&Prime; custom_css_main_element=&nbsp;&raquo;position: relative;&nbsp;&raquo;] MonatsansichtJahresansicht [\/et_pb_code][\/et_pb_column][\/et_pb_row][\/et_pb_section]<\/p>\n","protected":false},"author":1,"featured_media":0,"comment_status":"closed","ping_status":"closed","sticky":false,"template":"","format":"standard","meta":{"_acf_changed":false,"_et_pb_use_builder":"on","_et_pb_old_content":"","_et_gb_content_width":"","inline_featured_image":false,"footnotes":""},"categories":[51],"tags":[],"class_list":["post-12607","post","type-post","status-publish","format-standard","hentry","category-evenements"],"acf":[],"yoast_head":"<!-- This site is optimized with the Yoast SEO plugin v27.5 - https:\/\/yoast.com\/product\/yoast-seo-wordpress\/ -->\n<title>\u00c9venements - Schweizerische Gesellschaft f\u00fcr Radiologie<\/title>\n<meta name=\"robots\" content=\"index, follow, max-snippet:-1, max-image-preview:large, max-video-preview:-1\" \/>\n<link rel=\"canonical\" href=\"https:\/\/sgr-ssr.ch\/fr\/evenements\/\" \/>\n<meta property=\"og:locale\" content=\"fr_FR\" \/>\n<meta property=\"og:type\" content=\"article\" \/>\n<meta property=\"og:title\" content=\"\u00c9venements - Schweizerische Gesellschaft f\u00fcr Radiologie\" \/>\n<meta property=\"og:description\" content=\"[et_pb_section fb_built=&nbsp;&raquo;1&Prime; admin_label=&nbsp;&raquo;section&nbsp;&raquo; _builder_version=&nbsp;&raquo;3.22&Prime;][et_pb_row column_structure=&nbsp;&raquo;1_4,3_4&Prime; admin_label=&nbsp;&raquo;row&nbsp;&raquo; _builder_version=&nbsp;&raquo;3.25&Prime; background_size=&nbsp;&raquo;initial&nbsp;&raquo; background_position=&nbsp;&raquo;top_left&nbsp;&raquo; background_repeat=&nbsp;&raquo;repeat&nbsp;&raquo;][et_pb_column type=&nbsp;&raquo;1_4&Prime; _builder_version=&nbsp;&raquo;3.25&Prime; custom_padding=&nbsp;&raquo;|||&nbsp;&raquo; custom_padding__hover=&nbsp;&raquo;|||&nbsp;&raquo;][et_pb_sidebar area=&nbsp;&raquo;et_pb_widget_area_7&Prime; admin_label=&nbsp;&raquo;Sidebar&nbsp;&raquo; _builder_version=&nbsp;&raquo;4.4.8&Prime; remove_border=&nbsp;&raquo;off&nbsp;&raquo;][\/et_pb_sidebar][\/et_pb_column][et_pb_column type=&nbsp;&raquo;3_4&Prime; _builder_version=&nbsp;&raquo;3.25&Prime; custom_padding=&nbsp;&raquo;|||&nbsp;&raquo; custom_padding__hover=&nbsp;&raquo;|||&nbsp;&raquo;][\/et_pb_column][\/et_pb_row][et_pb_row _builder_version=&nbsp;&raquo;4.4.8&Prime;][et_pb_column _builder_version=&nbsp;&raquo;4.4.8&Prime; type=&nbsp;&raquo;4_4&Prime;][et_pb_code admin_label=&nbsp;&raquo;Code&nbsp;&raquo; _builder_version=&nbsp;&raquo;4.4.8&Prime; custom_css_main_element=&nbsp;&raquo;position: relative;&nbsp;&raquo;] MonatsansichtJahresansicht [\/et_pb_code][\/et_pb_column][\/et_pb_row][\/et_pb_section]\" \/>\n<meta property=\"og:url\" content=\"https:\/\/sgr-ssr.ch\/fr\/evenements\/\" \/>\n<meta property=\"og:site_name\" content=\"Schweizerische Gesellschaft f\u00fcr Radiologie\" \/>\n<meta property=\"article:published_time\" content=\"2023-03-03T12:39:36+00:00\" \/>\n<meta property=\"article:modified_time\" content=\"2023-03-17T13:41:28+00:00\" \/>\n<meta name=\"author\" content=\"gr4fix\" \/>\n<meta name=\"twitter:card\" content=\"summary_large_image\" \/>\n<meta name=\"twitter:label1\" content=\"Written by\" \/>\n\t<meta name=\"twitter:data1\" content=\"gr4fix\" \/>\n\t<meta name=\"twitter:label2\" content=\"Est. reading time\" \/>\n\t<meta name=\"twitter:data2\" content=\"1 minute\" \/>\n<script type=\"application\/ld+json\" class=\"yoast-schema-graph\">{\"@context\":\"https:\\\/\\\/schema.org\",\"@graph\":[{\"@type\":\"Article\",\"@id\":\"https:\\\/\\\/sgr-ssr.ch\\\/fr\\\/evenements\\\/#article\",\"isPartOf\":{\"@id\":\"https:\\\/\\\/sgr-ssr.ch\\\/fr\\\/evenements\\\/\"},\"author\":{\"name\":\"gr4fix\",\"@id\":\"https:\\\/\\\/sgr-ssr.ch\\\/#\\\/schema\\\/person\\\/0f182915a7ac366bc4f369cc9923d3b0\"},\"headline\":\"\u00c9venements\",\"datePublished\":\"2023-03-03T12:39:36+00:00\",\"dateModified\":\"2023-03-17T13:41:28+00:00\",\"mainEntityOfPage\":{\"@id\":\"https:\\\/\\\/sgr-ssr.ch\\\/fr\\\/evenements\\\/\"},\"wordCount\":158,\"articleSection\":[\"Ev\u00e9nements\"],\"inLanguage\":\"fr-FR\"},{\"@type\":\"WebPage\",\"@id\":\"https:\\\/\\\/sgr-ssr.ch\\\/fr\\\/evenements\\\/\",\"url\":\"https:\\\/\\\/sgr-ssr.ch\\\/fr\\\/evenements\\\/\",\"name\":\"\u00c9venements - Schweizerische Gesellschaft f\u00fcr Radiologie\",\"isPartOf\":{\"@id\":\"https:\\\/\\\/sgr-ssr.ch\\\/#website\"},\"datePublished\":\"2023-03-03T12:39:36+00:00\",\"dateModified\":\"2023-03-17T13:41:28+00:00\",\"author\":{\"@id\":\"https:\\\/\\\/sgr-ssr.ch\\\/#\\\/schema\\\/person\\\/0f182915a7ac366bc4f369cc9923d3b0\"},\"breadcrumb\":{\"@id\":\"https:\\\/\\\/sgr-ssr.ch\\\/fr\\\/evenements\\\/#breadcrumb\"},\"inLanguage\":\"fr-FR\",\"potentialAction\":[{\"@type\":\"ReadAction\",\"target\":[\"https:\\\/\\\/sgr-ssr.ch\\\/fr\\\/evenements\\\/\"]}]},{\"@type\":\"BreadcrumbList\",\"@id\":\"https:\\\/\\\/sgr-ssr.ch\\\/fr\\\/evenements\\\/#breadcrumb\",\"itemListElement\":[{\"@type\":\"ListItem\",\"position\":1,\"name\":\"Home\",\"item\":\"https:\\\/\\\/sgr-ssr.ch\\\/fr\\\/\"},{\"@type\":\"ListItem\",\"position\":2,\"name\":\"\u00c9venements\"}]},{\"@type\":\"WebSite\",\"@id\":\"https:\\\/\\\/sgr-ssr.ch\\\/#website\",\"url\":\"https:\\\/\\\/sgr-ssr.ch\\\/\",\"name\":\"Schweizerische Gesellschaft f\u00fcr Radiologie\",\"description\":\"Just another WordPress site\",\"potentialAction\":[{\"@type\":\"SearchAction\",\"target\":{\"@type\":\"EntryPoint\",\"urlTemplate\":\"https:\\\/\\\/sgr-ssr.ch\\\/?s={search_term_string}\"},\"query-input\":{\"@type\":\"PropertyValueSpecification\",\"valueRequired\":true,\"valueName\":\"search_term_string\"}}],\"inLanguage\":\"fr-FR\"},{\"@type\":\"Person\",\"@id\":\"https:\\\/\\\/sgr-ssr.ch\\\/#\\\/schema\\\/person\\\/0f182915a7ac366bc4f369cc9923d3b0\",\"name\":\"gr4fix\",\"image\":{\"@type\":\"ImageObject\",\"inLanguage\":\"fr-FR\",\"@id\":\"https:\\\/\\\/secure.gravatar.com\\\/avatar\\\/8606b98684cb6929c0cac45dc767896450315bcb7d6835be9db3b8f07fe2a1ee?s=96&d=mm&r=g\",\"url\":\"https:\\\/\\\/secure.gravatar.com\\\/avatar\\\/8606b98684cb6929c0cac45dc767896450315bcb7d6835be9db3b8f07fe2a1ee?s=96&d=mm&r=g\",\"contentUrl\":\"https:\\\/\\\/secure.gravatar.com\\\/avatar\\\/8606b98684cb6929c0cac45dc767896450315bcb7d6835be9db3b8f07fe2a1ee?s=96&d=mm&r=g\",\"caption\":\"gr4fix\"},\"url\":\"https:\\\/\\\/sgr-ssr.ch\\\/fr\\\/author\\\/gr4fix\\\/\"}]}<\/script>\n<!-- \/ Yoast SEO plugin. -->","yoast_head_json":{"title":"\u00c9venements - Schweizerische Gesellschaft f\u00fcr Radiologie","robots":{"index":"index","follow":"follow","max-snippet":"max-snippet:-1","max-image-preview":"max-image-preview:large","max-video-preview":"max-video-preview:-1"},"canonical":"https:\/\/sgr-ssr.ch\/fr\/evenements\/","og_locale":"fr_FR","og_type":"article","og_title":"\u00c9venements - Schweizerische Gesellschaft f\u00fcr Radiologie","og_description":"[et_pb_section fb_built=&nbsp;&raquo;1&Prime; admin_label=&nbsp;&raquo;section&nbsp;&raquo; _builder_version=&nbsp;&raquo;3.22&Prime;][et_pb_row column_structure=&nbsp;&raquo;1_4,3_4&Prime; admin_label=&nbsp;&raquo;row&nbsp;&raquo; _builder_version=&nbsp;&raquo;3.25&Prime; background_size=&nbsp;&raquo;initial&nbsp;&raquo; background_position=&nbsp;&raquo;top_left&nbsp;&raquo; background_repeat=&nbsp;&raquo;repeat&nbsp;&raquo;][et_pb_column type=&nbsp;&raquo;1_4&Prime; _builder_version=&nbsp;&raquo;3.25&Prime; custom_padding=&nbsp;&raquo;|||&nbsp;&raquo; custom_padding__hover=&nbsp;&raquo;|||&nbsp;&raquo;][et_pb_sidebar area=&nbsp;&raquo;et_pb_widget_area_7&Prime; admin_label=&nbsp;&raquo;Sidebar&nbsp;&raquo; _builder_version=&nbsp;&raquo;4.4.8&Prime; remove_border=&nbsp;&raquo;off&nbsp;&raquo;][\/et_pb_sidebar][\/et_pb_column][et_pb_column type=&nbsp;&raquo;3_4&Prime; _builder_version=&nbsp;&raquo;3.25&Prime; custom_padding=&nbsp;&raquo;|||&nbsp;&raquo; custom_padding__hover=&nbsp;&raquo;|||&nbsp;&raquo;][\/et_pb_column][\/et_pb_row][et_pb_row _builder_version=&nbsp;&raquo;4.4.8&Prime;][et_pb_column _builder_version=&nbsp;&raquo;4.4.8&Prime; type=&nbsp;&raquo;4_4&Prime;][et_pb_code admin_label=&nbsp;&raquo;Code&nbsp;&raquo; _builder_version=&nbsp;&raquo;4.4.8&Prime; custom_css_main_element=&nbsp;&raquo;position: relative;&nbsp;&raquo;] MonatsansichtJahresansicht [\/et_pb_code][\/et_pb_column][\/et_pb_row][\/et_pb_section]","og_url":"https:\/\/sgr-ssr.ch\/fr\/evenements\/","og_site_name":"Schweizerische Gesellschaft f\u00fcr Radiologie","article_published_time":"2023-03-03T12:39:36+00:00","article_modified_time":"2023-03-17T13:41:28+00:00","author":"gr4fix","twitter_card":"summary_large_image","twitter_misc":{"Written by":"gr4fix","Est. reading time":"1 minute"},"schema":{"@context":"https:\/\/schema.org","@graph":[{"@type":"Article","@id":"https:\/\/sgr-ssr.ch\/fr\/evenements\/#article","isPartOf":{"@id":"https:\/\/sgr-ssr.ch\/fr\/evenements\/"},"author":{"name":"gr4fix","@id":"https:\/\/sgr-ssr.ch\/#\/schema\/person\/0f182915a7ac366bc4f369cc9923d3b0"},"headline":"\u00c9venements","datePublished":"2023-03-03T12:39:36+00:00","dateModified":"2023-03-17T13:41:28+00:00","mainEntityOfPage":{"@id":"https:\/\/sgr-ssr.ch\/fr\/evenements\/"},"wordCount":158,"articleSection":["Ev\u00e9nements"],"inLanguage":"fr-FR"},{"@type":"WebPage","@id":"https:\/\/sgr-ssr.ch\/fr\/evenements\/","url":"https:\/\/sgr-ssr.ch\/fr\/evenements\/","name":"\u00c9venements - Schweizerische Gesellschaft f\u00fcr Radiologie","isPartOf":{"@id":"https:\/\/sgr-ssr.ch\/#website"},"datePublished":"2023-03-03T12:39:36+00:00","dateModified":"2023-03-17T13:41:28+00:00","author":{"@id":"https:\/\/sgr-ssr.ch\/#\/schema\/person\/0f182915a7ac366bc4f369cc9923d3b0"},"breadcrumb":{"@id":"https:\/\/sgr-ssr.ch\/fr\/evenements\/#breadcrumb"},"inLanguage":"fr-FR","potentialAction":[{"@type":"ReadAction","target":["https:\/\/sgr-ssr.ch\/fr\/evenements\/"]}]},{"@type":"BreadcrumbList","@id":"https:\/\/sgr-ssr.ch\/fr\/evenements\/#breadcrumb","itemListElement":[{"@type":"ListItem","position":1,"name":"Home","item":"https:\/\/sgr-ssr.ch\/fr\/"},{"@type":"ListItem","position":2,"name":"\u00c9venements"}]},{"@type":"WebSite","@id":"https:\/\/sgr-ssr.ch\/#website","url":"https:\/\/sgr-ssr.ch\/","name":"Schweizerische Gesellschaft f\u00fcr Radiologie","description":"Just another WordPress site","potentialAction":[{"@type":"SearchAction","target":{"@type":"EntryPoint","urlTemplate":"https:\/\/sgr-ssr.ch\/?s={search_term_string}"},"query-input":{"@type":"PropertyValueSpecification","valueRequired":true,"valueName":"search_term_string"}}],"inLanguage":"fr-FR"},{"@type":"Person","@id":"https:\/\/sgr-ssr.ch\/#\/schema\/person\/0f182915a7ac366bc4f369cc9923d3b0","name":"gr4fix","image":{"@type":"ImageObject","inLanguage":"fr-FR","@id":"https:\/\/secure.gravatar.com\/avatar\/8606b98684cb6929c0cac45dc767896450315bcb7d6835be9db3b8f07fe2a1ee?s=96&d=mm&r=g","url":"https:\/\/secure.gravatar.com\/avatar\/8606b98684cb6929c0cac45dc767896450315bcb7d6835be9db3b8f07fe2a1ee?s=96&d=mm&r=g","contentUrl":"https:\/\/secure.gravatar.com\/avatar\/8606b98684cb6929c0cac45dc767896450315bcb7d6835be9db3b8f07fe2a1ee?s=96&d=mm&r=g","caption":"gr4fix"},"url":"https:\/\/sgr-ssr.ch\/fr\/author\/gr4fix\/"}]}},"_links":{"self":[{"href":"https:\/\/sgr-ssr.ch\/fr\/wp-json\/wp\/v2\/posts\/12607","targetHints":{"allow":["GET"]}}],"collection":[{"href":"https:\/\/sgr-ssr.ch\/fr\/wp-json\/wp\/v2\/posts"}],"about":[{"href":"https:\/\/sgr-ssr.ch\/fr\/wp-json\/wp\/v2\/types\/post"}],"author":[{"embeddable":true,"href":"https:\/\/sgr-ssr.ch\/fr\/wp-json\/wp\/v2\/users\/1"}],"replies":[{"embeddable":true,"href":"https:\/\/sgr-ssr.ch\/fr\/wp-json\/wp\/v2\/comments?post=12607"}],"version-history":[{"count":3,"href":"https:\/\/sgr-ssr.ch\/fr\/wp-json\/wp\/v2\/posts\/12607\/revisions"}],"predecessor-version":[{"id":13105,"href":"https:\/\/sgr-ssr.ch\/fr\/wp-json\/wp\/v2\/posts\/12607\/revisions\/13105"}],"wp:attachment":[{"href":"https:\/\/sgr-ssr.ch\/fr\/wp-json\/wp\/v2\/media?parent=12607"}],"wp:term":[{"taxonomy":"category","embeddable":true,"href":"https:\/\/sgr-ssr.ch\/fr\/wp-json\/wp\/v2\/categories?post=12607"},{"taxonomy":"post_tag","embeddable":true,"href":"https:\/\/sgr-ssr.ch\/fr\/wp-json\/wp\/v2\/tags?post=12607"}],"curies":[{"name":"wp","href":"https:\/\/api.w.org\/{rel}","templated":true}]}}