{"id":1731,"date":"2016-09-02T07:21:27","date_gmt":"2016-09-02T07:21:27","guid":{"rendered":"http:\/\/sgr-ssr.ch\/fr\/?p=1731"},"modified":"2016-09-02T07:21:27","modified_gmt":"2016-09-02T07:21:27","slug":"annoncer-des-evenements","status":"publish","type":"post","link":"https:\/\/sgr-ssr.ch\/fr\/annoncer-des-evenements\/","title":{"rendered":"Annoncer des \u00e9v\u00e9nements"},"content":{"rendered":"<p>[et_pb_section admin_label=&nbsp;&raquo;section&nbsp;&raquo; transparent_background=&nbsp;&raquo;off&nbsp;&raquo; background_color=&nbsp;&raquo;#ffffff&nbsp;&raquo; allow_player_pause=&nbsp;&raquo;off&nbsp;&raquo; inner_shadow=&nbsp;&raquo;off&nbsp;&raquo; parallax=&nbsp;&raquo;off&nbsp;&raquo; parallax_method=&nbsp;&raquo;off&nbsp;&raquo; padding_mobile=&nbsp;&raquo;off&nbsp;&raquo; make_fullwidth=&nbsp;&raquo;off&nbsp;&raquo; use_custom_width=&nbsp;&raquo;off&nbsp;&raquo; width_unit=&nbsp;&raquo;on&nbsp;&raquo; make_equal=&nbsp;&raquo;off&nbsp;&raquo; use_custom_gutter=&nbsp;&raquo;off&nbsp;&raquo;][et_pb_row admin_label=&nbsp;&raquo;row&nbsp;&raquo;][et_pb_column type=&nbsp;&raquo;1_4&Prime;][et_pb_sidebar admin_label=&nbsp;&raquo;Sidebar&nbsp;&raquo; orientation=&nbsp;&raquo;left&nbsp;&raquo; area=&nbsp;&raquo;et_pb_widget_area_7&Prime; background_layout=&nbsp;&raquo;light&nbsp;&raquo; remove_border=&nbsp;&raquo;off&nbsp;&raquo;] [\/et_pb_sidebar][\/et_pb_column][et_pb_column type=&nbsp;&raquo;3_4&Prime;][et_pb_text admin_label=&nbsp;&raquo;Header&nbsp;&raquo; background_layout=&nbsp;&raquo;light&nbsp;&raquo; text_orientation=&nbsp;&raquo;left&nbsp;&raquo; use_border_color=&nbsp;&raquo;off&nbsp;&raquo; border_color=&nbsp;&raquo;#ffffff&nbsp;&raquo; border_style=&nbsp;&raquo;solid&nbsp;&raquo; saved_tabs=&nbsp;&raquo;all&nbsp;&raquo;]<\/p>\n<h1><span style=\"color: #000000;\">Annoncer des \u00e9v\u00e9nements<\/span><\/h1>\n<p>[\/et_pb_text][et_pb_text admin_label=&nbsp;&raquo;Text&nbsp;&raquo; background_layout=&nbsp;&raquo;light&nbsp;&raquo; text_orientation=&nbsp;&raquo;left&nbsp;&raquo; use_border_color=&nbsp;&raquo;off&nbsp;&raquo; border_color=&nbsp;&raquo;#ffffff&nbsp;&raquo; border_style=&nbsp;&raquo;solid&nbsp;&raquo;]<\/p>\n<p>La Soci\u00e9t\u00e9 Suisse de Radiologie annonce volontiers vos \u00e9v\u00e9nements radiologiques. Seuls les \u00e9v\u00e9nements m\u00e9dicaux radiologiques et nucl\u00e9aires des soci\u00e9t\u00e9s radiologiques nationales et internationales et leurs sous-soci\u00e9t\u00e9s seront publi\u00e9s.<\/p>\n<p>Veuillez remplir le formulaire ci-dessous pour annoncer votre \u00e9v\u00e9nement et nous envoyer un email en cas de difficult\u00e9.<\/p>\n<p>[\/et_pb_text][et_pb_text admin_label=&nbsp;&raquo;LINE&nbsp;&raquo; background_layout=&nbsp;&raquo;light&nbsp;&raquo; text_orientation=&nbsp;&raquo;left&nbsp;&raquo; use_border_color=&nbsp;&raquo;off&nbsp;&raquo; border_color=&nbsp;&raquo;#ffffff&nbsp;&raquo; border_style=&nbsp;&raquo;solid&nbsp;&raquo; text_line_height=&nbsp;&raquo;1em&nbsp;&raquo; saved_tabs=&nbsp;&raquo;all&nbsp;&raquo;]<\/p>\n<hr style=\"height: 1px; border: none; background-color: #cccccc;\" \/>\n<p>[\/et_pb_text][et_pb_text admin_label=&nbsp;&raquo;Text&nbsp;&raquo; background_layout=&nbsp;&raquo;light&nbsp;&raquo; text_orientation=&nbsp;&raquo;left&nbsp;&raquo; use_border_color=&nbsp;&raquo;off&nbsp;&raquo; border_color=&nbsp;&raquo;#ffffff&nbsp;&raquo; border_style=&nbsp;&raquo;solid&nbsp;&raquo;]<\/p>\n<p>Vous pouvez annoncer votre \u00e9v\u00e9nement ici. Les champs marqu\u00e9s <span style=\"color: #ff0000;\">*<\/span> sont obligatoires.<br \/>\nToutes les demandes seront examin\u00e9es et seules seront publi\u00e9es les annonces satisfaisant les conditions de ce site.<\/p>\n\n<div class=\"wpcf7 no-js\" id=\"wpcf7-f1015-o1\" lang=\"en-US\" dir=\"ltr\" data-wpcf7-id=\"1015\">\n<div class=\"screen-reader-response\"><p role=\"status\" aria-live=\"polite\" aria-atomic=\"true\"><\/p> <ul><\/ul><\/div>\n<form action=\"\/fr\/wp-json\/wp\/v2\/posts\/1731#wpcf7-f1015-o1\" method=\"post\" class=\"wpcf7-form init\" aria-label=\"Contact form\" novalidate=\"novalidate\" data-status=\"init\">\n<fieldset class=\"hidden-fields-container\"><input type=\"hidden\" name=\"_wpcf7\" value=\"1015\" \/><input type=\"hidden\" name=\"_wpcf7_version\" value=\"6.1.5\" \/><input type=\"hidden\" name=\"_wpcf7_locale\" value=\"en_US\" \/><input type=\"hidden\" name=\"_wpcf7_unit_tag\" value=\"wpcf7-f1015-o1\" \/><input type=\"hidden\" name=\"_wpcf7_container_post\" value=\"0\" \/><input type=\"hidden\" name=\"_wpcf7_posted_data_hash\" value=\"\" \/>\n<\/fieldset>\n<p><span style=\"color: #ff0000;\">*<\/span>Name der Veranstaltung\/Nom de l'\u00e9v\u00e8nement\n<\/p>\n<p><span class=\"wpcf7-form-control-wrap\" data-name=\"Veranstaltung\"><input size=\"40\" maxlength=\"400\" class=\"wpcf7-form-control wpcf7-text wpcf7-validates-as-required\" aria-required=\"true\" aria-invalid=\"false\" value=\"\" type=\"text\" name=\"Veranstaltung\" \/><\/span>\n<\/p>\n<p>Website\/Site Internet\n<\/p>\n<p><span class=\"wpcf7-form-control-wrap\" data-name=\"website\"><input size=\"40\" maxlength=\"400\" class=\"wpcf7-form-control wpcf7-text\" aria-invalid=\"false\" value=\"\" type=\"text\" name=\"website\" \/><\/span>\n<\/p>\n<p><span style=\"color: #ff0000;\">*<\/span>Ort der Veranstaltung\/Lieu de l'\u00e9v\u00e8nement\n<\/p>\n<p><span class=\"wpcf7-form-control-wrap\" data-name=\"Location\"><input size=\"40\" maxlength=\"400\" class=\"wpcf7-form-control wpcf7-text wpcf7-validates-as-required\" aria-required=\"true\" aria-invalid=\"false\" value=\"\" type=\"text\" name=\"Location\" \/><\/span>&nbsp;&nbsp; zb. Kongresszentrum Musterberg\/ex. Palais des congr\u00e8s\n<\/p>\n<p><span style=\"color: #ff0000;\">*<\/span>Strasse und Hausnummer\/Rue et num\u00e9ro\n<\/p>\n<p><span class=\"wpcf7-form-control-wrap\" data-name=\"Strasse\"><input size=\"40\" maxlength=\"400\" class=\"wpcf7-form-control wpcf7-text wpcf7-validates-as-required\" aria-required=\"true\" aria-invalid=\"false\" value=\"\" type=\"text\" name=\"Strasse\" \/><\/span>&nbsp;&nbsp; zb. Musterstrasse 4\/ex. rue Exemple 4\n<\/p>\n<p><span style=\"color: #ff0000;\">*<\/span>Postleitzahl\/Code postal\n<\/p>\n<p><span class=\"wpcf7-form-control-wrap\" data-name=\"PLZ\"><input size=\"40\" maxlength=\"400\" class=\"wpcf7-form-control wpcf7-text wpcf7-validates-as-required\" aria-required=\"true\" aria-invalid=\"false\" value=\"\" type=\"text\" name=\"PLZ\" \/><\/span>&nbsp;&nbsp; zb. 4031\/ex. 4031\n<\/p>\n<p><span style=\"color: #ff0000;\">*<\/span>Stadt\/Ville\n<\/p>\n<p><span class=\"wpcf7-form-control-wrap\" data-name=\"Stadt\"><input size=\"40\" maxlength=\"400\" class=\"wpcf7-form-control wpcf7-text wpcf7-validates-as-required\" aria-required=\"true\" aria-invalid=\"false\" value=\"\" type=\"text\" name=\"Stadt\" \/><\/span>&nbsp;&nbsp; zb. Z\u00fcrich\/ex. Zurich\n<\/p>\n<p><span style=\"color: #ff0000;\">*<\/span>Datum der Veranstaltung\/Date de l'\u00e9v\u00e8nement\n<\/p>\n<p>von oder am\/du ou le\n<\/p>\n<p><span class=\"wpcf7-form-control-wrap\" data-name=\"Datum_von\"><input class=\"wpcf7-form-control wpcf7-date wpcf7-validates-as-required wpcf7-validates-as-date\" aria-required=\"true\" aria-invalid=\"false\" placeholder=\"TT\/MM\/JJJJ\" value=\"\" type=\"date\" name=\"Datum_von\" \/><\/span>&nbsp;&nbsp; zb. 06.06.2022\n<\/p>\n<p>bis\/au\n<\/p>\n<p><span class=\"wpcf7-form-control-wrap\" data-name=\"Datum_bis\"><input class=\"wpcf7-form-control wpcf7-date wpcf7-validates-as-date\" aria-invalid=\"false\" value=\"\" type=\"date\" name=\"Datum_bis\" \/><\/span>&nbsp;&nbsp; zb. 07.06.2022\n<\/p>\n<p><span style=\"color: #ff0000;\">*<\/span>Kurze Beschreibung der Veranstaltung\/Br\u00e8ve description de l'\u00e9v\u00e8nement\n<\/p>\n<p><span class=\"wpcf7-form-control-wrap\" data-name=\"Beschreibung\"><textarea cols=\"40\" rows=\"10\" maxlength=\"2000\" class=\"wpcf7-form-control wpcf7-textarea\" aria-invalid=\"false\" name=\"Beschreibung\"><\/textarea><\/span>\n<\/p>\n<p><b>Kontaktinformationen\/Informations de contact<\/b>\n<\/p>\n<p><span style=\"color: #ff0000;\">*<\/span>Vorname und Nachname\/ Pr\u00e9nom et nom\n<\/p>\n<p><span class=\"wpcf7-form-control-wrap\" data-name=\"Name_Kontakt\"><input size=\"40\" maxlength=\"400\" class=\"wpcf7-form-control wpcf7-text wpcf7-validates-as-required\" aria-required=\"true\" aria-invalid=\"false\" value=\"\" type=\"text\" name=\"Name_Kontakt\" \/><\/span>\n<\/p>\n<p><span style=\"color: #ff0000;\">*<\/span>Email\/Email\n<\/p>\n<p><span class=\"wpcf7-form-control-wrap\" data-name=\"Email_Kontakt\"><input size=\"40\" maxlength=\"400\" class=\"wpcf7-form-control wpcf7-email wpcf7-validates-as-required wpcf7-text wpcf7-validates-as-email\" aria-required=\"true\" aria-invalid=\"false\" value=\"\" type=\"email\" name=\"Email_Kontakt\" \/><\/span>\n<\/p>\n<p><input class=\"wpcf7-form-control wpcf7-submit has-spinner\" type=\"submit\" value=\"ABSCHICKEN\/VALIDER\" \/>\n<\/p><div class=\"wpcf7-response-output\" aria-hidden=\"true\"><\/div>\n<\/form>\n<\/div>\n\n<p>[\/et_pb_text][\/et_pb_column][\/et_pb_row][\/et_pb_section]<\/p>\n","protected":false},"excerpt":{"rendered":"<p>Annoncer des \u00e9v\u00e9nements La Soci\u00e9t\u00e9 Suisse de Radiologie annonce volontiers vos \u00e9v\u00e9nements radiologiques. Seuls les \u00e9v\u00e9nements m\u00e9dicaux radiologiques et nucl\u00e9aires des soci\u00e9t\u00e9s radiologiques nationales et internationales et leurs sous-soci\u00e9t\u00e9s seront publi\u00e9s. Veuillez remplir le formulaire ci-dessous pour annoncer votre \u00e9v\u00e9nement et nous envoyer un email en cas de difficult\u00e9. Vous pouvez annoncer votre \u00e9v\u00e9nement ici. [&hellip;]<\/p>\n","protected":false},"author":2,"featured_media":0,"comment_status":"closed","ping_status":"closed","sticky":false,"template":"","format":"standard","meta":{"_acf_changed":false,"_et_pb_use_builder":"on","_et_pb_old_content":"<p>[et_pb_section admin_label=\"section\" transparent_background=\"off\" background_color=\"#ffffff\" allow_player_pause=\"off\" inner_shadow=\"off\" parallax=\"off\" parallax_method=\"off\" padding_mobile=\"off\" make_fullwidth=\"off\" use_custom_width=\"off\" width_unit=\"on\" make_equal=\"off\" use_custom_gutter=\"off\"][et_pb_row admin_label=\"row\"][et_pb_column type=\"1_4\"][et_pb_sidebar admin_label=\"Sidebar\" orientation=\"left\" area=\"et_pb_widget_area_7\" background_layout=\"light\" remove_border=\"off\"] [\/et_pb_sidebar][\/et_pb_column][et_pb_column type=\"3_4\"][et_pb_text admin_label=\"Header\" background_layout=\"light\" text_orientation=\"left\" use_border_color=\"off\" border_color=\"#ffffff\" border_style=\"solid\" saved_tabs=\"all\"]<\/p><h1><span style=\"color: #000000;\">Veranstaltungen ank\u00fcndigen<\/span><\/h1><p>[\/et_pb_text][et_pb_text admin_label=\"Text\" background_layout=\"light\" text_orientation=\"left\" use_border_color=\"off\" border_color=\"#ffffff\" border_style=\"solid\"]<\/p><p>Die Schweizerische Gesellschaft f\u00fcr Radiologie k\u00fcndigt gerne Ihre Veranstaltungen auf dem Gebiet der Radiologie an. Es werden ausschliesslich radiologische sowie nuklear-medizinische Veranstaltungen von nationalen und internationalen radiologischen Gesellschaften und deren Sub-Gesellschaften angek\u00fcndigt.<\/p><p>Bitte verwenden Sie das folgende Formular f\u00fcr die Ank\u00fcndigung Ihrer Veranstaltung. Bei Schwierigkeiten senden Sie uns gerne ein Email (info@sgr-ssr.ch).<\/p><p>[\/et_pb_text][et_pb_text admin_label=\"LINE\" background_layout=\"light\" text_orientation=\"left\" use_border_color=\"off\" border_color=\"#ffffff\" border_style=\"solid\" text_line_height=\"1em\" saved_tabs=\"all\"]<\/p><hr style=\"height: 1px; border: none; background-color: #cccccc;\" \/><p>[\/et_pb_text][et_pb_text admin_label=\"Text\" background_layout=\"light\" text_orientation=\"left\" use_border_color=\"off\" border_color=\"#ffffff\" border_style=\"solid\"]<\/p><p>Hier k\u00f6nnen Sie Ihre Veranstaltung ank\u00fcndigen. Mit <span style=\"color: #ff0000;\">*<\/span> markierte Felder sind verpflichtend auszuf\u00fcllen<br \/> Alle Ansuchen werden gepr\u00fcft und nur bei Erf\u00fcllen der Bedingungen auf der Website angek\u00fcndigt.<\/p><p>[contact-form-7 id=\"1015\" title=\"Veranstaltung ank\u00fcndigen\"] [\/et_pb_text][\/et_pb_column][\/et_pb_row][\/et_pb_section]<\/p>","_et_gb_content_width":"","inline_featured_image":false,"footnotes":""},"categories":[51],"tags":[],"class_list":["post-1731","post","type-post","status-publish","format-standard","hentry","category-evenements"],"acf":[],"yoast_head":"<!-- This site is optimized with the Yoast SEO plugin v27.5 - https:\/\/yoast.com\/product\/yoast-seo-wordpress\/ -->\n<title>Annoncer des \u00e9v\u00e9nements - Schweizerische Gesellschaft f\u00fcr Radiologie<\/title>\n<meta name=\"robots\" content=\"index, follow, max-snippet:-1, max-image-preview:large, max-video-preview:-1\" \/>\n<link rel=\"canonical\" href=\"https:\/\/sgr-ssr.ch\/fr\/annoncer-des-evenements\/\" \/>\n<meta property=\"og:locale\" content=\"fr_FR\" \/>\n<meta property=\"og:type\" content=\"article\" \/>\n<meta property=\"og:title\" content=\"Annoncer des \u00e9v\u00e9nements - Schweizerische Gesellschaft f\u00fcr Radiologie\" \/>\n<meta property=\"og:description\" content=\"Annoncer des \u00e9v\u00e9nements La Soci\u00e9t\u00e9 Suisse de Radiologie annonce volontiers vos \u00e9v\u00e9nements radiologiques. Seuls les \u00e9v\u00e9nements m\u00e9dicaux radiologiques et nucl\u00e9aires des soci\u00e9t\u00e9s radiologiques nationales et internationales et leurs sous-soci\u00e9t\u00e9s seront publi\u00e9s. Veuillez remplir le formulaire ci-dessous pour annoncer votre \u00e9v\u00e9nement et nous envoyer un email en cas de difficult\u00e9. Vous pouvez annoncer votre \u00e9v\u00e9nement ici. [&hellip;]\" \/>\n<meta property=\"og:url\" content=\"https:\/\/sgr-ssr.ch\/fr\/annoncer-des-evenements\/\" \/>\n<meta property=\"og:site_name\" content=\"Schweizerische Gesellschaft f\u00fcr Radiologie\" \/>\n<meta property=\"article:published_time\" content=\"2016-09-02T07:21:27+00:00\" \/>\n<meta name=\"author\" content=\"sgr-ssr\" \/>\n<meta name=\"twitter:card\" content=\"summary_large_image\" \/>\n<meta name=\"twitter:label1\" content=\"Written by\" \/>\n\t<meta name=\"twitter:data1\" content=\"sgr-ssr\" \/>\n\t<meta name=\"twitter:label2\" content=\"Est. reading time\" \/>\n\t<meta name=\"twitter:data2\" content=\"2 minutes\" \/>\n<script type=\"application\/ld+json\" class=\"yoast-schema-graph\">{\"@context\":\"https:\\\/\\\/schema.org\",\"@graph\":[{\"@type\":\"Article\",\"@id\":\"https:\\\/\\\/sgr-ssr.ch\\\/fr\\\/annoncer-des-evenements\\\/#article\",\"isPartOf\":{\"@id\":\"https:\\\/\\\/sgr-ssr.ch\\\/fr\\\/annoncer-des-evenements\\\/\"},\"author\":{\"name\":\"sgr-ssr\",\"@id\":\"https:\\\/\\\/sgr-ssr.ch\\\/#\\\/schema\\\/person\\\/d6d603da7d1de9b29771f935d7789192\"},\"headline\":\"Annoncer des \u00e9v\u00e9nements\",\"datePublished\":\"2016-09-02T07:21:27+00:00\",\"mainEntityOfPage\":{\"@id\":\"https:\\\/\\\/sgr-ssr.ch\\\/fr\\\/annoncer-des-evenements\\\/\"},\"wordCount\":305,\"articleSection\":[\"Ev\u00e9nements\"],\"inLanguage\":\"fr-FR\"},{\"@type\":\"WebPage\",\"@id\":\"https:\\\/\\\/sgr-ssr.ch\\\/fr\\\/annoncer-des-evenements\\\/\",\"url\":\"https:\\\/\\\/sgr-ssr.ch\\\/fr\\\/annoncer-des-evenements\\\/\",\"name\":\"Annoncer des \u00e9v\u00e9nements - Schweizerische Gesellschaft f\u00fcr Radiologie\",\"isPartOf\":{\"@id\":\"https:\\\/\\\/sgr-ssr.ch\\\/#website\"},\"datePublished\":\"2016-09-02T07:21:27+00:00\",\"author\":{\"@id\":\"https:\\\/\\\/sgr-ssr.ch\\\/#\\\/schema\\\/person\\\/d6d603da7d1de9b29771f935d7789192\"},\"breadcrumb\":{\"@id\":\"https:\\\/\\\/sgr-ssr.ch\\\/fr\\\/annoncer-des-evenements\\\/#breadcrumb\"},\"inLanguage\":\"fr-FR\",\"potentialAction\":[{\"@type\":\"ReadAction\",\"target\":[\"https:\\\/\\\/sgr-ssr.ch\\\/fr\\\/annoncer-des-evenements\\\/\"]}]},{\"@type\":\"BreadcrumbList\",\"@id\":\"https:\\\/\\\/sgr-ssr.ch\\\/fr\\\/annoncer-des-evenements\\\/#breadcrumb\",\"itemListElement\":[{\"@type\":\"ListItem\",\"position\":1,\"name\":\"Home\",\"item\":\"https:\\\/\\\/sgr-ssr.ch\\\/fr\\\/\"},{\"@type\":\"ListItem\",\"position\":2,\"name\":\"Annoncer des \u00e9v\u00e9nements\"}]},{\"@type\":\"WebSite\",\"@id\":\"https:\\\/\\\/sgr-ssr.ch\\\/#website\",\"url\":\"https:\\\/\\\/sgr-ssr.ch\\\/\",\"name\":\"Schweizerische Gesellschaft f\u00fcr Radiologie\",\"description\":\"Just another WordPress site\",\"potentialAction\":[{\"@type\":\"SearchAction\",\"target\":{\"@type\":\"EntryPoint\",\"urlTemplate\":\"https:\\\/\\\/sgr-ssr.ch\\\/?s={search_term_string}\"},\"query-input\":{\"@type\":\"PropertyValueSpecification\",\"valueRequired\":true,\"valueName\":\"search_term_string\"}}],\"inLanguage\":\"fr-FR\"},{\"@type\":\"Person\",\"@id\":\"https:\\\/\\\/sgr-ssr.ch\\\/#\\\/schema\\\/person\\\/d6d603da7d1de9b29771f935d7789192\",\"name\":\"sgr-ssr\",\"image\":{\"@type\":\"ImageObject\",\"inLanguage\":\"fr-FR\",\"@id\":\"https:\\\/\\\/secure.gravatar.com\\\/avatar\\\/4dd81e8de89765cc47ae48fb70f7511a65887d6b430495f25a40cfd2dc5438b8?s=96&d=mm&r=g\",\"url\":\"https:\\\/\\\/secure.gravatar.com\\\/avatar\\\/4dd81e8de89765cc47ae48fb70f7511a65887d6b430495f25a40cfd2dc5438b8?s=96&d=mm&r=g\",\"contentUrl\":\"https:\\\/\\\/secure.gravatar.com\\\/avatar\\\/4dd81e8de89765cc47ae48fb70f7511a65887d6b430495f25a40cfd2dc5438b8?s=96&d=mm&r=g\",\"caption\":\"sgr-ssr\"},\"url\":\"https:\\\/\\\/sgr-ssr.ch\\\/fr\\\/author\\\/sgr-ssr\\\/\"}]}<\/script>\n<!-- \/ Yoast SEO plugin. -->","yoast_head_json":{"title":"Annoncer des \u00e9v\u00e9nements - Schweizerische Gesellschaft f\u00fcr Radiologie","robots":{"index":"index","follow":"follow","max-snippet":"max-snippet:-1","max-image-preview":"max-image-preview:large","max-video-preview":"max-video-preview:-1"},"canonical":"https:\/\/sgr-ssr.ch\/fr\/annoncer-des-evenements\/","og_locale":"fr_FR","og_type":"article","og_title":"Annoncer des \u00e9v\u00e9nements - Schweizerische Gesellschaft f\u00fcr Radiologie","og_description":"Annoncer des \u00e9v\u00e9nements La Soci\u00e9t\u00e9 Suisse de Radiologie annonce volontiers vos \u00e9v\u00e9nements radiologiques. Seuls les \u00e9v\u00e9nements m\u00e9dicaux radiologiques et nucl\u00e9aires des soci\u00e9t\u00e9s radiologiques nationales et internationales et leurs sous-soci\u00e9t\u00e9s seront publi\u00e9s. Veuillez remplir le formulaire ci-dessous pour annoncer votre \u00e9v\u00e9nement et nous envoyer un email en cas de difficult\u00e9. Vous pouvez annoncer votre \u00e9v\u00e9nement ici. [&hellip;]","og_url":"https:\/\/sgr-ssr.ch\/fr\/annoncer-des-evenements\/","og_site_name":"Schweizerische Gesellschaft f\u00fcr Radiologie","article_published_time":"2016-09-02T07:21:27+00:00","author":"sgr-ssr","twitter_card":"summary_large_image","twitter_misc":{"Written by":"sgr-ssr","Est. reading time":"2 minutes"},"schema":{"@context":"https:\/\/schema.org","@graph":[{"@type":"Article","@id":"https:\/\/sgr-ssr.ch\/fr\/annoncer-des-evenements\/#article","isPartOf":{"@id":"https:\/\/sgr-ssr.ch\/fr\/annoncer-des-evenements\/"},"author":{"name":"sgr-ssr","@id":"https:\/\/sgr-ssr.ch\/#\/schema\/person\/d6d603da7d1de9b29771f935d7789192"},"headline":"Annoncer des \u00e9v\u00e9nements","datePublished":"2016-09-02T07:21:27+00:00","mainEntityOfPage":{"@id":"https:\/\/sgr-ssr.ch\/fr\/annoncer-des-evenements\/"},"wordCount":305,"articleSection":["Ev\u00e9nements"],"inLanguage":"fr-FR"},{"@type":"WebPage","@id":"https:\/\/sgr-ssr.ch\/fr\/annoncer-des-evenements\/","url":"https:\/\/sgr-ssr.ch\/fr\/annoncer-des-evenements\/","name":"Annoncer des \u00e9v\u00e9nements - Schweizerische Gesellschaft f\u00fcr Radiologie","isPartOf":{"@id":"https:\/\/sgr-ssr.ch\/#website"},"datePublished":"2016-09-02T07:21:27+00:00","author":{"@id":"https:\/\/sgr-ssr.ch\/#\/schema\/person\/d6d603da7d1de9b29771f935d7789192"},"breadcrumb":{"@id":"https:\/\/sgr-ssr.ch\/fr\/annoncer-des-evenements\/#breadcrumb"},"inLanguage":"fr-FR","potentialAction":[{"@type":"ReadAction","target":["https:\/\/sgr-ssr.ch\/fr\/annoncer-des-evenements\/"]}]},{"@type":"BreadcrumbList","@id":"https:\/\/sgr-ssr.ch\/fr\/annoncer-des-evenements\/#breadcrumb","itemListElement":[{"@type":"ListItem","position":1,"name":"Home","item":"https:\/\/sgr-ssr.ch\/fr\/"},{"@type":"ListItem","position":2,"name":"Annoncer des \u00e9v\u00e9nements"}]},{"@type":"WebSite","@id":"https:\/\/sgr-ssr.ch\/#website","url":"https:\/\/sgr-ssr.ch\/","name":"Schweizerische Gesellschaft f\u00fcr Radiologie","description":"Just another WordPress site","potentialAction":[{"@type":"SearchAction","target":{"@type":"EntryPoint","urlTemplate":"https:\/\/sgr-ssr.ch\/?s={search_term_string}"},"query-input":{"@type":"PropertyValueSpecification","valueRequired":true,"valueName":"search_term_string"}}],"inLanguage":"fr-FR"},{"@type":"Person","@id":"https:\/\/sgr-ssr.ch\/#\/schema\/person\/d6d603da7d1de9b29771f935d7789192","name":"sgr-ssr","image":{"@type":"ImageObject","inLanguage":"fr-FR","@id":"https:\/\/secure.gravatar.com\/avatar\/4dd81e8de89765cc47ae48fb70f7511a65887d6b430495f25a40cfd2dc5438b8?s=96&d=mm&r=g","url":"https:\/\/secure.gravatar.com\/avatar\/4dd81e8de89765cc47ae48fb70f7511a65887d6b430495f25a40cfd2dc5438b8?s=96&d=mm&r=g","contentUrl":"https:\/\/secure.gravatar.com\/avatar\/4dd81e8de89765cc47ae48fb70f7511a65887d6b430495f25a40cfd2dc5438b8?s=96&d=mm&r=g","caption":"sgr-ssr"},"url":"https:\/\/sgr-ssr.ch\/fr\/author\/sgr-ssr\/"}]}},"_links":{"self":[{"href":"https:\/\/sgr-ssr.ch\/fr\/wp-json\/wp\/v2\/posts\/1731","targetHints":{"allow":["GET"]}}],"collection":[{"href":"https:\/\/sgr-ssr.ch\/fr\/wp-json\/wp\/v2\/posts"}],"about":[{"href":"https:\/\/sgr-ssr.ch\/fr\/wp-json\/wp\/v2\/types\/post"}],"author":[{"embeddable":true,"href":"https:\/\/sgr-ssr.ch\/fr\/wp-json\/wp\/v2\/users\/2"}],"replies":[{"embeddable":true,"href":"https:\/\/sgr-ssr.ch\/fr\/wp-json\/wp\/v2\/comments?post=1731"}],"version-history":[{"count":3,"href":"https:\/\/sgr-ssr.ch\/fr\/wp-json\/wp\/v2\/posts\/1731\/revisions"}],"predecessor-version":[{"id":1734,"href":"https:\/\/sgr-ssr.ch\/fr\/wp-json\/wp\/v2\/posts\/1731\/revisions\/1734"}],"wp:attachment":[{"href":"https:\/\/sgr-ssr.ch\/fr\/wp-json\/wp\/v2\/media?parent=1731"}],"wp:term":[{"taxonomy":"category","embeddable":true,"href":"https:\/\/sgr-ssr.ch\/fr\/wp-json\/wp\/v2\/categories?post=1731"},{"taxonomy":"post_tag","embeddable":true,"href":"https:\/\/sgr-ssr.ch\/fr\/wp-json\/wp\/v2\/tags?post=1731"}],"curies":[{"name":"wp","href":"https:\/\/api.w.org\/{rel}","templated":true}]}}